{"id":87165,"date":"2021-12-08T05:26:35","date_gmt":"2021-12-08T05:26:35","guid":{"rendered":"https:\/\/quehacerpolitico.mx\/?p=87165"},"modified":"2021-12-08T05:26:39","modified_gmt":"2021-12-08T05:26:39","slug":"arbol-de-navidad-en-el-senado-causa-polemica-en-redes-sociales","status":"publish","type":"post","link":"https:\/\/quehacerpolitico.mx\/?p=87165","title":{"rendered":"\u00c1rbol de Navidad en el Senado causa pol\u00e9mica en redes sociales"},"content":{"rendered":"\n<p>Por Redacci\u00f3n QP<\/p>\n\n\n\n<p>El \u00e1rbol de Navidad que se coloc\u00f3 en la explanada del recinto legislativo muestra una decoraci\u00f3n suig\u00e9neris y levanta cr\u00edticas en las redes sociales<\/p>\n\n\n\n<p>El \u00e1rbol de Navidad es un cl\u00e1sico de la temporada decembrina y su decoraci\u00f3n var\u00eda de acuerdo al estilo que cada hogar o negocio le imprime, haciendo de cada uno, una expresi\u00f3n personal. Pero\u00a0<strong>uno en particular est\u00e1 llamando la atenci\u00f3n en redes sociales: el del Senado de la Rep\u00fablica<\/strong>.<\/p>\n\n\n\n<figure class=\"wp-block-embed is-type-video is-provider-youtube wp-block-embed-youtube wp-embed-aspect-16-9 wp-has-aspect-ratio\"><div class=\"wp-block-embed__wrapper\">\n<iframe loading=\"lazy\" title=\"\u00c1rbol de Navidad con penachos en lugar de esferas causa pol\u00e9mica en el Senado\" width=\"640\" height=\"360\" src=\"https:\/\/www.youtube.com\/embed\/6UGp4o9MGoI?feature=oembed\" frameborder=\"0\" allow=\"accelerometer; autoplay; clipboard-write; encrypted-media; gyroscope; picture-in-picture; web-share\" referrerpolicy=\"strict-origin-when-cross-origin\" allowfullscreen><\/iframe>\n<\/div><\/figure>\n\n\n\n<p>Un usuario de Twitter, de nombre Juan Pablo Adame Alem\u00e1n \u00a0y quien se describe como secretario t\u00e9cnico de los senadores del Partido Acci\u00f3n Nacional (PAN), comparti\u00f3 una fotograf\u00eda del \u00e1rbol de Navidad que se coloc\u00f3 en la explanada del recinto legislativo que\u00a0<strong>muestra una decoraci\u00f3n suig\u00e9neris<\/strong>.<\/p>\n\n\n\n<figure class=\"wp-block-embed is-type-rich is-provider-twitter wp-block-embed-twitter\"><div class=\"wp-block-embed__wrapper\">\nhttps:\/\/twitter.com\/reginaurib\/status\/1468263857822973953?s=21\n<\/div><\/figure>\n\n\n\n<p>La imagen muestra un \u00e1rbol de Navidad\u00a0<strong>en forma de piramidal, cubierto de manera irregular con escarcha en color verde, con pocas luces y esferas y, de forma no tradicional, una serpiente de color dorada que simula al dios prehisp\u00e1nico Quetzalc\u00f3atl bajando desde la punta, serpenteando hasta la base, donde se observa su cabeza<\/strong>. En lugar de la tradicional estrella en la punta del pino\u00a0<strong>se coloc\u00f3 un penacho lleno de plumas.<\/strong>\u00a0<strong>En la parte inferior del \u00e1rbol hay unas plantas de nochebuena<\/strong>.<\/p>\n\n\n\n<figure class=\"wp-block-image\"><img decoding=\"async\" src=\"https:\/\/www.informador.mx\/export\/sites\/elinformador\/img\/2021\/12\/07\/arbolito_1.jpg_184759212.jpg\" alt=\"\" title=\"\"\/><figcaption>TWITTER \/ @JuanPabloAdame&nbsp;<\/figcaption><\/figure>\n\n\n\n<p>La fotograf\u00eda va acompa\u00f1ada del mensaje:\u00a0<strong>&#8220;El p\u00e9simo gusto ya llego al Senado, vean nomas el \u00e1rbol de navidad que nos recetaron:&#8221;<\/strong>.<\/p>\n\n\n\n<figure class=\"wp-block-embed is-type-rich is-provider-twitter wp-block-embed-twitter\"><div class=\"wp-block-embed__wrapper\">\n<blockquote class=\"twitter-tweet\" data-width=\"550\" data-dnt=\"true\"><p lang=\"es\" dir=\"ltr\">No se burlen, es real, as\u00ed es exactamente la 4T:<br>v\u00edboras en Noche de Paz <a href=\"https:\/\/t.co\/7YlQnjUdsf\">pic.twitter.com\/7YlQnjUdsf<\/a><\/p>&mdash; Lilly T\u00e9llez (@LillyTellez) <a href=\"https:\/\/twitter.com\/LillyTellez\/status\/1468383044939575303?ref_src=twsrc%5Etfw\">December 8, 2021<\/a><\/blockquote><script async src=\"https:\/\/platform.twitter.com\/widgets.js\" charset=\"utf-8\"><\/script>\n<\/div><\/figure>\n\n\n\n<p>Las reacciones no se hicieron esperar y otros usuarios compartieron sus cr\u00edticas a tan peculiar expresi\u00f3n navide\u00f1a. Por ejemplo @vedorz coment\u00f3: &#8220;Representativo de la 4T&#8221;, @jaimino dijo: &#8220;Se robaron el presupuesto&#8221; y @InfeLuisG que calific\u00f3 al adorno como &#8220;Arbolito del bienestar&#8221;.<\/p>\n","protected":false},"excerpt":{"rendered":"<p>Por Redacci\u00f3n QP El \u00e1rbol de Navidad que se coloc\u00f3 en la explanada del recinto&#8230;<\/p>\n","protected":false},"author":2,"featured_media":87166,"comment_status":"open","ping_status":"open","sticky":false,"template":"","format":"standard","meta":{"_monsterinsights_skip_tracking":false,"_monsterinsights_sitenote_active":false,"_monsterinsights_sitenote_note":"","_monsterinsights_sitenote_category":0,"footnotes":""},"categories":[2],"tags":[],"class_list":["post-87165","post","type-post","status-publish","format-standard","has-post-thumbnail","hentry","category-noticias"],"yoast_head":"<!-- This site is optimized with the Yoast SEO plugin v27.3 - https:\/\/yoast.com\/product\/yoast-seo-wordpress\/ -->\n<title>\u00c1rbol de Navidad en el Senado causa pol\u00e9mica en redes sociales -<\/title>\n<meta name=\"robots\" content=\"index, follow, max-snippet:-1, max-image-preview:large, max-video-preview:-1\" \/>\n<link rel=\"canonical\" href=\"https:\/\/quehacerpolitico.mx\/?p=87165\" \/>\n<meta property=\"og:locale\" content=\"es_MX\" \/>\n<meta property=\"og:type\" content=\"article\" \/>\n<meta property=\"og:title\" content=\"\u00c1rbol de Navidad en el Senado causa pol\u00e9mica en redes sociales -\" \/>\n<meta property=\"og:description\" content=\"Por Redacci\u00f3n QP El \u00e1rbol de Navidad que se coloc\u00f3 en la explanada del recinto...\" \/>\n<meta property=\"og:url\" content=\"https:\/\/quehacerpolitico.mx\/?p=87165\" \/>\n<meta property=\"article:published_time\" content=\"2021-12-08T05:26:35+00:00\" \/>\n<meta property=\"article:modified_time\" content=\"2021-12-08T05:26:39+00:00\" \/>\n<meta property=\"og:image\" content=\"https:\/\/quehacerpolitico.mx\/wp-content\/uploads\/2021\/12\/B2B8967A-3031-4663-83B6-D69430126A2A.jpeg\" \/>\n\t<meta property=\"og:image:width\" content=\"1536\" \/>\n\t<meta property=\"og:image:height\" content=\"2048\" \/>\n\t<meta property=\"og:image:type\" content=\"image\/jpeg\" \/>\n<meta name=\"author\" content=\"Redacci\u00f3n QP\" \/>\n<meta name=\"twitter:card\" content=\"summary_large_image\" \/>\n<meta name=\"twitter:label1\" content=\"Escrito por\" \/>\n\t<meta name=\"twitter:data1\" content=\"Redacci\u00f3n QP\" \/>\n\t<meta name=\"twitter:label2\" content=\"Tiempo de lectura\" \/>\n\t<meta name=\"twitter:data2\" content=\"2 minutos\" \/>\n<script type=\"application\/ld+json\" class=\"yoast-schema-graph\">{\"@context\":\"https:\\\/\\\/schema.org\",\"@graph\":[{\"@type\":\"Article\",\"@id\":\"https:\\\/\\\/quehacerpolitico.mx\\\/?p=87165#article\",\"isPartOf\":{\"@id\":\"https:\\\/\\\/quehacerpolitico.mx\\\/?p=87165\"},\"author\":{\"name\":\"Redacci\u00f3n QP\",\"@id\":\"https:\\\/\\\/quehacerpolitico.mx\\\/#\\\/schema\\\/person\\\/496d8ad2d1d3f8036101dca7ee39e585\"},\"headline\":\"\u00c1rbol de Navidad en el Senado causa pol\u00e9mica en redes sociales\",\"datePublished\":\"2021-12-08T05:26:35+00:00\",\"dateModified\":\"2021-12-08T05:26:39+00:00\",\"mainEntityOfPage\":{\"@id\":\"https:\\\/\\\/quehacerpolitico.mx\\\/?p=87165\"},\"wordCount\":326,\"commentCount\":0,\"image\":{\"@id\":\"https:\\\/\\\/quehacerpolitico.mx\\\/?p=87165#primaryimage\"},\"thumbnailUrl\":\"https:\\\/\\\/quehacerpolitico.mx\\\/wp-content\\\/uploads\\\/2021\\\/12\\\/B2B8967A-3031-4663-83B6-D69430126A2A.jpeg\",\"articleSection\":[\"Noticias\"],\"inLanguage\":\"es\",\"potentialAction\":[{\"@type\":\"CommentAction\",\"name\":\"Comment\",\"target\":[\"https:\\\/\\\/quehacerpolitico.mx\\\/?p=87165#respond\"]}]},{\"@type\":\"WebPage\",\"@id\":\"https:\\\/\\\/quehacerpolitico.mx\\\/?p=87165\",\"url\":\"https:\\\/\\\/quehacerpolitico.mx\\\/?p=87165\",\"name\":\"\u00c1rbol de Navidad en el Senado causa pol\u00e9mica en redes sociales -\",\"isPartOf\":{\"@id\":\"https:\\\/\\\/quehacerpolitico.mx\\\/#website\"},\"primaryImageOfPage\":{\"@id\":\"https:\\\/\\\/quehacerpolitico.mx\\\/?p=87165#primaryimage\"},\"image\":{\"@id\":\"https:\\\/\\\/quehacerpolitico.mx\\\/?p=87165#primaryimage\"},\"thumbnailUrl\":\"https:\\\/\\\/quehacerpolitico.mx\\\/wp-content\\\/uploads\\\/2021\\\/12\\\/B2B8967A-3031-4663-83B6-D69430126A2A.jpeg\",\"datePublished\":\"2021-12-08T05:26:35+00:00\",\"dateModified\":\"2021-12-08T05:26:39+00:00\",\"author\":{\"@id\":\"https:\\\/\\\/quehacerpolitico.mx\\\/#\\\/schema\\\/person\\\/496d8ad2d1d3f8036101dca7ee39e585\"},\"breadcrumb\":{\"@id\":\"https:\\\/\\\/quehacerpolitico.mx\\\/?p=87165#breadcrumb\"},\"inLanguage\":\"es\",\"potentialAction\":[{\"@type\":\"ReadAction\",\"target\":[\"https:\\\/\\\/quehacerpolitico.mx\\\/?p=87165\"]}]},{\"@type\":\"ImageObject\",\"inLanguage\":\"es\",\"@id\":\"https:\\\/\\\/quehacerpolitico.mx\\\/?p=87165#primaryimage\",\"url\":\"https:\\\/\\\/quehacerpolitico.mx\\\/wp-content\\\/uploads\\\/2021\\\/12\\\/B2B8967A-3031-4663-83B6-D69430126A2A.jpeg\",\"contentUrl\":\"https:\\\/\\\/quehacerpolitico.mx\\\/wp-content\\\/uploads\\\/2021\\\/12\\\/B2B8967A-3031-4663-83B6-D69430126A2A.jpeg\",\"width\":1536,\"height\":2048},{\"@type\":\"BreadcrumbList\",\"@id\":\"https:\\\/\\\/quehacerpolitico.mx\\\/?p=87165#breadcrumb\",\"itemListElement\":[{\"@type\":\"ListItem\",\"position\":1,\"name\":\"Inicio\",\"item\":\"https:\\\/\\\/quehacerpolitico.mx\\\/\"},{\"@type\":\"ListItem\",\"position\":2,\"name\":\"\u00c1rbol de Navidad en el Senado causa pol\u00e9mica en redes sociales\"}]},{\"@type\":\"WebSite\",\"@id\":\"https:\\\/\\\/quehacerpolitico.mx\\\/#website\",\"url\":\"https:\\\/\\\/quehacerpolitico.mx\\\/\",\"name\":\"\",\"description\":\"\",\"potentialAction\":[{\"@type\":\"SearchAction\",\"target\":{\"@type\":\"EntryPoint\",\"urlTemplate\":\"https:\\\/\\\/quehacerpolitico.mx\\\/?s={search_term_string}\"},\"query-input\":{\"@type\":\"PropertyValueSpecification\",\"valueRequired\":true,\"valueName\":\"search_term_string\"}}],\"inLanguage\":\"es\"},{\"@type\":\"Person\",\"@id\":\"https:\\\/\\\/quehacerpolitico.mx\\\/#\\\/schema\\\/person\\\/496d8ad2d1d3f8036101dca7ee39e585\",\"name\":\"Redacci\u00f3n QP\",\"image\":{\"@type\":\"ImageObject\",\"inLanguage\":\"es\",\"@id\":\"https:\\\/\\\/secure.gravatar.com\\\/avatar\\\/c7164ed6fdec453195284ad24a5ae5b6e1eed2b848477fa2a4787ba9adf39a41?s=96&d=mm&r=g\",\"url\":\"https:\\\/\\\/secure.gravatar.com\\\/avatar\\\/c7164ed6fdec453195284ad24a5ae5b6e1eed2b848477fa2a4787ba9adf39a41?s=96&d=mm&r=g\",\"contentUrl\":\"https:\\\/\\\/secure.gravatar.com\\\/avatar\\\/c7164ed6fdec453195284ad24a5ae5b6e1eed2b848477fa2a4787ba9adf39a41?s=96&d=mm&r=g\",\"caption\":\"Redacci\u00f3n QP\"},\"url\":\"https:\\\/\\\/quehacerpolitico.mx\\\/?author=2\"}]}<\/script>\n<!-- \/ Yoast SEO plugin. -->","yoast_head_json":{"title":"\u00c1rbol de Navidad en el Senado causa pol\u00e9mica en redes sociales -","robots":{"index":"index","follow":"follow","max-snippet":"max-snippet:-1","max-image-preview":"max-image-preview:large","max-video-preview":"max-video-preview:-1"},"canonical":"https:\/\/quehacerpolitico.mx\/?p=87165","og_locale":"es_MX","og_type":"article","og_title":"\u00c1rbol de Navidad en el Senado causa pol\u00e9mica en redes sociales -","og_description":"Por Redacci\u00f3n QP El \u00e1rbol de Navidad que se coloc\u00f3 en la explanada del recinto...","og_url":"https:\/\/quehacerpolitico.mx\/?p=87165","article_published_time":"2021-12-08T05:26:35+00:00","article_modified_time":"2021-12-08T05:26:39+00:00","og_image":[{"width":1536,"height":2048,"url":"https:\/\/quehacerpolitico.mx\/wp-content\/uploads\/2021\/12\/B2B8967A-3031-4663-83B6-D69430126A2A.jpeg","type":"image\/jpeg"}],"author":"Redacci\u00f3n QP","twitter_card":"summary_large_image","twitter_misc":{"Escrito por":"Redacci\u00f3n QP","Tiempo de lectura":"2 minutos"},"schema":{"@context":"https:\/\/schema.org","@graph":[{"@type":"Article","@id":"https:\/\/quehacerpolitico.mx\/?p=87165#article","isPartOf":{"@id":"https:\/\/quehacerpolitico.mx\/?p=87165"},"author":{"name":"Redacci\u00f3n QP","@id":"https:\/\/quehacerpolitico.mx\/#\/schema\/person\/496d8ad2d1d3f8036101dca7ee39e585"},"headline":"\u00c1rbol de Navidad en el Senado causa pol\u00e9mica en redes sociales","datePublished":"2021-12-08T05:26:35+00:00","dateModified":"2021-12-08T05:26:39+00:00","mainEntityOfPage":{"@id":"https:\/\/quehacerpolitico.mx\/?p=87165"},"wordCount":326,"commentCount":0,"image":{"@id":"https:\/\/quehacerpolitico.mx\/?p=87165#primaryimage"},"thumbnailUrl":"https:\/\/quehacerpolitico.mx\/wp-content\/uploads\/2021\/12\/B2B8967A-3031-4663-83B6-D69430126A2A.jpeg","articleSection":["Noticias"],"inLanguage":"es","potentialAction":[{"@type":"CommentAction","name":"Comment","target":["https:\/\/quehacerpolitico.mx\/?p=87165#respond"]}]},{"@type":"WebPage","@id":"https:\/\/quehacerpolitico.mx\/?p=87165","url":"https:\/\/quehacerpolitico.mx\/?p=87165","name":"\u00c1rbol de Navidad en el Senado causa pol\u00e9mica en redes sociales -","isPartOf":{"@id":"https:\/\/quehacerpolitico.mx\/#website"},"primaryImageOfPage":{"@id":"https:\/\/quehacerpolitico.mx\/?p=87165#primaryimage"},"image":{"@id":"https:\/\/quehacerpolitico.mx\/?p=87165#primaryimage"},"thumbnailUrl":"https:\/\/quehacerpolitico.mx\/wp-content\/uploads\/2021\/12\/B2B8967A-3031-4663-83B6-D69430126A2A.jpeg","datePublished":"2021-12-08T05:26:35+00:00","dateModified":"2021-12-08T05:26:39+00:00","author":{"@id":"https:\/\/quehacerpolitico.mx\/#\/schema\/person\/496d8ad2d1d3f8036101dca7ee39e585"},"breadcrumb":{"@id":"https:\/\/quehacerpolitico.mx\/?p=87165#breadcrumb"},"inLanguage":"es","potentialAction":[{"@type":"ReadAction","target":["https:\/\/quehacerpolitico.mx\/?p=87165"]}]},{"@type":"ImageObject","inLanguage":"es","@id":"https:\/\/quehacerpolitico.mx\/?p=87165#primaryimage","url":"https:\/\/quehacerpolitico.mx\/wp-content\/uploads\/2021\/12\/B2B8967A-3031-4663-83B6-D69430126A2A.jpeg","contentUrl":"https:\/\/quehacerpolitico.mx\/wp-content\/uploads\/2021\/12\/B2B8967A-3031-4663-83B6-D69430126A2A.jpeg","width":1536,"height":2048},{"@type":"BreadcrumbList","@id":"https:\/\/quehacerpolitico.mx\/?p=87165#breadcrumb","itemListElement":[{"@type":"ListItem","position":1,"name":"Inicio","item":"https:\/\/quehacerpolitico.mx\/"},{"@type":"ListItem","position":2,"name":"\u00c1rbol de Navidad en el Senado causa pol\u00e9mica en redes sociales"}]},{"@type":"WebSite","@id":"https:\/\/quehacerpolitico.mx\/#website","url":"https:\/\/quehacerpolitico.mx\/","name":"","description":"","potentialAction":[{"@type":"SearchAction","target":{"@type":"EntryPoint","urlTemplate":"https:\/\/quehacerpolitico.mx\/?s={search_term_string}"},"query-input":{"@type":"PropertyValueSpecification","valueRequired":true,"valueName":"search_term_string"}}],"inLanguage":"es"},{"@type":"Person","@id":"https:\/\/quehacerpolitico.mx\/#\/schema\/person\/496d8ad2d1d3f8036101dca7ee39e585","name":"Redacci\u00f3n QP","image":{"@type":"ImageObject","inLanguage":"es","@id":"https:\/\/secure.gravatar.com\/avatar\/c7164ed6fdec453195284ad24a5ae5b6e1eed2b848477fa2a4787ba9adf39a41?s=96&d=mm&r=g","url":"https:\/\/secure.gravatar.com\/avatar\/c7164ed6fdec453195284ad24a5ae5b6e1eed2b848477fa2a4787ba9adf39a41?s=96&d=mm&r=g","contentUrl":"https:\/\/secure.gravatar.com\/avatar\/c7164ed6fdec453195284ad24a5ae5b6e1eed2b848477fa2a4787ba9adf39a41?s=96&d=mm&r=g","caption":"Redacci\u00f3n QP"},"url":"https:\/\/quehacerpolitico.mx\/?author=2"}]}},"featured_image_urls":{"full":["https:\/\/quehacerpolitico.mx\/wp-content\/uploads\/2021\/12\/B2B8967A-3031-4663-83B6-D69430126A2A.jpeg",1536,2048,false],"thumbnail":["https:\/\/quehacerpolitico.mx\/wp-content\/uploads\/2021\/12\/B2B8967A-3031-4663-83B6-D69430126A2A-150x150.jpeg",150,150,true],"medium":["https:\/\/quehacerpolitico.mx\/wp-content\/uploads\/2021\/12\/B2B8967A-3031-4663-83B6-D69430126A2A-225x300.jpeg",225,300,true],"medium_large":["https:\/\/quehacerpolitico.mx\/wp-content\/uploads\/2021\/12\/B2B8967A-3031-4663-83B6-D69430126A2A-768x1024.jpeg",640,853,true],"large":["https:\/\/quehacerpolitico.mx\/wp-content\/uploads\/2021\/12\/B2B8967A-3031-4663-83B6-D69430126A2A-768x1024.jpeg",640,853,true],"1536x1536":["https:\/\/quehacerpolitico.mx\/wp-content\/uploads\/2021\/12\/B2B8967A-3031-4663-83B6-D69430126A2A-1152x1536.jpeg",1152,1536,true],"2048x2048":["https:\/\/quehacerpolitico.mx\/wp-content\/uploads\/2021\/12\/B2B8967A-3031-4663-83B6-D69430126A2A.jpeg",1536,2048,false],"covernews-featured":["https:\/\/quehacerpolitico.mx\/wp-content\/uploads\/2021\/12\/B2B8967A-3031-4663-83B6-D69430126A2A.jpeg",1024,1365,false],"covernews-medium":["https:\/\/quehacerpolitico.mx\/wp-content\/uploads\/2021\/12\/B2B8967A-3031-4663-83B6-D69430126A2A.jpeg",255,340,false]},"author_info":{"display_name":"Redacci\u00f3n QP","author_link":"https:\/\/quehacerpolitico.mx\/?author=2"},"category_info":"<a href=\"https:\/\/quehacerpolitico.mx\/?cat=2\" rel=\"category\">Noticias<\/a>","tag_info":"Noticias","comment_count":"0","_links":{"self":[{"href":"https:\/\/quehacerpolitico.mx\/index.php?rest_route=\/wp\/v2\/posts\/87165","targetHints":{"allow":["GET"]}}],"collection":[{"href":"https:\/\/quehacerpolitico.mx\/index.php?rest_route=\/wp\/v2\/posts"}],"about":[{"href":"https:\/\/quehacerpolitico.mx\/index.php?rest_route=\/wp\/v2\/types\/post"}],"author":[{"embeddable":true,"href":"https:\/\/quehacerpolitico.mx\/index.php?rest_route=\/wp\/v2\/users\/2"}],"replies":[{"embeddable":true,"href":"https:\/\/quehacerpolitico.mx\/index.php?rest_route=%2Fwp%2Fv2%2Fcomments&post=87165"}],"version-history":[{"count":1,"href":"https:\/\/quehacerpolitico.mx\/index.php?rest_route=\/wp\/v2\/posts\/87165\/revisions"}],"predecessor-version":[{"id":87167,"href":"https:\/\/quehacerpolitico.mx\/index.php?rest_route=\/wp\/v2\/posts\/87165\/revisions\/87167"}],"wp:featuredmedia":[{"embeddable":true,"href":"https:\/\/quehacerpolitico.mx\/index.php?rest_route=\/wp\/v2\/media\/87166"}],"wp:attachment":[{"href":"https:\/\/quehacerpolitico.mx\/index.php?rest_route=%2Fwp%2Fv2%2Fmedia&parent=87165"}],"wp:term":[{"taxonomy":"category","embeddable":true,"href":"https:\/\/quehacerpolitico.mx\/index.php?rest_route=%2Fwp%2Fv2%2Fcategories&post=87165"},{"taxonomy":"post_tag","embeddable":true,"href":"https:\/\/quehacerpolitico.mx\/index.php?rest_route=%2Fwp%2Fv2%2Ftags&post=87165"}],"curies":[{"name":"wp","href":"https:\/\/api.w.org\/{rel}","templated":true}]}}