{"id":87159,"date":"2021-12-07T20:59:08","date_gmt":"2021-12-07T20:59:08","guid":{"rendered":"https:\/\/quehacerpolitico.mx\/?p=87159"},"modified":"2021-12-07T20:59:10","modified_gmt":"2021-12-07T20:59:10","slug":"segun-el-inegi-en-mexico-3-de-cada-10-reos-sufrio-algun-delito-en-la-carcel","status":"publish","type":"post","link":"https:\/\/quehacerpolitico.mx\/?p=87159","title":{"rendered":"Seg\u00fan el Inegi, en M\u00e9xico 3 de cada 10 reos sufri\u00f3 alg\u00fan delito en la c\u00e1rcel"},"content":{"rendered":"\n<p>Por Redacci\u00f3n QP<\/p>\n\n\n\n<p>De esa poblaci\u00f3n, un 87.7 % sufri\u00f3 robo de objetos personales y un 4.6 % fue v\u00edctima de hostigamiento sexual<\/p>\n\n\n\n<p>El 34.1 % de las personas encarceladas en M\u00e9xico fue v\u00edctima de alg\u00fan delito dentro de los centros penitenciarios, seg\u00fan datos divulgados este martes del Instituto Nacional de Estad\u00edstica y Geograf\u00eda (Inegi).<\/p>\n\n\n\n<p>&#8220;<strong>34.1 % de la poblaci\u00f3n (privada de su libertad) fue v\u00edctima de una conducta ilegal al interior del centro penitenciario\u00a0<\/strong>entre julio de 2020 y julio de 2021&#8243;, indic\u00f3 el Inegi en la<strong>\u00a0<\/strong>Encuesta Nacional de Poblaci\u00f3n Privada de su Libertad (Enpol).<\/p>\n\n\n\n<p>De esa poblaci\u00f3n, un 87.7 % sufri\u00f3 robo de objetos personales y un 4.6 % fue v\u00edctima de hostigamiento sexual.<\/p>\n\n\n\n<p>&#8220;En t\u00e9rminos generales, el porcentaje de poblaci\u00f3n que fue v\u00edctima de actos de corrupci\u00f3n en al menos una de las etapas del proceso penal desde su detenci\u00f3n hasta la realizaci\u00f3n de su juicio y vida intracarcelaria fue de 36.2 %&#8221;, comparti\u00f3 el Inegi.<\/p>\n\n\n\n<p>Adem\u00e1s, el 17.2 % de la poblaci\u00f3n privada de la libertad experiment\u00f3 al menos un acto de corrupci\u00f3n durante su estancia en el centro penitenciario.<\/p>\n\n\n\n<p>Aun as\u00ed, entre junio y julio de 2021 -momento en que se realiz\u00f3 el sondeo- tan solo el 25.9 % de los encuestados dijo haberse sentido inseguro al interior del centro penitenciario.<\/p>\n\n\n\n<p>Por otra parte, de acuerdo a la encuesta, en 2021 casi la mitad (un 48.6 %) de los reos en M\u00e9xico recibi\u00f3 agresiones f\u00edsicas en el momento de su detenci\u00f3n.<\/p>\n\n\n\n<p><strong>El 38.4 % de quienes sufrieron agresiones f\u00edsicas detall\u00f3 que recibi\u00f3 &#8220;patadas o pu\u00f1etazos&#8221; por parte de la autoridad que lo detuvo<\/strong>, mientras que el 23 % mencion\u00f3 haber sido asfixiada o ahorcada.<\/p>\n\n\n\n<p>En los resultados de la encuesta tambi\u00e9n se refleja que el 27.8 % de los reos est\u00e1 en proceso de recibir sentencia y de ese porcentaje un 39.2 % lleva dos a\u00f1os o m\u00e1s dentro de un centro penitenciario.<\/p>\n\n\n\n<p>De las personas que s\u00ed recibieron sentencia, el 32.7 % fue sentenciada por robo, un 29.8 % fue condenada por homicidio y un 12.2 % por secuestro.<\/p>\n\n\n\n<p>Al cierre de 2019,&nbsp;<strong>la cifra de personas privadas de la libertad en los centros penitenciarios federales fue de 17 mil 271<\/strong>. De ellos, el 95.2 % eran hombres y el 4.8 %, mujeres.<\/p>\n\n\n\n<p>Para la realizaci\u00f3n de la ENPOL 2021, se tom\u00f3 como marco muestral a la poblaci\u00f3n privada de la libertad en M\u00e9xico en junio de 2021, la cual fue de 220 mil 500 personas. De las cuales, 94.3 % corresponde a la poblaci\u00f3n de hombres y 5.7 % corresponde a la poblaci\u00f3n de mujeres.<\/p>\n\n\n\n<p>Con Informaci\u00f3n de EFE<\/p>\n","protected":false},"excerpt":{"rendered":"<p>Por Redacci\u00f3n QP De esa poblaci\u00f3n, un 87.7 % sufri\u00f3 robo de objetos personales y&#8230;<\/p>\n","protected":false},"author":2,"featured_media":87160,"comment_status":"open","ping_status":"open","sticky":false,"template":"","format":"standard","meta":{"_monsterinsights_skip_tracking":false,"_monsterinsights_sitenote_active":false,"_monsterinsights_sitenote_note":"","_monsterinsights_sitenote_category":0,"footnotes":""},"categories":[2],"tags":[],"class_list":["post-87159","post","type-post","status-publish","format-standard","has-post-thumbnail","hentry","category-noticias"],"yoast_head":"<!-- This site is optimized with the Yoast SEO plugin v27.3 - https:\/\/yoast.com\/product\/yoast-seo-wordpress\/ -->\n<title>Seg\u00fan el Inegi, en M\u00e9xico 3 de cada 10 reos sufri\u00f3 alg\u00fan delito en la c\u00e1rcel -<\/title>\n<meta name=\"robots\" content=\"index, follow, max-snippet:-1, max-image-preview:large, max-video-preview:-1\" \/>\n<link rel=\"canonical\" href=\"https:\/\/quehacerpolitico.mx\/?p=87159\" \/>\n<meta property=\"og:locale\" content=\"es_MX\" \/>\n<meta property=\"og:type\" content=\"article\" \/>\n<meta property=\"og:title\" content=\"Seg\u00fan el Inegi, en M\u00e9xico 3 de cada 10 reos sufri\u00f3 alg\u00fan delito en la c\u00e1rcel -\" \/>\n<meta property=\"og:description\" content=\"Por Redacci\u00f3n QP De esa poblaci\u00f3n, un 87.7 % sufri\u00f3 robo de objetos personales y...\" \/>\n<meta property=\"og:url\" content=\"https:\/\/quehacerpolitico.mx\/?p=87159\" \/>\n<meta property=\"article:published_time\" content=\"2021-12-07T20:59:08+00:00\" \/>\n<meta property=\"article:modified_time\" content=\"2021-12-07T20:59:10+00:00\" \/>\n<meta property=\"og:image\" content=\"https:\/\/quehacerpolitico.mx\/wp-content\/uploads\/2021\/12\/127118AE-77CA-4E12-8E0B-6CBD46B023DC.jpeg\" \/>\n\t<meta property=\"og:image:width\" content=\"350\" \/>\n\t<meta property=\"og:image:height\" content=\"250\" \/>\n\t<meta property=\"og:image:type\" content=\"image\/jpeg\" \/>\n<meta name=\"author\" content=\"Redacci\u00f3n QP\" \/>\n<meta name=\"twitter:card\" content=\"summary_large_image\" \/>\n<meta name=\"twitter:label1\" content=\"Escrito por\" \/>\n\t<meta name=\"twitter:data1\" content=\"Redacci\u00f3n QP\" \/>\n\t<meta name=\"twitter:label2\" content=\"Tiempo de lectura\" \/>\n\t<meta name=\"twitter:data2\" content=\"2 minutos\" \/>\n<script type=\"application\/ld+json\" class=\"yoast-schema-graph\">{\"@context\":\"https:\\\/\\\/schema.org\",\"@graph\":[{\"@type\":\"Article\",\"@id\":\"https:\\\/\\\/quehacerpolitico.mx\\\/?p=87159#article\",\"isPartOf\":{\"@id\":\"https:\\\/\\\/quehacerpolitico.mx\\\/?p=87159\"},\"author\":{\"name\":\"Redacci\u00f3n QP\",\"@id\":\"https:\\\/\\\/quehacerpolitico.mx\\\/#\\\/schema\\\/person\\\/496d8ad2d1d3f8036101dca7ee39e585\"},\"headline\":\"Seg\u00fan el Inegi, en M\u00e9xico 3 de cada 10 reos sufri\u00f3 alg\u00fan delito en la c\u00e1rcel\",\"datePublished\":\"2021-12-07T20:59:08+00:00\",\"dateModified\":\"2021-12-07T20:59:10+00:00\",\"mainEntityOfPage\":{\"@id\":\"https:\\\/\\\/quehacerpolitico.mx\\\/?p=87159\"},\"wordCount\":440,\"commentCount\":0,\"image\":{\"@id\":\"https:\\\/\\\/quehacerpolitico.mx\\\/?p=87159#primaryimage\"},\"thumbnailUrl\":\"https:\\\/\\\/quehacerpolitico.mx\\\/wp-content\\\/uploads\\\/2021\\\/12\\\/127118AE-77CA-4E12-8E0B-6CBD46B023DC.jpeg\",\"articleSection\":[\"Noticias\"],\"inLanguage\":\"es\",\"potentialAction\":[{\"@type\":\"CommentAction\",\"name\":\"Comment\",\"target\":[\"https:\\\/\\\/quehacerpolitico.mx\\\/?p=87159#respond\"]}]},{\"@type\":\"WebPage\",\"@id\":\"https:\\\/\\\/quehacerpolitico.mx\\\/?p=87159\",\"url\":\"https:\\\/\\\/quehacerpolitico.mx\\\/?p=87159\",\"name\":\"Seg\u00fan el Inegi, en M\u00e9xico 3 de cada 10 reos sufri\u00f3 alg\u00fan delito en la c\u00e1rcel -\",\"isPartOf\":{\"@id\":\"https:\\\/\\\/quehacerpolitico.mx\\\/#website\"},\"primaryImageOfPage\":{\"@id\":\"https:\\\/\\\/quehacerpolitico.mx\\\/?p=87159#primaryimage\"},\"image\":{\"@id\":\"https:\\\/\\\/quehacerpolitico.mx\\\/?p=87159#primaryimage\"},\"thumbnailUrl\":\"https:\\\/\\\/quehacerpolitico.mx\\\/wp-content\\\/uploads\\\/2021\\\/12\\\/127118AE-77CA-4E12-8E0B-6CBD46B023DC.jpeg\",\"datePublished\":\"2021-12-07T20:59:08+00:00\",\"dateModified\":\"2021-12-07T20:59:10+00:00\",\"author\":{\"@id\":\"https:\\\/\\\/quehacerpolitico.mx\\\/#\\\/schema\\\/person\\\/496d8ad2d1d3f8036101dca7ee39e585\"},\"breadcrumb\":{\"@id\":\"https:\\\/\\\/quehacerpolitico.mx\\\/?p=87159#breadcrumb\"},\"inLanguage\":\"es\",\"potentialAction\":[{\"@type\":\"ReadAction\",\"target\":[\"https:\\\/\\\/quehacerpolitico.mx\\\/?p=87159\"]}]},{\"@type\":\"ImageObject\",\"inLanguage\":\"es\",\"@id\":\"https:\\\/\\\/quehacerpolitico.mx\\\/?p=87159#primaryimage\",\"url\":\"https:\\\/\\\/quehacerpolitico.mx\\\/wp-content\\\/uploads\\\/2021\\\/12\\\/127118AE-77CA-4E12-8E0B-6CBD46B023DC.jpeg\",\"contentUrl\":\"https:\\\/\\\/quehacerpolitico.mx\\\/wp-content\\\/uploads\\\/2021\\\/12\\\/127118AE-77CA-4E12-8E0B-6CBD46B023DC.jpeg\",\"width\":350,\"height\":250},{\"@type\":\"BreadcrumbList\",\"@id\":\"https:\\\/\\\/quehacerpolitico.mx\\\/?p=87159#breadcrumb\",\"itemListElement\":[{\"@type\":\"ListItem\",\"position\":1,\"name\":\"Inicio\",\"item\":\"https:\\\/\\\/quehacerpolitico.mx\\\/\"},{\"@type\":\"ListItem\",\"position\":2,\"name\":\"Seg\u00fan el Inegi, en M\u00e9xico 3 de cada 10 reos sufri\u00f3 alg\u00fan delito en la c\u00e1rcel\"}]},{\"@type\":\"WebSite\",\"@id\":\"https:\\\/\\\/quehacerpolitico.mx\\\/#website\",\"url\":\"https:\\\/\\\/quehacerpolitico.mx\\\/\",\"name\":\"\",\"description\":\"\",\"potentialAction\":[{\"@type\":\"SearchAction\",\"target\":{\"@type\":\"EntryPoint\",\"urlTemplate\":\"https:\\\/\\\/quehacerpolitico.mx\\\/?s={search_term_string}\"},\"query-input\":{\"@type\":\"PropertyValueSpecification\",\"valueRequired\":true,\"valueName\":\"search_term_string\"}}],\"inLanguage\":\"es\"},{\"@type\":\"Person\",\"@id\":\"https:\\\/\\\/quehacerpolitico.mx\\\/#\\\/schema\\\/person\\\/496d8ad2d1d3f8036101dca7ee39e585\",\"name\":\"Redacci\u00f3n QP\",\"image\":{\"@type\":\"ImageObject\",\"inLanguage\":\"es\",\"@id\":\"https:\\\/\\\/secure.gravatar.com\\\/avatar\\\/c7164ed6fdec453195284ad24a5ae5b6e1eed2b848477fa2a4787ba9adf39a41?s=96&d=mm&r=g\",\"url\":\"https:\\\/\\\/secure.gravatar.com\\\/avatar\\\/c7164ed6fdec453195284ad24a5ae5b6e1eed2b848477fa2a4787ba9adf39a41?s=96&d=mm&r=g\",\"contentUrl\":\"https:\\\/\\\/secure.gravatar.com\\\/avatar\\\/c7164ed6fdec453195284ad24a5ae5b6e1eed2b848477fa2a4787ba9adf39a41?s=96&d=mm&r=g\",\"caption\":\"Redacci\u00f3n QP\"},\"url\":\"https:\\\/\\\/quehacerpolitico.mx\\\/?author=2\"}]}<\/script>\n<!-- \/ Yoast SEO plugin. -->","yoast_head_json":{"title":"Seg\u00fan el Inegi, en M\u00e9xico 3 de cada 10 reos sufri\u00f3 alg\u00fan delito en la c\u00e1rcel -","robots":{"index":"index","follow":"follow","max-snippet":"max-snippet:-1","max-image-preview":"max-image-preview:large","max-video-preview":"max-video-preview:-1"},"canonical":"https:\/\/quehacerpolitico.mx\/?p=87159","og_locale":"es_MX","og_type":"article","og_title":"Seg\u00fan el Inegi, en M\u00e9xico 3 de cada 10 reos sufri\u00f3 alg\u00fan delito en la c\u00e1rcel -","og_description":"Por Redacci\u00f3n QP De esa poblaci\u00f3n, un 87.7 % sufri\u00f3 robo de objetos personales y...","og_url":"https:\/\/quehacerpolitico.mx\/?p=87159","article_published_time":"2021-12-07T20:59:08+00:00","article_modified_time":"2021-12-07T20:59:10+00:00","og_image":[{"width":350,"height":250,"url":"https:\/\/quehacerpolitico.mx\/wp-content\/uploads\/2021\/12\/127118AE-77CA-4E12-8E0B-6CBD46B023DC.jpeg","type":"image\/jpeg"}],"author":"Redacci\u00f3n QP","twitter_card":"summary_large_image","twitter_misc":{"Escrito por":"Redacci\u00f3n QP","Tiempo de lectura":"2 minutos"},"schema":{"@context":"https:\/\/schema.org","@graph":[{"@type":"Article","@id":"https:\/\/quehacerpolitico.mx\/?p=87159#article","isPartOf":{"@id":"https:\/\/quehacerpolitico.mx\/?p=87159"},"author":{"name":"Redacci\u00f3n QP","@id":"https:\/\/quehacerpolitico.mx\/#\/schema\/person\/496d8ad2d1d3f8036101dca7ee39e585"},"headline":"Seg\u00fan el Inegi, en M\u00e9xico 3 de cada 10 reos sufri\u00f3 alg\u00fan delito en la c\u00e1rcel","datePublished":"2021-12-07T20:59:08+00:00","dateModified":"2021-12-07T20:59:10+00:00","mainEntityOfPage":{"@id":"https:\/\/quehacerpolitico.mx\/?p=87159"},"wordCount":440,"commentCount":0,"image":{"@id":"https:\/\/quehacerpolitico.mx\/?p=87159#primaryimage"},"thumbnailUrl":"https:\/\/quehacerpolitico.mx\/wp-content\/uploads\/2021\/12\/127118AE-77CA-4E12-8E0B-6CBD46B023DC.jpeg","articleSection":["Noticias"],"inLanguage":"es","potentialAction":[{"@type":"CommentAction","name":"Comment","target":["https:\/\/quehacerpolitico.mx\/?p=87159#respond"]}]},{"@type":"WebPage","@id":"https:\/\/quehacerpolitico.mx\/?p=87159","url":"https:\/\/quehacerpolitico.mx\/?p=87159","name":"Seg\u00fan el Inegi, en M\u00e9xico 3 de cada 10 reos sufri\u00f3 alg\u00fan delito en la c\u00e1rcel -","isPartOf":{"@id":"https:\/\/quehacerpolitico.mx\/#website"},"primaryImageOfPage":{"@id":"https:\/\/quehacerpolitico.mx\/?p=87159#primaryimage"},"image":{"@id":"https:\/\/quehacerpolitico.mx\/?p=87159#primaryimage"},"thumbnailUrl":"https:\/\/quehacerpolitico.mx\/wp-content\/uploads\/2021\/12\/127118AE-77CA-4E12-8E0B-6CBD46B023DC.jpeg","datePublished":"2021-12-07T20:59:08+00:00","dateModified":"2021-12-07T20:59:10+00:00","author":{"@id":"https:\/\/quehacerpolitico.mx\/#\/schema\/person\/496d8ad2d1d3f8036101dca7ee39e585"},"breadcrumb":{"@id":"https:\/\/quehacerpolitico.mx\/?p=87159#breadcrumb"},"inLanguage":"es","potentialAction":[{"@type":"ReadAction","target":["https:\/\/quehacerpolitico.mx\/?p=87159"]}]},{"@type":"ImageObject","inLanguage":"es","@id":"https:\/\/quehacerpolitico.mx\/?p=87159#primaryimage","url":"https:\/\/quehacerpolitico.mx\/wp-content\/uploads\/2021\/12\/127118AE-77CA-4E12-8E0B-6CBD46B023DC.jpeg","contentUrl":"https:\/\/quehacerpolitico.mx\/wp-content\/uploads\/2021\/12\/127118AE-77CA-4E12-8E0B-6CBD46B023DC.jpeg","width":350,"height":250},{"@type":"BreadcrumbList","@id":"https:\/\/quehacerpolitico.mx\/?p=87159#breadcrumb","itemListElement":[{"@type":"ListItem","position":1,"name":"Inicio","item":"https:\/\/quehacerpolitico.mx\/"},{"@type":"ListItem","position":2,"name":"Seg\u00fan el Inegi, en M\u00e9xico 3 de cada 10 reos sufri\u00f3 alg\u00fan delito en la c\u00e1rcel"}]},{"@type":"WebSite","@id":"https:\/\/quehacerpolitico.mx\/#website","url":"https:\/\/quehacerpolitico.mx\/","name":"","description":"","potentialAction":[{"@type":"SearchAction","target":{"@type":"EntryPoint","urlTemplate":"https:\/\/quehacerpolitico.mx\/?s={search_term_string}"},"query-input":{"@type":"PropertyValueSpecification","valueRequired":true,"valueName":"search_term_string"}}],"inLanguage":"es"},{"@type":"Person","@id":"https:\/\/quehacerpolitico.mx\/#\/schema\/person\/496d8ad2d1d3f8036101dca7ee39e585","name":"Redacci\u00f3n QP","image":{"@type":"ImageObject","inLanguage":"es","@id":"https:\/\/secure.gravatar.com\/avatar\/c7164ed6fdec453195284ad24a5ae5b6e1eed2b848477fa2a4787ba9adf39a41?s=96&d=mm&r=g","url":"https:\/\/secure.gravatar.com\/avatar\/c7164ed6fdec453195284ad24a5ae5b6e1eed2b848477fa2a4787ba9adf39a41?s=96&d=mm&r=g","contentUrl":"https:\/\/secure.gravatar.com\/avatar\/c7164ed6fdec453195284ad24a5ae5b6e1eed2b848477fa2a4787ba9adf39a41?s=96&d=mm&r=g","caption":"Redacci\u00f3n QP"},"url":"https:\/\/quehacerpolitico.mx\/?author=2"}]}},"featured_image_urls":{"full":["https:\/\/quehacerpolitico.mx\/wp-content\/uploads\/2021\/12\/127118AE-77CA-4E12-8E0B-6CBD46B023DC.jpeg",350,250,false],"thumbnail":["https:\/\/quehacerpolitico.mx\/wp-content\/uploads\/2021\/12\/127118AE-77CA-4E12-8E0B-6CBD46B023DC-150x150.jpeg",150,150,true],"medium":["https:\/\/quehacerpolitico.mx\/wp-content\/uploads\/2021\/12\/127118AE-77CA-4E12-8E0B-6CBD46B023DC-300x214.jpeg",300,214,true],"medium_large":["https:\/\/quehacerpolitico.mx\/wp-content\/uploads\/2021\/12\/127118AE-77CA-4E12-8E0B-6CBD46B023DC.jpeg",350,250,false],"large":["https:\/\/quehacerpolitico.mx\/wp-content\/uploads\/2021\/12\/127118AE-77CA-4E12-8E0B-6CBD46B023DC.jpeg",350,250,false],"1536x1536":["https:\/\/quehacerpolitico.mx\/wp-content\/uploads\/2021\/12\/127118AE-77CA-4E12-8E0B-6CBD46B023DC.jpeg",350,250,false],"2048x2048":["https:\/\/quehacerpolitico.mx\/wp-content\/uploads\/2021\/12\/127118AE-77CA-4E12-8E0B-6CBD46B023DC.jpeg",350,250,false],"covernews-featured":["https:\/\/quehacerpolitico.mx\/wp-content\/uploads\/2021\/12\/127118AE-77CA-4E12-8E0B-6CBD46B023DC.jpeg",350,250,false],"covernews-medium":["https:\/\/quehacerpolitico.mx\/wp-content\/uploads\/2021\/12\/127118AE-77CA-4E12-8E0B-6CBD46B023DC.jpeg",350,250,false]},"author_info":{"display_name":"Redacci\u00f3n QP","author_link":"https:\/\/quehacerpolitico.mx\/?author=2"},"category_info":"<a href=\"https:\/\/quehacerpolitico.mx\/?cat=2\" rel=\"category\">Noticias<\/a>","tag_info":"Noticias","comment_count":"0","_links":{"self":[{"href":"https:\/\/quehacerpolitico.mx\/index.php?rest_route=\/wp\/v2\/posts\/87159","targetHints":{"allow":["GET"]}}],"collection":[{"href":"https:\/\/quehacerpolitico.mx\/index.php?rest_route=\/wp\/v2\/posts"}],"about":[{"href":"https:\/\/quehacerpolitico.mx\/index.php?rest_route=\/wp\/v2\/types\/post"}],"author":[{"embeddable":true,"href":"https:\/\/quehacerpolitico.mx\/index.php?rest_route=\/wp\/v2\/users\/2"}],"replies":[{"embeddable":true,"href":"https:\/\/quehacerpolitico.mx\/index.php?rest_route=%2Fwp%2Fv2%2Fcomments&post=87159"}],"version-history":[{"count":1,"href":"https:\/\/quehacerpolitico.mx\/index.php?rest_route=\/wp\/v2\/posts\/87159\/revisions"}],"predecessor-version":[{"id":87161,"href":"https:\/\/quehacerpolitico.mx\/index.php?rest_route=\/wp\/v2\/posts\/87159\/revisions\/87161"}],"wp:featuredmedia":[{"embeddable":true,"href":"https:\/\/quehacerpolitico.mx\/index.php?rest_route=\/wp\/v2\/media\/87160"}],"wp:attachment":[{"href":"https:\/\/quehacerpolitico.mx\/index.php?rest_route=%2Fwp%2Fv2%2Fmedia&parent=87159"}],"wp:term":[{"taxonomy":"category","embeddable":true,"href":"https:\/\/quehacerpolitico.mx\/index.php?rest_route=%2Fwp%2Fv2%2Fcategories&post=87159"},{"taxonomy":"post_tag","embeddable":true,"href":"https:\/\/quehacerpolitico.mx\/index.php?rest_route=%2Fwp%2Fv2%2Ftags&post=87159"}],"curies":[{"name":"wp","href":"https:\/\/api.w.org\/{rel}","templated":true}]}}