{"id":87156,"date":"2021-12-07T20:47:03","date_gmt":"2021-12-07T20:47:03","guid":{"rendered":"https:\/\/quehacerpolitico.mx\/?p=87156"},"modified":"2021-12-07T20:47:07","modified_gmt":"2021-12-07T20:47:07","slug":"empresa-en-eu-despide-a-900-trabajadores-a-traves-de-zoom","status":"publish","type":"post","link":"https:\/\/quehacerpolitico.mx\/?p=87156","title":{"rendered":"Empresa en EU despide a 900 trabajadores a trav\u00e9s de Zoom"},"content":{"rendered":"\n<p>Por Redacci\u00f3n QP<\/p>\n\n\n\n<p>&#8220;Si est\u00e1s en esta llamada, est\u00e1s en el grupo desafortunado que va a ser despedido&#8221;, les dijeron a los empleados durante la videoconferencia<\/p>\n\n\n\n<p>Una empresa en Estados Unidos, especializada en pr\u00e9stamos para hipotecas, despidi\u00f3 el mi\u00e9rcoles pasado a&nbsp;<strong>m\u00e1s de 900 de sus empleados, cerca del 9% de la plantilla,<\/strong>&nbsp;a trav\u00e9s de una videollamada de<strong>&nbsp;Zoom<\/strong>, seg\u00fan inform\u00f3 ayer lunes el canal CNN.<\/p>\n\n\n\n<p>Seg\u00fan CNN, que tuvo acceso a una grabaci\u00f3n de la llamada, el consejero delegado de Better.com, Vishal Garg, dijo a los trabajadores conectados:\u00a0<strong>&#8220;Si est\u00e1s en esta llamada, est\u00e1s en el grupo desafortunado que va a ser despedido. Tu empleo aqu\u00ed termina con efecto inmediato&#8221;.<\/strong><\/p>\n\n\n\n<p>&#8220;Es la segunda vez en mi carrera que hago esto y no quiero hacerlo. La \u00faltima vez llor\u00e9&#8221;, asegur\u00f3 el ejecutivo en la videoconferencia, en la que\u00a0<strong>cit\u00f3 la productividad y los resultados entre otros motivos para las salidas,<\/strong>\u00a0y que, aparentemente, se mostr\u00f3 escueto y sin emociones.<\/p>\n\n\n\n<p>La direcci\u00f3n de&nbsp;<strong>Better.com<\/strong>&nbsp;lament\u00f3 en una declaraci\u00f3n a ese canal que los despidos se produzcan de cara a las festividades navide\u00f1as, pero los atribuy\u00f3 a la mejora de su posici\u00f3n financiera &#8220;en un mercado de propiedad de viviendas que evoluciona radicalmente&#8221;.<\/p>\n\n\n\n<p>Garg protagoniz\u00f3 un reportaje en la revista\u00a0<em>Forbes<\/em>el a\u00f1o pasado a ra\u00edz de su car\u00e1cter vol\u00e1til y de varias batallas legales por su gesti\u00f3n de otras compa\u00f1\u00edas, en un momento en que\u00a0<strong>la empresa tecnol\u00f3gica financiera se prepara para una salida a bolsa.<\/strong><\/p>\n\n\n\n<p>Entre otras cosas, el art\u00edculo conten\u00eda un correo que hab\u00eda enviado a sus trabajadores en el que les dec\u00eda, en may\u00fasculas, que eran\u00a0<strong>&#8220;demasiado malditamente lentos&#8221;<\/strong>, les llamaba\u00a0<strong>&#8220;delfines est\u00fapidos&#8221;<\/strong>\u00a0y aseguraba que le estaban\u00a0<strong>&#8220;avergonzando&#8221;<\/strong>.<\/p>\n\n\n\n<p>Con Informaci\u00f3n de EFE<\/p>\n","protected":false},"excerpt":{"rendered":"<p>Por Redacci\u00f3n QP &#8220;Si est\u00e1s en esta llamada, est\u00e1s en el grupo desafortunado que va&#8230;<\/p>\n","protected":false},"author":2,"featured_media":87157,"comment_status":"open","ping_status":"open","sticky":false,"template":"","format":"standard","meta":{"_monsterinsights_skip_tracking":false,"_monsterinsights_sitenote_active":false,"_monsterinsights_sitenote_note":"","_monsterinsights_sitenote_category":0,"footnotes":""},"categories":[56],"tags":[],"class_list":["post-87156","post","type-post","status-publish","format-standard","has-post-thumbnail","hentry","category-economia"],"yoast_head":"<!-- This site is optimized with the Yoast SEO plugin v27.3 - https:\/\/yoast.com\/product\/yoast-seo-wordpress\/ -->\n<title>Empresa en EU despide a 900 trabajadores a trav\u00e9s de Zoom -<\/title>\n<meta name=\"robots\" content=\"index, follow, max-snippet:-1, max-image-preview:large, max-video-preview:-1\" \/>\n<link rel=\"canonical\" href=\"https:\/\/quehacerpolitico.mx\/?p=87156\" \/>\n<meta property=\"og:locale\" content=\"es_MX\" \/>\n<meta property=\"og:type\" content=\"article\" \/>\n<meta property=\"og:title\" content=\"Empresa en EU despide a 900 trabajadores a trav\u00e9s de Zoom -\" \/>\n<meta property=\"og:description\" content=\"Por Redacci\u00f3n QP &#8220;Si est\u00e1s en esta llamada, est\u00e1s en el grupo desafortunado que va...\" \/>\n<meta property=\"og:url\" content=\"https:\/\/quehacerpolitico.mx\/?p=87156\" \/>\n<meta property=\"article:published_time\" content=\"2021-12-07T20:47:03+00:00\" \/>\n<meta property=\"article:modified_time\" content=\"2021-12-07T20:47:07+00:00\" \/>\n<meta property=\"og:image\" content=\"https:\/\/quehacerpolitico.mx\/wp-content\/uploads\/2021\/12\/826A9B61-85B1-44DA-B2A7-F9D9BDCC49FB.jpeg\" \/>\n\t<meta property=\"og:image:width\" content=\"678\" \/>\n\t<meta property=\"og:image:height\" content=\"452\" \/>\n\t<meta property=\"og:image:type\" content=\"image\/jpeg\" \/>\n<meta name=\"author\" content=\"Redacci\u00f3n QP\" \/>\n<meta name=\"twitter:card\" content=\"summary_large_image\" \/>\n<meta name=\"twitter:label1\" content=\"Escrito por\" \/>\n\t<meta name=\"twitter:data1\" content=\"Redacci\u00f3n QP\" \/>\n\t<meta name=\"twitter:label2\" content=\"Tiempo de lectura\" \/>\n\t<meta name=\"twitter:data2\" content=\"2 minutos\" \/>\n<script type=\"application\/ld+json\" class=\"yoast-schema-graph\">{\"@context\":\"https:\\\/\\\/schema.org\",\"@graph\":[{\"@type\":\"Article\",\"@id\":\"https:\\\/\\\/quehacerpolitico.mx\\\/?p=87156#article\",\"isPartOf\":{\"@id\":\"https:\\\/\\\/quehacerpolitico.mx\\\/?p=87156\"},\"author\":{\"name\":\"Redacci\u00f3n QP\",\"@id\":\"https:\\\/\\\/quehacerpolitico.mx\\\/#\\\/schema\\\/person\\\/496d8ad2d1d3f8036101dca7ee39e585\"},\"headline\":\"Empresa en EU despide a 900 trabajadores a trav\u00e9s de Zoom\",\"datePublished\":\"2021-12-07T20:47:03+00:00\",\"dateModified\":\"2021-12-07T20:47:07+00:00\",\"mainEntityOfPage\":{\"@id\":\"https:\\\/\\\/quehacerpolitico.mx\\\/?p=87156\"},\"wordCount\":331,\"commentCount\":0,\"image\":{\"@id\":\"https:\\\/\\\/quehacerpolitico.mx\\\/?p=87156#primaryimage\"},\"thumbnailUrl\":\"https:\\\/\\\/quehacerpolitico.mx\\\/wp-content\\\/uploads\\\/2021\\\/12\\\/826A9B61-85B1-44DA-B2A7-F9D9BDCC49FB.jpeg\",\"articleSection\":[\"Econom\u00eda\"],\"inLanguage\":\"es\",\"potentialAction\":[{\"@type\":\"CommentAction\",\"name\":\"Comment\",\"target\":[\"https:\\\/\\\/quehacerpolitico.mx\\\/?p=87156#respond\"]}]},{\"@type\":\"WebPage\",\"@id\":\"https:\\\/\\\/quehacerpolitico.mx\\\/?p=87156\",\"url\":\"https:\\\/\\\/quehacerpolitico.mx\\\/?p=87156\",\"name\":\"Empresa en EU despide a 900 trabajadores a trav\u00e9s de Zoom -\",\"isPartOf\":{\"@id\":\"https:\\\/\\\/quehacerpolitico.mx\\\/#website\"},\"primaryImageOfPage\":{\"@id\":\"https:\\\/\\\/quehacerpolitico.mx\\\/?p=87156#primaryimage\"},\"image\":{\"@id\":\"https:\\\/\\\/quehacerpolitico.mx\\\/?p=87156#primaryimage\"},\"thumbnailUrl\":\"https:\\\/\\\/quehacerpolitico.mx\\\/wp-content\\\/uploads\\\/2021\\\/12\\\/826A9B61-85B1-44DA-B2A7-F9D9BDCC49FB.jpeg\",\"datePublished\":\"2021-12-07T20:47:03+00:00\",\"dateModified\":\"2021-12-07T20:47:07+00:00\",\"author\":{\"@id\":\"https:\\\/\\\/quehacerpolitico.mx\\\/#\\\/schema\\\/person\\\/496d8ad2d1d3f8036101dca7ee39e585\"},\"breadcrumb\":{\"@id\":\"https:\\\/\\\/quehacerpolitico.mx\\\/?p=87156#breadcrumb\"},\"inLanguage\":\"es\",\"potentialAction\":[{\"@type\":\"ReadAction\",\"target\":[\"https:\\\/\\\/quehacerpolitico.mx\\\/?p=87156\"]}]},{\"@type\":\"ImageObject\",\"inLanguage\":\"es\",\"@id\":\"https:\\\/\\\/quehacerpolitico.mx\\\/?p=87156#primaryimage\",\"url\":\"https:\\\/\\\/quehacerpolitico.mx\\\/wp-content\\\/uploads\\\/2021\\\/12\\\/826A9B61-85B1-44DA-B2A7-F9D9BDCC49FB.jpeg\",\"contentUrl\":\"https:\\\/\\\/quehacerpolitico.mx\\\/wp-content\\\/uploads\\\/2021\\\/12\\\/826A9B61-85B1-44DA-B2A7-F9D9BDCC49FB.jpeg\",\"width\":678,\"height\":452},{\"@type\":\"BreadcrumbList\",\"@id\":\"https:\\\/\\\/quehacerpolitico.mx\\\/?p=87156#breadcrumb\",\"itemListElement\":[{\"@type\":\"ListItem\",\"position\":1,\"name\":\"Inicio\",\"item\":\"https:\\\/\\\/quehacerpolitico.mx\\\/\"},{\"@type\":\"ListItem\",\"position\":2,\"name\":\"Empresa en EU despide a 900 trabajadores a trav\u00e9s de Zoom\"}]},{\"@type\":\"WebSite\",\"@id\":\"https:\\\/\\\/quehacerpolitico.mx\\\/#website\",\"url\":\"https:\\\/\\\/quehacerpolitico.mx\\\/\",\"name\":\"\",\"description\":\"\",\"potentialAction\":[{\"@type\":\"SearchAction\",\"target\":{\"@type\":\"EntryPoint\",\"urlTemplate\":\"https:\\\/\\\/quehacerpolitico.mx\\\/?s={search_term_string}\"},\"query-input\":{\"@type\":\"PropertyValueSpecification\",\"valueRequired\":true,\"valueName\":\"search_term_string\"}}],\"inLanguage\":\"es\"},{\"@type\":\"Person\",\"@id\":\"https:\\\/\\\/quehacerpolitico.mx\\\/#\\\/schema\\\/person\\\/496d8ad2d1d3f8036101dca7ee39e585\",\"name\":\"Redacci\u00f3n QP\",\"image\":{\"@type\":\"ImageObject\",\"inLanguage\":\"es\",\"@id\":\"https:\\\/\\\/secure.gravatar.com\\\/avatar\\\/c7164ed6fdec453195284ad24a5ae5b6e1eed2b848477fa2a4787ba9adf39a41?s=96&d=mm&r=g\",\"url\":\"https:\\\/\\\/secure.gravatar.com\\\/avatar\\\/c7164ed6fdec453195284ad24a5ae5b6e1eed2b848477fa2a4787ba9adf39a41?s=96&d=mm&r=g\",\"contentUrl\":\"https:\\\/\\\/secure.gravatar.com\\\/avatar\\\/c7164ed6fdec453195284ad24a5ae5b6e1eed2b848477fa2a4787ba9adf39a41?s=96&d=mm&r=g\",\"caption\":\"Redacci\u00f3n QP\"},\"url\":\"https:\\\/\\\/quehacerpolitico.mx\\\/?author=2\"}]}<\/script>\n<!-- \/ Yoast SEO plugin. -->","yoast_head_json":{"title":"Empresa en EU despide a 900 trabajadores a trav\u00e9s de Zoom -","robots":{"index":"index","follow":"follow","max-snippet":"max-snippet:-1","max-image-preview":"max-image-preview:large","max-video-preview":"max-video-preview:-1"},"canonical":"https:\/\/quehacerpolitico.mx\/?p=87156","og_locale":"es_MX","og_type":"article","og_title":"Empresa en EU despide a 900 trabajadores a trav\u00e9s de Zoom -","og_description":"Por Redacci\u00f3n QP &#8220;Si est\u00e1s en esta llamada, est\u00e1s en el grupo desafortunado que va...","og_url":"https:\/\/quehacerpolitico.mx\/?p=87156","article_published_time":"2021-12-07T20:47:03+00:00","article_modified_time":"2021-12-07T20:47:07+00:00","og_image":[{"width":678,"height":452,"url":"https:\/\/quehacerpolitico.mx\/wp-content\/uploads\/2021\/12\/826A9B61-85B1-44DA-B2A7-F9D9BDCC49FB.jpeg","type":"image\/jpeg"}],"author":"Redacci\u00f3n QP","twitter_card":"summary_large_image","twitter_misc":{"Escrito por":"Redacci\u00f3n QP","Tiempo de lectura":"2 minutos"},"schema":{"@context":"https:\/\/schema.org","@graph":[{"@type":"Article","@id":"https:\/\/quehacerpolitico.mx\/?p=87156#article","isPartOf":{"@id":"https:\/\/quehacerpolitico.mx\/?p=87156"},"author":{"name":"Redacci\u00f3n QP","@id":"https:\/\/quehacerpolitico.mx\/#\/schema\/person\/496d8ad2d1d3f8036101dca7ee39e585"},"headline":"Empresa en EU despide a 900 trabajadores a trav\u00e9s de Zoom","datePublished":"2021-12-07T20:47:03+00:00","dateModified":"2021-12-07T20:47:07+00:00","mainEntityOfPage":{"@id":"https:\/\/quehacerpolitico.mx\/?p=87156"},"wordCount":331,"commentCount":0,"image":{"@id":"https:\/\/quehacerpolitico.mx\/?p=87156#primaryimage"},"thumbnailUrl":"https:\/\/quehacerpolitico.mx\/wp-content\/uploads\/2021\/12\/826A9B61-85B1-44DA-B2A7-F9D9BDCC49FB.jpeg","articleSection":["Econom\u00eda"],"inLanguage":"es","potentialAction":[{"@type":"CommentAction","name":"Comment","target":["https:\/\/quehacerpolitico.mx\/?p=87156#respond"]}]},{"@type":"WebPage","@id":"https:\/\/quehacerpolitico.mx\/?p=87156","url":"https:\/\/quehacerpolitico.mx\/?p=87156","name":"Empresa en EU despide a 900 trabajadores a trav\u00e9s de Zoom -","isPartOf":{"@id":"https:\/\/quehacerpolitico.mx\/#website"},"primaryImageOfPage":{"@id":"https:\/\/quehacerpolitico.mx\/?p=87156#primaryimage"},"image":{"@id":"https:\/\/quehacerpolitico.mx\/?p=87156#primaryimage"},"thumbnailUrl":"https:\/\/quehacerpolitico.mx\/wp-content\/uploads\/2021\/12\/826A9B61-85B1-44DA-B2A7-F9D9BDCC49FB.jpeg","datePublished":"2021-12-07T20:47:03+00:00","dateModified":"2021-12-07T20:47:07+00:00","author":{"@id":"https:\/\/quehacerpolitico.mx\/#\/schema\/person\/496d8ad2d1d3f8036101dca7ee39e585"},"breadcrumb":{"@id":"https:\/\/quehacerpolitico.mx\/?p=87156#breadcrumb"},"inLanguage":"es","potentialAction":[{"@type":"ReadAction","target":["https:\/\/quehacerpolitico.mx\/?p=87156"]}]},{"@type":"ImageObject","inLanguage":"es","@id":"https:\/\/quehacerpolitico.mx\/?p=87156#primaryimage","url":"https:\/\/quehacerpolitico.mx\/wp-content\/uploads\/2021\/12\/826A9B61-85B1-44DA-B2A7-F9D9BDCC49FB.jpeg","contentUrl":"https:\/\/quehacerpolitico.mx\/wp-content\/uploads\/2021\/12\/826A9B61-85B1-44DA-B2A7-F9D9BDCC49FB.jpeg","width":678,"height":452},{"@type":"BreadcrumbList","@id":"https:\/\/quehacerpolitico.mx\/?p=87156#breadcrumb","itemListElement":[{"@type":"ListItem","position":1,"name":"Inicio","item":"https:\/\/quehacerpolitico.mx\/"},{"@type":"ListItem","position":2,"name":"Empresa en EU despide a 900 trabajadores a trav\u00e9s de Zoom"}]},{"@type":"WebSite","@id":"https:\/\/quehacerpolitico.mx\/#website","url":"https:\/\/quehacerpolitico.mx\/","name":"","description":"","potentialAction":[{"@type":"SearchAction","target":{"@type":"EntryPoint","urlTemplate":"https:\/\/quehacerpolitico.mx\/?s={search_term_string}"},"query-input":{"@type":"PropertyValueSpecification","valueRequired":true,"valueName":"search_term_string"}}],"inLanguage":"es"},{"@type":"Person","@id":"https:\/\/quehacerpolitico.mx\/#\/schema\/person\/496d8ad2d1d3f8036101dca7ee39e585","name":"Redacci\u00f3n QP","image":{"@type":"ImageObject","inLanguage":"es","@id":"https:\/\/secure.gravatar.com\/avatar\/c7164ed6fdec453195284ad24a5ae5b6e1eed2b848477fa2a4787ba9adf39a41?s=96&d=mm&r=g","url":"https:\/\/secure.gravatar.com\/avatar\/c7164ed6fdec453195284ad24a5ae5b6e1eed2b848477fa2a4787ba9adf39a41?s=96&d=mm&r=g","contentUrl":"https:\/\/secure.gravatar.com\/avatar\/c7164ed6fdec453195284ad24a5ae5b6e1eed2b848477fa2a4787ba9adf39a41?s=96&d=mm&r=g","caption":"Redacci\u00f3n QP"},"url":"https:\/\/quehacerpolitico.mx\/?author=2"}]}},"featured_image_urls":{"full":["https:\/\/quehacerpolitico.mx\/wp-content\/uploads\/2021\/12\/826A9B61-85B1-44DA-B2A7-F9D9BDCC49FB.jpeg",678,452,false],"thumbnail":["https:\/\/quehacerpolitico.mx\/wp-content\/uploads\/2021\/12\/826A9B61-85B1-44DA-B2A7-F9D9BDCC49FB-150x150.jpeg",150,150,true],"medium":["https:\/\/quehacerpolitico.mx\/wp-content\/uploads\/2021\/12\/826A9B61-85B1-44DA-B2A7-F9D9BDCC49FB-300x200.jpeg",300,200,true],"medium_large":["https:\/\/quehacerpolitico.mx\/wp-content\/uploads\/2021\/12\/826A9B61-85B1-44DA-B2A7-F9D9BDCC49FB.jpeg",640,427,false],"large":["https:\/\/quehacerpolitico.mx\/wp-content\/uploads\/2021\/12\/826A9B61-85B1-44DA-B2A7-F9D9BDCC49FB.jpeg",640,427,false],"1536x1536":["https:\/\/quehacerpolitico.mx\/wp-content\/uploads\/2021\/12\/826A9B61-85B1-44DA-B2A7-F9D9BDCC49FB.jpeg",678,452,false],"2048x2048":["https:\/\/quehacerpolitico.mx\/wp-content\/uploads\/2021\/12\/826A9B61-85B1-44DA-B2A7-F9D9BDCC49FB.jpeg",678,452,false],"covernews-featured":["https:\/\/quehacerpolitico.mx\/wp-content\/uploads\/2021\/12\/826A9B61-85B1-44DA-B2A7-F9D9BDCC49FB.jpeg",678,452,false],"covernews-medium":["https:\/\/quehacerpolitico.mx\/wp-content\/uploads\/2021\/12\/826A9B61-85B1-44DA-B2A7-F9D9BDCC49FB.jpeg",510,340,false]},"author_info":{"display_name":"Redacci\u00f3n QP","author_link":"https:\/\/quehacerpolitico.mx\/?author=2"},"category_info":"<a href=\"https:\/\/quehacerpolitico.mx\/?cat=56\" rel=\"category\">Econom\u00eda<\/a>","tag_info":"Econom\u00eda","comment_count":"0","_links":{"self":[{"href":"https:\/\/quehacerpolitico.mx\/index.php?rest_route=\/wp\/v2\/posts\/87156","targetHints":{"allow":["GET"]}}],"collection":[{"href":"https:\/\/quehacerpolitico.mx\/index.php?rest_route=\/wp\/v2\/posts"}],"about":[{"href":"https:\/\/quehacerpolitico.mx\/index.php?rest_route=\/wp\/v2\/types\/post"}],"author":[{"embeddable":true,"href":"https:\/\/quehacerpolitico.mx\/index.php?rest_route=\/wp\/v2\/users\/2"}],"replies":[{"embeddable":true,"href":"https:\/\/quehacerpolitico.mx\/index.php?rest_route=%2Fwp%2Fv2%2Fcomments&post=87156"}],"version-history":[{"count":1,"href":"https:\/\/quehacerpolitico.mx\/index.php?rest_route=\/wp\/v2\/posts\/87156\/revisions"}],"predecessor-version":[{"id":87158,"href":"https:\/\/quehacerpolitico.mx\/index.php?rest_route=\/wp\/v2\/posts\/87156\/revisions\/87158"}],"wp:featuredmedia":[{"embeddable":true,"href":"https:\/\/quehacerpolitico.mx\/index.php?rest_route=\/wp\/v2\/media\/87157"}],"wp:attachment":[{"href":"https:\/\/quehacerpolitico.mx\/index.php?rest_route=%2Fwp%2Fv2%2Fmedia&parent=87156"}],"wp:term":[{"taxonomy":"category","embeddable":true,"href":"https:\/\/quehacerpolitico.mx\/index.php?rest_route=%2Fwp%2Fv2%2Fcategories&post=87156"},{"taxonomy":"post_tag","embeddable":true,"href":"https:\/\/quehacerpolitico.mx\/index.php?rest_route=%2Fwp%2Fv2%2Ftags&post=87156"}],"curies":[{"name":"wp","href":"https:\/\/api.w.org\/{rel}","templated":true}]}}