{"id":87148,"date":"2021-12-07T19:47:15","date_gmt":"2021-12-07T19:47:15","guid":{"rendered":"https:\/\/quehacerpolitico.mx\/?p=87148"},"modified":"2021-12-07T19:47:18","modified_gmt":"2021-12-07T19:47:18","slug":"dueno-del-america-avala-posible-trueque-de-jugadores-con-chivas","status":"publish","type":"post","link":"https:\/\/quehacerpolitico.mx\/?p=87148","title":{"rendered":"Due\u00f1o del Am\u00e9rica avala posible trueque de jugadores con Chivas"},"content":{"rendered":"\n<p>Por Redacci\u00f3n QP<\/p>\n\n\n\n<p>Estas son las declaraciones del propietario de las \u00c1guilas, quien avala el posible cambio de jugadores que se har\u00e1 con Chivas<\/p>\n\n\n\n<p>Es real: Emilio Azc\u00e1rraga Jean, due\u00f1o del Am\u00e9rica, aval\u00f3 el posible cambio que se dar\u00e1 con Chivas,&nbsp;<strong>en el cual el Reba\u00f1o recibir\u00e1 al mediocampista Sebasti\u00e1n C\u00f3rdova y las \u00c1guilas a Uriel Antuna.<\/strong>En una visita realizada a Coapa, el empresario mencion\u00f3 que est\u00e1 operaci\u00f3n puede ser dif\u00edcil de comprender, pero es algo que se debe hacer.<\/p>\n\n\n\n<p><strong>&#8220;Para la afici\u00f3n puede ser dif\u00edcil, para m\u00ed puede ser dif\u00edcil, para Amaury (Vergara, due\u00f1o de las Chivas) puede ser dif\u00edcil,<\/strong>\u00a0pero se debe de\u00a0<strong>tratar que los mejores 11 jugadores que est\u00e9n en la cancha del Am\u00e9rica,<\/strong>\u00a0son los mejores 11 que podemos conseguir&#8221;, dijo.<\/p>\n\n\n\n<p>Sobre el torneo que dio su equipo, el cual qued\u00f3 eliminado en cuartos de final de la Liguilla, a pesar de haber sido l\u00edder general, mencion\u00f3:\u00a0<strong>&#8220;Hay que hacer un an\u00e1lisis fr\u00edo y muy calculado de c\u00f3mo se dio&#8230;&#8221;.<\/strong><\/p>\n\n\n\n<figure class=\"wp-block-embed is-type-rich is-provider-twitter wp-block-embed-twitter\"><div class=\"wp-block-embed__wrapper\">\n<blockquote class=\"twitter-tweet\" data-width=\"550\" data-dnt=\"true\"><p lang=\"es\" dir=\"ltr\">Miren y escuchen las declaraciones de Emilio Azc\u00e1rraga sobre Ba\u00f1os, Solari y la transferencia de Cordova por Antuna al <a href=\"https:\/\/twitter.com\/ClubAmerica?ref_src=twsrc%5Etfw\">@ClubAmerica<\/a> \ud83d\udc40\ud83e\udd37\ud83c\udffb\u200d\u2642\ufe0f \ud83e\udd85\ud83c\uddfa\ud83c\udde6<a href=\"https:\/\/twitter.com\/17TITULOSDELIGA?ref_src=twsrc%5Etfw\">@17TITULOSDELIGA<\/a> <a href=\"https:\/\/twitter.com\/ElJefeAguila?ref_src=twsrc%5Etfw\">@ElJefeAguila<\/a> <a href=\"https:\/\/t.co\/A5armJcGKE\">pic.twitter.com\/A5armJcGKE<\/a><\/p>&mdash; Luis Ernesto BICAMPEON\ud83e\udd85\ud83c\udfc6 (@LuisErnestoP95) <a href=\"https:\/\/twitter.com\/LuisErnestoP95\/status\/1468109179105812486?ref_src=twsrc%5Etfw\">December 7, 2021<\/a><\/blockquote><script async src=\"https:\/\/platform.twitter.com\/widgets.js\" charset=\"utf-8\"><\/script>\n<\/div><\/figure>\n\n\n\n<p>Y fue claro al mencionar que no toda la culpa es del presidente del club Santiago Ba\u00f1os, y Santiago Solari, director t\u00e9cnico. &#8220;Tiene que haber responsabilidad no solo de los Santiagos. Tiene que haber y asumir sus responsabilidades los profesionales que estuvieron en la cancha&#8221;, mencion\u00f3 en declaraciones a TUDN.<\/p>\n\n\n\n<p>Con Informaci\u00f3n de SUN <\/p>\n","protected":false},"excerpt":{"rendered":"<p>Por Redacci\u00f3n QP Estas son las declaraciones del propietario de las \u00c1guilas, quien avala el&#8230;<\/p>\n","protected":false},"author":2,"featured_media":87149,"comment_status":"open","ping_status":"open","sticky":false,"template":"","format":"standard","meta":{"_monsterinsights_skip_tracking":false,"_monsterinsights_sitenote_active":false,"_monsterinsights_sitenote_note":"","_monsterinsights_sitenote_category":0,"footnotes":""},"categories":[54],"tags":[],"class_list":["post-87148","post","type-post","status-publish","format-standard","has-post-thumbnail","hentry","category-deportes"],"yoast_head":"<!-- This site is optimized with the Yoast SEO plugin v27.3 - https:\/\/yoast.com\/product\/yoast-seo-wordpress\/ -->\n<title>Due\u00f1o del Am\u00e9rica avala posible trueque de jugadores con Chivas -<\/title>\n<meta name=\"robots\" content=\"index, follow, max-snippet:-1, max-image-preview:large, max-video-preview:-1\" \/>\n<link rel=\"canonical\" href=\"https:\/\/quehacerpolitico.mx\/?p=87148\" \/>\n<meta property=\"og:locale\" content=\"es_MX\" \/>\n<meta property=\"og:type\" content=\"article\" \/>\n<meta property=\"og:title\" content=\"Due\u00f1o del Am\u00e9rica avala posible trueque de jugadores con Chivas -\" \/>\n<meta property=\"og:description\" content=\"Por Redacci\u00f3n QP Estas son las declaraciones del propietario de las \u00c1guilas, quien avala el...\" \/>\n<meta property=\"og:url\" content=\"https:\/\/quehacerpolitico.mx\/?p=87148\" \/>\n<meta property=\"article:published_time\" content=\"2021-12-07T19:47:15+00:00\" \/>\n<meta property=\"article:modified_time\" content=\"2021-12-07T19:47:18+00:00\" \/>\n<meta property=\"og:image\" content=\"https:\/\/quehacerpolitico.mx\/wp-content\/uploads\/2021\/12\/2C3054DA-451D-4531-86C6-550235147DF2.jpeg\" \/>\n\t<meta property=\"og:image:width\" content=\"734\" \/>\n\t<meta property=\"og:image:height\" content=\"418\" \/>\n\t<meta property=\"og:image:type\" content=\"image\/jpeg\" \/>\n<meta name=\"author\" content=\"Redacci\u00f3n QP\" \/>\n<meta name=\"twitter:card\" content=\"summary_large_image\" \/>\n<meta name=\"twitter:label1\" content=\"Escrito por\" \/>\n\t<meta name=\"twitter:data1\" content=\"Redacci\u00f3n QP\" \/>\n\t<meta name=\"twitter:label2\" content=\"Tiempo de lectura\" \/>\n\t<meta name=\"twitter:data2\" content=\"1 minuto\" \/>\n<script type=\"application\/ld+json\" class=\"yoast-schema-graph\">{\"@context\":\"https:\\\/\\\/schema.org\",\"@graph\":[{\"@type\":\"Article\",\"@id\":\"https:\\\/\\\/quehacerpolitico.mx\\\/?p=87148#article\",\"isPartOf\":{\"@id\":\"https:\\\/\\\/quehacerpolitico.mx\\\/?p=87148\"},\"author\":{\"name\":\"Redacci\u00f3n QP\",\"@id\":\"https:\\\/\\\/quehacerpolitico.mx\\\/#\\\/schema\\\/person\\\/496d8ad2d1d3f8036101dca7ee39e585\"},\"headline\":\"Due\u00f1o del Am\u00e9rica avala posible trueque de jugadores con Chivas\",\"datePublished\":\"2021-12-07T19:47:15+00:00\",\"dateModified\":\"2021-12-07T19:47:18+00:00\",\"mainEntityOfPage\":{\"@id\":\"https:\\\/\\\/quehacerpolitico.mx\\\/?p=87148\"},\"wordCount\":260,\"commentCount\":0,\"image\":{\"@id\":\"https:\\\/\\\/quehacerpolitico.mx\\\/?p=87148#primaryimage\"},\"thumbnailUrl\":\"https:\\\/\\\/quehacerpolitico.mx\\\/wp-content\\\/uploads\\\/2021\\\/12\\\/2C3054DA-451D-4531-86C6-550235147DF2.jpeg\",\"articleSection\":[\"Deportes\"],\"inLanguage\":\"es\",\"potentialAction\":[{\"@type\":\"CommentAction\",\"name\":\"Comment\",\"target\":[\"https:\\\/\\\/quehacerpolitico.mx\\\/?p=87148#respond\"]}]},{\"@type\":\"WebPage\",\"@id\":\"https:\\\/\\\/quehacerpolitico.mx\\\/?p=87148\",\"url\":\"https:\\\/\\\/quehacerpolitico.mx\\\/?p=87148\",\"name\":\"Due\u00f1o del Am\u00e9rica avala posible trueque de jugadores con Chivas -\",\"isPartOf\":{\"@id\":\"https:\\\/\\\/quehacerpolitico.mx\\\/#website\"},\"primaryImageOfPage\":{\"@id\":\"https:\\\/\\\/quehacerpolitico.mx\\\/?p=87148#primaryimage\"},\"image\":{\"@id\":\"https:\\\/\\\/quehacerpolitico.mx\\\/?p=87148#primaryimage\"},\"thumbnailUrl\":\"https:\\\/\\\/quehacerpolitico.mx\\\/wp-content\\\/uploads\\\/2021\\\/12\\\/2C3054DA-451D-4531-86C6-550235147DF2.jpeg\",\"datePublished\":\"2021-12-07T19:47:15+00:00\",\"dateModified\":\"2021-12-07T19:47:18+00:00\",\"author\":{\"@id\":\"https:\\\/\\\/quehacerpolitico.mx\\\/#\\\/schema\\\/person\\\/496d8ad2d1d3f8036101dca7ee39e585\"},\"breadcrumb\":{\"@id\":\"https:\\\/\\\/quehacerpolitico.mx\\\/?p=87148#breadcrumb\"},\"inLanguage\":\"es\",\"potentialAction\":[{\"@type\":\"ReadAction\",\"target\":[\"https:\\\/\\\/quehacerpolitico.mx\\\/?p=87148\"]}]},{\"@type\":\"ImageObject\",\"inLanguage\":\"es\",\"@id\":\"https:\\\/\\\/quehacerpolitico.mx\\\/?p=87148#primaryimage\",\"url\":\"https:\\\/\\\/quehacerpolitico.mx\\\/wp-content\\\/uploads\\\/2021\\\/12\\\/2C3054DA-451D-4531-86C6-550235147DF2.jpeg\",\"contentUrl\":\"https:\\\/\\\/quehacerpolitico.mx\\\/wp-content\\\/uploads\\\/2021\\\/12\\\/2C3054DA-451D-4531-86C6-550235147DF2.jpeg\",\"width\":734,\"height\":418},{\"@type\":\"BreadcrumbList\",\"@id\":\"https:\\\/\\\/quehacerpolitico.mx\\\/?p=87148#breadcrumb\",\"itemListElement\":[{\"@type\":\"ListItem\",\"position\":1,\"name\":\"Inicio\",\"item\":\"https:\\\/\\\/quehacerpolitico.mx\\\/\"},{\"@type\":\"ListItem\",\"position\":2,\"name\":\"Due\u00f1o del Am\u00e9rica avala posible trueque de jugadores con Chivas\"}]},{\"@type\":\"WebSite\",\"@id\":\"https:\\\/\\\/quehacerpolitico.mx\\\/#website\",\"url\":\"https:\\\/\\\/quehacerpolitico.mx\\\/\",\"name\":\"\",\"description\":\"\",\"potentialAction\":[{\"@type\":\"SearchAction\",\"target\":{\"@type\":\"EntryPoint\",\"urlTemplate\":\"https:\\\/\\\/quehacerpolitico.mx\\\/?s={search_term_string}\"},\"query-input\":{\"@type\":\"PropertyValueSpecification\",\"valueRequired\":true,\"valueName\":\"search_term_string\"}}],\"inLanguage\":\"es\"},{\"@type\":\"Person\",\"@id\":\"https:\\\/\\\/quehacerpolitico.mx\\\/#\\\/schema\\\/person\\\/496d8ad2d1d3f8036101dca7ee39e585\",\"name\":\"Redacci\u00f3n QP\",\"image\":{\"@type\":\"ImageObject\",\"inLanguage\":\"es\",\"@id\":\"https:\\\/\\\/secure.gravatar.com\\\/avatar\\\/c7164ed6fdec453195284ad24a5ae5b6e1eed2b848477fa2a4787ba9adf39a41?s=96&d=mm&r=g\",\"url\":\"https:\\\/\\\/secure.gravatar.com\\\/avatar\\\/c7164ed6fdec453195284ad24a5ae5b6e1eed2b848477fa2a4787ba9adf39a41?s=96&d=mm&r=g\",\"contentUrl\":\"https:\\\/\\\/secure.gravatar.com\\\/avatar\\\/c7164ed6fdec453195284ad24a5ae5b6e1eed2b848477fa2a4787ba9adf39a41?s=96&d=mm&r=g\",\"caption\":\"Redacci\u00f3n QP\"},\"url\":\"https:\\\/\\\/quehacerpolitico.mx\\\/?author=2\"}]}<\/script>\n<!-- \/ Yoast SEO plugin. -->","yoast_head_json":{"title":"Due\u00f1o del Am\u00e9rica avala posible trueque de jugadores con Chivas -","robots":{"index":"index","follow":"follow","max-snippet":"max-snippet:-1","max-image-preview":"max-image-preview:large","max-video-preview":"max-video-preview:-1"},"canonical":"https:\/\/quehacerpolitico.mx\/?p=87148","og_locale":"es_MX","og_type":"article","og_title":"Due\u00f1o del Am\u00e9rica avala posible trueque de jugadores con Chivas -","og_description":"Por Redacci\u00f3n QP Estas son las declaraciones del propietario de las \u00c1guilas, quien avala el...","og_url":"https:\/\/quehacerpolitico.mx\/?p=87148","article_published_time":"2021-12-07T19:47:15+00:00","article_modified_time":"2021-12-07T19:47:18+00:00","og_image":[{"width":734,"height":418,"url":"https:\/\/quehacerpolitico.mx\/wp-content\/uploads\/2021\/12\/2C3054DA-451D-4531-86C6-550235147DF2.jpeg","type":"image\/jpeg"}],"author":"Redacci\u00f3n QP","twitter_card":"summary_large_image","twitter_misc":{"Escrito por":"Redacci\u00f3n QP","Tiempo de lectura":"1 minuto"},"schema":{"@context":"https:\/\/schema.org","@graph":[{"@type":"Article","@id":"https:\/\/quehacerpolitico.mx\/?p=87148#article","isPartOf":{"@id":"https:\/\/quehacerpolitico.mx\/?p=87148"},"author":{"name":"Redacci\u00f3n QP","@id":"https:\/\/quehacerpolitico.mx\/#\/schema\/person\/496d8ad2d1d3f8036101dca7ee39e585"},"headline":"Due\u00f1o del Am\u00e9rica avala posible trueque de jugadores con Chivas","datePublished":"2021-12-07T19:47:15+00:00","dateModified":"2021-12-07T19:47:18+00:00","mainEntityOfPage":{"@id":"https:\/\/quehacerpolitico.mx\/?p=87148"},"wordCount":260,"commentCount":0,"image":{"@id":"https:\/\/quehacerpolitico.mx\/?p=87148#primaryimage"},"thumbnailUrl":"https:\/\/quehacerpolitico.mx\/wp-content\/uploads\/2021\/12\/2C3054DA-451D-4531-86C6-550235147DF2.jpeg","articleSection":["Deportes"],"inLanguage":"es","potentialAction":[{"@type":"CommentAction","name":"Comment","target":["https:\/\/quehacerpolitico.mx\/?p=87148#respond"]}]},{"@type":"WebPage","@id":"https:\/\/quehacerpolitico.mx\/?p=87148","url":"https:\/\/quehacerpolitico.mx\/?p=87148","name":"Due\u00f1o del Am\u00e9rica avala posible trueque de jugadores con Chivas -","isPartOf":{"@id":"https:\/\/quehacerpolitico.mx\/#website"},"primaryImageOfPage":{"@id":"https:\/\/quehacerpolitico.mx\/?p=87148#primaryimage"},"image":{"@id":"https:\/\/quehacerpolitico.mx\/?p=87148#primaryimage"},"thumbnailUrl":"https:\/\/quehacerpolitico.mx\/wp-content\/uploads\/2021\/12\/2C3054DA-451D-4531-86C6-550235147DF2.jpeg","datePublished":"2021-12-07T19:47:15+00:00","dateModified":"2021-12-07T19:47:18+00:00","author":{"@id":"https:\/\/quehacerpolitico.mx\/#\/schema\/person\/496d8ad2d1d3f8036101dca7ee39e585"},"breadcrumb":{"@id":"https:\/\/quehacerpolitico.mx\/?p=87148#breadcrumb"},"inLanguage":"es","potentialAction":[{"@type":"ReadAction","target":["https:\/\/quehacerpolitico.mx\/?p=87148"]}]},{"@type":"ImageObject","inLanguage":"es","@id":"https:\/\/quehacerpolitico.mx\/?p=87148#primaryimage","url":"https:\/\/quehacerpolitico.mx\/wp-content\/uploads\/2021\/12\/2C3054DA-451D-4531-86C6-550235147DF2.jpeg","contentUrl":"https:\/\/quehacerpolitico.mx\/wp-content\/uploads\/2021\/12\/2C3054DA-451D-4531-86C6-550235147DF2.jpeg","width":734,"height":418},{"@type":"BreadcrumbList","@id":"https:\/\/quehacerpolitico.mx\/?p=87148#breadcrumb","itemListElement":[{"@type":"ListItem","position":1,"name":"Inicio","item":"https:\/\/quehacerpolitico.mx\/"},{"@type":"ListItem","position":2,"name":"Due\u00f1o del Am\u00e9rica avala posible trueque de jugadores con Chivas"}]},{"@type":"WebSite","@id":"https:\/\/quehacerpolitico.mx\/#website","url":"https:\/\/quehacerpolitico.mx\/","name":"","description":"","potentialAction":[{"@type":"SearchAction","target":{"@type":"EntryPoint","urlTemplate":"https:\/\/quehacerpolitico.mx\/?s={search_term_string}"},"query-input":{"@type":"PropertyValueSpecification","valueRequired":true,"valueName":"search_term_string"}}],"inLanguage":"es"},{"@type":"Person","@id":"https:\/\/quehacerpolitico.mx\/#\/schema\/person\/496d8ad2d1d3f8036101dca7ee39e585","name":"Redacci\u00f3n QP","image":{"@type":"ImageObject","inLanguage":"es","@id":"https:\/\/secure.gravatar.com\/avatar\/c7164ed6fdec453195284ad24a5ae5b6e1eed2b848477fa2a4787ba9adf39a41?s=96&d=mm&r=g","url":"https:\/\/secure.gravatar.com\/avatar\/c7164ed6fdec453195284ad24a5ae5b6e1eed2b848477fa2a4787ba9adf39a41?s=96&d=mm&r=g","contentUrl":"https:\/\/secure.gravatar.com\/avatar\/c7164ed6fdec453195284ad24a5ae5b6e1eed2b848477fa2a4787ba9adf39a41?s=96&d=mm&r=g","caption":"Redacci\u00f3n QP"},"url":"https:\/\/quehacerpolitico.mx\/?author=2"}]}},"featured_image_urls":{"full":["https:\/\/quehacerpolitico.mx\/wp-content\/uploads\/2021\/12\/2C3054DA-451D-4531-86C6-550235147DF2.jpeg",734,418,false],"thumbnail":["https:\/\/quehacerpolitico.mx\/wp-content\/uploads\/2021\/12\/2C3054DA-451D-4531-86C6-550235147DF2-150x150.jpeg",150,150,true],"medium":["https:\/\/quehacerpolitico.mx\/wp-content\/uploads\/2021\/12\/2C3054DA-451D-4531-86C6-550235147DF2-300x171.jpeg",300,171,true],"medium_large":["https:\/\/quehacerpolitico.mx\/wp-content\/uploads\/2021\/12\/2C3054DA-451D-4531-86C6-550235147DF2.jpeg",640,364,false],"large":["https:\/\/quehacerpolitico.mx\/wp-content\/uploads\/2021\/12\/2C3054DA-451D-4531-86C6-550235147DF2.jpeg",640,364,false],"1536x1536":["https:\/\/quehacerpolitico.mx\/wp-content\/uploads\/2021\/12\/2C3054DA-451D-4531-86C6-550235147DF2.jpeg",734,418,false],"2048x2048":["https:\/\/quehacerpolitico.mx\/wp-content\/uploads\/2021\/12\/2C3054DA-451D-4531-86C6-550235147DF2.jpeg",734,418,false],"covernews-featured":["https:\/\/quehacerpolitico.mx\/wp-content\/uploads\/2021\/12\/2C3054DA-451D-4531-86C6-550235147DF2.jpeg",734,418,false],"covernews-medium":["https:\/\/quehacerpolitico.mx\/wp-content\/uploads\/2021\/12\/2C3054DA-451D-4531-86C6-550235147DF2.jpeg",540,308,false]},"author_info":{"display_name":"Redacci\u00f3n QP","author_link":"https:\/\/quehacerpolitico.mx\/?author=2"},"category_info":"<a href=\"https:\/\/quehacerpolitico.mx\/?cat=54\" rel=\"category\">Deportes<\/a>","tag_info":"Deportes","comment_count":"0","_links":{"self":[{"href":"https:\/\/quehacerpolitico.mx\/index.php?rest_route=\/wp\/v2\/posts\/87148","targetHints":{"allow":["GET"]}}],"collection":[{"href":"https:\/\/quehacerpolitico.mx\/index.php?rest_route=\/wp\/v2\/posts"}],"about":[{"href":"https:\/\/quehacerpolitico.mx\/index.php?rest_route=\/wp\/v2\/types\/post"}],"author":[{"embeddable":true,"href":"https:\/\/quehacerpolitico.mx\/index.php?rest_route=\/wp\/v2\/users\/2"}],"replies":[{"embeddable":true,"href":"https:\/\/quehacerpolitico.mx\/index.php?rest_route=%2Fwp%2Fv2%2Fcomments&post=87148"}],"version-history":[{"count":1,"href":"https:\/\/quehacerpolitico.mx\/index.php?rest_route=\/wp\/v2\/posts\/87148\/revisions"}],"predecessor-version":[{"id":87150,"href":"https:\/\/quehacerpolitico.mx\/index.php?rest_route=\/wp\/v2\/posts\/87148\/revisions\/87150"}],"wp:featuredmedia":[{"embeddable":true,"href":"https:\/\/quehacerpolitico.mx\/index.php?rest_route=\/wp\/v2\/media\/87149"}],"wp:attachment":[{"href":"https:\/\/quehacerpolitico.mx\/index.php?rest_route=%2Fwp%2Fv2%2Fmedia&parent=87148"}],"wp:term":[{"taxonomy":"category","embeddable":true,"href":"https:\/\/quehacerpolitico.mx\/index.php?rest_route=%2Fwp%2Fv2%2Fcategories&post=87148"},{"taxonomy":"post_tag","embeddable":true,"href":"https:\/\/quehacerpolitico.mx\/index.php?rest_route=%2Fwp%2Fv2%2Ftags&post=87148"}],"curies":[{"name":"wp","href":"https:\/\/api.w.org\/{rel}","templated":true}]}}