{"id":87145,"date":"2021-12-07T17:41:04","date_gmt":"2021-12-07T17:41:04","guid":{"rendered":"https:\/\/quehacerpolitico.mx\/?p=87145"},"modified":"2021-12-07T17:41:10","modified_gmt":"2021-12-07T17:41:10","slug":"protagonistas-de-la-final-de-la-liga-mx-reciben-aviso-de-veto","status":"publish","type":"post","link":"https:\/\/quehacerpolitico.mx\/?p=87145","title":{"rendered":"Protagonistas de la Final de la Liga MX reciben aviso de veto"},"content":{"rendered":"\n<p>Por Redacci\u00f3n QP<\/p>\n\n\n\n<p>Esta es la raz\u00f3n por la que Atlas y Le\u00f3n recibieron la sanci\u00f3n, que incluye una multa econ\u00f3mica<\/p>\n\n\n\n<p>Luego de los partidos de semifinales de vuelta Le\u00f3n vs Tigres y Atlas vs Pumas, la Comisi\u00f3n Disciplinaria anunci\u00f3\u00a0<strong>un aviso de veto y una multa<\/strong>\u00a0para los protagonistas de la final de la Liga MX,\u00a0<strong>La Fiera y los Rojinegros<\/strong>.<\/p>\n\n\n\n<p>&#8220;La Comisi\u00f3n Disciplinaria informa que, derivado de los acontecimientos presentados en los partidos entre Le\u00f3n vs. Tigres de la UANL y Atlas vs. Universidad Nacional, correspondiente a la Vuelta de las Semifinales del Torneo #GritaM\u00e9xico A21 Liga MX, se impone un aviso de veto a ambos clubes y una multa econ\u00f3mica&#8221;, se expuso en un comunicado.<\/p>\n\n\n\n<figure class=\"wp-block-embed is-type-rich is-provider-twitter wp-block-embed-twitter\"><div class=\"wp-block-embed__wrapper\">\n<blockquote class=\"twitter-tweet\" data-width=\"550\" data-dnt=\"true\"><p lang=\"es\" dir=\"ltr\"><a href=\"https:\/\/twitter.com\/hashtag\/Comisi%C3%B3nDisciplinaria?src=hash&amp;ref_src=twsrc%5Etfw\">#Comisi\u00f3nDisciplinaria<\/a> | Se impone un aviso de veto a los Clubes Le\u00f3n y Atlas.<br><br>Lee m\u00e1s: <a href=\"https:\/\/t.co\/vPICSJaRD3\">https:\/\/t.co\/vPICSJaRD3<\/a><a href=\"https:\/\/twitter.com\/hashtag\/FMFporNuestroF%C3%BAtbol?src=hash&amp;ref_src=twsrc%5Etfw\">#FMFporNuestroF\u00fatbol<\/a> <a href=\"https:\/\/t.co\/v2QYgqdGul\">pic.twitter.com\/v2QYgqdGul<\/a><\/p>&mdash; Federaci\u00f3n Mexicana de Futbol (@FMF) <a href=\"https:\/\/twitter.com\/FMF\/status\/1468086883439808514?ref_src=twsrc%5Etfw\">December 7, 2021<\/a><\/blockquote><script async src=\"https:\/\/platform.twitter.com\/widgets.js\" charset=\"utf-8\"><\/script>\n<\/div><\/figure>\n\n\n\n<p><strong>El motivo de este aviso es causado por invasi\u00f3n de cancha en ambos encuentros.<\/strong><\/p>\n\n\n\n<p>&#8220;El aviso de veto es derivado de la invasi\u00f3n a cancha de 1 persona al t\u00e9rmino de ambos encuentros, situaci\u00f3n que pudo poner en riesgo la integridad y salud de jugadores e integrantes del Cuerpo T\u00e9cnico. Adem\u00e1s,\u00a0<strong>tomando en cuenta la actual contingencia sanitaria, dicha invasi\u00f3n representa una flagrante violaci\u00f3n a los protocolos sanitarios&#8221;,<\/strong>\u00a0finaliz\u00f3 la Comisi\u00f3n.<\/p>\n\n\n\n<p>Con Informaci\u00f3n de SUN <\/p>\n","protected":false},"excerpt":{"rendered":"<p>Por Redacci\u00f3n QP Esta es la raz\u00f3n por la que Atlas y Le\u00f3n recibieron la&#8230;<\/p>\n","protected":false},"author":2,"featured_media":87146,"comment_status":"open","ping_status":"open","sticky":false,"template":"","format":"standard","meta":{"_monsterinsights_skip_tracking":false,"_monsterinsights_sitenote_active":false,"_monsterinsights_sitenote_note":"","_monsterinsights_sitenote_category":0,"footnotes":""},"categories":[54],"tags":[],"class_list":["post-87145","post","type-post","status-publish","format-standard","has-post-thumbnail","hentry","category-deportes"],"yoast_head":"<!-- This site is optimized with the Yoast SEO plugin v27.3 - https:\/\/yoast.com\/product\/yoast-seo-wordpress\/ -->\n<title>Protagonistas de la Final de la Liga MX reciben aviso de veto -<\/title>\n<meta name=\"robots\" content=\"index, follow, max-snippet:-1, max-image-preview:large, max-video-preview:-1\" \/>\n<link rel=\"canonical\" href=\"https:\/\/quehacerpolitico.mx\/?p=87145\" \/>\n<meta property=\"og:locale\" content=\"es_MX\" \/>\n<meta property=\"og:type\" content=\"article\" \/>\n<meta property=\"og:title\" content=\"Protagonistas de la Final de la Liga MX reciben aviso de veto -\" \/>\n<meta property=\"og:description\" content=\"Por Redacci\u00f3n QP Esta es la raz\u00f3n por la que Atlas y Le\u00f3n recibieron la...\" \/>\n<meta property=\"og:url\" content=\"https:\/\/quehacerpolitico.mx\/?p=87145\" \/>\n<meta property=\"article:published_time\" content=\"2021-12-07T17:41:04+00:00\" \/>\n<meta property=\"article:modified_time\" content=\"2021-12-07T17:41:10+00:00\" \/>\n<meta property=\"og:image\" content=\"https:\/\/quehacerpolitico.mx\/wp-content\/uploads\/2021\/12\/34B8F062-14DC-4573-A2B6-5E72A2F4F8F9.jpeg\" \/>\n\t<meta property=\"og:image:width\" content=\"705\" \/>\n\t<meta property=\"og:image:height\" content=\"435\" \/>\n\t<meta property=\"og:image:type\" content=\"image\/jpeg\" \/>\n<meta name=\"author\" content=\"Redacci\u00f3n QP\" \/>\n<meta name=\"twitter:card\" content=\"summary_large_image\" \/>\n<meta name=\"twitter:label1\" content=\"Escrito por\" \/>\n\t<meta name=\"twitter:data1\" content=\"Redacci\u00f3n QP\" \/>\n\t<meta name=\"twitter:label2\" content=\"Tiempo de lectura\" \/>\n\t<meta name=\"twitter:data2\" content=\"1 minuto\" \/>\n<script type=\"application\/ld+json\" class=\"yoast-schema-graph\">{\"@context\":\"https:\\\/\\\/schema.org\",\"@graph\":[{\"@type\":\"Article\",\"@id\":\"https:\\\/\\\/quehacerpolitico.mx\\\/?p=87145#article\",\"isPartOf\":{\"@id\":\"https:\\\/\\\/quehacerpolitico.mx\\\/?p=87145\"},\"author\":{\"name\":\"Redacci\u00f3n QP\",\"@id\":\"https:\\\/\\\/quehacerpolitico.mx\\\/#\\\/schema\\\/person\\\/496d8ad2d1d3f8036101dca7ee39e585\"},\"headline\":\"Protagonistas de la Final de la Liga MX reciben aviso de veto\",\"datePublished\":\"2021-12-07T17:41:04+00:00\",\"dateModified\":\"2021-12-07T17:41:10+00:00\",\"mainEntityOfPage\":{\"@id\":\"https:\\\/\\\/quehacerpolitico.mx\\\/?p=87145\"},\"wordCount\":231,\"commentCount\":0,\"image\":{\"@id\":\"https:\\\/\\\/quehacerpolitico.mx\\\/?p=87145#primaryimage\"},\"thumbnailUrl\":\"https:\\\/\\\/quehacerpolitico.mx\\\/wp-content\\\/uploads\\\/2021\\\/12\\\/34B8F062-14DC-4573-A2B6-5E72A2F4F8F9.jpeg\",\"articleSection\":[\"Deportes\"],\"inLanguage\":\"es\",\"potentialAction\":[{\"@type\":\"CommentAction\",\"name\":\"Comment\",\"target\":[\"https:\\\/\\\/quehacerpolitico.mx\\\/?p=87145#respond\"]}]},{\"@type\":\"WebPage\",\"@id\":\"https:\\\/\\\/quehacerpolitico.mx\\\/?p=87145\",\"url\":\"https:\\\/\\\/quehacerpolitico.mx\\\/?p=87145\",\"name\":\"Protagonistas de la Final de la Liga MX reciben aviso de veto -\",\"isPartOf\":{\"@id\":\"https:\\\/\\\/quehacerpolitico.mx\\\/#website\"},\"primaryImageOfPage\":{\"@id\":\"https:\\\/\\\/quehacerpolitico.mx\\\/?p=87145#primaryimage\"},\"image\":{\"@id\":\"https:\\\/\\\/quehacerpolitico.mx\\\/?p=87145#primaryimage\"},\"thumbnailUrl\":\"https:\\\/\\\/quehacerpolitico.mx\\\/wp-content\\\/uploads\\\/2021\\\/12\\\/34B8F062-14DC-4573-A2B6-5E72A2F4F8F9.jpeg\",\"datePublished\":\"2021-12-07T17:41:04+00:00\",\"dateModified\":\"2021-12-07T17:41:10+00:00\",\"author\":{\"@id\":\"https:\\\/\\\/quehacerpolitico.mx\\\/#\\\/schema\\\/person\\\/496d8ad2d1d3f8036101dca7ee39e585\"},\"breadcrumb\":{\"@id\":\"https:\\\/\\\/quehacerpolitico.mx\\\/?p=87145#breadcrumb\"},\"inLanguage\":\"es\",\"potentialAction\":[{\"@type\":\"ReadAction\",\"target\":[\"https:\\\/\\\/quehacerpolitico.mx\\\/?p=87145\"]}]},{\"@type\":\"ImageObject\",\"inLanguage\":\"es\",\"@id\":\"https:\\\/\\\/quehacerpolitico.mx\\\/?p=87145#primaryimage\",\"url\":\"https:\\\/\\\/quehacerpolitico.mx\\\/wp-content\\\/uploads\\\/2021\\\/12\\\/34B8F062-14DC-4573-A2B6-5E72A2F4F8F9.jpeg\",\"contentUrl\":\"https:\\\/\\\/quehacerpolitico.mx\\\/wp-content\\\/uploads\\\/2021\\\/12\\\/34B8F062-14DC-4573-A2B6-5E72A2F4F8F9.jpeg\",\"width\":705,\"height\":435},{\"@type\":\"BreadcrumbList\",\"@id\":\"https:\\\/\\\/quehacerpolitico.mx\\\/?p=87145#breadcrumb\",\"itemListElement\":[{\"@type\":\"ListItem\",\"position\":1,\"name\":\"Inicio\",\"item\":\"https:\\\/\\\/quehacerpolitico.mx\\\/\"},{\"@type\":\"ListItem\",\"position\":2,\"name\":\"Protagonistas de la Final de la Liga MX reciben aviso de veto\"}]},{\"@type\":\"WebSite\",\"@id\":\"https:\\\/\\\/quehacerpolitico.mx\\\/#website\",\"url\":\"https:\\\/\\\/quehacerpolitico.mx\\\/\",\"name\":\"\",\"description\":\"\",\"potentialAction\":[{\"@type\":\"SearchAction\",\"target\":{\"@type\":\"EntryPoint\",\"urlTemplate\":\"https:\\\/\\\/quehacerpolitico.mx\\\/?s={search_term_string}\"},\"query-input\":{\"@type\":\"PropertyValueSpecification\",\"valueRequired\":true,\"valueName\":\"search_term_string\"}}],\"inLanguage\":\"es\"},{\"@type\":\"Person\",\"@id\":\"https:\\\/\\\/quehacerpolitico.mx\\\/#\\\/schema\\\/person\\\/496d8ad2d1d3f8036101dca7ee39e585\",\"name\":\"Redacci\u00f3n QP\",\"image\":{\"@type\":\"ImageObject\",\"inLanguage\":\"es\",\"@id\":\"https:\\\/\\\/secure.gravatar.com\\\/avatar\\\/c7164ed6fdec453195284ad24a5ae5b6e1eed2b848477fa2a4787ba9adf39a41?s=96&d=mm&r=g\",\"url\":\"https:\\\/\\\/secure.gravatar.com\\\/avatar\\\/c7164ed6fdec453195284ad24a5ae5b6e1eed2b848477fa2a4787ba9adf39a41?s=96&d=mm&r=g\",\"contentUrl\":\"https:\\\/\\\/secure.gravatar.com\\\/avatar\\\/c7164ed6fdec453195284ad24a5ae5b6e1eed2b848477fa2a4787ba9adf39a41?s=96&d=mm&r=g\",\"caption\":\"Redacci\u00f3n QP\"},\"url\":\"https:\\\/\\\/quehacerpolitico.mx\\\/?author=2\"}]}<\/script>\n<!-- \/ Yoast SEO plugin. -->","yoast_head_json":{"title":"Protagonistas de la Final de la Liga MX reciben aviso de veto -","robots":{"index":"index","follow":"follow","max-snippet":"max-snippet:-1","max-image-preview":"max-image-preview:large","max-video-preview":"max-video-preview:-1"},"canonical":"https:\/\/quehacerpolitico.mx\/?p=87145","og_locale":"es_MX","og_type":"article","og_title":"Protagonistas de la Final de la Liga MX reciben aviso de veto -","og_description":"Por Redacci\u00f3n QP Esta es la raz\u00f3n por la que Atlas y Le\u00f3n recibieron la...","og_url":"https:\/\/quehacerpolitico.mx\/?p=87145","article_published_time":"2021-12-07T17:41:04+00:00","article_modified_time":"2021-12-07T17:41:10+00:00","og_image":[{"width":705,"height":435,"url":"https:\/\/quehacerpolitico.mx\/wp-content\/uploads\/2021\/12\/34B8F062-14DC-4573-A2B6-5E72A2F4F8F9.jpeg","type":"image\/jpeg"}],"author":"Redacci\u00f3n QP","twitter_card":"summary_large_image","twitter_misc":{"Escrito por":"Redacci\u00f3n QP","Tiempo de lectura":"1 minuto"},"schema":{"@context":"https:\/\/schema.org","@graph":[{"@type":"Article","@id":"https:\/\/quehacerpolitico.mx\/?p=87145#article","isPartOf":{"@id":"https:\/\/quehacerpolitico.mx\/?p=87145"},"author":{"name":"Redacci\u00f3n QP","@id":"https:\/\/quehacerpolitico.mx\/#\/schema\/person\/496d8ad2d1d3f8036101dca7ee39e585"},"headline":"Protagonistas de la Final de la Liga MX reciben aviso de veto","datePublished":"2021-12-07T17:41:04+00:00","dateModified":"2021-12-07T17:41:10+00:00","mainEntityOfPage":{"@id":"https:\/\/quehacerpolitico.mx\/?p=87145"},"wordCount":231,"commentCount":0,"image":{"@id":"https:\/\/quehacerpolitico.mx\/?p=87145#primaryimage"},"thumbnailUrl":"https:\/\/quehacerpolitico.mx\/wp-content\/uploads\/2021\/12\/34B8F062-14DC-4573-A2B6-5E72A2F4F8F9.jpeg","articleSection":["Deportes"],"inLanguage":"es","potentialAction":[{"@type":"CommentAction","name":"Comment","target":["https:\/\/quehacerpolitico.mx\/?p=87145#respond"]}]},{"@type":"WebPage","@id":"https:\/\/quehacerpolitico.mx\/?p=87145","url":"https:\/\/quehacerpolitico.mx\/?p=87145","name":"Protagonistas de la Final de la Liga MX reciben aviso de veto -","isPartOf":{"@id":"https:\/\/quehacerpolitico.mx\/#website"},"primaryImageOfPage":{"@id":"https:\/\/quehacerpolitico.mx\/?p=87145#primaryimage"},"image":{"@id":"https:\/\/quehacerpolitico.mx\/?p=87145#primaryimage"},"thumbnailUrl":"https:\/\/quehacerpolitico.mx\/wp-content\/uploads\/2021\/12\/34B8F062-14DC-4573-A2B6-5E72A2F4F8F9.jpeg","datePublished":"2021-12-07T17:41:04+00:00","dateModified":"2021-12-07T17:41:10+00:00","author":{"@id":"https:\/\/quehacerpolitico.mx\/#\/schema\/person\/496d8ad2d1d3f8036101dca7ee39e585"},"breadcrumb":{"@id":"https:\/\/quehacerpolitico.mx\/?p=87145#breadcrumb"},"inLanguage":"es","potentialAction":[{"@type":"ReadAction","target":["https:\/\/quehacerpolitico.mx\/?p=87145"]}]},{"@type":"ImageObject","inLanguage":"es","@id":"https:\/\/quehacerpolitico.mx\/?p=87145#primaryimage","url":"https:\/\/quehacerpolitico.mx\/wp-content\/uploads\/2021\/12\/34B8F062-14DC-4573-A2B6-5E72A2F4F8F9.jpeg","contentUrl":"https:\/\/quehacerpolitico.mx\/wp-content\/uploads\/2021\/12\/34B8F062-14DC-4573-A2B6-5E72A2F4F8F9.jpeg","width":705,"height":435},{"@type":"BreadcrumbList","@id":"https:\/\/quehacerpolitico.mx\/?p=87145#breadcrumb","itemListElement":[{"@type":"ListItem","position":1,"name":"Inicio","item":"https:\/\/quehacerpolitico.mx\/"},{"@type":"ListItem","position":2,"name":"Protagonistas de la Final de la Liga MX reciben aviso de veto"}]},{"@type":"WebSite","@id":"https:\/\/quehacerpolitico.mx\/#website","url":"https:\/\/quehacerpolitico.mx\/","name":"","description":"","potentialAction":[{"@type":"SearchAction","target":{"@type":"EntryPoint","urlTemplate":"https:\/\/quehacerpolitico.mx\/?s={search_term_string}"},"query-input":{"@type":"PropertyValueSpecification","valueRequired":true,"valueName":"search_term_string"}}],"inLanguage":"es"},{"@type":"Person","@id":"https:\/\/quehacerpolitico.mx\/#\/schema\/person\/496d8ad2d1d3f8036101dca7ee39e585","name":"Redacci\u00f3n QP","image":{"@type":"ImageObject","inLanguage":"es","@id":"https:\/\/secure.gravatar.com\/avatar\/c7164ed6fdec453195284ad24a5ae5b6e1eed2b848477fa2a4787ba9adf39a41?s=96&d=mm&r=g","url":"https:\/\/secure.gravatar.com\/avatar\/c7164ed6fdec453195284ad24a5ae5b6e1eed2b848477fa2a4787ba9adf39a41?s=96&d=mm&r=g","contentUrl":"https:\/\/secure.gravatar.com\/avatar\/c7164ed6fdec453195284ad24a5ae5b6e1eed2b848477fa2a4787ba9adf39a41?s=96&d=mm&r=g","caption":"Redacci\u00f3n QP"},"url":"https:\/\/quehacerpolitico.mx\/?author=2"}]}},"featured_image_urls":{"full":["https:\/\/quehacerpolitico.mx\/wp-content\/uploads\/2021\/12\/34B8F062-14DC-4573-A2B6-5E72A2F4F8F9.jpeg",705,435,false],"thumbnail":["https:\/\/quehacerpolitico.mx\/wp-content\/uploads\/2021\/12\/34B8F062-14DC-4573-A2B6-5E72A2F4F8F9-150x150.jpeg",150,150,true],"medium":["https:\/\/quehacerpolitico.mx\/wp-content\/uploads\/2021\/12\/34B8F062-14DC-4573-A2B6-5E72A2F4F8F9-300x185.jpeg",300,185,true],"medium_large":["https:\/\/quehacerpolitico.mx\/wp-content\/uploads\/2021\/12\/34B8F062-14DC-4573-A2B6-5E72A2F4F8F9.jpeg",640,395,false],"large":["https:\/\/quehacerpolitico.mx\/wp-content\/uploads\/2021\/12\/34B8F062-14DC-4573-A2B6-5E72A2F4F8F9.jpeg",640,395,false],"1536x1536":["https:\/\/quehacerpolitico.mx\/wp-content\/uploads\/2021\/12\/34B8F062-14DC-4573-A2B6-5E72A2F4F8F9.jpeg",705,435,false],"2048x2048":["https:\/\/quehacerpolitico.mx\/wp-content\/uploads\/2021\/12\/34B8F062-14DC-4573-A2B6-5E72A2F4F8F9.jpeg",705,435,false],"covernews-featured":["https:\/\/quehacerpolitico.mx\/wp-content\/uploads\/2021\/12\/34B8F062-14DC-4573-A2B6-5E72A2F4F8F9.jpeg",705,435,false],"covernews-medium":["https:\/\/quehacerpolitico.mx\/wp-content\/uploads\/2021\/12\/34B8F062-14DC-4573-A2B6-5E72A2F4F8F9.jpeg",540,333,false]},"author_info":{"display_name":"Redacci\u00f3n QP","author_link":"https:\/\/quehacerpolitico.mx\/?author=2"},"category_info":"<a href=\"https:\/\/quehacerpolitico.mx\/?cat=54\" rel=\"category\">Deportes<\/a>","tag_info":"Deportes","comment_count":"0","_links":{"self":[{"href":"https:\/\/quehacerpolitico.mx\/index.php?rest_route=\/wp\/v2\/posts\/87145","targetHints":{"allow":["GET"]}}],"collection":[{"href":"https:\/\/quehacerpolitico.mx\/index.php?rest_route=\/wp\/v2\/posts"}],"about":[{"href":"https:\/\/quehacerpolitico.mx\/index.php?rest_route=\/wp\/v2\/types\/post"}],"author":[{"embeddable":true,"href":"https:\/\/quehacerpolitico.mx\/index.php?rest_route=\/wp\/v2\/users\/2"}],"replies":[{"embeddable":true,"href":"https:\/\/quehacerpolitico.mx\/index.php?rest_route=%2Fwp%2Fv2%2Fcomments&post=87145"}],"version-history":[{"count":1,"href":"https:\/\/quehacerpolitico.mx\/index.php?rest_route=\/wp\/v2\/posts\/87145\/revisions"}],"predecessor-version":[{"id":87147,"href":"https:\/\/quehacerpolitico.mx\/index.php?rest_route=\/wp\/v2\/posts\/87145\/revisions\/87147"}],"wp:featuredmedia":[{"embeddable":true,"href":"https:\/\/quehacerpolitico.mx\/index.php?rest_route=\/wp\/v2\/media\/87146"}],"wp:attachment":[{"href":"https:\/\/quehacerpolitico.mx\/index.php?rest_route=%2Fwp%2Fv2%2Fmedia&parent=87145"}],"wp:term":[{"taxonomy":"category","embeddable":true,"href":"https:\/\/quehacerpolitico.mx\/index.php?rest_route=%2Fwp%2Fv2%2Fcategories&post=87145"},{"taxonomy":"post_tag","embeddable":true,"href":"https:\/\/quehacerpolitico.mx\/index.php?rest_route=%2Fwp%2Fv2%2Ftags&post=87145"}],"curies":[{"name":"wp","href":"https:\/\/api.w.org\/{rel}","templated":true}]}}