{"id":87136,"date":"2021-12-07T15:45:41","date_gmt":"2021-12-07T15:45:41","guid":{"rendered":"https:\/\/quehacerpolitico.mx\/?p=87136"},"modified":"2021-12-07T15:45:43","modified_gmt":"2021-12-07T15:45:43","slug":"amlo-recibe-la-vacuna-de-refuerzo-contra-el-covid-19","status":"publish","type":"post","link":"https:\/\/quehacerpolitico.mx\/?p=87136","title":{"rendered":"AMLO recibe la vacuna de refuerzo contra el COVID-19"},"content":{"rendered":"\n<p>Por Redacci\u00f3n QP<\/p>\n\n\n\n<p>En la &#8220;ma\u00f1anera&#8221; de hoy, tambi\u00e9n aplicaron el refuerzo de la vacuna a otros integrantes del gabinete como Rosa Icela Rodr\u00edguez, Jorge Alcocer y Luis Cresencio Sandoval<\/p>\n\n\n\n<p>En el inicio de la campa\u00f1a para aplicar el refuerzo de la vacuna contra el COVID-19 adultos mayores, el Presidente de M\u00e9xico, Andr\u00e9s Manuel L\u00f3pez Obrador (AMLO) recibi\u00f3 su tercera dosis.&nbsp;&nbsp;&nbsp;<\/p>\n\n\n\n<p><strong>Entre gritos de \u201c\u00e1nimo, se\u00f1or Presidente, no duele mucho\u201d<\/strong>, AMLO tom\u00f3 asiento para que una enfermera le aplicar\u00e1 la vacuna de la farmac\u00e9utica AstraZeneca.<\/p>\n\n\n\n<p>&#8220;Le aplicar\u00e9 el refuerzo de la vacuna COVID-19, necesito saber si en las \u00faltimas 48 horas present\u00f3 fiebre y si en las aplicaciones previas tuvo reacciones al\u00e9rgicas&#8221;, pregunt\u00f3 la enfermera.<\/p>\n\n\n\n<figure class=\"wp-block-embed is-type-rich is-provider-twitter wp-block-embed-twitter\"><div class=\"wp-block-embed__wrapper\">\n<blockquote class=\"twitter-tweet\" data-width=\"550\" data-dnt=\"true\"><p lang=\"es\" dir=\"ltr\">Y el presidente <a href=\"https:\/\/twitter.com\/lopezobrador_?ref_src=twsrc%5Etfw\">@lopezobrador_<\/a> no falt\u00f3 con su vacuna&#8230; <a href=\"https:\/\/t.co\/UglWBlfsyW\">pic.twitter.com\/UglWBlfsyW<\/a><\/p>&mdash; Ruido en la Red (@RuidoEnLaRed) <a href=\"https:\/\/twitter.com\/RuidoEnLaRed\/status\/1468229144186130445?ref_src=twsrc%5Etfw\">December 7, 2021<\/a><\/blockquote><script async src=\"https:\/\/platform.twitter.com\/widgets.js\" charset=\"utf-8\"><\/script>\n<\/div><\/figure>\n\n\n\n<p>Tras decir que no a ambas preguntas, AMLO levant\u00f3 su camisa en espera de recibir el &#8220;pinchazo&#8221; de la inyecci\u00f3n.&nbsp;<strong>&#8220;Es un honor para Jalisco que se haya vacunado aqu\u00ed el Presidente de la Rep\u00fablica&#8221;<\/strong>, se escuch\u00f3 decir entre el p\u00fablico.<\/p>\n\n\n\n<p>Antes de que AMLO fuera vacunado, integrantes de su gabinete se formaron para recibir la dosis de refuerzo. Se trat\u00f3 de Rosa Icela Rodr\u00edguez, secretaria de Seguridad P\u00fablica, Jorge Alcocer Varela, secretario de Salud, el almirante Jos\u00e9 Rafael Ojeda Dur\u00e1n, titular de la secretar\u00eda de Marina, el general Luis Rodr\u00edguez Bucio, comandante de Guardia Nacional y el secretario de la Defensa Nacional, Luis Cresencio Sandoval Gonz\u00e1lez.<\/p>\n\n\n\n<p>Con Informaci\u00f3n de SUN <\/p>\n","protected":false},"excerpt":{"rendered":"<p>Por Redacci\u00f3n QP En la &#8220;ma\u00f1anera&#8221; de hoy, tambi\u00e9n aplicaron el refuerzo de la vacuna&#8230;<\/p>\n","protected":false},"author":2,"featured_media":87137,"comment_status":"open","ping_status":"open","sticky":false,"template":"","format":"standard","meta":{"_monsterinsights_skip_tracking":false,"_monsterinsights_sitenote_active":false,"_monsterinsights_sitenote_note":"","_monsterinsights_sitenote_category":0,"footnotes":""},"categories":[2],"tags":[],"class_list":["post-87136","post","type-post","status-publish","format-standard","has-post-thumbnail","hentry","category-noticias"],"yoast_head":"<!-- This site is optimized with the Yoast SEO plugin v27.3 - https:\/\/yoast.com\/product\/yoast-seo-wordpress\/ -->\n<title>AMLO recibe la vacuna de refuerzo contra el COVID-19 -<\/title>\n<meta name=\"robots\" content=\"index, follow, max-snippet:-1, max-image-preview:large, max-video-preview:-1\" \/>\n<link rel=\"canonical\" href=\"https:\/\/quehacerpolitico.mx\/?p=87136\" \/>\n<meta property=\"og:locale\" content=\"es_MX\" \/>\n<meta property=\"og:type\" content=\"article\" \/>\n<meta property=\"og:title\" content=\"AMLO recibe la vacuna de refuerzo contra el COVID-19 -\" \/>\n<meta property=\"og:description\" content=\"Por Redacci\u00f3n QP En la &#8220;ma\u00f1anera&#8221; de hoy, tambi\u00e9n aplicaron el refuerzo de la vacuna...\" \/>\n<meta property=\"og:url\" content=\"https:\/\/quehacerpolitico.mx\/?p=87136\" \/>\n<meta property=\"article:published_time\" content=\"2021-12-07T15:45:41+00:00\" \/>\n<meta property=\"article:modified_time\" content=\"2021-12-07T15:45:43+00:00\" \/>\n<meta property=\"og:image\" content=\"https:\/\/quehacerpolitico.mx\/wp-content\/uploads\/2021\/12\/9577AC19-357F-43E7-A189-8BC661A3755F.jpeg\" \/>\n\t<meta property=\"og:image:width\" content=\"1284\" \/>\n\t<meta property=\"og:image:height\" content=\"841\" \/>\n\t<meta property=\"og:image:type\" content=\"image\/jpeg\" \/>\n<meta name=\"author\" content=\"Redacci\u00f3n QP\" \/>\n<meta name=\"twitter:card\" content=\"summary_large_image\" \/>\n<meta name=\"twitter:label1\" content=\"Escrito por\" \/>\n\t<meta name=\"twitter:data1\" content=\"Redacci\u00f3n QP\" \/>\n\t<meta name=\"twitter:label2\" content=\"Tiempo de lectura\" \/>\n\t<meta name=\"twitter:data2\" content=\"1 minuto\" \/>\n<script type=\"application\/ld+json\" class=\"yoast-schema-graph\">{\"@context\":\"https:\\\/\\\/schema.org\",\"@graph\":[{\"@type\":\"Article\",\"@id\":\"https:\\\/\\\/quehacerpolitico.mx\\\/?p=87136#article\",\"isPartOf\":{\"@id\":\"https:\\\/\\\/quehacerpolitico.mx\\\/?p=87136\"},\"author\":{\"name\":\"Redacci\u00f3n QP\",\"@id\":\"https:\\\/\\\/quehacerpolitico.mx\\\/#\\\/schema\\\/person\\\/496d8ad2d1d3f8036101dca7ee39e585\"},\"headline\":\"AMLO recibe la vacuna de refuerzo contra el COVID-19\",\"datePublished\":\"2021-12-07T15:45:41+00:00\",\"dateModified\":\"2021-12-07T15:45:43+00:00\",\"mainEntityOfPage\":{\"@id\":\"https:\\\/\\\/quehacerpolitico.mx\\\/?p=87136\"},\"wordCount\":265,\"commentCount\":0,\"image\":{\"@id\":\"https:\\\/\\\/quehacerpolitico.mx\\\/?p=87136#primaryimage\"},\"thumbnailUrl\":\"https:\\\/\\\/quehacerpolitico.mx\\\/wp-content\\\/uploads\\\/2021\\\/12\\\/9577AC19-357F-43E7-A189-8BC661A3755F.jpeg\",\"articleSection\":[\"Noticias\"],\"inLanguage\":\"es\",\"potentialAction\":[{\"@type\":\"CommentAction\",\"name\":\"Comment\",\"target\":[\"https:\\\/\\\/quehacerpolitico.mx\\\/?p=87136#respond\"]}]},{\"@type\":\"WebPage\",\"@id\":\"https:\\\/\\\/quehacerpolitico.mx\\\/?p=87136\",\"url\":\"https:\\\/\\\/quehacerpolitico.mx\\\/?p=87136\",\"name\":\"AMLO recibe la vacuna de refuerzo contra el COVID-19 -\",\"isPartOf\":{\"@id\":\"https:\\\/\\\/quehacerpolitico.mx\\\/#website\"},\"primaryImageOfPage\":{\"@id\":\"https:\\\/\\\/quehacerpolitico.mx\\\/?p=87136#primaryimage\"},\"image\":{\"@id\":\"https:\\\/\\\/quehacerpolitico.mx\\\/?p=87136#primaryimage\"},\"thumbnailUrl\":\"https:\\\/\\\/quehacerpolitico.mx\\\/wp-content\\\/uploads\\\/2021\\\/12\\\/9577AC19-357F-43E7-A189-8BC661A3755F.jpeg\",\"datePublished\":\"2021-12-07T15:45:41+00:00\",\"dateModified\":\"2021-12-07T15:45:43+00:00\",\"author\":{\"@id\":\"https:\\\/\\\/quehacerpolitico.mx\\\/#\\\/schema\\\/person\\\/496d8ad2d1d3f8036101dca7ee39e585\"},\"breadcrumb\":{\"@id\":\"https:\\\/\\\/quehacerpolitico.mx\\\/?p=87136#breadcrumb\"},\"inLanguage\":\"es\",\"potentialAction\":[{\"@type\":\"ReadAction\",\"target\":[\"https:\\\/\\\/quehacerpolitico.mx\\\/?p=87136\"]}]},{\"@type\":\"ImageObject\",\"inLanguage\":\"es\",\"@id\":\"https:\\\/\\\/quehacerpolitico.mx\\\/?p=87136#primaryimage\",\"url\":\"https:\\\/\\\/quehacerpolitico.mx\\\/wp-content\\\/uploads\\\/2021\\\/12\\\/9577AC19-357F-43E7-A189-8BC661A3755F.jpeg\",\"contentUrl\":\"https:\\\/\\\/quehacerpolitico.mx\\\/wp-content\\\/uploads\\\/2021\\\/12\\\/9577AC19-357F-43E7-A189-8BC661A3755F.jpeg\",\"width\":1284,\"height\":841},{\"@type\":\"BreadcrumbList\",\"@id\":\"https:\\\/\\\/quehacerpolitico.mx\\\/?p=87136#breadcrumb\",\"itemListElement\":[{\"@type\":\"ListItem\",\"position\":1,\"name\":\"Inicio\",\"item\":\"https:\\\/\\\/quehacerpolitico.mx\\\/\"},{\"@type\":\"ListItem\",\"position\":2,\"name\":\"AMLO recibe la vacuna de refuerzo contra el COVID-19\"}]},{\"@type\":\"WebSite\",\"@id\":\"https:\\\/\\\/quehacerpolitico.mx\\\/#website\",\"url\":\"https:\\\/\\\/quehacerpolitico.mx\\\/\",\"name\":\"\",\"description\":\"\",\"potentialAction\":[{\"@type\":\"SearchAction\",\"target\":{\"@type\":\"EntryPoint\",\"urlTemplate\":\"https:\\\/\\\/quehacerpolitico.mx\\\/?s={search_term_string}\"},\"query-input\":{\"@type\":\"PropertyValueSpecification\",\"valueRequired\":true,\"valueName\":\"search_term_string\"}}],\"inLanguage\":\"es\"},{\"@type\":\"Person\",\"@id\":\"https:\\\/\\\/quehacerpolitico.mx\\\/#\\\/schema\\\/person\\\/496d8ad2d1d3f8036101dca7ee39e585\",\"name\":\"Redacci\u00f3n QP\",\"image\":{\"@type\":\"ImageObject\",\"inLanguage\":\"es\",\"@id\":\"https:\\\/\\\/secure.gravatar.com\\\/avatar\\\/c7164ed6fdec453195284ad24a5ae5b6e1eed2b848477fa2a4787ba9adf39a41?s=96&d=mm&r=g\",\"url\":\"https:\\\/\\\/secure.gravatar.com\\\/avatar\\\/c7164ed6fdec453195284ad24a5ae5b6e1eed2b848477fa2a4787ba9adf39a41?s=96&d=mm&r=g\",\"contentUrl\":\"https:\\\/\\\/secure.gravatar.com\\\/avatar\\\/c7164ed6fdec453195284ad24a5ae5b6e1eed2b848477fa2a4787ba9adf39a41?s=96&d=mm&r=g\",\"caption\":\"Redacci\u00f3n QP\"},\"url\":\"https:\\\/\\\/quehacerpolitico.mx\\\/?author=2\"}]}<\/script>\n<!-- \/ Yoast SEO plugin. -->","yoast_head_json":{"title":"AMLO recibe la vacuna de refuerzo contra el COVID-19 -","robots":{"index":"index","follow":"follow","max-snippet":"max-snippet:-1","max-image-preview":"max-image-preview:large","max-video-preview":"max-video-preview:-1"},"canonical":"https:\/\/quehacerpolitico.mx\/?p=87136","og_locale":"es_MX","og_type":"article","og_title":"AMLO recibe la vacuna de refuerzo contra el COVID-19 -","og_description":"Por Redacci\u00f3n QP En la &#8220;ma\u00f1anera&#8221; de hoy, tambi\u00e9n aplicaron el refuerzo de la vacuna...","og_url":"https:\/\/quehacerpolitico.mx\/?p=87136","article_published_time":"2021-12-07T15:45:41+00:00","article_modified_time":"2021-12-07T15:45:43+00:00","og_image":[{"width":1284,"height":841,"url":"https:\/\/quehacerpolitico.mx\/wp-content\/uploads\/2021\/12\/9577AC19-357F-43E7-A189-8BC661A3755F.jpeg","type":"image\/jpeg"}],"author":"Redacci\u00f3n QP","twitter_card":"summary_large_image","twitter_misc":{"Escrito por":"Redacci\u00f3n QP","Tiempo de lectura":"1 minuto"},"schema":{"@context":"https:\/\/schema.org","@graph":[{"@type":"Article","@id":"https:\/\/quehacerpolitico.mx\/?p=87136#article","isPartOf":{"@id":"https:\/\/quehacerpolitico.mx\/?p=87136"},"author":{"name":"Redacci\u00f3n QP","@id":"https:\/\/quehacerpolitico.mx\/#\/schema\/person\/496d8ad2d1d3f8036101dca7ee39e585"},"headline":"AMLO recibe la vacuna de refuerzo contra el COVID-19","datePublished":"2021-12-07T15:45:41+00:00","dateModified":"2021-12-07T15:45:43+00:00","mainEntityOfPage":{"@id":"https:\/\/quehacerpolitico.mx\/?p=87136"},"wordCount":265,"commentCount":0,"image":{"@id":"https:\/\/quehacerpolitico.mx\/?p=87136#primaryimage"},"thumbnailUrl":"https:\/\/quehacerpolitico.mx\/wp-content\/uploads\/2021\/12\/9577AC19-357F-43E7-A189-8BC661A3755F.jpeg","articleSection":["Noticias"],"inLanguage":"es","potentialAction":[{"@type":"CommentAction","name":"Comment","target":["https:\/\/quehacerpolitico.mx\/?p=87136#respond"]}]},{"@type":"WebPage","@id":"https:\/\/quehacerpolitico.mx\/?p=87136","url":"https:\/\/quehacerpolitico.mx\/?p=87136","name":"AMLO recibe la vacuna de refuerzo contra el COVID-19 -","isPartOf":{"@id":"https:\/\/quehacerpolitico.mx\/#website"},"primaryImageOfPage":{"@id":"https:\/\/quehacerpolitico.mx\/?p=87136#primaryimage"},"image":{"@id":"https:\/\/quehacerpolitico.mx\/?p=87136#primaryimage"},"thumbnailUrl":"https:\/\/quehacerpolitico.mx\/wp-content\/uploads\/2021\/12\/9577AC19-357F-43E7-A189-8BC661A3755F.jpeg","datePublished":"2021-12-07T15:45:41+00:00","dateModified":"2021-12-07T15:45:43+00:00","author":{"@id":"https:\/\/quehacerpolitico.mx\/#\/schema\/person\/496d8ad2d1d3f8036101dca7ee39e585"},"breadcrumb":{"@id":"https:\/\/quehacerpolitico.mx\/?p=87136#breadcrumb"},"inLanguage":"es","potentialAction":[{"@type":"ReadAction","target":["https:\/\/quehacerpolitico.mx\/?p=87136"]}]},{"@type":"ImageObject","inLanguage":"es","@id":"https:\/\/quehacerpolitico.mx\/?p=87136#primaryimage","url":"https:\/\/quehacerpolitico.mx\/wp-content\/uploads\/2021\/12\/9577AC19-357F-43E7-A189-8BC661A3755F.jpeg","contentUrl":"https:\/\/quehacerpolitico.mx\/wp-content\/uploads\/2021\/12\/9577AC19-357F-43E7-A189-8BC661A3755F.jpeg","width":1284,"height":841},{"@type":"BreadcrumbList","@id":"https:\/\/quehacerpolitico.mx\/?p=87136#breadcrumb","itemListElement":[{"@type":"ListItem","position":1,"name":"Inicio","item":"https:\/\/quehacerpolitico.mx\/"},{"@type":"ListItem","position":2,"name":"AMLO recibe la vacuna de refuerzo contra el COVID-19"}]},{"@type":"WebSite","@id":"https:\/\/quehacerpolitico.mx\/#website","url":"https:\/\/quehacerpolitico.mx\/","name":"","description":"","potentialAction":[{"@type":"SearchAction","target":{"@type":"EntryPoint","urlTemplate":"https:\/\/quehacerpolitico.mx\/?s={search_term_string}"},"query-input":{"@type":"PropertyValueSpecification","valueRequired":true,"valueName":"search_term_string"}}],"inLanguage":"es"},{"@type":"Person","@id":"https:\/\/quehacerpolitico.mx\/#\/schema\/person\/496d8ad2d1d3f8036101dca7ee39e585","name":"Redacci\u00f3n QP","image":{"@type":"ImageObject","inLanguage":"es","@id":"https:\/\/secure.gravatar.com\/avatar\/c7164ed6fdec453195284ad24a5ae5b6e1eed2b848477fa2a4787ba9adf39a41?s=96&d=mm&r=g","url":"https:\/\/secure.gravatar.com\/avatar\/c7164ed6fdec453195284ad24a5ae5b6e1eed2b848477fa2a4787ba9adf39a41?s=96&d=mm&r=g","contentUrl":"https:\/\/secure.gravatar.com\/avatar\/c7164ed6fdec453195284ad24a5ae5b6e1eed2b848477fa2a4787ba9adf39a41?s=96&d=mm&r=g","caption":"Redacci\u00f3n QP"},"url":"https:\/\/quehacerpolitico.mx\/?author=2"}]}},"featured_image_urls":{"full":["https:\/\/quehacerpolitico.mx\/wp-content\/uploads\/2021\/12\/9577AC19-357F-43E7-A189-8BC661A3755F.jpeg",1284,841,false],"thumbnail":["https:\/\/quehacerpolitico.mx\/wp-content\/uploads\/2021\/12\/9577AC19-357F-43E7-A189-8BC661A3755F-150x150.jpeg",150,150,true],"medium":["https:\/\/quehacerpolitico.mx\/wp-content\/uploads\/2021\/12\/9577AC19-357F-43E7-A189-8BC661A3755F-300x196.jpeg",300,196,true],"medium_large":["https:\/\/quehacerpolitico.mx\/wp-content\/uploads\/2021\/12\/9577AC19-357F-43E7-A189-8BC661A3755F-768x503.jpeg",640,419,true],"large":["https:\/\/quehacerpolitico.mx\/wp-content\/uploads\/2021\/12\/9577AC19-357F-43E7-A189-8BC661A3755F-1024x671.jpeg",640,419,true],"1536x1536":["https:\/\/quehacerpolitico.mx\/wp-content\/uploads\/2021\/12\/9577AC19-357F-43E7-A189-8BC661A3755F.jpeg",1284,841,false],"2048x2048":["https:\/\/quehacerpolitico.mx\/wp-content\/uploads\/2021\/12\/9577AC19-357F-43E7-A189-8BC661A3755F.jpeg",1284,841,false],"covernews-featured":["https:\/\/quehacerpolitico.mx\/wp-content\/uploads\/2021\/12\/9577AC19-357F-43E7-A189-8BC661A3755F.jpeg",1024,671,false],"covernews-medium":["https:\/\/quehacerpolitico.mx\/wp-content\/uploads\/2021\/12\/9577AC19-357F-43E7-A189-8BC661A3755F.jpeg",519,340,false]},"author_info":{"display_name":"Redacci\u00f3n QP","author_link":"https:\/\/quehacerpolitico.mx\/?author=2"},"category_info":"<a href=\"https:\/\/quehacerpolitico.mx\/?cat=2\" rel=\"category\">Noticias<\/a>","tag_info":"Noticias","comment_count":"0","_links":{"self":[{"href":"https:\/\/quehacerpolitico.mx\/index.php?rest_route=\/wp\/v2\/posts\/87136","targetHints":{"allow":["GET"]}}],"collection":[{"href":"https:\/\/quehacerpolitico.mx\/index.php?rest_route=\/wp\/v2\/posts"}],"about":[{"href":"https:\/\/quehacerpolitico.mx\/index.php?rest_route=\/wp\/v2\/types\/post"}],"author":[{"embeddable":true,"href":"https:\/\/quehacerpolitico.mx\/index.php?rest_route=\/wp\/v2\/users\/2"}],"replies":[{"embeddable":true,"href":"https:\/\/quehacerpolitico.mx\/index.php?rest_route=%2Fwp%2Fv2%2Fcomments&post=87136"}],"version-history":[{"count":1,"href":"https:\/\/quehacerpolitico.mx\/index.php?rest_route=\/wp\/v2\/posts\/87136\/revisions"}],"predecessor-version":[{"id":87138,"href":"https:\/\/quehacerpolitico.mx\/index.php?rest_route=\/wp\/v2\/posts\/87136\/revisions\/87138"}],"wp:featuredmedia":[{"embeddable":true,"href":"https:\/\/quehacerpolitico.mx\/index.php?rest_route=\/wp\/v2\/media\/87137"}],"wp:attachment":[{"href":"https:\/\/quehacerpolitico.mx\/index.php?rest_route=%2Fwp%2Fv2%2Fmedia&parent=87136"}],"wp:term":[{"taxonomy":"category","embeddable":true,"href":"https:\/\/quehacerpolitico.mx\/index.php?rest_route=%2Fwp%2Fv2%2Fcategories&post=87136"},{"taxonomy":"post_tag","embeddable":true,"href":"https:\/\/quehacerpolitico.mx\/index.php?rest_route=%2Fwp%2Fv2%2Ftags&post=87136"}],"curies":[{"name":"wp","href":"https:\/\/api.w.org\/{rel}","templated":true}]}}