{"id":87129,"date":"2021-12-07T15:06:51","date_gmt":"2021-12-07T15:06:51","guid":{"rendered":"https:\/\/quehacerpolitico.mx\/?p=87129"},"modified":"2021-12-07T15:06:55","modified_gmt":"2021-12-07T15:06:55","slug":"arranca-vacunacion-de-refuerzo-para-adultos-mayores-que-dosis-se-empleara","status":"publish","type":"post","link":"https:\/\/quehacerpolitico.mx\/?p=87129","title":{"rendered":"Arranca vacunaci\u00f3n de refuerzo para adultos mayores \u00bfQu\u00e9 dosis se emplear\u00e1?"},"content":{"rendered":"\n<p>Por Redacci\u00f3n QP<\/p>\n\n\n\n<p>Se inmunizar\u00e1 con tercera dosis a todas las personas adultas mayores que fueron vacunadas antes de junio de 2021<\/p>\n\n\n\n<p>Este martes arranca la vacunaci\u00f3n COVID-19 de refuerzo en adultos mayores de 60 a\u00f1os y m\u00e1s en seis entidades federativas, seg\u00fan la Secretar\u00eda de Salud que se\u00f1al\u00f3&nbsp;que&nbsp;<strong>la dosis que se usar\u00e1 ser\u00e1 AstraZeneca independientemente del esquema previo que hayan recibido las personas<\/strong>.<\/p>\n\n\n\n<p>&#8220;Se ha demostrado que la dosis de refuerzo puede ser con varias vacunas, no importa si es diferente a la que se us\u00f3 para el primer esquema. Se vacunar\u00e1 con una dosis adicional a personas de 60 y m\u00e1s, no es un segundo esquema, solo una dosis adicional y&nbsp;<strong>usaremos AstraZeneca en todos los casos, independientemente de cu\u00e1l fue el esquema inicial&#8221;<\/strong>, se\u00f1al\u00f3 Hugo L\u00f3pez-Gatell Ram\u00edrez, subsecretario de Prevenci\u00f3n y Promoci\u00f3n de la Salud.<\/p>\n\n\n\n<p>Al presentar el Pulso de la Salud, durante la conferencia matutina que se realiz\u00f3 en Jalisco, el funcionario detall\u00f3 que\u00a0<strong>se inmunizar\u00e1 con tercera dosis a todas las personas adultas mayores que fueron vacunadas antes de junio de 2021<\/strong>, sin embargo,\u00a0<strong>aquellos que se vacunaron posteriormente deber\u00e1n esperar hasta que hayan pasado 6 meses de la \u00faltima vacunaci\u00f3n<\/strong>, adem\u00e1s precis\u00f3 que la aplicaci\u00f3n de dosis de refuerzo comenzar\u00e1 en seis estados.<\/p>\n\n\n\n<p><strong>&#8220;No es necesario un registro, las personas pueden acudir a los centros de vacunaci\u00f3n con una identificaci\u00f3n oficial que permita reconocer la edad como de 60 y m\u00e1s. Se anunciar\u00e1n fechas espec\u00edficas de vacunaci\u00f3n, hoy iniciamos en 6 entidades federativas: Chiapas, Ciudad de M\u00e9xico, Jalisco, Oaxaca, Sinaloa y Yucat\u00e1n&#8221;<\/strong>.<\/p>\n\n\n\n<figure class=\"wp-block-embed is-type-rich is-provider-twitter wp-block-embed-twitter\"><div class=\"wp-block-embed__wrapper\">\n<blockquote class=\"twitter-tweet\" data-width=\"550\" data-dnt=\"true\"><p lang=\"es\" dir=\"ltr\">Inicia la jordana de dosis de refuerzo para adultos mayores. <a href=\"https:\/\/twitter.com\/HLGatell?ref_src=twsrc%5Etfw\">@HLGatell<\/a> anunci\u00f3 que el refuerzo se enfocar\u00e1n a grupos m\u00e1s vulnerables. <a href=\"https:\/\/t.co\/0Dm8k26j9m\">pic.twitter.com\/0Dm8k26j9m<\/a><\/p>&mdash; Ruido en la Red (@RuidoEnLaRed) <a href=\"https:\/\/twitter.com\/RuidoEnLaRed\/status\/1468226289559556098?ref_src=twsrc%5Etfw\">December 7, 2021<\/a><\/blockquote><script async src=\"https:\/\/platform.twitter.com\/widgets.js\" charset=\"utf-8\"><\/script>\n<\/div><\/figure>\n\n\n\n<p>El subsecretario de Salud se\u00f1al\u00f3 que el cambio en la Pol\u00edtica de Vacunaci\u00f3n se llev\u00f3 a cabo luego de que el grupo de asesoramiento t\u00e9cnico de la Organizaci\u00f3n Mundial de la Salud (OMS) hiciera la recomendaci\u00f3n de dosis de refuerzo, al igual que el grupo de asesoramiento en\u00a0M\u00e9xico, pero enfatiz\u00f3 que no se aplicar\u00e1n terceras dosis de manera generalizada, sino en grupos vulnerables como lo son adultos mayores.<\/p>\n\n\n\n<p>&#8220;Se han hecho cinco recomendaciones; que los refuerzos deben enfocarse a los grupos m\u00e1s vulnerables como adultos mayores o persona inmunosupresoras, el segundo elemento importante es que no existe evidencia concluyente para que los refuerzos se apliquen en edad generalizada, es una importante recomendaci\u00f3n de priorizar la cobertura en personas que no tienen esquema primario o que no lo han completado, ya podemos incorporar refuerzo, pero hay que evitar uso de refuerzos en forma generalizada cuando no se ha completado un grado alto de vacunaci\u00f3n&#8221;.<\/p>\n\n\n\n<p>Con Informaci\u00f3n de SUN <\/p>\n","protected":false},"excerpt":{"rendered":"<p>Por Redacci\u00f3n QP Se inmunizar\u00e1 con tercera dosis a todas las personas adultas mayores que&#8230;<\/p>\n","protected":false},"author":2,"featured_media":87130,"comment_status":"open","ping_status":"open","sticky":false,"template":"","format":"standard","meta":{"_monsterinsights_skip_tracking":false,"_monsterinsights_sitenote_active":false,"_monsterinsights_sitenote_note":"","_monsterinsights_sitenote_category":0,"footnotes":""},"categories":[2],"tags":[],"class_list":["post-87129","post","type-post","status-publish","format-standard","has-post-thumbnail","hentry","category-noticias"],"yoast_head":"<!-- This site is optimized with the Yoast SEO plugin v27.3 - https:\/\/yoast.com\/product\/yoast-seo-wordpress\/ -->\n<title>Arranca vacunaci\u00f3n de refuerzo para adultos mayores \u00bfQu\u00e9 dosis se emplear\u00e1? -<\/title>\n<meta name=\"robots\" content=\"index, follow, max-snippet:-1, max-image-preview:large, max-video-preview:-1\" \/>\n<link rel=\"canonical\" href=\"https:\/\/quehacerpolitico.mx\/?p=87129\" \/>\n<meta property=\"og:locale\" content=\"es_MX\" \/>\n<meta property=\"og:type\" content=\"article\" \/>\n<meta property=\"og:title\" content=\"Arranca vacunaci\u00f3n de refuerzo para adultos mayores \u00bfQu\u00e9 dosis se emplear\u00e1? -\" \/>\n<meta property=\"og:description\" content=\"Por Redacci\u00f3n QP Se inmunizar\u00e1 con tercera dosis a todas las personas adultas mayores que...\" \/>\n<meta property=\"og:url\" content=\"https:\/\/quehacerpolitico.mx\/?p=87129\" \/>\n<meta property=\"article:published_time\" content=\"2021-12-07T15:06:51+00:00\" \/>\n<meta property=\"article:modified_time\" content=\"2021-12-07T15:06:55+00:00\" \/>\n<meta property=\"og:image\" content=\"https:\/\/quehacerpolitico.mx\/wp-content\/uploads\/2021\/12\/4043B6B2-DE00-4F23-8119-EC0D8EBE4163.jpeg\" \/>\n\t<meta property=\"og:image:width\" content=\"1284\" \/>\n\t<meta property=\"og:image:height\" content=\"621\" \/>\n\t<meta property=\"og:image:type\" content=\"image\/jpeg\" \/>\n<meta name=\"author\" content=\"Redacci\u00f3n QP\" \/>\n<meta name=\"twitter:card\" content=\"summary_large_image\" \/>\n<meta name=\"twitter:label1\" content=\"Escrito por\" \/>\n\t<meta name=\"twitter:data1\" content=\"Redacci\u00f3n QP\" \/>\n\t<meta name=\"twitter:label2\" content=\"Tiempo de lectura\" \/>\n\t<meta name=\"twitter:data2\" content=\"2 minutos\" \/>\n<script type=\"application\/ld+json\" class=\"yoast-schema-graph\">{\"@context\":\"https:\\\/\\\/schema.org\",\"@graph\":[{\"@type\":\"Article\",\"@id\":\"https:\\\/\\\/quehacerpolitico.mx\\\/?p=87129#article\",\"isPartOf\":{\"@id\":\"https:\\\/\\\/quehacerpolitico.mx\\\/?p=87129\"},\"author\":{\"name\":\"Redacci\u00f3n QP\",\"@id\":\"https:\\\/\\\/quehacerpolitico.mx\\\/#\\\/schema\\\/person\\\/496d8ad2d1d3f8036101dca7ee39e585\"},\"headline\":\"Arranca vacunaci\u00f3n de refuerzo para adultos mayores \u00bfQu\u00e9 dosis se emplear\u00e1?\",\"datePublished\":\"2021-12-07T15:06:51+00:00\",\"dateModified\":\"2021-12-07T15:06:55+00:00\",\"mainEntityOfPage\":{\"@id\":\"https:\\\/\\\/quehacerpolitico.mx\\\/?p=87129\"},\"wordCount\":470,\"commentCount\":0,\"image\":{\"@id\":\"https:\\\/\\\/quehacerpolitico.mx\\\/?p=87129#primaryimage\"},\"thumbnailUrl\":\"https:\\\/\\\/quehacerpolitico.mx\\\/wp-content\\\/uploads\\\/2021\\\/12\\\/4043B6B2-DE00-4F23-8119-EC0D8EBE4163.jpeg\",\"articleSection\":[\"Noticias\"],\"inLanguage\":\"es\",\"potentialAction\":[{\"@type\":\"CommentAction\",\"name\":\"Comment\",\"target\":[\"https:\\\/\\\/quehacerpolitico.mx\\\/?p=87129#respond\"]}]},{\"@type\":\"WebPage\",\"@id\":\"https:\\\/\\\/quehacerpolitico.mx\\\/?p=87129\",\"url\":\"https:\\\/\\\/quehacerpolitico.mx\\\/?p=87129\",\"name\":\"Arranca vacunaci\u00f3n de refuerzo para adultos mayores \u00bfQu\u00e9 dosis se emplear\u00e1? -\",\"isPartOf\":{\"@id\":\"https:\\\/\\\/quehacerpolitico.mx\\\/#website\"},\"primaryImageOfPage\":{\"@id\":\"https:\\\/\\\/quehacerpolitico.mx\\\/?p=87129#primaryimage\"},\"image\":{\"@id\":\"https:\\\/\\\/quehacerpolitico.mx\\\/?p=87129#primaryimage\"},\"thumbnailUrl\":\"https:\\\/\\\/quehacerpolitico.mx\\\/wp-content\\\/uploads\\\/2021\\\/12\\\/4043B6B2-DE00-4F23-8119-EC0D8EBE4163.jpeg\",\"datePublished\":\"2021-12-07T15:06:51+00:00\",\"dateModified\":\"2021-12-07T15:06:55+00:00\",\"author\":{\"@id\":\"https:\\\/\\\/quehacerpolitico.mx\\\/#\\\/schema\\\/person\\\/496d8ad2d1d3f8036101dca7ee39e585\"},\"breadcrumb\":{\"@id\":\"https:\\\/\\\/quehacerpolitico.mx\\\/?p=87129#breadcrumb\"},\"inLanguage\":\"es\",\"potentialAction\":[{\"@type\":\"ReadAction\",\"target\":[\"https:\\\/\\\/quehacerpolitico.mx\\\/?p=87129\"]}]},{\"@type\":\"ImageObject\",\"inLanguage\":\"es\",\"@id\":\"https:\\\/\\\/quehacerpolitico.mx\\\/?p=87129#primaryimage\",\"url\":\"https:\\\/\\\/quehacerpolitico.mx\\\/wp-content\\\/uploads\\\/2021\\\/12\\\/4043B6B2-DE00-4F23-8119-EC0D8EBE4163.jpeg\",\"contentUrl\":\"https:\\\/\\\/quehacerpolitico.mx\\\/wp-content\\\/uploads\\\/2021\\\/12\\\/4043B6B2-DE00-4F23-8119-EC0D8EBE4163.jpeg\",\"width\":1284,\"height\":621},{\"@type\":\"BreadcrumbList\",\"@id\":\"https:\\\/\\\/quehacerpolitico.mx\\\/?p=87129#breadcrumb\",\"itemListElement\":[{\"@type\":\"ListItem\",\"position\":1,\"name\":\"Inicio\",\"item\":\"https:\\\/\\\/quehacerpolitico.mx\\\/\"},{\"@type\":\"ListItem\",\"position\":2,\"name\":\"Arranca vacunaci\u00f3n de refuerzo para adultos mayores \u00bfQu\u00e9 dosis se emplear\u00e1?\"}]},{\"@type\":\"WebSite\",\"@id\":\"https:\\\/\\\/quehacerpolitico.mx\\\/#website\",\"url\":\"https:\\\/\\\/quehacerpolitico.mx\\\/\",\"name\":\"\",\"description\":\"\",\"potentialAction\":[{\"@type\":\"SearchAction\",\"target\":{\"@type\":\"EntryPoint\",\"urlTemplate\":\"https:\\\/\\\/quehacerpolitico.mx\\\/?s={search_term_string}\"},\"query-input\":{\"@type\":\"PropertyValueSpecification\",\"valueRequired\":true,\"valueName\":\"search_term_string\"}}],\"inLanguage\":\"es\"},{\"@type\":\"Person\",\"@id\":\"https:\\\/\\\/quehacerpolitico.mx\\\/#\\\/schema\\\/person\\\/496d8ad2d1d3f8036101dca7ee39e585\",\"name\":\"Redacci\u00f3n QP\",\"image\":{\"@type\":\"ImageObject\",\"inLanguage\":\"es\",\"@id\":\"https:\\\/\\\/secure.gravatar.com\\\/avatar\\\/c7164ed6fdec453195284ad24a5ae5b6e1eed2b848477fa2a4787ba9adf39a41?s=96&d=mm&r=g\",\"url\":\"https:\\\/\\\/secure.gravatar.com\\\/avatar\\\/c7164ed6fdec453195284ad24a5ae5b6e1eed2b848477fa2a4787ba9adf39a41?s=96&d=mm&r=g\",\"contentUrl\":\"https:\\\/\\\/secure.gravatar.com\\\/avatar\\\/c7164ed6fdec453195284ad24a5ae5b6e1eed2b848477fa2a4787ba9adf39a41?s=96&d=mm&r=g\",\"caption\":\"Redacci\u00f3n QP\"},\"url\":\"https:\\\/\\\/quehacerpolitico.mx\\\/?author=2\"}]}<\/script>\n<!-- \/ Yoast SEO plugin. -->","yoast_head_json":{"title":"Arranca vacunaci\u00f3n de refuerzo para adultos mayores \u00bfQu\u00e9 dosis se emplear\u00e1? -","robots":{"index":"index","follow":"follow","max-snippet":"max-snippet:-1","max-image-preview":"max-image-preview:large","max-video-preview":"max-video-preview:-1"},"canonical":"https:\/\/quehacerpolitico.mx\/?p=87129","og_locale":"es_MX","og_type":"article","og_title":"Arranca vacunaci\u00f3n de refuerzo para adultos mayores \u00bfQu\u00e9 dosis se emplear\u00e1? -","og_description":"Por Redacci\u00f3n QP Se inmunizar\u00e1 con tercera dosis a todas las personas adultas mayores que...","og_url":"https:\/\/quehacerpolitico.mx\/?p=87129","article_published_time":"2021-12-07T15:06:51+00:00","article_modified_time":"2021-12-07T15:06:55+00:00","og_image":[{"width":1284,"height":621,"url":"https:\/\/quehacerpolitico.mx\/wp-content\/uploads\/2021\/12\/4043B6B2-DE00-4F23-8119-EC0D8EBE4163.jpeg","type":"image\/jpeg"}],"author":"Redacci\u00f3n QP","twitter_card":"summary_large_image","twitter_misc":{"Escrito por":"Redacci\u00f3n QP","Tiempo de lectura":"2 minutos"},"schema":{"@context":"https:\/\/schema.org","@graph":[{"@type":"Article","@id":"https:\/\/quehacerpolitico.mx\/?p=87129#article","isPartOf":{"@id":"https:\/\/quehacerpolitico.mx\/?p=87129"},"author":{"name":"Redacci\u00f3n QP","@id":"https:\/\/quehacerpolitico.mx\/#\/schema\/person\/496d8ad2d1d3f8036101dca7ee39e585"},"headline":"Arranca vacunaci\u00f3n de refuerzo para adultos mayores \u00bfQu\u00e9 dosis se emplear\u00e1?","datePublished":"2021-12-07T15:06:51+00:00","dateModified":"2021-12-07T15:06:55+00:00","mainEntityOfPage":{"@id":"https:\/\/quehacerpolitico.mx\/?p=87129"},"wordCount":470,"commentCount":0,"image":{"@id":"https:\/\/quehacerpolitico.mx\/?p=87129#primaryimage"},"thumbnailUrl":"https:\/\/quehacerpolitico.mx\/wp-content\/uploads\/2021\/12\/4043B6B2-DE00-4F23-8119-EC0D8EBE4163.jpeg","articleSection":["Noticias"],"inLanguage":"es","potentialAction":[{"@type":"CommentAction","name":"Comment","target":["https:\/\/quehacerpolitico.mx\/?p=87129#respond"]}]},{"@type":"WebPage","@id":"https:\/\/quehacerpolitico.mx\/?p=87129","url":"https:\/\/quehacerpolitico.mx\/?p=87129","name":"Arranca vacunaci\u00f3n de refuerzo para adultos mayores \u00bfQu\u00e9 dosis se emplear\u00e1? -","isPartOf":{"@id":"https:\/\/quehacerpolitico.mx\/#website"},"primaryImageOfPage":{"@id":"https:\/\/quehacerpolitico.mx\/?p=87129#primaryimage"},"image":{"@id":"https:\/\/quehacerpolitico.mx\/?p=87129#primaryimage"},"thumbnailUrl":"https:\/\/quehacerpolitico.mx\/wp-content\/uploads\/2021\/12\/4043B6B2-DE00-4F23-8119-EC0D8EBE4163.jpeg","datePublished":"2021-12-07T15:06:51+00:00","dateModified":"2021-12-07T15:06:55+00:00","author":{"@id":"https:\/\/quehacerpolitico.mx\/#\/schema\/person\/496d8ad2d1d3f8036101dca7ee39e585"},"breadcrumb":{"@id":"https:\/\/quehacerpolitico.mx\/?p=87129#breadcrumb"},"inLanguage":"es","potentialAction":[{"@type":"ReadAction","target":["https:\/\/quehacerpolitico.mx\/?p=87129"]}]},{"@type":"ImageObject","inLanguage":"es","@id":"https:\/\/quehacerpolitico.mx\/?p=87129#primaryimage","url":"https:\/\/quehacerpolitico.mx\/wp-content\/uploads\/2021\/12\/4043B6B2-DE00-4F23-8119-EC0D8EBE4163.jpeg","contentUrl":"https:\/\/quehacerpolitico.mx\/wp-content\/uploads\/2021\/12\/4043B6B2-DE00-4F23-8119-EC0D8EBE4163.jpeg","width":1284,"height":621},{"@type":"BreadcrumbList","@id":"https:\/\/quehacerpolitico.mx\/?p=87129#breadcrumb","itemListElement":[{"@type":"ListItem","position":1,"name":"Inicio","item":"https:\/\/quehacerpolitico.mx\/"},{"@type":"ListItem","position":2,"name":"Arranca vacunaci\u00f3n de refuerzo para adultos mayores \u00bfQu\u00e9 dosis se emplear\u00e1?"}]},{"@type":"WebSite","@id":"https:\/\/quehacerpolitico.mx\/#website","url":"https:\/\/quehacerpolitico.mx\/","name":"","description":"","potentialAction":[{"@type":"SearchAction","target":{"@type":"EntryPoint","urlTemplate":"https:\/\/quehacerpolitico.mx\/?s={search_term_string}"},"query-input":{"@type":"PropertyValueSpecification","valueRequired":true,"valueName":"search_term_string"}}],"inLanguage":"es"},{"@type":"Person","@id":"https:\/\/quehacerpolitico.mx\/#\/schema\/person\/496d8ad2d1d3f8036101dca7ee39e585","name":"Redacci\u00f3n QP","image":{"@type":"ImageObject","inLanguage":"es","@id":"https:\/\/secure.gravatar.com\/avatar\/c7164ed6fdec453195284ad24a5ae5b6e1eed2b848477fa2a4787ba9adf39a41?s=96&d=mm&r=g","url":"https:\/\/secure.gravatar.com\/avatar\/c7164ed6fdec453195284ad24a5ae5b6e1eed2b848477fa2a4787ba9adf39a41?s=96&d=mm&r=g","contentUrl":"https:\/\/secure.gravatar.com\/avatar\/c7164ed6fdec453195284ad24a5ae5b6e1eed2b848477fa2a4787ba9adf39a41?s=96&d=mm&r=g","caption":"Redacci\u00f3n QP"},"url":"https:\/\/quehacerpolitico.mx\/?author=2"}]}},"featured_image_urls":{"full":["https:\/\/quehacerpolitico.mx\/wp-content\/uploads\/2021\/12\/4043B6B2-DE00-4F23-8119-EC0D8EBE4163.jpeg",1284,621,false],"thumbnail":["https:\/\/quehacerpolitico.mx\/wp-content\/uploads\/2021\/12\/4043B6B2-DE00-4F23-8119-EC0D8EBE4163-150x150.jpeg",150,150,true],"medium":["https:\/\/quehacerpolitico.mx\/wp-content\/uploads\/2021\/12\/4043B6B2-DE00-4F23-8119-EC0D8EBE4163-300x145.jpeg",300,145,true],"medium_large":["https:\/\/quehacerpolitico.mx\/wp-content\/uploads\/2021\/12\/4043B6B2-DE00-4F23-8119-EC0D8EBE4163-768x371.jpeg",640,309,true],"large":["https:\/\/quehacerpolitico.mx\/wp-content\/uploads\/2021\/12\/4043B6B2-DE00-4F23-8119-EC0D8EBE4163-1024x495.jpeg",640,309,true],"1536x1536":["https:\/\/quehacerpolitico.mx\/wp-content\/uploads\/2021\/12\/4043B6B2-DE00-4F23-8119-EC0D8EBE4163.jpeg",1284,621,false],"2048x2048":["https:\/\/quehacerpolitico.mx\/wp-content\/uploads\/2021\/12\/4043B6B2-DE00-4F23-8119-EC0D8EBE4163.jpeg",1284,621,false],"covernews-featured":["https:\/\/quehacerpolitico.mx\/wp-content\/uploads\/2021\/12\/4043B6B2-DE00-4F23-8119-EC0D8EBE4163.jpeg",1024,495,false],"covernews-medium":["https:\/\/quehacerpolitico.mx\/wp-content\/uploads\/2021\/12\/4043B6B2-DE00-4F23-8119-EC0D8EBE4163.jpeg",540,261,false]},"author_info":{"display_name":"Redacci\u00f3n QP","author_link":"https:\/\/quehacerpolitico.mx\/?author=2"},"category_info":"<a href=\"https:\/\/quehacerpolitico.mx\/?cat=2\" rel=\"category\">Noticias<\/a>","tag_info":"Noticias","comment_count":"0","_links":{"self":[{"href":"https:\/\/quehacerpolitico.mx\/index.php?rest_route=\/wp\/v2\/posts\/87129","targetHints":{"allow":["GET"]}}],"collection":[{"href":"https:\/\/quehacerpolitico.mx\/index.php?rest_route=\/wp\/v2\/posts"}],"about":[{"href":"https:\/\/quehacerpolitico.mx\/index.php?rest_route=\/wp\/v2\/types\/post"}],"author":[{"embeddable":true,"href":"https:\/\/quehacerpolitico.mx\/index.php?rest_route=\/wp\/v2\/users\/2"}],"replies":[{"embeddable":true,"href":"https:\/\/quehacerpolitico.mx\/index.php?rest_route=%2Fwp%2Fv2%2Fcomments&post=87129"}],"version-history":[{"count":1,"href":"https:\/\/quehacerpolitico.mx\/index.php?rest_route=\/wp\/v2\/posts\/87129\/revisions"}],"predecessor-version":[{"id":87131,"href":"https:\/\/quehacerpolitico.mx\/index.php?rest_route=\/wp\/v2\/posts\/87129\/revisions\/87131"}],"wp:featuredmedia":[{"embeddable":true,"href":"https:\/\/quehacerpolitico.mx\/index.php?rest_route=\/wp\/v2\/media\/87130"}],"wp:attachment":[{"href":"https:\/\/quehacerpolitico.mx\/index.php?rest_route=%2Fwp%2Fv2%2Fmedia&parent=87129"}],"wp:term":[{"taxonomy":"category","embeddable":true,"href":"https:\/\/quehacerpolitico.mx\/index.php?rest_route=%2Fwp%2Fv2%2Fcategories&post=87129"},{"taxonomy":"post_tag","embeddable":true,"href":"https:\/\/quehacerpolitico.mx\/index.php?rest_route=%2Fwp%2Fv2%2Ftags&post=87129"}],"curies":[{"name":"wp","href":"https:\/\/api.w.org\/{rel}","templated":true}]}}