{"id":87120,"date":"2021-12-07T14:22:19","date_gmt":"2021-12-07T14:22:19","guid":{"rendered":"https:\/\/quehacerpolitico.mx\/?p=87120"},"modified":"2021-12-07T14:22:25","modified_gmt":"2021-12-07T14:22:25","slug":"internacionales-carolina-alonso-romei-erupcion-del-volcan-semeru-en-indonesia-suma-34-muertos","status":"publish","type":"post","link":"https:\/\/quehacerpolitico.mx\/?p=87120","title":{"rendered":"Internacionales\/\/\/Carolina Alonso Romei\/\/\/Erupci\u00f3n del volc\u00e1n Semeru en Indonesia suma 34 muertos"},"content":{"rendered":"\n<p>Por Carolina Alonso Romei <\/p>\n\n\n\n<p>Internacionalista <\/p>\n\n\n\n<p>Las autoridades indonesias han cifrado adem\u00e1s en 3,697 los desplazados \u201cdebido a los da\u00f1os en sus hogares por los materiales volc\u00e1nicos\u201d.<\/p>\n\n\n\n<ul class=\"wp-block-list\"><li>Las tareas de rescate se est\u00e1n viendo dificultadas por las condiciones meteorol\u00f3gicas que azotan la regi\u00f3n y las bolsas de aire caliente que emanan del volc\u00e1n.<\/li><\/ul>\n\n\n\n<p><br>Al menos\u00a0<strong>34 personas han muerto, 56 resultaron heridas y 17 permanecen desaparecidas<\/strong>\u00a0a ra\u00edz de la erupci\u00f3n el s\u00e1bado del\u00a0<strong>volc\u00e1n Semeru<\/strong>, en la isla indonesia de Java, seg\u00fan los \u00faltimos datos ofrecidos este martes por la Agencia Nacional de Desastres (BNPB).<\/p>\n\n\n\n<figure class=\"wp-block-embed is-type-video is-provider-youtube wp-block-embed-youtube wp-embed-aspect-16-9 wp-has-aspect-ratio\"><div class=\"wp-block-embed__wrapper\">\nhttps:\/\/youtu.be\/kyOVATlFdhs\n<\/div><\/figure>\n\n\n\n<p>Las autoridades indonesias han cifrado adem\u00e1s en 3,697 los desplazados \u201cdebido a los da\u00f1os en sus hogares por los materiales volc\u00e1nicos\u201d.<\/p>\n\n\n\n<p>Las tareas de rescate se est\u00e1n viendo dificultadas por las condiciones meteorol\u00f3gicas que azotan la regi\u00f3n y las bolsas de aire caliente que emanan del volc\u00e1n.<\/p>\n\n\n\n<p>La enorme erupci\u00f3n del volc\u00e1n ocurri\u00f3 el s\u00e1bado alrededor de las 15.30 hora local (8.30 GMT) y provoc\u00f3 un enorme tsunami de ceniza que eclips\u00f3 el sol y sumi\u00f3 en una profunda oscuridad moment\u00e1neamente las poblaciones anexas al monte.<\/p>\n\n\n\n<p>En un v\u00eddeo publicado en las redes sociales por testigos de la explosi\u00f3n se aprecia como una serie de vecinos de la poblaci\u00f3n de Lumajang huyen a toda prisa mientras a sus espadas avanza la gigantesca nube de humo y ceniza procedente de Semeru.<\/p>\n\n\n\n<p>Los equipos de emergencia han establecido un radio de exclusi\u00f3n de 5 kil\u00f3metros sobre el cr\u00e1ter y precisan que casi 3,000 casas y 38 colegios han resultado da\u00f1ados, adem\u00e1s de un puente clave que conectaba dos de los principales pueblos de la regi\u00f3n.<\/p>\n\n\n\n<p>El archipi\u00e9lago indonesio se asienta dentro del denominado Anillo de Fuego del Pac\u00edfico, una zona de gran actividad s\u00edsmica con 127 volcanes activos y que es sacudida por miles de temblores al a\u00f1o, la mayor\u00eda de escasa magnitud.<\/p>\n\n\n\n<p>La \u00faltima erupci\u00f3n significativa del Semeru, con 3,676 metros del altura y uno de los volcanes m\u00e1s activos del pa\u00eds, se produjo en enero de este a\u00f1o sin que se reportaran v\u00edctimas, mientras que otra en diciembre de 2020 oblig\u00f3 a evacuar a miles de personas.<\/p>\n\n\n\n<p>Con informaci\u00f3n de EFE.<\/p>\n","protected":false},"excerpt":{"rendered":"<p>Por Carolina Alonso Romei Internacionalista Las autoridades indonesias han cifrado adem\u00e1s en 3,697 los desplazados&#8230;<\/p>\n","protected":false},"author":2,"featured_media":87121,"comment_status":"open","ping_status":"open","sticky":false,"template":"","format":"standard","meta":{"_monsterinsights_skip_tracking":false,"_monsterinsights_sitenote_active":false,"_monsterinsights_sitenote_note":"","_monsterinsights_sitenote_category":0,"footnotes":""},"categories":[1],"tags":[],"class_list":["post-87120","post","type-post","status-publish","format-standard","has-post-thumbnail","hentry","category-sin-categoria"],"yoast_head":"<!-- This site is optimized with the Yoast SEO plugin v27.3 - https:\/\/yoast.com\/product\/yoast-seo-wordpress\/ -->\n<title>Internacionales\/\/\/Carolina Alonso Romei\/\/\/Erupci\u00f3n del volc\u00e1n Semeru en Indonesia suma 34 muertos -<\/title>\n<meta name=\"robots\" content=\"index, follow, max-snippet:-1, max-image-preview:large, max-video-preview:-1\" \/>\n<link rel=\"canonical\" href=\"https:\/\/quehacerpolitico.mx\/?p=87120\" \/>\n<meta property=\"og:locale\" content=\"es_MX\" \/>\n<meta property=\"og:type\" content=\"article\" \/>\n<meta property=\"og:title\" content=\"Internacionales\/\/\/Carolina Alonso Romei\/\/\/Erupci\u00f3n del volc\u00e1n Semeru en Indonesia suma 34 muertos -\" \/>\n<meta property=\"og:description\" content=\"Por Carolina Alonso Romei Internacionalista Las autoridades indonesias han cifrado adem\u00e1s en 3,697 los desplazados...\" \/>\n<meta property=\"og:url\" content=\"https:\/\/quehacerpolitico.mx\/?p=87120\" \/>\n<meta property=\"article:published_time\" content=\"2021-12-07T14:22:19+00:00\" \/>\n<meta property=\"article:modified_time\" content=\"2021-12-07T14:22:25+00:00\" \/>\n<meta property=\"og:image\" content=\"https:\/\/quehacerpolitico.mx\/wp-content\/uploads\/2021\/12\/60F4E14B-F46C-4070-821E-AD2EB378B0E8.jpeg\" \/>\n\t<meta property=\"og:image:width\" content=\"1284\" \/>\n\t<meta property=\"og:image:height\" content=\"609\" \/>\n\t<meta property=\"og:image:type\" content=\"image\/jpeg\" \/>\n<meta name=\"author\" content=\"Redacci\u00f3n QP\" \/>\n<meta name=\"twitter:card\" content=\"summary_large_image\" \/>\n<meta name=\"twitter:label1\" content=\"Escrito por\" \/>\n\t<meta name=\"twitter:data1\" content=\"Redacci\u00f3n QP\" \/>\n\t<meta name=\"twitter:label2\" content=\"Tiempo de lectura\" \/>\n\t<meta name=\"twitter:data2\" content=\"2 minutos\" \/>\n<script type=\"application\/ld+json\" class=\"yoast-schema-graph\">{\"@context\":\"https:\\\/\\\/schema.org\",\"@graph\":[{\"@type\":\"Article\",\"@id\":\"https:\\\/\\\/quehacerpolitico.mx\\\/?p=87120#article\",\"isPartOf\":{\"@id\":\"https:\\\/\\\/quehacerpolitico.mx\\\/?p=87120\"},\"author\":{\"name\":\"Redacci\u00f3n QP\",\"@id\":\"https:\\\/\\\/quehacerpolitico.mx\\\/#\\\/schema\\\/person\\\/496d8ad2d1d3f8036101dca7ee39e585\"},\"headline\":\"Internacionales\\\/\\\/\\\/Carolina Alonso Romei\\\/\\\/\\\/Erupci\u00f3n del volc\u00e1n Semeru en Indonesia suma 34 muertos\",\"datePublished\":\"2021-12-07T14:22:19+00:00\",\"dateModified\":\"2021-12-07T14:22:25+00:00\",\"mainEntityOfPage\":{\"@id\":\"https:\\\/\\\/quehacerpolitico.mx\\\/?p=87120\"},\"wordCount\":404,\"commentCount\":0,\"image\":{\"@id\":\"https:\\\/\\\/quehacerpolitico.mx\\\/?p=87120#primaryimage\"},\"thumbnailUrl\":\"https:\\\/\\\/quehacerpolitico.mx\\\/wp-content\\\/uploads\\\/2021\\\/12\\\/60F4E14B-F46C-4070-821E-AD2EB378B0E8.jpeg\",\"articleSection\":[\"Internacionales\"],\"inLanguage\":\"es\",\"potentialAction\":[{\"@type\":\"CommentAction\",\"name\":\"Comment\",\"target\":[\"https:\\\/\\\/quehacerpolitico.mx\\\/?p=87120#respond\"]}]},{\"@type\":\"WebPage\",\"@id\":\"https:\\\/\\\/quehacerpolitico.mx\\\/?p=87120\",\"url\":\"https:\\\/\\\/quehacerpolitico.mx\\\/?p=87120\",\"name\":\"Internacionales\\\/\\\/\\\/Carolina Alonso Romei\\\/\\\/\\\/Erupci\u00f3n del volc\u00e1n Semeru en Indonesia suma 34 muertos -\",\"isPartOf\":{\"@id\":\"https:\\\/\\\/quehacerpolitico.mx\\\/#website\"},\"primaryImageOfPage\":{\"@id\":\"https:\\\/\\\/quehacerpolitico.mx\\\/?p=87120#primaryimage\"},\"image\":{\"@id\":\"https:\\\/\\\/quehacerpolitico.mx\\\/?p=87120#primaryimage\"},\"thumbnailUrl\":\"https:\\\/\\\/quehacerpolitico.mx\\\/wp-content\\\/uploads\\\/2021\\\/12\\\/60F4E14B-F46C-4070-821E-AD2EB378B0E8.jpeg\",\"datePublished\":\"2021-12-07T14:22:19+00:00\",\"dateModified\":\"2021-12-07T14:22:25+00:00\",\"author\":{\"@id\":\"https:\\\/\\\/quehacerpolitico.mx\\\/#\\\/schema\\\/person\\\/496d8ad2d1d3f8036101dca7ee39e585\"},\"breadcrumb\":{\"@id\":\"https:\\\/\\\/quehacerpolitico.mx\\\/?p=87120#breadcrumb\"},\"inLanguage\":\"es\",\"potentialAction\":[{\"@type\":\"ReadAction\",\"target\":[\"https:\\\/\\\/quehacerpolitico.mx\\\/?p=87120\"]}]},{\"@type\":\"ImageObject\",\"inLanguage\":\"es\",\"@id\":\"https:\\\/\\\/quehacerpolitico.mx\\\/?p=87120#primaryimage\",\"url\":\"https:\\\/\\\/quehacerpolitico.mx\\\/wp-content\\\/uploads\\\/2021\\\/12\\\/60F4E14B-F46C-4070-821E-AD2EB378B0E8.jpeg\",\"contentUrl\":\"https:\\\/\\\/quehacerpolitico.mx\\\/wp-content\\\/uploads\\\/2021\\\/12\\\/60F4E14B-F46C-4070-821E-AD2EB378B0E8.jpeg\",\"width\":1284,\"height\":609},{\"@type\":\"BreadcrumbList\",\"@id\":\"https:\\\/\\\/quehacerpolitico.mx\\\/?p=87120#breadcrumb\",\"itemListElement\":[{\"@type\":\"ListItem\",\"position\":1,\"name\":\"Inicio\",\"item\":\"https:\\\/\\\/quehacerpolitico.mx\\\/\"},{\"@type\":\"ListItem\",\"position\":2,\"name\":\"Internacionales\\\/\\\/\\\/Carolina Alonso Romei\\\/\\\/\\\/Erupci\u00f3n del volc\u00e1n Semeru en Indonesia suma 34 muertos\"}]},{\"@type\":\"WebSite\",\"@id\":\"https:\\\/\\\/quehacerpolitico.mx\\\/#website\",\"url\":\"https:\\\/\\\/quehacerpolitico.mx\\\/\",\"name\":\"\",\"description\":\"\",\"potentialAction\":[{\"@type\":\"SearchAction\",\"target\":{\"@type\":\"EntryPoint\",\"urlTemplate\":\"https:\\\/\\\/quehacerpolitico.mx\\\/?s={search_term_string}\"},\"query-input\":{\"@type\":\"PropertyValueSpecification\",\"valueRequired\":true,\"valueName\":\"search_term_string\"}}],\"inLanguage\":\"es\"},{\"@type\":\"Person\",\"@id\":\"https:\\\/\\\/quehacerpolitico.mx\\\/#\\\/schema\\\/person\\\/496d8ad2d1d3f8036101dca7ee39e585\",\"name\":\"Redacci\u00f3n QP\",\"image\":{\"@type\":\"ImageObject\",\"inLanguage\":\"es\",\"@id\":\"https:\\\/\\\/secure.gravatar.com\\\/avatar\\\/c7164ed6fdec453195284ad24a5ae5b6e1eed2b848477fa2a4787ba9adf39a41?s=96&d=mm&r=g\",\"url\":\"https:\\\/\\\/secure.gravatar.com\\\/avatar\\\/c7164ed6fdec453195284ad24a5ae5b6e1eed2b848477fa2a4787ba9adf39a41?s=96&d=mm&r=g\",\"contentUrl\":\"https:\\\/\\\/secure.gravatar.com\\\/avatar\\\/c7164ed6fdec453195284ad24a5ae5b6e1eed2b848477fa2a4787ba9adf39a41?s=96&d=mm&r=g\",\"caption\":\"Redacci\u00f3n QP\"},\"url\":\"https:\\\/\\\/quehacerpolitico.mx\\\/?author=2\"}]}<\/script>\n<!-- \/ Yoast SEO plugin. -->","yoast_head_json":{"title":"Internacionales\/\/\/Carolina Alonso Romei\/\/\/Erupci\u00f3n del volc\u00e1n Semeru en Indonesia suma 34 muertos -","robots":{"index":"index","follow":"follow","max-snippet":"max-snippet:-1","max-image-preview":"max-image-preview:large","max-video-preview":"max-video-preview:-1"},"canonical":"https:\/\/quehacerpolitico.mx\/?p=87120","og_locale":"es_MX","og_type":"article","og_title":"Internacionales\/\/\/Carolina Alonso Romei\/\/\/Erupci\u00f3n del volc\u00e1n Semeru en Indonesia suma 34 muertos -","og_description":"Por Carolina Alonso Romei Internacionalista Las autoridades indonesias han cifrado adem\u00e1s en 3,697 los desplazados...","og_url":"https:\/\/quehacerpolitico.mx\/?p=87120","article_published_time":"2021-12-07T14:22:19+00:00","article_modified_time":"2021-12-07T14:22:25+00:00","og_image":[{"width":1284,"height":609,"url":"https:\/\/quehacerpolitico.mx\/wp-content\/uploads\/2021\/12\/60F4E14B-F46C-4070-821E-AD2EB378B0E8.jpeg","type":"image\/jpeg"}],"author":"Redacci\u00f3n QP","twitter_card":"summary_large_image","twitter_misc":{"Escrito por":"Redacci\u00f3n QP","Tiempo de lectura":"2 minutos"},"schema":{"@context":"https:\/\/schema.org","@graph":[{"@type":"Article","@id":"https:\/\/quehacerpolitico.mx\/?p=87120#article","isPartOf":{"@id":"https:\/\/quehacerpolitico.mx\/?p=87120"},"author":{"name":"Redacci\u00f3n QP","@id":"https:\/\/quehacerpolitico.mx\/#\/schema\/person\/496d8ad2d1d3f8036101dca7ee39e585"},"headline":"Internacionales\/\/\/Carolina Alonso Romei\/\/\/Erupci\u00f3n del volc\u00e1n Semeru en Indonesia suma 34 muertos","datePublished":"2021-12-07T14:22:19+00:00","dateModified":"2021-12-07T14:22:25+00:00","mainEntityOfPage":{"@id":"https:\/\/quehacerpolitico.mx\/?p=87120"},"wordCount":404,"commentCount":0,"image":{"@id":"https:\/\/quehacerpolitico.mx\/?p=87120#primaryimage"},"thumbnailUrl":"https:\/\/quehacerpolitico.mx\/wp-content\/uploads\/2021\/12\/60F4E14B-F46C-4070-821E-AD2EB378B0E8.jpeg","articleSection":["Internacionales"],"inLanguage":"es","potentialAction":[{"@type":"CommentAction","name":"Comment","target":["https:\/\/quehacerpolitico.mx\/?p=87120#respond"]}]},{"@type":"WebPage","@id":"https:\/\/quehacerpolitico.mx\/?p=87120","url":"https:\/\/quehacerpolitico.mx\/?p=87120","name":"Internacionales\/\/\/Carolina Alonso Romei\/\/\/Erupci\u00f3n del volc\u00e1n Semeru en Indonesia suma 34 muertos -","isPartOf":{"@id":"https:\/\/quehacerpolitico.mx\/#website"},"primaryImageOfPage":{"@id":"https:\/\/quehacerpolitico.mx\/?p=87120#primaryimage"},"image":{"@id":"https:\/\/quehacerpolitico.mx\/?p=87120#primaryimage"},"thumbnailUrl":"https:\/\/quehacerpolitico.mx\/wp-content\/uploads\/2021\/12\/60F4E14B-F46C-4070-821E-AD2EB378B0E8.jpeg","datePublished":"2021-12-07T14:22:19+00:00","dateModified":"2021-12-07T14:22:25+00:00","author":{"@id":"https:\/\/quehacerpolitico.mx\/#\/schema\/person\/496d8ad2d1d3f8036101dca7ee39e585"},"breadcrumb":{"@id":"https:\/\/quehacerpolitico.mx\/?p=87120#breadcrumb"},"inLanguage":"es","potentialAction":[{"@type":"ReadAction","target":["https:\/\/quehacerpolitico.mx\/?p=87120"]}]},{"@type":"ImageObject","inLanguage":"es","@id":"https:\/\/quehacerpolitico.mx\/?p=87120#primaryimage","url":"https:\/\/quehacerpolitico.mx\/wp-content\/uploads\/2021\/12\/60F4E14B-F46C-4070-821E-AD2EB378B0E8.jpeg","contentUrl":"https:\/\/quehacerpolitico.mx\/wp-content\/uploads\/2021\/12\/60F4E14B-F46C-4070-821E-AD2EB378B0E8.jpeg","width":1284,"height":609},{"@type":"BreadcrumbList","@id":"https:\/\/quehacerpolitico.mx\/?p=87120#breadcrumb","itemListElement":[{"@type":"ListItem","position":1,"name":"Inicio","item":"https:\/\/quehacerpolitico.mx\/"},{"@type":"ListItem","position":2,"name":"Internacionales\/\/\/Carolina Alonso Romei\/\/\/Erupci\u00f3n del volc\u00e1n Semeru en Indonesia suma 34 muertos"}]},{"@type":"WebSite","@id":"https:\/\/quehacerpolitico.mx\/#website","url":"https:\/\/quehacerpolitico.mx\/","name":"","description":"","potentialAction":[{"@type":"SearchAction","target":{"@type":"EntryPoint","urlTemplate":"https:\/\/quehacerpolitico.mx\/?s={search_term_string}"},"query-input":{"@type":"PropertyValueSpecification","valueRequired":true,"valueName":"search_term_string"}}],"inLanguage":"es"},{"@type":"Person","@id":"https:\/\/quehacerpolitico.mx\/#\/schema\/person\/496d8ad2d1d3f8036101dca7ee39e585","name":"Redacci\u00f3n QP","image":{"@type":"ImageObject","inLanguage":"es","@id":"https:\/\/secure.gravatar.com\/avatar\/c7164ed6fdec453195284ad24a5ae5b6e1eed2b848477fa2a4787ba9adf39a41?s=96&d=mm&r=g","url":"https:\/\/secure.gravatar.com\/avatar\/c7164ed6fdec453195284ad24a5ae5b6e1eed2b848477fa2a4787ba9adf39a41?s=96&d=mm&r=g","contentUrl":"https:\/\/secure.gravatar.com\/avatar\/c7164ed6fdec453195284ad24a5ae5b6e1eed2b848477fa2a4787ba9adf39a41?s=96&d=mm&r=g","caption":"Redacci\u00f3n QP"},"url":"https:\/\/quehacerpolitico.mx\/?author=2"}]}},"featured_image_urls":{"full":["https:\/\/quehacerpolitico.mx\/wp-content\/uploads\/2021\/12\/60F4E14B-F46C-4070-821E-AD2EB378B0E8.jpeg",1284,609,false],"thumbnail":["https:\/\/quehacerpolitico.mx\/wp-content\/uploads\/2021\/12\/60F4E14B-F46C-4070-821E-AD2EB378B0E8-150x150.jpeg",150,150,true],"medium":["https:\/\/quehacerpolitico.mx\/wp-content\/uploads\/2021\/12\/60F4E14B-F46C-4070-821E-AD2EB378B0E8-300x142.jpeg",300,142,true],"medium_large":["https:\/\/quehacerpolitico.mx\/wp-content\/uploads\/2021\/12\/60F4E14B-F46C-4070-821E-AD2EB378B0E8-768x364.jpeg",640,303,true],"large":["https:\/\/quehacerpolitico.mx\/wp-content\/uploads\/2021\/12\/60F4E14B-F46C-4070-821E-AD2EB378B0E8-1024x486.jpeg",640,304,true],"1536x1536":["https:\/\/quehacerpolitico.mx\/wp-content\/uploads\/2021\/12\/60F4E14B-F46C-4070-821E-AD2EB378B0E8.jpeg",1284,609,false],"2048x2048":["https:\/\/quehacerpolitico.mx\/wp-content\/uploads\/2021\/12\/60F4E14B-F46C-4070-821E-AD2EB378B0E8.jpeg",1284,609,false],"covernews-featured":["https:\/\/quehacerpolitico.mx\/wp-content\/uploads\/2021\/12\/60F4E14B-F46C-4070-821E-AD2EB378B0E8.jpeg",1024,486,false],"covernews-medium":["https:\/\/quehacerpolitico.mx\/wp-content\/uploads\/2021\/12\/60F4E14B-F46C-4070-821E-AD2EB378B0E8.jpeg",540,256,false]},"author_info":{"display_name":"Redacci\u00f3n QP","author_link":"https:\/\/quehacerpolitico.mx\/?author=2"},"category_info":"<a href=\"https:\/\/quehacerpolitico.mx\/?cat=1\" rel=\"category\">Internacionales<\/a>","tag_info":"Internacionales","comment_count":"0","_links":{"self":[{"href":"https:\/\/quehacerpolitico.mx\/index.php?rest_route=\/wp\/v2\/posts\/87120","targetHints":{"allow":["GET"]}}],"collection":[{"href":"https:\/\/quehacerpolitico.mx\/index.php?rest_route=\/wp\/v2\/posts"}],"about":[{"href":"https:\/\/quehacerpolitico.mx\/index.php?rest_route=\/wp\/v2\/types\/post"}],"author":[{"embeddable":true,"href":"https:\/\/quehacerpolitico.mx\/index.php?rest_route=\/wp\/v2\/users\/2"}],"replies":[{"embeddable":true,"href":"https:\/\/quehacerpolitico.mx\/index.php?rest_route=%2Fwp%2Fv2%2Fcomments&post=87120"}],"version-history":[{"count":1,"href":"https:\/\/quehacerpolitico.mx\/index.php?rest_route=\/wp\/v2\/posts\/87120\/revisions"}],"predecessor-version":[{"id":87122,"href":"https:\/\/quehacerpolitico.mx\/index.php?rest_route=\/wp\/v2\/posts\/87120\/revisions\/87122"}],"wp:featuredmedia":[{"embeddable":true,"href":"https:\/\/quehacerpolitico.mx\/index.php?rest_route=\/wp\/v2\/media\/87121"}],"wp:attachment":[{"href":"https:\/\/quehacerpolitico.mx\/index.php?rest_route=%2Fwp%2Fv2%2Fmedia&parent=87120"}],"wp:term":[{"taxonomy":"category","embeddable":true,"href":"https:\/\/quehacerpolitico.mx\/index.php?rest_route=%2Fwp%2Fv2%2Fcategories&post=87120"},{"taxonomy":"post_tag","embeddable":true,"href":"https:\/\/quehacerpolitico.mx\/index.php?rest_route=%2Fwp%2Fv2%2Ftags&post=87120"}],"curies":[{"name":"wp","href":"https:\/\/api.w.org\/{rel}","templated":true}]}}