{"id":87117,"date":"2021-12-07T05:09:13","date_gmt":"2021-12-07T05:09:13","guid":{"rendered":"https:\/\/quehacerpolitico.mx\/?p=87117"},"modified":"2021-12-07T05:09:14","modified_gmt":"2021-12-07T05:09:14","slug":"santiago-nieto-responde-a-senalamientos-sobre-su-patrimonio","status":"publish","type":"post","link":"https:\/\/quehacerpolitico.mx\/?p=87117","title":{"rendered":"Santiago Nieto responde a se\u00f1alamientos sobre su patrimonio"},"content":{"rendered":"\n<p>Por Redacci\u00f3n QP<\/p>\n\n\n\n<p>El extitular de la UIF dice que no tiene nada qu\u00e9 esconder<\/p>\n\n\n\n<p>El extitular de la Unidad de Inteligencia Financiera (UIF) de M\u00e9xico,&nbsp;<strong>Santiago Nieto, neg\u00f3 hoy que su patrimonio haya aumentado<\/strong>, luego de se\u00f1alamientos sobre la adquisici\u00f3n de varias propiedades.<\/p>\n\n\n\n<p>&#8220;<strong>No hay nada qu\u00e9 esconder<\/strong>. Aumentaron mis deudas, no mi patrimonio. La informaci\u00f3n del cr\u00e9dito mancomunado que obtuve es p\u00fablica y mi esposa y yo lo estaremos pagando por 20 a\u00f1os. Todo est\u00e1 declarado ante el SAT (Servicio de Administraci\u00f3n Tributaria) y ante la SFP (Secretar\u00eda de la Funci\u00f3n P\u00fablica)&#8221;, se\u00f1al\u00f3 el exfuncionario en su cuenta oficial de Twitter.<\/p>\n\n\n\n<figure class=\"wp-block-embed is-type-rich is-provider-twitter wp-block-embed-twitter\"><div class=\"wp-block-embed__wrapper\">\n<blockquote class=\"twitter-tweet\" data-width=\"550\" data-dnt=\"true\"><p lang=\"es\" dir=\"ltr\">No hay nada que esconder. Aumentaron mis deudas, no mi patrimonio. La informaci\u00f3n del cr\u00e9dito mancomunado que obtuve es p\u00fablica y mi esposa y yo lo estaremos pagando por 20 a\u00f1os. Todo est\u00e1 declarado ante el SAT y ante la SFP.<\/p>&mdash; Santiago Nieto (@SNietoCastillo) <a href=\"https:\/\/twitter.com\/SNietoCastillo\/status\/1467878500304576512?ref_src=twsrc%5Etfw\">December 6, 2021<\/a><\/blockquote><script async src=\"https:\/\/platform.twitter.com\/widgets.js\" charset=\"utf-8\"><\/script>\n<\/div><\/figure>\n\n\n\n<p>Seg\u00fan una investigaci\u00f3n publicada este lunes por un diario nacional, durante los 25 meses que Nieto estuvo al frente de la instituci\u00f3n, acumul\u00f3 al menos cuatro propiedades y un veh\u00edculo valuados en 40 millones de pesos.<\/p>\n\n\n\n<p>La publicaci\u00f3n indica que el pasado 2 de diciembre se present\u00f3 una<strong>&nbsp;denuncia an\u00f3nima ante la Fiscal\u00eda General de la Rep\u00fablica<\/strong>&nbsp;(FGR) por el presunto enriquecimiento il\u00edcito que obtuvo el exfuncionario cuando estaba en su cargo, al cual renunci\u00f3 en noviembre pasado tras celebrar su pol\u00e9mica boda en Guatemala, que caus\u00f3 pol\u00e9mica por ser ostentosa.<\/p>\n\n\n\n<p>&#8220;Soy un hombre de principios y valores que siempre ha\u00a0<strong>luchado contra la corrupci\u00f3n, la impunidad y el abuso de poder<\/strong>. En eso consiste la Cuarta Transformaci\u00f3n de este pa\u00eds y me voy a mantener en esta lucha. Esas son mis causas&#8221;, agreg\u00f3 Nieto.<\/p>\n\n\n\n<figure class=\"wp-block-embed is-type-rich is-provider-twitter wp-block-embed-twitter\"><div class=\"wp-block-embed__wrapper\">\n<blockquote class=\"twitter-tweet\" data-width=\"550\" data-dnt=\"true\"><p lang=\"es\" dir=\"ltr\">Soy un hombre de principios y valores que siempre ha luchado contra la corrupci\u00f3n, la impunidad y el abuso de poder. En eso consiste la Cuarta Transformaci\u00f3n de este pa\u00eds y me voy a mantener en esta lucha. Esas son mis causas.<\/p>&mdash; Santiago Nieto (@SNietoCastillo) <a href=\"https:\/\/twitter.com\/SNietoCastillo\/status\/1467878706869899272?ref_src=twsrc%5Etfw\">December 6, 2021<\/a><\/blockquote><script async src=\"https:\/\/platform.twitter.com\/widgets.js\" charset=\"utf-8\"><\/script>\n<\/div><\/figure>\n\n\n\n<p>Seg\u00fan la publicaci\u00f3n, el extitular de la UIF ten\u00eda un sueldo neto de 107 mil 358 pesos mensuales.\u00a0Con esos ingresos, en diciembre de 2020 pudo adquirir una casa valuada en 24 millones de pesos, aunque seg\u00fan Nieto lo hizo bajo un cr\u00e9dito hipotecario en conjunto con su ahora esposa, Carla Humphrey, el cual pagar\u00e1n en 20 a\u00f1os.<\/p>\n\n\n\n<p>Adem\u00e1s, compr\u00f3 otra propiedad en Quer\u00e9taro por 1.6 millones de pesos y un departamento en el exclusivo barrio de Santa Fe con un costo de 8.2 millones de pesos.<\/p>\n\n\n\n<p>Entre las propiedades de Nieto, tambi\u00e9n est\u00e1 un Audi \u00faltimo modelo con un valor de 500 mil pesos.<\/p>\n\n\n\n<p>Nieto renunci\u00f3 a la UIF el pasado 8 de noviembre tras la&nbsp;<strong>pol\u00e9mica generada por su lujosa boda<\/strong>&nbsp;en Guatemala con la consejera del Instituto Nacional Electoral (INE) Carla Humphrey y la llegada de varios invitados en una avioneta con 35 mil d\u00f3lares en efectivo.<\/p>\n\n\n\n<h2 class=\"wp-block-heading\">La UIF investiga a Alejandro Gertz Manero<\/h2>\n\n\n\n<p>Tambi\u00e9n este lunes, el peri\u00f3dico El Universal revel\u00f3 que el&nbsp;<strong>fiscal general de M\u00e9xico, Alejandro Gertz Manero, est\u00e1 siendo investigado por la UIF<\/strong>&nbsp;-\u00f3rgano perteneciente a la Secretar\u00eda de Hacienda y Cr\u00e9dito P\u00fablico (SHCP)- la cual logr\u00f3 documentar que el funcionario tiene un amplio historial en transacciones millonarias y ha llegado a gastar millones de pesos en autos de lujo.<\/p>\n\n\n\n<p>De acuerdo con el reporte, la UIF encontr\u00f3 que entre 2013 y 2021 el fiscal gast\u00f3, en poco m\u00e1s de un a\u00f1o,\u00a0<strong>109 millones de pesos en autos de lujo<\/strong>.<\/p>\n\n\n\n<p>Adem\u00e1s, entre 2013 y 2014, Gertz Manero hizo varias transferencias internacionales por m\u00e1s de 4 millones de pesos cada una, cuya destinataria fue Mercedes Gertz a quien se le deposit\u00f3 en una cuenta estadounidense.<\/p>\n\n\n\n<p>Aunado a ello, en 2013, la UIF document\u00f3 que el fiscal<strong>&nbsp;recibi\u00f3 4 millones de d\u00f3lares en una cuenta<\/strong>del Bank of America y 37 mil 858 d\u00f3lares por parte de la Universidad de las Am\u00e9ricas A.C.<\/p>\n\n\n\n<p>El reporte tambi\u00e9n se\u00f1ala que Gertz Manero no ha permitido la difusi\u00f3n p\u00fablica de su declaraci\u00f3n patrimonial ni ha hecho p\u00fablico si tiene conflictos de inter\u00e9s.<\/p>\n\n\n\n<p>En diversas ocasiones, el Presidente Andr\u00e9s Manuel L\u00f3pez Obrador \u00a0ha sostenido que su Gobierno ha logrado erradicar la corrupci\u00f3n y ha destacado que en su gabinete hay solo personas honestas.<\/p>\n\n\n\n<p>Con Informaci\u00f3n de EFE<\/p>\n","protected":false},"excerpt":{"rendered":"<p>Por Redacci\u00f3n QP El extitular de la UIF dice que no tiene nada qu\u00e9 esconder&#8230;<\/p>\n","protected":false},"author":2,"featured_media":87118,"comment_status":"open","ping_status":"open","sticky":false,"template":"","format":"standard","meta":{"_monsterinsights_skip_tracking":false,"_monsterinsights_sitenote_active":false,"_monsterinsights_sitenote_note":"","_monsterinsights_sitenote_category":0,"footnotes":""},"categories":[2],"tags":[],"class_list":["post-87117","post","type-post","status-publish","format-standard","has-post-thumbnail","hentry","category-noticias"],"yoast_head":"<!-- This site is optimized with the Yoast SEO plugin v27.3 - https:\/\/yoast.com\/product\/yoast-seo-wordpress\/ -->\n<title>Santiago Nieto responde a se\u00f1alamientos sobre su patrimonio -<\/title>\n<meta name=\"robots\" content=\"index, follow, max-snippet:-1, max-image-preview:large, max-video-preview:-1\" \/>\n<link rel=\"canonical\" href=\"https:\/\/quehacerpolitico.mx\/?p=87117\" \/>\n<meta property=\"og:locale\" content=\"es_MX\" \/>\n<meta property=\"og:type\" content=\"article\" \/>\n<meta property=\"og:title\" content=\"Santiago Nieto responde a se\u00f1alamientos sobre su patrimonio -\" \/>\n<meta property=\"og:description\" content=\"Por Redacci\u00f3n QP El extitular de la UIF dice que no tiene nada qu\u00e9 esconder...\" \/>\n<meta property=\"og:url\" content=\"https:\/\/quehacerpolitico.mx\/?p=87117\" \/>\n<meta property=\"article:published_time\" content=\"2021-12-07T05:09:13+00:00\" \/>\n<meta property=\"article:modified_time\" content=\"2021-12-07T05:09:14+00:00\" \/>\n<meta property=\"og:image\" content=\"https:\/\/quehacerpolitico.mx\/wp-content\/uploads\/2021\/12\/B33014A1-0462-4E88-AFF3-5EC14578314E.jpeg\" \/>\n\t<meta property=\"og:image:width\" content=\"800\" \/>\n\t<meta property=\"og:image:height\" content=\"600\" \/>\n\t<meta property=\"og:image:type\" content=\"image\/jpeg\" \/>\n<meta name=\"author\" content=\"Redacci\u00f3n QP\" \/>\n<meta name=\"twitter:card\" content=\"summary_large_image\" \/>\n<meta name=\"twitter:label1\" content=\"Escrito por\" \/>\n\t<meta name=\"twitter:data1\" content=\"Redacci\u00f3n QP\" \/>\n\t<meta name=\"twitter:label2\" content=\"Tiempo de lectura\" \/>\n\t<meta name=\"twitter:data2\" content=\"3 minutos\" \/>\n<script type=\"application\/ld+json\" class=\"yoast-schema-graph\">{\"@context\":\"https:\\\/\\\/schema.org\",\"@graph\":[{\"@type\":\"Article\",\"@id\":\"https:\\\/\\\/quehacerpolitico.mx\\\/?p=87117#article\",\"isPartOf\":{\"@id\":\"https:\\\/\\\/quehacerpolitico.mx\\\/?p=87117\"},\"author\":{\"name\":\"Redacci\u00f3n QP\",\"@id\":\"https:\\\/\\\/quehacerpolitico.mx\\\/#\\\/schema\\\/person\\\/496d8ad2d1d3f8036101dca7ee39e585\"},\"headline\":\"Santiago Nieto responde a se\u00f1alamientos sobre su patrimonio\",\"datePublished\":\"2021-12-07T05:09:13+00:00\",\"dateModified\":\"2021-12-07T05:09:14+00:00\",\"mainEntityOfPage\":{\"@id\":\"https:\\\/\\\/quehacerpolitico.mx\\\/?p=87117\"},\"wordCount\":686,\"commentCount\":0,\"image\":{\"@id\":\"https:\\\/\\\/quehacerpolitico.mx\\\/?p=87117#primaryimage\"},\"thumbnailUrl\":\"https:\\\/\\\/quehacerpolitico.mx\\\/wp-content\\\/uploads\\\/2021\\\/12\\\/B33014A1-0462-4E88-AFF3-5EC14578314E.jpeg\",\"articleSection\":[\"Noticias\"],\"inLanguage\":\"es\",\"potentialAction\":[{\"@type\":\"CommentAction\",\"name\":\"Comment\",\"target\":[\"https:\\\/\\\/quehacerpolitico.mx\\\/?p=87117#respond\"]}]},{\"@type\":\"WebPage\",\"@id\":\"https:\\\/\\\/quehacerpolitico.mx\\\/?p=87117\",\"url\":\"https:\\\/\\\/quehacerpolitico.mx\\\/?p=87117\",\"name\":\"Santiago Nieto responde a se\u00f1alamientos sobre su patrimonio -\",\"isPartOf\":{\"@id\":\"https:\\\/\\\/quehacerpolitico.mx\\\/#website\"},\"primaryImageOfPage\":{\"@id\":\"https:\\\/\\\/quehacerpolitico.mx\\\/?p=87117#primaryimage\"},\"image\":{\"@id\":\"https:\\\/\\\/quehacerpolitico.mx\\\/?p=87117#primaryimage\"},\"thumbnailUrl\":\"https:\\\/\\\/quehacerpolitico.mx\\\/wp-content\\\/uploads\\\/2021\\\/12\\\/B33014A1-0462-4E88-AFF3-5EC14578314E.jpeg\",\"datePublished\":\"2021-12-07T05:09:13+00:00\",\"dateModified\":\"2021-12-07T05:09:14+00:00\",\"author\":{\"@id\":\"https:\\\/\\\/quehacerpolitico.mx\\\/#\\\/schema\\\/person\\\/496d8ad2d1d3f8036101dca7ee39e585\"},\"breadcrumb\":{\"@id\":\"https:\\\/\\\/quehacerpolitico.mx\\\/?p=87117#breadcrumb\"},\"inLanguage\":\"es\",\"potentialAction\":[{\"@type\":\"ReadAction\",\"target\":[\"https:\\\/\\\/quehacerpolitico.mx\\\/?p=87117\"]}]},{\"@type\":\"ImageObject\",\"inLanguage\":\"es\",\"@id\":\"https:\\\/\\\/quehacerpolitico.mx\\\/?p=87117#primaryimage\",\"url\":\"https:\\\/\\\/quehacerpolitico.mx\\\/wp-content\\\/uploads\\\/2021\\\/12\\\/B33014A1-0462-4E88-AFF3-5EC14578314E.jpeg\",\"contentUrl\":\"https:\\\/\\\/quehacerpolitico.mx\\\/wp-content\\\/uploads\\\/2021\\\/12\\\/B33014A1-0462-4E88-AFF3-5EC14578314E.jpeg\",\"width\":800,\"height\":600},{\"@type\":\"BreadcrumbList\",\"@id\":\"https:\\\/\\\/quehacerpolitico.mx\\\/?p=87117#breadcrumb\",\"itemListElement\":[{\"@type\":\"ListItem\",\"position\":1,\"name\":\"Inicio\",\"item\":\"https:\\\/\\\/quehacerpolitico.mx\\\/\"},{\"@type\":\"ListItem\",\"position\":2,\"name\":\"Santiago Nieto responde a se\u00f1alamientos sobre su patrimonio\"}]},{\"@type\":\"WebSite\",\"@id\":\"https:\\\/\\\/quehacerpolitico.mx\\\/#website\",\"url\":\"https:\\\/\\\/quehacerpolitico.mx\\\/\",\"name\":\"\",\"description\":\"\",\"potentialAction\":[{\"@type\":\"SearchAction\",\"target\":{\"@type\":\"EntryPoint\",\"urlTemplate\":\"https:\\\/\\\/quehacerpolitico.mx\\\/?s={search_term_string}\"},\"query-input\":{\"@type\":\"PropertyValueSpecification\",\"valueRequired\":true,\"valueName\":\"search_term_string\"}}],\"inLanguage\":\"es\"},{\"@type\":\"Person\",\"@id\":\"https:\\\/\\\/quehacerpolitico.mx\\\/#\\\/schema\\\/person\\\/496d8ad2d1d3f8036101dca7ee39e585\",\"name\":\"Redacci\u00f3n QP\",\"image\":{\"@type\":\"ImageObject\",\"inLanguage\":\"es\",\"@id\":\"https:\\\/\\\/secure.gravatar.com\\\/avatar\\\/c7164ed6fdec453195284ad24a5ae5b6e1eed2b848477fa2a4787ba9adf39a41?s=96&d=mm&r=g\",\"url\":\"https:\\\/\\\/secure.gravatar.com\\\/avatar\\\/c7164ed6fdec453195284ad24a5ae5b6e1eed2b848477fa2a4787ba9adf39a41?s=96&d=mm&r=g\",\"contentUrl\":\"https:\\\/\\\/secure.gravatar.com\\\/avatar\\\/c7164ed6fdec453195284ad24a5ae5b6e1eed2b848477fa2a4787ba9adf39a41?s=96&d=mm&r=g\",\"caption\":\"Redacci\u00f3n QP\"},\"url\":\"https:\\\/\\\/quehacerpolitico.mx\\\/?author=2\"}]}<\/script>\n<!-- \/ Yoast SEO plugin. -->","yoast_head_json":{"title":"Santiago Nieto responde a se\u00f1alamientos sobre su patrimonio -","robots":{"index":"index","follow":"follow","max-snippet":"max-snippet:-1","max-image-preview":"max-image-preview:large","max-video-preview":"max-video-preview:-1"},"canonical":"https:\/\/quehacerpolitico.mx\/?p=87117","og_locale":"es_MX","og_type":"article","og_title":"Santiago Nieto responde a se\u00f1alamientos sobre su patrimonio -","og_description":"Por Redacci\u00f3n QP El extitular de la UIF dice que no tiene nada qu\u00e9 esconder...","og_url":"https:\/\/quehacerpolitico.mx\/?p=87117","article_published_time":"2021-12-07T05:09:13+00:00","article_modified_time":"2021-12-07T05:09:14+00:00","og_image":[{"width":800,"height":600,"url":"https:\/\/quehacerpolitico.mx\/wp-content\/uploads\/2021\/12\/B33014A1-0462-4E88-AFF3-5EC14578314E.jpeg","type":"image\/jpeg"}],"author":"Redacci\u00f3n QP","twitter_card":"summary_large_image","twitter_misc":{"Escrito por":"Redacci\u00f3n QP","Tiempo de lectura":"3 minutos"},"schema":{"@context":"https:\/\/schema.org","@graph":[{"@type":"Article","@id":"https:\/\/quehacerpolitico.mx\/?p=87117#article","isPartOf":{"@id":"https:\/\/quehacerpolitico.mx\/?p=87117"},"author":{"name":"Redacci\u00f3n QP","@id":"https:\/\/quehacerpolitico.mx\/#\/schema\/person\/496d8ad2d1d3f8036101dca7ee39e585"},"headline":"Santiago Nieto responde a se\u00f1alamientos sobre su patrimonio","datePublished":"2021-12-07T05:09:13+00:00","dateModified":"2021-12-07T05:09:14+00:00","mainEntityOfPage":{"@id":"https:\/\/quehacerpolitico.mx\/?p=87117"},"wordCount":686,"commentCount":0,"image":{"@id":"https:\/\/quehacerpolitico.mx\/?p=87117#primaryimage"},"thumbnailUrl":"https:\/\/quehacerpolitico.mx\/wp-content\/uploads\/2021\/12\/B33014A1-0462-4E88-AFF3-5EC14578314E.jpeg","articleSection":["Noticias"],"inLanguage":"es","potentialAction":[{"@type":"CommentAction","name":"Comment","target":["https:\/\/quehacerpolitico.mx\/?p=87117#respond"]}]},{"@type":"WebPage","@id":"https:\/\/quehacerpolitico.mx\/?p=87117","url":"https:\/\/quehacerpolitico.mx\/?p=87117","name":"Santiago Nieto responde a se\u00f1alamientos sobre su patrimonio -","isPartOf":{"@id":"https:\/\/quehacerpolitico.mx\/#website"},"primaryImageOfPage":{"@id":"https:\/\/quehacerpolitico.mx\/?p=87117#primaryimage"},"image":{"@id":"https:\/\/quehacerpolitico.mx\/?p=87117#primaryimage"},"thumbnailUrl":"https:\/\/quehacerpolitico.mx\/wp-content\/uploads\/2021\/12\/B33014A1-0462-4E88-AFF3-5EC14578314E.jpeg","datePublished":"2021-12-07T05:09:13+00:00","dateModified":"2021-12-07T05:09:14+00:00","author":{"@id":"https:\/\/quehacerpolitico.mx\/#\/schema\/person\/496d8ad2d1d3f8036101dca7ee39e585"},"breadcrumb":{"@id":"https:\/\/quehacerpolitico.mx\/?p=87117#breadcrumb"},"inLanguage":"es","potentialAction":[{"@type":"ReadAction","target":["https:\/\/quehacerpolitico.mx\/?p=87117"]}]},{"@type":"ImageObject","inLanguage":"es","@id":"https:\/\/quehacerpolitico.mx\/?p=87117#primaryimage","url":"https:\/\/quehacerpolitico.mx\/wp-content\/uploads\/2021\/12\/B33014A1-0462-4E88-AFF3-5EC14578314E.jpeg","contentUrl":"https:\/\/quehacerpolitico.mx\/wp-content\/uploads\/2021\/12\/B33014A1-0462-4E88-AFF3-5EC14578314E.jpeg","width":800,"height":600},{"@type":"BreadcrumbList","@id":"https:\/\/quehacerpolitico.mx\/?p=87117#breadcrumb","itemListElement":[{"@type":"ListItem","position":1,"name":"Inicio","item":"https:\/\/quehacerpolitico.mx\/"},{"@type":"ListItem","position":2,"name":"Santiago Nieto responde a se\u00f1alamientos sobre su patrimonio"}]},{"@type":"WebSite","@id":"https:\/\/quehacerpolitico.mx\/#website","url":"https:\/\/quehacerpolitico.mx\/","name":"","description":"","potentialAction":[{"@type":"SearchAction","target":{"@type":"EntryPoint","urlTemplate":"https:\/\/quehacerpolitico.mx\/?s={search_term_string}"},"query-input":{"@type":"PropertyValueSpecification","valueRequired":true,"valueName":"search_term_string"}}],"inLanguage":"es"},{"@type":"Person","@id":"https:\/\/quehacerpolitico.mx\/#\/schema\/person\/496d8ad2d1d3f8036101dca7ee39e585","name":"Redacci\u00f3n QP","image":{"@type":"ImageObject","inLanguage":"es","@id":"https:\/\/secure.gravatar.com\/avatar\/c7164ed6fdec453195284ad24a5ae5b6e1eed2b848477fa2a4787ba9adf39a41?s=96&d=mm&r=g","url":"https:\/\/secure.gravatar.com\/avatar\/c7164ed6fdec453195284ad24a5ae5b6e1eed2b848477fa2a4787ba9adf39a41?s=96&d=mm&r=g","contentUrl":"https:\/\/secure.gravatar.com\/avatar\/c7164ed6fdec453195284ad24a5ae5b6e1eed2b848477fa2a4787ba9adf39a41?s=96&d=mm&r=g","caption":"Redacci\u00f3n QP"},"url":"https:\/\/quehacerpolitico.mx\/?author=2"}]}},"featured_image_urls":{"full":["https:\/\/quehacerpolitico.mx\/wp-content\/uploads\/2021\/12\/B33014A1-0462-4E88-AFF3-5EC14578314E.jpeg",800,600,false],"thumbnail":["https:\/\/quehacerpolitico.mx\/wp-content\/uploads\/2021\/12\/B33014A1-0462-4E88-AFF3-5EC14578314E-150x150.jpeg",150,150,true],"medium":["https:\/\/quehacerpolitico.mx\/wp-content\/uploads\/2021\/12\/B33014A1-0462-4E88-AFF3-5EC14578314E-300x225.jpeg",300,225,true],"medium_large":["https:\/\/quehacerpolitico.mx\/wp-content\/uploads\/2021\/12\/B33014A1-0462-4E88-AFF3-5EC14578314E-768x576.jpeg",640,480,true],"large":["https:\/\/quehacerpolitico.mx\/wp-content\/uploads\/2021\/12\/B33014A1-0462-4E88-AFF3-5EC14578314E.jpeg",640,480,false],"1536x1536":["https:\/\/quehacerpolitico.mx\/wp-content\/uploads\/2021\/12\/B33014A1-0462-4E88-AFF3-5EC14578314E.jpeg",800,600,false],"2048x2048":["https:\/\/quehacerpolitico.mx\/wp-content\/uploads\/2021\/12\/B33014A1-0462-4E88-AFF3-5EC14578314E.jpeg",800,600,false],"covernews-featured":["https:\/\/quehacerpolitico.mx\/wp-content\/uploads\/2021\/12\/B33014A1-0462-4E88-AFF3-5EC14578314E.jpeg",800,600,false],"covernews-medium":["https:\/\/quehacerpolitico.mx\/wp-content\/uploads\/2021\/12\/B33014A1-0462-4E88-AFF3-5EC14578314E.jpeg",453,340,false]},"author_info":{"display_name":"Redacci\u00f3n QP","author_link":"https:\/\/quehacerpolitico.mx\/?author=2"},"category_info":"<a href=\"https:\/\/quehacerpolitico.mx\/?cat=2\" rel=\"category\">Noticias<\/a>","tag_info":"Noticias","comment_count":"0","_links":{"self":[{"href":"https:\/\/quehacerpolitico.mx\/index.php?rest_route=\/wp\/v2\/posts\/87117","targetHints":{"allow":["GET"]}}],"collection":[{"href":"https:\/\/quehacerpolitico.mx\/index.php?rest_route=\/wp\/v2\/posts"}],"about":[{"href":"https:\/\/quehacerpolitico.mx\/index.php?rest_route=\/wp\/v2\/types\/post"}],"author":[{"embeddable":true,"href":"https:\/\/quehacerpolitico.mx\/index.php?rest_route=\/wp\/v2\/users\/2"}],"replies":[{"embeddable":true,"href":"https:\/\/quehacerpolitico.mx\/index.php?rest_route=%2Fwp%2Fv2%2Fcomments&post=87117"}],"version-history":[{"count":1,"href":"https:\/\/quehacerpolitico.mx\/index.php?rest_route=\/wp\/v2\/posts\/87117\/revisions"}],"predecessor-version":[{"id":87119,"href":"https:\/\/quehacerpolitico.mx\/index.php?rest_route=\/wp\/v2\/posts\/87117\/revisions\/87119"}],"wp:featuredmedia":[{"embeddable":true,"href":"https:\/\/quehacerpolitico.mx\/index.php?rest_route=\/wp\/v2\/media\/87118"}],"wp:attachment":[{"href":"https:\/\/quehacerpolitico.mx\/index.php?rest_route=%2Fwp%2Fv2%2Fmedia&parent=87117"}],"wp:term":[{"taxonomy":"category","embeddable":true,"href":"https:\/\/quehacerpolitico.mx\/index.php?rest_route=%2Fwp%2Fv2%2Fcategories&post=87117"},{"taxonomy":"post_tag","embeddable":true,"href":"https:\/\/quehacerpolitico.mx\/index.php?rest_route=%2Fwp%2Fv2%2Ftags&post=87117"}],"curies":[{"name":"wp","href":"https:\/\/api.w.org\/{rel}","templated":true}]}}