{"id":87114,"date":"2021-12-07T04:52:27","date_gmt":"2021-12-07T04:52:27","guid":{"rendered":"https:\/\/quehacerpolitico.mx\/?p=87114"},"modified":"2021-12-07T04:52:29","modified_gmt":"2021-12-07T04:52:29","slug":"don-neto-y-su-relacion-con-los-famosos","status":"publish","type":"post","link":"https:\/\/quehacerpolitico.mx\/?p=87114","title":{"rendered":"&#8220;Don Neto&#8221; y su relaci\u00f3n con los famosos"},"content":{"rendered":"\n<p>Por Redacci\u00f3n QP<\/p>\n\n\n\n<p>Luego de la publicaci\u00f3n del libro &#8220;Emma y las otras se\u00f1oras del narco&#8221;, de Anabel Hern\u00e1ndez<\/p>\n\n\n\n<p>La relaci\u00f3n entre las famosas y los narcotraficantes ha regresado a la palestra, luego de la publicaci\u00f3n del libro&nbsp;<strong>&#8220;Emma y las otras se\u00f1oras del narco&#8221;, de Anabel Hern\u00e1ndez<\/strong>.<\/p>\n\n\n\n<p>Hern\u00e1ndez puntualiz\u00f3 que su investigaci\u00f3n inicial no buscaba encontrar nombres del espect\u00e1culo, pues la hip\u00f3tesis original era ver el rol de la mujer en los n\u00facleos internos de los c\u00e1rteles de la droga.<\/p>\n\n\n\n<p>&#8220;No sab\u00edan qui\u00e9nes eran (las mujeres). Ya ten\u00eda identificada Emma Coronel, por supuesto, a Diana Espinosa Aguilar, la esposa de Rafael Caro Quintero (l\u00edder en los 80&#8217;s), pero todo lo dem\u00e1s era en la b\u00fasqueda de qu\u00e9 hay ah\u00ed&#8221;.<\/p>\n\n\n\n<p><strong>Tras su investigaci\u00f3n, Anabel Hern\u00e1ndez revel\u00f3 nombres como Galilea Montijo, Ninel Conde, Arleth Ter\u00e1n, Alicia Machado, as\u00ed como Sergio Mayer, Andr\u00e9s Garc\u00eda, Joan Sebastian y Antonio Aguilar<\/strong>.<\/p>\n\n\n\n<p>Sin embargo, tambi\u00e9n aparecen algunas famosas que ya no se encuentran en activo.<\/p>\n\n\n\n<h2 class=\"wp-block-heading\">&#8220;Don Neto&#8221;<\/h2>\n\n\n\n<p><strong>Ernesto Fonseca, conocido como &#8220;Don Neto&#8221;, fue uno de los l\u00edderes del c\u00e1rtel de Guadalajara en los a\u00f1os 80<\/strong>. Sus socios, Rafael Caro Quintero y Miguel \u00c1ngel F\u00e9lix Gallardo junto con \u00e9l est\u00e1n acusados de asesinar al agente de la DEA, Enrique &#8220;Kiki&#8221; Camarena.<\/p>\n\n\n\n<h2 class=\"wp-block-heading\">&#8220;Don Neto&#8221; coleccionaba mujeres<\/h2>\n\n\n\n<p>Durante sus a\u00f1os de reinado en el narcotr\u00e1fico, &#8220;Don Neto&#8221; no solo compraba propiedades, autos y oro,\u00a0<strong>tambi\u00e9n &#8220;compraba gente&#8221;<\/strong>, seg\u00fan el libro de Anabel Hern\u00e1ndez.<\/p>\n\n\n\n<p>Con testimonios de testigos que trabajaron con Fonseca, la periodista relata que&nbsp;<strong>el capo era adicto al sexo y le gustaba tener diversas amantes<\/strong>, a las cuales buscaba no solo por su belleza, sino tambi\u00e9n por su fortuna.<\/p>\n\n\n\n<h2 class=\"wp-block-heading\">Lucha Villa<\/h2>\n\n\n\n<p>En &#8220;Emma y las otras se\u00f1oras del narco&#8221;, persona que trabajaron con &#8220;Don Neto&#8221; recuerdan que&nbsp;<strong>la cantante Lucha Villa fue una de sus consentidas<\/strong>.<\/p>\n\n\n\n<p>&#8220;Cuando se encontr\u00f3 con &#8216;Don Neto&#8217; ten\u00eda 48 a\u00f1os. Se qued\u00f3 en la habitaci\u00f3n con el capo cerca de dos horas (&#8230;) Ya nom\u00e1s ella sali\u00f3,&nbsp;<strong>la vi bajando con una sonrisa y unas esmeraldas gigantes color verde, con anillos y esclavas a juego&#8221;<\/strong>, se\u00f1ala el libro.<\/p>\n\n\n\n<h2 class=\"wp-block-heading\">Lucha Villa, de joven<\/h2>\n\n\n\n<p>Lucha Villa, quien grab\u00f3 canciones de Jos\u00e9 Alfredo Jim\u00e9nez, mide 1.75, es originaria de Chihuahua y su nombre real es Luz Elena Ruiz Bejarano.<\/p>\n\n\n\n<p>Con una voz ronca y fuerte, Lucha Villa tambi\u00e9n hizo decenas de pel\u00edculas en cine.<\/p>\n\n\n\n<p>Pero su afici\u00f3n a las cirug\u00edas pl\u00e1sticas acab\u00f3 con su carrera cuando en 1997 se realiz\u00f3 una liposucci\u00f3n que sali\u00f3 mal. Seg\u00fan las notas de aquella \u00e9poca, la cantante de &#8220;No discutamos&#8221; entr\u00f3 en un paro cardiorespiratorio, lo que da\u00f1\u00f3 su sistema nervioso para siempre.<\/p>\n\n\n\n<p>Tras esa cirug\u00eda est\u00e9tica, Lucha Villa se retir\u00f3 de los escenarios.<\/p>\n\n\n\n<h2 class=\"wp-block-heading\">Marcela Rubiales<\/h2>\n\n\n\n<p>Uno de los testigos a los que Anabel Hern\u00e1ndez entrevist\u00f3 para su libro se\u00f1al\u00f3 directamente a la hija de Flor Silvestre como una de las mujeres de &#8220;Don Neto&#8221;, a quien iban a recoger para las fiestas del capo.<\/p>\n\n\n\n<p>Media<strong>&nbsp;hermana de Pepe Aguilar, Marcela Rubiales fue muy popular en la d\u00e9cada de los 80<\/strong>.<\/p>\n\n\n\n<p>Alta y de piel blanca, Marcela Rubiales es hija de Flor Silvestre y Paco Malgesto. La cantante se cas\u00f3 con el boxeador Ricardo Arredonde y tuvo una hija con \u00e9l. La peque\u00f1a falleci\u00f3 en febrero de 2004.<\/p>\n\n\n\n<h2 class=\"wp-block-heading\">Zoyla Flor<\/h2>\n\n\n\n<p>Marcela Rubiales supuestamente introdujo a Zoyla Flor en la vida de &#8220;Don Neto&#8221; para relevarla.<\/p>\n\n\n\n<p>Seg\u00fan el libro,&nbsp;<strong>ambas visitaban al l\u00edder del c\u00e1rtel de Guadalajara, quien les regalaba joyas y dinero, igual que a Lucha Villa<\/strong>.<\/p>\n\n\n\n<p>Conocida como &#8220;La morenita de voz de oro&#8221;, su carrera no prosper\u00f3 durante mucho tiempo, al igual que la de Marcela Rubiales.<\/p>\n\n\n\n<h2 class=\"wp-block-heading\">Antonio Aguilar<\/h2>\n\n\n\n<p>Cuenta Anabel Hern\u00e1ndez que el padrastro de Marcela Rubiales, lleg\u00f3 a ser amigo de Ernesto Fonseca, &#8220;Don Neto&#8221;.<\/p>\n\n\n\n<p>Su gusto por los caballos y por la figura de Lamberto Quintero uni\u00f3 a Antonio Aguilar y al capo, sin embargo,&nbsp;<strong>en el libro no se menciona que el cantante haya participado en el narcotr\u00e1fico<\/strong>, como s\u00ed se menciona de Joan Sebastian y su hermano Federico Figueroa.<\/p>\n","protected":false},"excerpt":{"rendered":"<p>Por Redacci\u00f3n QP Luego de la publicaci\u00f3n del libro &#8220;Emma y las otras se\u00f1oras del&#8230;<\/p>\n","protected":false},"author":2,"featured_media":87115,"comment_status":"open","ping_status":"open","sticky":false,"template":"","format":"standard","meta":{"_monsterinsights_skip_tracking":false,"_monsterinsights_sitenote_active":false,"_monsterinsights_sitenote_note":"","_monsterinsights_sitenote_category":0,"footnotes":""},"categories":[58],"tags":[],"class_list":["post-87114","post","type-post","status-publish","format-standard","has-post-thumbnail","hentry","category-cultura"],"yoast_head":"<!-- This site is optimized with the Yoast SEO plugin v27.3 - https:\/\/yoast.com\/product\/yoast-seo-wordpress\/ -->\n<title>&quot;Don Neto&quot; y su relaci\u00f3n con los famosos -<\/title>\n<meta name=\"robots\" content=\"index, follow, max-snippet:-1, max-image-preview:large, max-video-preview:-1\" \/>\n<link rel=\"canonical\" href=\"https:\/\/quehacerpolitico.mx\/?p=87114\" \/>\n<meta property=\"og:locale\" content=\"es_MX\" \/>\n<meta property=\"og:type\" content=\"article\" \/>\n<meta property=\"og:title\" content=\"&quot;Don Neto&quot; y su relaci\u00f3n con los famosos -\" \/>\n<meta property=\"og:description\" content=\"Por Redacci\u00f3n QP Luego de la publicaci\u00f3n del libro &#8220;Emma y las otras se\u00f1oras del...\" \/>\n<meta property=\"og:url\" content=\"https:\/\/quehacerpolitico.mx\/?p=87114\" \/>\n<meta property=\"article:published_time\" content=\"2021-12-07T04:52:27+00:00\" \/>\n<meta property=\"article:modified_time\" content=\"2021-12-07T04:52:29+00:00\" \/>\n<meta property=\"og:image\" content=\"https:\/\/quehacerpolitico.mx\/wp-content\/uploads\/2021\/12\/3B30DB50-812C-4DCA-BC20-7D806BCE0F9A.jpeg\" \/>\n\t<meta property=\"og:image:width\" content=\"739\" \/>\n\t<meta property=\"og:image:height\" content=\"415\" \/>\n\t<meta property=\"og:image:type\" content=\"image\/jpeg\" \/>\n<meta name=\"author\" content=\"Redacci\u00f3n QP\" \/>\n<meta name=\"twitter:card\" content=\"summary_large_image\" \/>\n<meta name=\"twitter:label1\" content=\"Escrito por\" \/>\n\t<meta name=\"twitter:data1\" content=\"Redacci\u00f3n QP\" \/>\n\t<meta name=\"twitter:label2\" content=\"Tiempo de lectura\" \/>\n\t<meta name=\"twitter:data2\" content=\"4 minutos\" \/>\n<script type=\"application\/ld+json\" class=\"yoast-schema-graph\">{\"@context\":\"https:\\\/\\\/schema.org\",\"@graph\":[{\"@type\":\"Article\",\"@id\":\"https:\\\/\\\/quehacerpolitico.mx\\\/?p=87114#article\",\"isPartOf\":{\"@id\":\"https:\\\/\\\/quehacerpolitico.mx\\\/?p=87114\"},\"author\":{\"name\":\"Redacci\u00f3n QP\",\"@id\":\"https:\\\/\\\/quehacerpolitico.mx\\\/#\\\/schema\\\/person\\\/496d8ad2d1d3f8036101dca7ee39e585\"},\"headline\":\"&#8220;Don Neto&#8221; y su relaci\u00f3n con los famosos\",\"datePublished\":\"2021-12-07T04:52:27+00:00\",\"dateModified\":\"2021-12-07T04:52:29+00:00\",\"mainEntityOfPage\":{\"@id\":\"https:\\\/\\\/quehacerpolitico.mx\\\/?p=87114\"},\"wordCount\":740,\"commentCount\":0,\"image\":{\"@id\":\"https:\\\/\\\/quehacerpolitico.mx\\\/?p=87114#primaryimage\"},\"thumbnailUrl\":\"https:\\\/\\\/quehacerpolitico.mx\\\/wp-content\\\/uploads\\\/2021\\\/12\\\/3B30DB50-812C-4DCA-BC20-7D806BCE0F9A.jpeg\",\"articleSection\":[\"Cultura y Entretenimiento\"],\"inLanguage\":\"es\",\"potentialAction\":[{\"@type\":\"CommentAction\",\"name\":\"Comment\",\"target\":[\"https:\\\/\\\/quehacerpolitico.mx\\\/?p=87114#respond\"]}]},{\"@type\":\"WebPage\",\"@id\":\"https:\\\/\\\/quehacerpolitico.mx\\\/?p=87114\",\"url\":\"https:\\\/\\\/quehacerpolitico.mx\\\/?p=87114\",\"name\":\"\\\"Don Neto\\\" y su relaci\u00f3n con los famosos -\",\"isPartOf\":{\"@id\":\"https:\\\/\\\/quehacerpolitico.mx\\\/#website\"},\"primaryImageOfPage\":{\"@id\":\"https:\\\/\\\/quehacerpolitico.mx\\\/?p=87114#primaryimage\"},\"image\":{\"@id\":\"https:\\\/\\\/quehacerpolitico.mx\\\/?p=87114#primaryimage\"},\"thumbnailUrl\":\"https:\\\/\\\/quehacerpolitico.mx\\\/wp-content\\\/uploads\\\/2021\\\/12\\\/3B30DB50-812C-4DCA-BC20-7D806BCE0F9A.jpeg\",\"datePublished\":\"2021-12-07T04:52:27+00:00\",\"dateModified\":\"2021-12-07T04:52:29+00:00\",\"author\":{\"@id\":\"https:\\\/\\\/quehacerpolitico.mx\\\/#\\\/schema\\\/person\\\/496d8ad2d1d3f8036101dca7ee39e585\"},\"breadcrumb\":{\"@id\":\"https:\\\/\\\/quehacerpolitico.mx\\\/?p=87114#breadcrumb\"},\"inLanguage\":\"es\",\"potentialAction\":[{\"@type\":\"ReadAction\",\"target\":[\"https:\\\/\\\/quehacerpolitico.mx\\\/?p=87114\"]}]},{\"@type\":\"ImageObject\",\"inLanguage\":\"es\",\"@id\":\"https:\\\/\\\/quehacerpolitico.mx\\\/?p=87114#primaryimage\",\"url\":\"https:\\\/\\\/quehacerpolitico.mx\\\/wp-content\\\/uploads\\\/2021\\\/12\\\/3B30DB50-812C-4DCA-BC20-7D806BCE0F9A.jpeg\",\"contentUrl\":\"https:\\\/\\\/quehacerpolitico.mx\\\/wp-content\\\/uploads\\\/2021\\\/12\\\/3B30DB50-812C-4DCA-BC20-7D806BCE0F9A.jpeg\",\"width\":739,\"height\":415},{\"@type\":\"BreadcrumbList\",\"@id\":\"https:\\\/\\\/quehacerpolitico.mx\\\/?p=87114#breadcrumb\",\"itemListElement\":[{\"@type\":\"ListItem\",\"position\":1,\"name\":\"Inicio\",\"item\":\"https:\\\/\\\/quehacerpolitico.mx\\\/\"},{\"@type\":\"ListItem\",\"position\":2,\"name\":\"&#8220;Don Neto&#8221; y su relaci\u00f3n con los famosos\"}]},{\"@type\":\"WebSite\",\"@id\":\"https:\\\/\\\/quehacerpolitico.mx\\\/#website\",\"url\":\"https:\\\/\\\/quehacerpolitico.mx\\\/\",\"name\":\"\",\"description\":\"\",\"potentialAction\":[{\"@type\":\"SearchAction\",\"target\":{\"@type\":\"EntryPoint\",\"urlTemplate\":\"https:\\\/\\\/quehacerpolitico.mx\\\/?s={search_term_string}\"},\"query-input\":{\"@type\":\"PropertyValueSpecification\",\"valueRequired\":true,\"valueName\":\"search_term_string\"}}],\"inLanguage\":\"es\"},{\"@type\":\"Person\",\"@id\":\"https:\\\/\\\/quehacerpolitico.mx\\\/#\\\/schema\\\/person\\\/496d8ad2d1d3f8036101dca7ee39e585\",\"name\":\"Redacci\u00f3n QP\",\"image\":{\"@type\":\"ImageObject\",\"inLanguage\":\"es\",\"@id\":\"https:\\\/\\\/secure.gravatar.com\\\/avatar\\\/c7164ed6fdec453195284ad24a5ae5b6e1eed2b848477fa2a4787ba9adf39a41?s=96&d=mm&r=g\",\"url\":\"https:\\\/\\\/secure.gravatar.com\\\/avatar\\\/c7164ed6fdec453195284ad24a5ae5b6e1eed2b848477fa2a4787ba9adf39a41?s=96&d=mm&r=g\",\"contentUrl\":\"https:\\\/\\\/secure.gravatar.com\\\/avatar\\\/c7164ed6fdec453195284ad24a5ae5b6e1eed2b848477fa2a4787ba9adf39a41?s=96&d=mm&r=g\",\"caption\":\"Redacci\u00f3n QP\"},\"url\":\"https:\\\/\\\/quehacerpolitico.mx\\\/?author=2\"}]}<\/script>\n<!-- \/ Yoast SEO plugin. -->","yoast_head_json":{"title":"\"Don Neto\" y su relaci\u00f3n con los famosos -","robots":{"index":"index","follow":"follow","max-snippet":"max-snippet:-1","max-image-preview":"max-image-preview:large","max-video-preview":"max-video-preview:-1"},"canonical":"https:\/\/quehacerpolitico.mx\/?p=87114","og_locale":"es_MX","og_type":"article","og_title":"\"Don Neto\" y su relaci\u00f3n con los famosos -","og_description":"Por Redacci\u00f3n QP Luego de la publicaci\u00f3n del libro &#8220;Emma y las otras se\u00f1oras del...","og_url":"https:\/\/quehacerpolitico.mx\/?p=87114","article_published_time":"2021-12-07T04:52:27+00:00","article_modified_time":"2021-12-07T04:52:29+00:00","og_image":[{"width":739,"height":415,"url":"https:\/\/quehacerpolitico.mx\/wp-content\/uploads\/2021\/12\/3B30DB50-812C-4DCA-BC20-7D806BCE0F9A.jpeg","type":"image\/jpeg"}],"author":"Redacci\u00f3n QP","twitter_card":"summary_large_image","twitter_misc":{"Escrito por":"Redacci\u00f3n QP","Tiempo de lectura":"4 minutos"},"schema":{"@context":"https:\/\/schema.org","@graph":[{"@type":"Article","@id":"https:\/\/quehacerpolitico.mx\/?p=87114#article","isPartOf":{"@id":"https:\/\/quehacerpolitico.mx\/?p=87114"},"author":{"name":"Redacci\u00f3n QP","@id":"https:\/\/quehacerpolitico.mx\/#\/schema\/person\/496d8ad2d1d3f8036101dca7ee39e585"},"headline":"&#8220;Don Neto&#8221; y su relaci\u00f3n con los famosos","datePublished":"2021-12-07T04:52:27+00:00","dateModified":"2021-12-07T04:52:29+00:00","mainEntityOfPage":{"@id":"https:\/\/quehacerpolitico.mx\/?p=87114"},"wordCount":740,"commentCount":0,"image":{"@id":"https:\/\/quehacerpolitico.mx\/?p=87114#primaryimage"},"thumbnailUrl":"https:\/\/quehacerpolitico.mx\/wp-content\/uploads\/2021\/12\/3B30DB50-812C-4DCA-BC20-7D806BCE0F9A.jpeg","articleSection":["Cultura y Entretenimiento"],"inLanguage":"es","potentialAction":[{"@type":"CommentAction","name":"Comment","target":["https:\/\/quehacerpolitico.mx\/?p=87114#respond"]}]},{"@type":"WebPage","@id":"https:\/\/quehacerpolitico.mx\/?p=87114","url":"https:\/\/quehacerpolitico.mx\/?p=87114","name":"\"Don Neto\" y su relaci\u00f3n con los famosos -","isPartOf":{"@id":"https:\/\/quehacerpolitico.mx\/#website"},"primaryImageOfPage":{"@id":"https:\/\/quehacerpolitico.mx\/?p=87114#primaryimage"},"image":{"@id":"https:\/\/quehacerpolitico.mx\/?p=87114#primaryimage"},"thumbnailUrl":"https:\/\/quehacerpolitico.mx\/wp-content\/uploads\/2021\/12\/3B30DB50-812C-4DCA-BC20-7D806BCE0F9A.jpeg","datePublished":"2021-12-07T04:52:27+00:00","dateModified":"2021-12-07T04:52:29+00:00","author":{"@id":"https:\/\/quehacerpolitico.mx\/#\/schema\/person\/496d8ad2d1d3f8036101dca7ee39e585"},"breadcrumb":{"@id":"https:\/\/quehacerpolitico.mx\/?p=87114#breadcrumb"},"inLanguage":"es","potentialAction":[{"@type":"ReadAction","target":["https:\/\/quehacerpolitico.mx\/?p=87114"]}]},{"@type":"ImageObject","inLanguage":"es","@id":"https:\/\/quehacerpolitico.mx\/?p=87114#primaryimage","url":"https:\/\/quehacerpolitico.mx\/wp-content\/uploads\/2021\/12\/3B30DB50-812C-4DCA-BC20-7D806BCE0F9A.jpeg","contentUrl":"https:\/\/quehacerpolitico.mx\/wp-content\/uploads\/2021\/12\/3B30DB50-812C-4DCA-BC20-7D806BCE0F9A.jpeg","width":739,"height":415},{"@type":"BreadcrumbList","@id":"https:\/\/quehacerpolitico.mx\/?p=87114#breadcrumb","itemListElement":[{"@type":"ListItem","position":1,"name":"Inicio","item":"https:\/\/quehacerpolitico.mx\/"},{"@type":"ListItem","position":2,"name":"&#8220;Don Neto&#8221; y su relaci\u00f3n con los famosos"}]},{"@type":"WebSite","@id":"https:\/\/quehacerpolitico.mx\/#website","url":"https:\/\/quehacerpolitico.mx\/","name":"","description":"","potentialAction":[{"@type":"SearchAction","target":{"@type":"EntryPoint","urlTemplate":"https:\/\/quehacerpolitico.mx\/?s={search_term_string}"},"query-input":{"@type":"PropertyValueSpecification","valueRequired":true,"valueName":"search_term_string"}}],"inLanguage":"es"},{"@type":"Person","@id":"https:\/\/quehacerpolitico.mx\/#\/schema\/person\/496d8ad2d1d3f8036101dca7ee39e585","name":"Redacci\u00f3n QP","image":{"@type":"ImageObject","inLanguage":"es","@id":"https:\/\/secure.gravatar.com\/avatar\/c7164ed6fdec453195284ad24a5ae5b6e1eed2b848477fa2a4787ba9adf39a41?s=96&d=mm&r=g","url":"https:\/\/secure.gravatar.com\/avatar\/c7164ed6fdec453195284ad24a5ae5b6e1eed2b848477fa2a4787ba9adf39a41?s=96&d=mm&r=g","contentUrl":"https:\/\/secure.gravatar.com\/avatar\/c7164ed6fdec453195284ad24a5ae5b6e1eed2b848477fa2a4787ba9adf39a41?s=96&d=mm&r=g","caption":"Redacci\u00f3n QP"},"url":"https:\/\/quehacerpolitico.mx\/?author=2"}]}},"featured_image_urls":{"full":["https:\/\/quehacerpolitico.mx\/wp-content\/uploads\/2021\/12\/3B30DB50-812C-4DCA-BC20-7D806BCE0F9A.jpeg",739,415,false],"thumbnail":["https:\/\/quehacerpolitico.mx\/wp-content\/uploads\/2021\/12\/3B30DB50-812C-4DCA-BC20-7D806BCE0F9A-150x150.jpeg",150,150,true],"medium":["https:\/\/quehacerpolitico.mx\/wp-content\/uploads\/2021\/12\/3B30DB50-812C-4DCA-BC20-7D806BCE0F9A-300x168.jpeg",300,168,true],"medium_large":["https:\/\/quehacerpolitico.mx\/wp-content\/uploads\/2021\/12\/3B30DB50-812C-4DCA-BC20-7D806BCE0F9A.jpeg",640,359,false],"large":["https:\/\/quehacerpolitico.mx\/wp-content\/uploads\/2021\/12\/3B30DB50-812C-4DCA-BC20-7D806BCE0F9A.jpeg",640,359,false],"1536x1536":["https:\/\/quehacerpolitico.mx\/wp-content\/uploads\/2021\/12\/3B30DB50-812C-4DCA-BC20-7D806BCE0F9A.jpeg",739,415,false],"2048x2048":["https:\/\/quehacerpolitico.mx\/wp-content\/uploads\/2021\/12\/3B30DB50-812C-4DCA-BC20-7D806BCE0F9A.jpeg",739,415,false],"covernews-featured":["https:\/\/quehacerpolitico.mx\/wp-content\/uploads\/2021\/12\/3B30DB50-812C-4DCA-BC20-7D806BCE0F9A.jpeg",739,415,false],"covernews-medium":["https:\/\/quehacerpolitico.mx\/wp-content\/uploads\/2021\/12\/3B30DB50-812C-4DCA-BC20-7D806BCE0F9A.jpeg",540,303,false]},"author_info":{"display_name":"Redacci\u00f3n QP","author_link":"https:\/\/quehacerpolitico.mx\/?author=2"},"category_info":"<a href=\"https:\/\/quehacerpolitico.mx\/?cat=58\" rel=\"category\">Cultura y Entretenimiento<\/a>","tag_info":"Cultura y Entretenimiento","comment_count":"0","_links":{"self":[{"href":"https:\/\/quehacerpolitico.mx\/index.php?rest_route=\/wp\/v2\/posts\/87114","targetHints":{"allow":["GET"]}}],"collection":[{"href":"https:\/\/quehacerpolitico.mx\/index.php?rest_route=\/wp\/v2\/posts"}],"about":[{"href":"https:\/\/quehacerpolitico.mx\/index.php?rest_route=\/wp\/v2\/types\/post"}],"author":[{"embeddable":true,"href":"https:\/\/quehacerpolitico.mx\/index.php?rest_route=\/wp\/v2\/users\/2"}],"replies":[{"embeddable":true,"href":"https:\/\/quehacerpolitico.mx\/index.php?rest_route=%2Fwp%2Fv2%2Fcomments&post=87114"}],"version-history":[{"count":1,"href":"https:\/\/quehacerpolitico.mx\/index.php?rest_route=\/wp\/v2\/posts\/87114\/revisions"}],"predecessor-version":[{"id":87116,"href":"https:\/\/quehacerpolitico.mx\/index.php?rest_route=\/wp\/v2\/posts\/87114\/revisions\/87116"}],"wp:featuredmedia":[{"embeddable":true,"href":"https:\/\/quehacerpolitico.mx\/index.php?rest_route=\/wp\/v2\/media\/87115"}],"wp:attachment":[{"href":"https:\/\/quehacerpolitico.mx\/index.php?rest_route=%2Fwp%2Fv2%2Fmedia&parent=87114"}],"wp:term":[{"taxonomy":"category","embeddable":true,"href":"https:\/\/quehacerpolitico.mx\/index.php?rest_route=%2Fwp%2Fv2%2Fcategories&post=87114"},{"taxonomy":"post_tag","embeddable":true,"href":"https:\/\/quehacerpolitico.mx\/index.php?rest_route=%2Fwp%2Fv2%2Ftags&post=87114"}],"curies":[{"name":"wp","href":"https:\/\/api.w.org\/{rel}","templated":true}]}}