{"id":87104,"date":"2021-12-06T17:51:42","date_gmt":"2021-12-06T17:51:42","guid":{"rendered":"https:\/\/quehacerpolitico.mx\/?p=87104"},"modified":"2021-12-06T17:51:45","modified_gmt":"2021-12-06T17:51:45","slug":"amlo-senala-a-loret-de-mola-de-corrupto-por-revelar-videoescandalo","status":"publish","type":"post","link":"https:\/\/quehacerpolitico.mx\/?p=87104","title":{"rendered":"AMLO se\u00f1ala a Loret de Mola de &#8220;corrupto&#8221; por revelar videoesc\u00e1ndalo"},"content":{"rendered":"\n<p>Por Redacci\u00f3n QP<\/p>\n\n\n\n<p>El Presidente L\u00f3pez Obrador se\u00f1ala\u00a0al periodista\u00a0de &#8220;corrupto&#8221; y acusa\u00a0ataques en su contra<\/p>\n\n\n\n<p>Despu\u00e9s de que el periodista Carlos Loret de Mola revel\u00f3 videos del secretario particular del Presidente\u00a0Andres Manuel L\u00f3pez Obrador\u00a0(AMLO),\u00a0<strong>Alejandro Esquer, quien particip\u00f3 en una &#8220;operaci\u00f3n carrusel&#8221; con dinero en efectivo<\/strong>, el Mandatario de M\u00e9xico se\u00f1al\u00f3 al periodista\u00a0de &#8220;corrupto&#8221; y acus\u00f3 ataques en su contra.<\/p>\n\n\n\n<figure class=\"wp-block-embed is-type-rich is-provider-twitter wp-block-embed-twitter\"><div class=\"wp-block-embed__wrapper\">\n<blockquote class=\"twitter-tweet\" data-width=\"550\" data-dnt=\"true\"><p lang=\"es\" dir=\"ltr\">Seg\u00fan el presidente <a href=\"https:\/\/twitter.com\/lopezobrador_?ref_src=twsrc%5Etfw\">@lopezobrador_<\/a> lo de Santiago Nieto y la <a href=\"https:\/\/twitter.com\/hashtag\/OperacionCarrusel?src=hash&amp;ref_src=twsrc%5Etfw\">#OperacionCarrusel<\/a> son una calumnia del periodismo corrupto, refiri\u00e9ndose al peri\u00f3dico Reforma y a <a href=\"https:\/\/twitter.com\/CarlosLoret?ref_src=twsrc%5Etfw\">@CarlosLoret<\/a> <a href=\"https:\/\/t.co\/PAxkCz0ohc\">pic.twitter.com\/PAxkCz0ohc<\/a><\/p>&mdash; Ruido en la Red (@RuidoEnLaRed) <a href=\"https:\/\/twitter.com\/RuidoEnLaRed\/status\/1467876204955025410?ref_src=twsrc%5Etfw\">December 6, 2021<\/a><\/blockquote><script async src=\"https:\/\/platform.twitter.com\/widgets.js\" charset=\"utf-8\"><\/script>\n<\/div><\/figure>\n\n\n\n<p>En su\u00a0conferencia \u201cma\u00f1anera\u201d de este lunes en Palacio Nacional, el Presidente L\u00f3pez Obrador reaccion\u00f3 a los videos revelados por Loret de Mola.<\/p>\n\n\n\n<p><strong>&#8220;Son ataques a Santiago Nieto; al general Lohmann, que lo acabo de nombrar para que nos ayude con la distribuci\u00f3n de medicamentos; al ingeniero Esquer, un asunto de que no s\u00e9 si fue a entregar dinero en efectivo o a recoger dinero en efectivo en un banco&#8221;<\/strong>.<\/p>\n\n\n\n<p>&#8220;Esto fue como en el 2017, que nosotros decidimos cooperar, ayudar, a los damnificados, a los afectados por el sismo. Entonces en el 2018, cuando la campa\u00f1a, se hizo una denuncia&#8221;.<\/p>\n\n\n\n<p>&#8220;El INE, que son muy cercanos a nosotros, muy amigos; hicieron la investigaci\u00f3n, lleg\u00f3 hasta el Tribunal, y las tomas donde est\u00e1 recogiendo el dinero se las pidi\u00f3 el INE y el Tribunal al banco, y ahora un periodista corrupto, Loret de Mola, da a conocer las tomas de la c\u00e1mara del banco&#8221;, declar\u00f3 el Presidente L\u00f3pez Obrador.<\/p>\n\n\n\n<p>AMLO\u00a0<strong>afirm\u00f3 que el Tribunal Electoral resolvi\u00f3 &#8220;que no hab\u00eda ning\u00fan delito&#8221;<\/strong>.<\/p>\n\n\n\n<p>Tras la acusaci\u00f3n de L\u00f3pez Obrador, Carlos Loret de Mola le respondi\u00f3 al Presidente de M\u00e9xico tras &#8220;revelar sus esc\u00e1ndalos&#8221;.<\/p>\n\n\n\n<p><strong>&#8220;El Presidente hoy me dice corrupto. Le voy a decir qui\u00e9nes son corruptos: P\u00edo, Mart\u00edn, Felipa, Esquer, Bartlett, Irma, etc\u2026 y claro, el jefe que los deja impunes&#8221;<\/strong>, escribi\u00f3 Loret en redes.<\/p>\n\n\n\n<p>Seg\u00fan lo revelado por el columnista de El Universal, por Mexicanos contra la Corrupci\u00f3n y la Impunidad y Latinius, el secretario particular de L\u00f3pez Obrador, y la oficial mayor de Presidencia, Denis Vasto,&nbsp;<strong>fueron captados en video manejando dinero en efectivo y participando en una &#8220;operaci\u00f3n carrusel&#8221;<\/strong>, como parte de un grupo de seis personas que con diferencia de unos cuantos minutos, depositaban la misma cantidad de dinero en la misma sucursal bancaria.<\/p>\n\n\n\n<p>Luego de que el periodista Carlos Loret de Mola revel\u00f3 un nuevo videoesc\u00e1ndalo de Alejandro Esquer, secretario particular del presidente Andr\u00e9s Manuel L\u00f3pez Obrador en el que se observa hacer una &#8220;operaci\u00f3n carrusel&#8221; con dinero en efectivo, el periodista declar\u00f3 que&nbsp;<strong>el Mandatario de M\u00e9xico &#8220;habla de todo&#8221;, pero no dijo nada del asunto en su ma\u00f1anera de este viernes<\/strong>.<\/p>\n\n\n\n<p>En su programa radiof\u00f3nico en W Radio, Loret de Mola se\u00f1al\u00f3 el viernes pasado que L\u00f3pez Obrador habla de todo, &#8220;hasta de Juan Gabriel&#8221;, pero ante el esc\u00e1ndalo de su secretario particular no ha dicho nada.<\/p>\n\n\n\n<p>&#8220;Siguen y siguen y siguen las evidencias de c\u00f3mo lleg\u00f3 al poder L\u00f3pez Obrador. \u00bfQui\u00e9n pomp\u00f3? \u00bfY qu\u00e9 dijo el Presidente de esto? \u00bfQu\u00e9 dijo el Presidente que habla de todo, de todo, de Juan Gabriel, de Siempre en Domingo.<\/p>\n\n\n\n<p>&#8220;El Presidente habla de todo. \u00bfQu\u00e9 dijo de esto? \u00a1Nada! \u00c9l solito, que muchas veces saca los temas; \u00a1nada! (&#8230;) Si llega a atreverse a abordar el asunto en la ma\u00f1anera, que lo dudo, porque sabe que est\u00e1 evidenciado, con videos \u00bfqu\u00e9 dice ante eso? \u00bfQu\u00e9 va a hacer? Va a decir que eran aportaciones al movimiento, que ya fue hace much\u00edsimo tiempo y se va a lanzar contra Latinus, contra Mexicanos Contra la Corrupci\u00f3n y la Impunidad, contra su servidor y de ah\u00ed a calumniar.<\/p>\n\n\n\n<p><strong>&#8220;Incapaz de responder, incapaz de explicar c\u00f3mo maneja el dinero; calumnia&#8221;<\/strong>, expres\u00f3 Loret de Mola.<\/p>\n\n\n\n<p>El periodista refiri\u00f3 que en lugar de hablar del esc\u00e1ndalo de su secretario particular, el Presidente L\u00f3pez Obrador prefiri\u00f3 presumir que es el segundo a nivel mundial &#8220;como de los mejores gobiernos&#8221;.<\/p>\n\n\n\n<p>Con Informaci\u00f3n de SUN <\/p>\n","protected":false},"excerpt":{"rendered":"<p>Por Redacci\u00f3n QP El Presidente L\u00f3pez Obrador se\u00f1ala\u00a0al periodista\u00a0de &#8220;corrupto&#8221; y acusa\u00a0ataques en su contra&#8230;<\/p>\n","protected":false},"author":2,"featured_media":87105,"comment_status":"open","ping_status":"open","sticky":false,"template":"","format":"standard","meta":{"_monsterinsights_skip_tracking":false,"_monsterinsights_sitenote_active":false,"_monsterinsights_sitenote_note":"","_monsterinsights_sitenote_category":0,"footnotes":""},"categories":[2],"tags":[],"class_list":["post-87104","post","type-post","status-publish","format-standard","has-post-thumbnail","hentry","category-noticias"],"yoast_head":"<!-- This site is optimized with the Yoast SEO plugin v27.3 - https:\/\/yoast.com\/product\/yoast-seo-wordpress\/ -->\n<title>AMLO se\u00f1ala a Loret de Mola de &quot;corrupto&quot; por revelar videoesc\u00e1ndalo -<\/title>\n<meta name=\"robots\" content=\"index, follow, max-snippet:-1, max-image-preview:large, max-video-preview:-1\" \/>\n<link rel=\"canonical\" href=\"https:\/\/quehacerpolitico.mx\/?p=87104\" \/>\n<meta property=\"og:locale\" content=\"es_MX\" \/>\n<meta property=\"og:type\" content=\"article\" \/>\n<meta property=\"og:title\" content=\"AMLO se\u00f1ala a Loret de Mola de &quot;corrupto&quot; por revelar videoesc\u00e1ndalo -\" \/>\n<meta property=\"og:description\" content=\"Por Redacci\u00f3n QP El Presidente L\u00f3pez Obrador se\u00f1ala\u00a0al periodista\u00a0de &#8220;corrupto&#8221; y acusa\u00a0ataques en su contra...\" \/>\n<meta property=\"og:url\" content=\"https:\/\/quehacerpolitico.mx\/?p=87104\" \/>\n<meta property=\"article:published_time\" content=\"2021-12-06T17:51:42+00:00\" \/>\n<meta property=\"article:modified_time\" content=\"2021-12-06T17:51:45+00:00\" \/>\n<meta property=\"og:image\" content=\"https:\/\/quehacerpolitico.mx\/wp-content\/uploads\/2021\/12\/61D61906-4F1B-4504-A925-F4A9EE6FB6C2.jpeg\" \/>\n\t<meta property=\"og:image:width\" content=\"1284\" \/>\n\t<meta property=\"og:image:height\" content=\"641\" \/>\n\t<meta property=\"og:image:type\" content=\"image\/jpeg\" \/>\n<meta name=\"author\" content=\"Redacci\u00f3n QP\" \/>\n<meta name=\"twitter:card\" content=\"summary_large_image\" \/>\n<meta name=\"twitter:label1\" content=\"Escrito por\" \/>\n\t<meta name=\"twitter:data1\" content=\"Redacci\u00f3n QP\" \/>\n\t<meta name=\"twitter:label2\" content=\"Tiempo de lectura\" \/>\n\t<meta name=\"twitter:data2\" content=\"3 minutos\" \/>\n<script type=\"application\/ld+json\" class=\"yoast-schema-graph\">{\"@context\":\"https:\\\/\\\/schema.org\",\"@graph\":[{\"@type\":\"Article\",\"@id\":\"https:\\\/\\\/quehacerpolitico.mx\\\/?p=87104#article\",\"isPartOf\":{\"@id\":\"https:\\\/\\\/quehacerpolitico.mx\\\/?p=87104\"},\"author\":{\"name\":\"Redacci\u00f3n QP\",\"@id\":\"https:\\\/\\\/quehacerpolitico.mx\\\/#\\\/schema\\\/person\\\/496d8ad2d1d3f8036101dca7ee39e585\"},\"headline\":\"AMLO se\u00f1ala a Loret de Mola de &#8220;corrupto&#8221; por revelar videoesc\u00e1ndalo\",\"datePublished\":\"2021-12-06T17:51:42+00:00\",\"dateModified\":\"2021-12-06T17:51:45+00:00\",\"mainEntityOfPage\":{\"@id\":\"https:\\\/\\\/quehacerpolitico.mx\\\/?p=87104\"},\"wordCount\":701,\"commentCount\":0,\"image\":{\"@id\":\"https:\\\/\\\/quehacerpolitico.mx\\\/?p=87104#primaryimage\"},\"thumbnailUrl\":\"https:\\\/\\\/quehacerpolitico.mx\\\/wp-content\\\/uploads\\\/2021\\\/12\\\/61D61906-4F1B-4504-A925-F4A9EE6FB6C2.jpeg\",\"articleSection\":[\"Noticias\"],\"inLanguage\":\"es\",\"potentialAction\":[{\"@type\":\"CommentAction\",\"name\":\"Comment\",\"target\":[\"https:\\\/\\\/quehacerpolitico.mx\\\/?p=87104#respond\"]}]},{\"@type\":\"WebPage\",\"@id\":\"https:\\\/\\\/quehacerpolitico.mx\\\/?p=87104\",\"url\":\"https:\\\/\\\/quehacerpolitico.mx\\\/?p=87104\",\"name\":\"AMLO se\u00f1ala a Loret de Mola de \\\"corrupto\\\" por revelar videoesc\u00e1ndalo -\",\"isPartOf\":{\"@id\":\"https:\\\/\\\/quehacerpolitico.mx\\\/#website\"},\"primaryImageOfPage\":{\"@id\":\"https:\\\/\\\/quehacerpolitico.mx\\\/?p=87104#primaryimage\"},\"image\":{\"@id\":\"https:\\\/\\\/quehacerpolitico.mx\\\/?p=87104#primaryimage\"},\"thumbnailUrl\":\"https:\\\/\\\/quehacerpolitico.mx\\\/wp-content\\\/uploads\\\/2021\\\/12\\\/61D61906-4F1B-4504-A925-F4A9EE6FB6C2.jpeg\",\"datePublished\":\"2021-12-06T17:51:42+00:00\",\"dateModified\":\"2021-12-06T17:51:45+00:00\",\"author\":{\"@id\":\"https:\\\/\\\/quehacerpolitico.mx\\\/#\\\/schema\\\/person\\\/496d8ad2d1d3f8036101dca7ee39e585\"},\"breadcrumb\":{\"@id\":\"https:\\\/\\\/quehacerpolitico.mx\\\/?p=87104#breadcrumb\"},\"inLanguage\":\"es\",\"potentialAction\":[{\"@type\":\"ReadAction\",\"target\":[\"https:\\\/\\\/quehacerpolitico.mx\\\/?p=87104\"]}]},{\"@type\":\"ImageObject\",\"inLanguage\":\"es\",\"@id\":\"https:\\\/\\\/quehacerpolitico.mx\\\/?p=87104#primaryimage\",\"url\":\"https:\\\/\\\/quehacerpolitico.mx\\\/wp-content\\\/uploads\\\/2021\\\/12\\\/61D61906-4F1B-4504-A925-F4A9EE6FB6C2.jpeg\",\"contentUrl\":\"https:\\\/\\\/quehacerpolitico.mx\\\/wp-content\\\/uploads\\\/2021\\\/12\\\/61D61906-4F1B-4504-A925-F4A9EE6FB6C2.jpeg\",\"width\":1284,\"height\":641},{\"@type\":\"BreadcrumbList\",\"@id\":\"https:\\\/\\\/quehacerpolitico.mx\\\/?p=87104#breadcrumb\",\"itemListElement\":[{\"@type\":\"ListItem\",\"position\":1,\"name\":\"Inicio\",\"item\":\"https:\\\/\\\/quehacerpolitico.mx\\\/\"},{\"@type\":\"ListItem\",\"position\":2,\"name\":\"AMLO se\u00f1ala a Loret de Mola de &#8220;corrupto&#8221; por revelar videoesc\u00e1ndalo\"}]},{\"@type\":\"WebSite\",\"@id\":\"https:\\\/\\\/quehacerpolitico.mx\\\/#website\",\"url\":\"https:\\\/\\\/quehacerpolitico.mx\\\/\",\"name\":\"\",\"description\":\"\",\"potentialAction\":[{\"@type\":\"SearchAction\",\"target\":{\"@type\":\"EntryPoint\",\"urlTemplate\":\"https:\\\/\\\/quehacerpolitico.mx\\\/?s={search_term_string}\"},\"query-input\":{\"@type\":\"PropertyValueSpecification\",\"valueRequired\":true,\"valueName\":\"search_term_string\"}}],\"inLanguage\":\"es\"},{\"@type\":\"Person\",\"@id\":\"https:\\\/\\\/quehacerpolitico.mx\\\/#\\\/schema\\\/person\\\/496d8ad2d1d3f8036101dca7ee39e585\",\"name\":\"Redacci\u00f3n QP\",\"image\":{\"@type\":\"ImageObject\",\"inLanguage\":\"es\",\"@id\":\"https:\\\/\\\/secure.gravatar.com\\\/avatar\\\/c7164ed6fdec453195284ad24a5ae5b6e1eed2b848477fa2a4787ba9adf39a41?s=96&d=mm&r=g\",\"url\":\"https:\\\/\\\/secure.gravatar.com\\\/avatar\\\/c7164ed6fdec453195284ad24a5ae5b6e1eed2b848477fa2a4787ba9adf39a41?s=96&d=mm&r=g\",\"contentUrl\":\"https:\\\/\\\/secure.gravatar.com\\\/avatar\\\/c7164ed6fdec453195284ad24a5ae5b6e1eed2b848477fa2a4787ba9adf39a41?s=96&d=mm&r=g\",\"caption\":\"Redacci\u00f3n QP\"},\"url\":\"https:\\\/\\\/quehacerpolitico.mx\\\/?author=2\"}]}<\/script>\n<!-- \/ Yoast SEO plugin. -->","yoast_head_json":{"title":"AMLO se\u00f1ala a Loret de Mola de \"corrupto\" por revelar videoesc\u00e1ndalo -","robots":{"index":"index","follow":"follow","max-snippet":"max-snippet:-1","max-image-preview":"max-image-preview:large","max-video-preview":"max-video-preview:-1"},"canonical":"https:\/\/quehacerpolitico.mx\/?p=87104","og_locale":"es_MX","og_type":"article","og_title":"AMLO se\u00f1ala a Loret de Mola de \"corrupto\" por revelar videoesc\u00e1ndalo -","og_description":"Por Redacci\u00f3n QP El Presidente L\u00f3pez Obrador se\u00f1ala\u00a0al periodista\u00a0de &#8220;corrupto&#8221; y acusa\u00a0ataques en su contra...","og_url":"https:\/\/quehacerpolitico.mx\/?p=87104","article_published_time":"2021-12-06T17:51:42+00:00","article_modified_time":"2021-12-06T17:51:45+00:00","og_image":[{"width":1284,"height":641,"url":"https:\/\/quehacerpolitico.mx\/wp-content\/uploads\/2021\/12\/61D61906-4F1B-4504-A925-F4A9EE6FB6C2.jpeg","type":"image\/jpeg"}],"author":"Redacci\u00f3n QP","twitter_card":"summary_large_image","twitter_misc":{"Escrito por":"Redacci\u00f3n QP","Tiempo de lectura":"3 minutos"},"schema":{"@context":"https:\/\/schema.org","@graph":[{"@type":"Article","@id":"https:\/\/quehacerpolitico.mx\/?p=87104#article","isPartOf":{"@id":"https:\/\/quehacerpolitico.mx\/?p=87104"},"author":{"name":"Redacci\u00f3n QP","@id":"https:\/\/quehacerpolitico.mx\/#\/schema\/person\/496d8ad2d1d3f8036101dca7ee39e585"},"headline":"AMLO se\u00f1ala a Loret de Mola de &#8220;corrupto&#8221; por revelar videoesc\u00e1ndalo","datePublished":"2021-12-06T17:51:42+00:00","dateModified":"2021-12-06T17:51:45+00:00","mainEntityOfPage":{"@id":"https:\/\/quehacerpolitico.mx\/?p=87104"},"wordCount":701,"commentCount":0,"image":{"@id":"https:\/\/quehacerpolitico.mx\/?p=87104#primaryimage"},"thumbnailUrl":"https:\/\/quehacerpolitico.mx\/wp-content\/uploads\/2021\/12\/61D61906-4F1B-4504-A925-F4A9EE6FB6C2.jpeg","articleSection":["Noticias"],"inLanguage":"es","potentialAction":[{"@type":"CommentAction","name":"Comment","target":["https:\/\/quehacerpolitico.mx\/?p=87104#respond"]}]},{"@type":"WebPage","@id":"https:\/\/quehacerpolitico.mx\/?p=87104","url":"https:\/\/quehacerpolitico.mx\/?p=87104","name":"AMLO se\u00f1ala a Loret de Mola de \"corrupto\" por revelar videoesc\u00e1ndalo -","isPartOf":{"@id":"https:\/\/quehacerpolitico.mx\/#website"},"primaryImageOfPage":{"@id":"https:\/\/quehacerpolitico.mx\/?p=87104#primaryimage"},"image":{"@id":"https:\/\/quehacerpolitico.mx\/?p=87104#primaryimage"},"thumbnailUrl":"https:\/\/quehacerpolitico.mx\/wp-content\/uploads\/2021\/12\/61D61906-4F1B-4504-A925-F4A9EE6FB6C2.jpeg","datePublished":"2021-12-06T17:51:42+00:00","dateModified":"2021-12-06T17:51:45+00:00","author":{"@id":"https:\/\/quehacerpolitico.mx\/#\/schema\/person\/496d8ad2d1d3f8036101dca7ee39e585"},"breadcrumb":{"@id":"https:\/\/quehacerpolitico.mx\/?p=87104#breadcrumb"},"inLanguage":"es","potentialAction":[{"@type":"ReadAction","target":["https:\/\/quehacerpolitico.mx\/?p=87104"]}]},{"@type":"ImageObject","inLanguage":"es","@id":"https:\/\/quehacerpolitico.mx\/?p=87104#primaryimage","url":"https:\/\/quehacerpolitico.mx\/wp-content\/uploads\/2021\/12\/61D61906-4F1B-4504-A925-F4A9EE6FB6C2.jpeg","contentUrl":"https:\/\/quehacerpolitico.mx\/wp-content\/uploads\/2021\/12\/61D61906-4F1B-4504-A925-F4A9EE6FB6C2.jpeg","width":1284,"height":641},{"@type":"BreadcrumbList","@id":"https:\/\/quehacerpolitico.mx\/?p=87104#breadcrumb","itemListElement":[{"@type":"ListItem","position":1,"name":"Inicio","item":"https:\/\/quehacerpolitico.mx\/"},{"@type":"ListItem","position":2,"name":"AMLO se\u00f1ala a Loret de Mola de &#8220;corrupto&#8221; por revelar videoesc\u00e1ndalo"}]},{"@type":"WebSite","@id":"https:\/\/quehacerpolitico.mx\/#website","url":"https:\/\/quehacerpolitico.mx\/","name":"","description":"","potentialAction":[{"@type":"SearchAction","target":{"@type":"EntryPoint","urlTemplate":"https:\/\/quehacerpolitico.mx\/?s={search_term_string}"},"query-input":{"@type":"PropertyValueSpecification","valueRequired":true,"valueName":"search_term_string"}}],"inLanguage":"es"},{"@type":"Person","@id":"https:\/\/quehacerpolitico.mx\/#\/schema\/person\/496d8ad2d1d3f8036101dca7ee39e585","name":"Redacci\u00f3n QP","image":{"@type":"ImageObject","inLanguage":"es","@id":"https:\/\/secure.gravatar.com\/avatar\/c7164ed6fdec453195284ad24a5ae5b6e1eed2b848477fa2a4787ba9adf39a41?s=96&d=mm&r=g","url":"https:\/\/secure.gravatar.com\/avatar\/c7164ed6fdec453195284ad24a5ae5b6e1eed2b848477fa2a4787ba9adf39a41?s=96&d=mm&r=g","contentUrl":"https:\/\/secure.gravatar.com\/avatar\/c7164ed6fdec453195284ad24a5ae5b6e1eed2b848477fa2a4787ba9adf39a41?s=96&d=mm&r=g","caption":"Redacci\u00f3n QP"},"url":"https:\/\/quehacerpolitico.mx\/?author=2"}]}},"featured_image_urls":{"full":["https:\/\/quehacerpolitico.mx\/wp-content\/uploads\/2021\/12\/61D61906-4F1B-4504-A925-F4A9EE6FB6C2.jpeg",1284,641,false],"thumbnail":["https:\/\/quehacerpolitico.mx\/wp-content\/uploads\/2021\/12\/61D61906-4F1B-4504-A925-F4A9EE6FB6C2-150x150.jpeg",150,150,true],"medium":["https:\/\/quehacerpolitico.mx\/wp-content\/uploads\/2021\/12\/61D61906-4F1B-4504-A925-F4A9EE6FB6C2-300x150.jpeg",300,150,true],"medium_large":["https:\/\/quehacerpolitico.mx\/wp-content\/uploads\/2021\/12\/61D61906-4F1B-4504-A925-F4A9EE6FB6C2-768x383.jpeg",640,319,true],"large":["https:\/\/quehacerpolitico.mx\/wp-content\/uploads\/2021\/12\/61D61906-4F1B-4504-A925-F4A9EE6FB6C2-1024x511.jpeg",640,319,true],"1536x1536":["https:\/\/quehacerpolitico.mx\/wp-content\/uploads\/2021\/12\/61D61906-4F1B-4504-A925-F4A9EE6FB6C2.jpeg",1284,641,false],"2048x2048":["https:\/\/quehacerpolitico.mx\/wp-content\/uploads\/2021\/12\/61D61906-4F1B-4504-A925-F4A9EE6FB6C2.jpeg",1284,641,false],"covernews-featured":["https:\/\/quehacerpolitico.mx\/wp-content\/uploads\/2021\/12\/61D61906-4F1B-4504-A925-F4A9EE6FB6C2.jpeg",1024,511,false],"covernews-medium":["https:\/\/quehacerpolitico.mx\/wp-content\/uploads\/2021\/12\/61D61906-4F1B-4504-A925-F4A9EE6FB6C2.jpeg",540,270,false]},"author_info":{"display_name":"Redacci\u00f3n QP","author_link":"https:\/\/quehacerpolitico.mx\/?author=2"},"category_info":"<a href=\"https:\/\/quehacerpolitico.mx\/?cat=2\" rel=\"category\">Noticias<\/a>","tag_info":"Noticias","comment_count":"0","_links":{"self":[{"href":"https:\/\/quehacerpolitico.mx\/index.php?rest_route=\/wp\/v2\/posts\/87104","targetHints":{"allow":["GET"]}}],"collection":[{"href":"https:\/\/quehacerpolitico.mx\/index.php?rest_route=\/wp\/v2\/posts"}],"about":[{"href":"https:\/\/quehacerpolitico.mx\/index.php?rest_route=\/wp\/v2\/types\/post"}],"author":[{"embeddable":true,"href":"https:\/\/quehacerpolitico.mx\/index.php?rest_route=\/wp\/v2\/users\/2"}],"replies":[{"embeddable":true,"href":"https:\/\/quehacerpolitico.mx\/index.php?rest_route=%2Fwp%2Fv2%2Fcomments&post=87104"}],"version-history":[{"count":1,"href":"https:\/\/quehacerpolitico.mx\/index.php?rest_route=\/wp\/v2\/posts\/87104\/revisions"}],"predecessor-version":[{"id":87106,"href":"https:\/\/quehacerpolitico.mx\/index.php?rest_route=\/wp\/v2\/posts\/87104\/revisions\/87106"}],"wp:featuredmedia":[{"embeddable":true,"href":"https:\/\/quehacerpolitico.mx\/index.php?rest_route=\/wp\/v2\/media\/87105"}],"wp:attachment":[{"href":"https:\/\/quehacerpolitico.mx\/index.php?rest_route=%2Fwp%2Fv2%2Fmedia&parent=87104"}],"wp:term":[{"taxonomy":"category","embeddable":true,"href":"https:\/\/quehacerpolitico.mx\/index.php?rest_route=%2Fwp%2Fv2%2Fcategories&post=87104"},{"taxonomy":"post_tag","embeddable":true,"href":"https:\/\/quehacerpolitico.mx\/index.php?rest_route=%2Fwp%2Fv2%2Ftags&post=87104"}],"curies":[{"name":"wp","href":"https:\/\/api.w.org\/{rel}","templated":true}]}}