{"id":87098,"date":"2021-12-06T17:21:31","date_gmt":"2021-12-06T17:21:31","guid":{"rendered":"https:\/\/quehacerpolitico.mx\/?p=87098"},"modified":"2021-12-06T17:21:34","modified_gmt":"2021-12-06T17:21:34","slug":"internacionales-carolina-alonso-romei-condenan-a-cuatro-anos-de-carcel-a-la-premio-nobel-de-la-paz-aung-san-suu-kyi","status":"publish","type":"post","link":"https:\/\/quehacerpolitico.mx\/?p=87098","title":{"rendered":"Internacionales\/\/\/Carolina Alonso Romei\/\/\/Condenan a cuatro a\u00f1os de c\u00e1rcel a la Premio Nobel de la Paz, Aung San Suu Kyi"},"content":{"rendered":"\n<p>Por Carolina Alonso Romei <\/p>\n\n\n\n<p>Internacionalista <\/p>\n\n\n\n<p>Suu Kyi, de 76 a\u00f1os, fue sentenciada por el delito de incitaci\u00f3n contra militares y por vulnerar las normas del covid<\/p>\n\n\n\n<ul class=\"wp-block-list\"><li>La alta comisionada de las Naciones Unidas para los Derechos Humanos, Michelle Bachelet, lament\u00f3 la condena contra Suu Kyi<\/li><li>El Consejo de Seguridad de la ONU, numerosos Gobiernos como los de EEUU, Reino Unido y Jap\u00f3n pidieron la liberaci\u00f3n de la Premio Nobel de la Paz<\/li><\/ul>\n\n\n\n<p>La exl\u00edder birmana depuesta y\u00a0Premio Nobel de la Paz, Aung San Suu Kyi, fue condenada a cuatro a\u00f1os de\u00a0<strong>c\u00e1rcel<\/strong>\u00a0en la primera sentencia por los diversos juicios a los que se enfrenta bajo la junta militar que tom\u00f3 el poder en un\u00a0golpe de Estado del pasado 1 de febrero en Birmania, en\u00a0Myanmsr.<strong>Te recomendamos:\u00a0Mas de 200 mil personas han sido desplazadas de sus hogares tras golpe de Estado en Myanmar<\/strong><\/p>\n\n\n\n<p>Fuentes cercanas al juicio, que no pueden identificarse por miedo a represalias por parte de la junta, precisaron que Suu Kyi, de 76 a\u00f1os, fue sentenciada a dos a\u00f1os de c\u00e1rcel por el delito de incitaci\u00f3n contra los militares y otros dos a\u00f1os por vulnerar la normas del\u00a0<strong>covid<\/strong>.<\/p>\n\n\n\n<p>El delito de incitaci\u00f3n, seg\u00fan el art\u00edculo 505(b) del C\u00f3digo Penal, se refiere a varios comunicados enviados por el partido de&nbsp;<strong>Suu Kyi<\/strong>, la Liga Nacional por la Democracia (LND), para oponerse al reconocimiento de la junta militar poco despu\u00e9s del golpe.<\/p>\n\n\n\n<p>La violaci\u00f3n de las normas por la pandemia se debe a varios actos electorales celebrados por\u00a0<strong>Suu Kyi<\/strong>\u00a0antes de las elecciones de noviembre de 2020.<\/p>\n\n\n\n<p>La exmandataria fue sentenciada en una vista en la capital por un tribunal que impuso la misma condena por cargos id\u00e9nticos al presidente depuesto, Win Myint, y una pena de dos a\u00f1os de c\u00e1rcel para el exgobernador de Naipyid\u00f3, Myo Aung, por vulneraci\u00f3n del art\u00edculo 505(b).<\/p>\n\n\n\n<p>El tribunal no precis\u00f3 a qu\u00e9 prisi\u00f3n ser\u00e1n enviados los detenidos, que durante el proceso han estado aislados por los militares y han tenido acceso limitado a sus abogados.<\/p>\n\n\n\n<p>La sentencia tambi\u00e9n implica la inhabilitaci\u00f3n pol\u00edtica de los detenidos en el hipot\u00e9tico caso de que la junta celebre elecciones, algo que ha prometido sin fijar una fecha a\u00fan.<\/p>\n\n\n\n<p><strong>\u201cCARGOS FALSOS\u201d<\/strong><\/p>\n\n\n\n<p>La alta comisionada de las Naciones Unidas para los Derechos Humanos, Michelle Bachelet, lament\u00f3 la condena contra Suu Kyi, que lideraba el pa\u00eds con el cargo de consejera de Estado hasta el golpe, y pidi\u00f3 su liberaci\u00f3n.<\/p>\n\n\n\n<p>\u201cLa condena de la consejera de Estado tras una farsa de juicio en medio de secretismo en un tribunal controlado por los militares ha sido un juicio pol\u00edtico\u201d, dijo en un comunicado Bachelet, quien dijo que se trata de una detenci\u00f3n arbitraria que tambi\u00e9n cierra la ventana del di\u00e1logo.<\/p>\n\n\n\n<p>El alto representante de la Uni\u00f3n Europea (UE), Josep Borrell, afirm\u00f3 por su parte que las sentencias \u201crepresentan otro paso hacia el desmantelamiento del Estado de derecho y una violaci\u00f3n flagrante de los derechos humanos en Birmania\u201d.<\/p>\n\n\n\n<p>Human Rights Watch, Amnist\u00eda Internacional (AI) y otras ONG tambi\u00e9n han criticado las sentencias.<\/p>\n\n\n\n<p>\u201cLas duras sentencias contra Aung San Suu Kyi por estos cargos falsos son el \u00faltimo ejemplo de la determinaci\u00f3n del Ej\u00e9rcito de eliminar cualquier oposici\u00f3n y suprimir las libertades en Birmania\u201d, indic\u00f3 el subdirector de Campa\u00f1as de AI en Asia, Ming Yu Hah.<\/p>\n\n\n\n<p>\u201cLa decisi\u00f3n absurda y corrupta del tribunal es parte del patr\u00f3n devastador de castigos arbitrarios que han provocado m\u00e1s de 1.300 personas muertas y miles de detenidos desde el golpe de Estado en febrero\u201d, agreg\u00f3 Ming.<\/p>\n\n\n\n<p>La activista record\u00f3 que hay miles de detenidos sin el perfil de Suu Kyi que se enfrentan a la \u201cterrible posibilidad\u201d de a\u00f1os en la c\u00e1rcel por ejercer pac\u00edficamente sus derechos a la protesta y disentir con la junta militar.<\/p>\n\n\n\n<p>Contra la&nbsp;<strong>Premio Nobel de la Paz<\/strong>&nbsp;penden una decena de casos presentados tras la toma de poder por los uniformados, entre ellos acusaciones de corrupci\u00f3n, saltarse regulaciones de telecomunicaciones y violar la ley de secretos oficiales, todas castigadas con penas de c\u00e1rcel.<\/p>\n\n\n\n<p>Los abogados de&nbsp;<strong>Suu Kyi<\/strong>, a los que la junta militar ha prohibido hablar con los medios de comunicaci\u00f3n, se\u00f1alan que su representada niega todas las acusaciones presentadas en su contra.<\/p>\n\n\n\n<p><strong>AISLAMIENTO DE LA JUNTA BIRMANA&nbsp;<\/strong><\/p>\n\n\n\n<p>El Consejo de Seguridad de la ONU, numerosos Gobiernos como los de Estados Unidos, Reino Unido y Jap\u00f3n y la UE han pedido la liberaci\u00f3n de Suu Kyi y otros detenidos por la junta militar liderada por el general Min Aung Hlaing.<\/p>\n\n\n\n<p>El l\u00edder militar ha sido excluido de las \u00faltimas cumbres y reuniones de la Asociaci\u00f3n de Naciones del Sudeste Asi\u00e1tico (ASEAN) por no cumplir con unos acuerdos del pasado abril para sobre el cese de la violencia y abrir un proceso de di\u00e1logo.<\/p>\n\n\n\n<p>El primer ministro de Camboya, Hun Sen, cuyo pa\u00eds preside en la ASEAN en 2022, afirm\u00f3 su intenci\u00f3n de viajar a Birmania para entrevistarse con los militares, que se encuentran cada vez m\u00e1s aislados del exterior, excepto por los contactos diplom\u00e1ticos con Rusia y China.<\/p>\n\n\n\n<p>El golpe de Estado sumi\u00f3 a Birmania en una profunda crisis pol\u00edtica, social y econ\u00f3mica y abri\u00f3 una espiral de violencia con nuevas milicias civiles que han exacerbado la guerra de guerrillas que vive el pa\u00eds desde hace d\u00e9cadas.<\/p>\n\n\n\n<p>El Ej\u00e9rcito justifica el golpe por un presunto fraude masivo durante las elecciones generales de noviembre de 2020, cuyo resultado ha sido anulado y en las que el partido de Suu Kyi arras\u00f3, como ya hizo en 2015, con el aval de observadores internacionales.<\/p>\n\n\n\n<p>Al menos 1.303 personas han muerto a ra\u00edz de la brutal represi\u00f3n ejercida por polic\u00edas y soldados desde el golpe, que han disparado a matar contra manifestantes pac\u00edficos, seg\u00fan los partes diarios de la Asociaci\u00f3n para la Asistencia de Presos Pol\u00edticos, que tambi\u00e9n cifra en m\u00e1s de 10.000 los opositores detenidos, entre ellos Suu Kyi.<\/p>\n\n\n\n<p><em>Con informaci\u00f3n de EFE<\/em><\/p>\n","protected":false},"excerpt":{"rendered":"<p>Por Carolina Alonso Romei Internacionalista Suu Kyi, de 76 a\u00f1os, fue sentenciada por el delito&#8230;<\/p>\n","protected":false},"author":2,"featured_media":87099,"comment_status":"open","ping_status":"open","sticky":false,"template":"","format":"standard","meta":{"_monsterinsights_skip_tracking":false,"_monsterinsights_sitenote_active":false,"_monsterinsights_sitenote_note":"","_monsterinsights_sitenote_category":0,"footnotes":""},"categories":[1],"tags":[],"class_list":["post-87098","post","type-post","status-publish","format-standard","has-post-thumbnail","hentry","category-sin-categoria"],"yoast_head":"<!-- This site is optimized with the Yoast SEO plugin v27.3 - https:\/\/yoast.com\/product\/yoast-seo-wordpress\/ -->\n<title>Internacionales\/\/\/Carolina Alonso Romei\/\/\/Condenan a cuatro a\u00f1os de c\u00e1rcel a la Premio Nobel de la Paz, Aung San Suu Kyi -<\/title>\n<meta name=\"robots\" content=\"index, follow, max-snippet:-1, max-image-preview:large, max-video-preview:-1\" \/>\n<link rel=\"canonical\" href=\"https:\/\/quehacerpolitico.mx\/?p=87098\" \/>\n<meta property=\"og:locale\" content=\"es_MX\" \/>\n<meta property=\"og:type\" content=\"article\" \/>\n<meta property=\"og:title\" content=\"Internacionales\/\/\/Carolina Alonso Romei\/\/\/Condenan a cuatro a\u00f1os de c\u00e1rcel a la Premio Nobel de la Paz, Aung San Suu Kyi -\" \/>\n<meta property=\"og:description\" content=\"Por Carolina Alonso Romei Internacionalista Suu Kyi, de 76 a\u00f1os, fue sentenciada por el delito...\" \/>\n<meta property=\"og:url\" content=\"https:\/\/quehacerpolitico.mx\/?p=87098\" \/>\n<meta property=\"article:published_time\" content=\"2021-12-06T17:21:31+00:00\" \/>\n<meta property=\"article:modified_time\" content=\"2021-12-06T17:21:34+00:00\" \/>\n<meta property=\"og:image\" content=\"https:\/\/quehacerpolitico.mx\/wp-content\/uploads\/2021\/12\/29221F80-9A17-4659-8B2C-A535DC991707.jpeg\" \/>\n\t<meta property=\"og:image:width\" content=\"414\" \/>\n\t<meta property=\"og:image:height\" content=\"296\" \/>\n\t<meta property=\"og:image:type\" content=\"image\/jpeg\" \/>\n<meta name=\"author\" content=\"Redacci\u00f3n QP\" \/>\n<meta name=\"twitter:card\" content=\"summary_large_image\" \/>\n<meta name=\"twitter:label1\" content=\"Escrito por\" \/>\n\t<meta name=\"twitter:data1\" content=\"Redacci\u00f3n QP\" \/>\n\t<meta name=\"twitter:label2\" content=\"Tiempo de lectura\" \/>\n\t<meta name=\"twitter:data2\" content=\"5 minutos\" \/>\n<script type=\"application\/ld+json\" class=\"yoast-schema-graph\">{\"@context\":\"https:\\\/\\\/schema.org\",\"@graph\":[{\"@type\":\"Article\",\"@id\":\"https:\\\/\\\/quehacerpolitico.mx\\\/?p=87098#article\",\"isPartOf\":{\"@id\":\"https:\\\/\\\/quehacerpolitico.mx\\\/?p=87098\"},\"author\":{\"name\":\"Redacci\u00f3n QP\",\"@id\":\"https:\\\/\\\/quehacerpolitico.mx\\\/#\\\/schema\\\/person\\\/496d8ad2d1d3f8036101dca7ee39e585\"},\"headline\":\"Internacionales\\\/\\\/\\\/Carolina Alonso Romei\\\/\\\/\\\/Condenan a cuatro a\u00f1os de c\u00e1rcel a la Premio Nobel de la Paz, Aung San Suu Kyi\",\"datePublished\":\"2021-12-06T17:21:31+00:00\",\"dateModified\":\"2021-12-06T17:21:34+00:00\",\"mainEntityOfPage\":{\"@id\":\"https:\\\/\\\/quehacerpolitico.mx\\\/?p=87098\"},\"wordCount\":1073,\"commentCount\":0,\"image\":{\"@id\":\"https:\\\/\\\/quehacerpolitico.mx\\\/?p=87098#primaryimage\"},\"thumbnailUrl\":\"https:\\\/\\\/quehacerpolitico.mx\\\/wp-content\\\/uploads\\\/2021\\\/12\\\/29221F80-9A17-4659-8B2C-A535DC991707.jpeg\",\"articleSection\":[\"Internacionales\"],\"inLanguage\":\"es\",\"potentialAction\":[{\"@type\":\"CommentAction\",\"name\":\"Comment\",\"target\":[\"https:\\\/\\\/quehacerpolitico.mx\\\/?p=87098#respond\"]}]},{\"@type\":\"WebPage\",\"@id\":\"https:\\\/\\\/quehacerpolitico.mx\\\/?p=87098\",\"url\":\"https:\\\/\\\/quehacerpolitico.mx\\\/?p=87098\",\"name\":\"Internacionales\\\/\\\/\\\/Carolina Alonso Romei\\\/\\\/\\\/Condenan a cuatro a\u00f1os de c\u00e1rcel a la Premio Nobel de la Paz, Aung San Suu Kyi -\",\"isPartOf\":{\"@id\":\"https:\\\/\\\/quehacerpolitico.mx\\\/#website\"},\"primaryImageOfPage\":{\"@id\":\"https:\\\/\\\/quehacerpolitico.mx\\\/?p=87098#primaryimage\"},\"image\":{\"@id\":\"https:\\\/\\\/quehacerpolitico.mx\\\/?p=87098#primaryimage\"},\"thumbnailUrl\":\"https:\\\/\\\/quehacerpolitico.mx\\\/wp-content\\\/uploads\\\/2021\\\/12\\\/29221F80-9A17-4659-8B2C-A535DC991707.jpeg\",\"datePublished\":\"2021-12-06T17:21:31+00:00\",\"dateModified\":\"2021-12-06T17:21:34+00:00\",\"author\":{\"@id\":\"https:\\\/\\\/quehacerpolitico.mx\\\/#\\\/schema\\\/person\\\/496d8ad2d1d3f8036101dca7ee39e585\"},\"breadcrumb\":{\"@id\":\"https:\\\/\\\/quehacerpolitico.mx\\\/?p=87098#breadcrumb\"},\"inLanguage\":\"es\",\"potentialAction\":[{\"@type\":\"ReadAction\",\"target\":[\"https:\\\/\\\/quehacerpolitico.mx\\\/?p=87098\"]}]},{\"@type\":\"ImageObject\",\"inLanguage\":\"es\",\"@id\":\"https:\\\/\\\/quehacerpolitico.mx\\\/?p=87098#primaryimage\",\"url\":\"https:\\\/\\\/quehacerpolitico.mx\\\/wp-content\\\/uploads\\\/2021\\\/12\\\/29221F80-9A17-4659-8B2C-A535DC991707.jpeg\",\"contentUrl\":\"https:\\\/\\\/quehacerpolitico.mx\\\/wp-content\\\/uploads\\\/2021\\\/12\\\/29221F80-9A17-4659-8B2C-A535DC991707.jpeg\",\"width\":414,\"height\":296},{\"@type\":\"BreadcrumbList\",\"@id\":\"https:\\\/\\\/quehacerpolitico.mx\\\/?p=87098#breadcrumb\",\"itemListElement\":[{\"@type\":\"ListItem\",\"position\":1,\"name\":\"Inicio\",\"item\":\"https:\\\/\\\/quehacerpolitico.mx\\\/\"},{\"@type\":\"ListItem\",\"position\":2,\"name\":\"Internacionales\\\/\\\/\\\/Carolina Alonso Romei\\\/\\\/\\\/Condenan a cuatro a\u00f1os de c\u00e1rcel a la Premio Nobel de la Paz, Aung San Suu Kyi\"}]},{\"@type\":\"WebSite\",\"@id\":\"https:\\\/\\\/quehacerpolitico.mx\\\/#website\",\"url\":\"https:\\\/\\\/quehacerpolitico.mx\\\/\",\"name\":\"\",\"description\":\"\",\"potentialAction\":[{\"@type\":\"SearchAction\",\"target\":{\"@type\":\"EntryPoint\",\"urlTemplate\":\"https:\\\/\\\/quehacerpolitico.mx\\\/?s={search_term_string}\"},\"query-input\":{\"@type\":\"PropertyValueSpecification\",\"valueRequired\":true,\"valueName\":\"search_term_string\"}}],\"inLanguage\":\"es\"},{\"@type\":\"Person\",\"@id\":\"https:\\\/\\\/quehacerpolitico.mx\\\/#\\\/schema\\\/person\\\/496d8ad2d1d3f8036101dca7ee39e585\",\"name\":\"Redacci\u00f3n QP\",\"image\":{\"@type\":\"ImageObject\",\"inLanguage\":\"es\",\"@id\":\"https:\\\/\\\/secure.gravatar.com\\\/avatar\\\/c7164ed6fdec453195284ad24a5ae5b6e1eed2b848477fa2a4787ba9adf39a41?s=96&d=mm&r=g\",\"url\":\"https:\\\/\\\/secure.gravatar.com\\\/avatar\\\/c7164ed6fdec453195284ad24a5ae5b6e1eed2b848477fa2a4787ba9adf39a41?s=96&d=mm&r=g\",\"contentUrl\":\"https:\\\/\\\/secure.gravatar.com\\\/avatar\\\/c7164ed6fdec453195284ad24a5ae5b6e1eed2b848477fa2a4787ba9adf39a41?s=96&d=mm&r=g\",\"caption\":\"Redacci\u00f3n QP\"},\"url\":\"https:\\\/\\\/quehacerpolitico.mx\\\/?author=2\"}]}<\/script>\n<!-- \/ Yoast SEO plugin. -->","yoast_head_json":{"title":"Internacionales\/\/\/Carolina Alonso Romei\/\/\/Condenan a cuatro a\u00f1os de c\u00e1rcel a la Premio Nobel de la Paz, Aung San Suu Kyi -","robots":{"index":"index","follow":"follow","max-snippet":"max-snippet:-1","max-image-preview":"max-image-preview:large","max-video-preview":"max-video-preview:-1"},"canonical":"https:\/\/quehacerpolitico.mx\/?p=87098","og_locale":"es_MX","og_type":"article","og_title":"Internacionales\/\/\/Carolina Alonso Romei\/\/\/Condenan a cuatro a\u00f1os de c\u00e1rcel a la Premio Nobel de la Paz, Aung San Suu Kyi -","og_description":"Por Carolina Alonso Romei Internacionalista Suu Kyi, de 76 a\u00f1os, fue sentenciada por el delito...","og_url":"https:\/\/quehacerpolitico.mx\/?p=87098","article_published_time":"2021-12-06T17:21:31+00:00","article_modified_time":"2021-12-06T17:21:34+00:00","og_image":[{"width":414,"height":296,"url":"https:\/\/quehacerpolitico.mx\/wp-content\/uploads\/2021\/12\/29221F80-9A17-4659-8B2C-A535DC991707.jpeg","type":"image\/jpeg"}],"author":"Redacci\u00f3n QP","twitter_card":"summary_large_image","twitter_misc":{"Escrito por":"Redacci\u00f3n QP","Tiempo de lectura":"5 minutos"},"schema":{"@context":"https:\/\/schema.org","@graph":[{"@type":"Article","@id":"https:\/\/quehacerpolitico.mx\/?p=87098#article","isPartOf":{"@id":"https:\/\/quehacerpolitico.mx\/?p=87098"},"author":{"name":"Redacci\u00f3n QP","@id":"https:\/\/quehacerpolitico.mx\/#\/schema\/person\/496d8ad2d1d3f8036101dca7ee39e585"},"headline":"Internacionales\/\/\/Carolina Alonso Romei\/\/\/Condenan a cuatro a\u00f1os de c\u00e1rcel a la Premio Nobel de la Paz, Aung San Suu Kyi","datePublished":"2021-12-06T17:21:31+00:00","dateModified":"2021-12-06T17:21:34+00:00","mainEntityOfPage":{"@id":"https:\/\/quehacerpolitico.mx\/?p=87098"},"wordCount":1073,"commentCount":0,"image":{"@id":"https:\/\/quehacerpolitico.mx\/?p=87098#primaryimage"},"thumbnailUrl":"https:\/\/quehacerpolitico.mx\/wp-content\/uploads\/2021\/12\/29221F80-9A17-4659-8B2C-A535DC991707.jpeg","articleSection":["Internacionales"],"inLanguage":"es","potentialAction":[{"@type":"CommentAction","name":"Comment","target":["https:\/\/quehacerpolitico.mx\/?p=87098#respond"]}]},{"@type":"WebPage","@id":"https:\/\/quehacerpolitico.mx\/?p=87098","url":"https:\/\/quehacerpolitico.mx\/?p=87098","name":"Internacionales\/\/\/Carolina Alonso Romei\/\/\/Condenan a cuatro a\u00f1os de c\u00e1rcel a la Premio Nobel de la Paz, Aung San Suu Kyi -","isPartOf":{"@id":"https:\/\/quehacerpolitico.mx\/#website"},"primaryImageOfPage":{"@id":"https:\/\/quehacerpolitico.mx\/?p=87098#primaryimage"},"image":{"@id":"https:\/\/quehacerpolitico.mx\/?p=87098#primaryimage"},"thumbnailUrl":"https:\/\/quehacerpolitico.mx\/wp-content\/uploads\/2021\/12\/29221F80-9A17-4659-8B2C-A535DC991707.jpeg","datePublished":"2021-12-06T17:21:31+00:00","dateModified":"2021-12-06T17:21:34+00:00","author":{"@id":"https:\/\/quehacerpolitico.mx\/#\/schema\/person\/496d8ad2d1d3f8036101dca7ee39e585"},"breadcrumb":{"@id":"https:\/\/quehacerpolitico.mx\/?p=87098#breadcrumb"},"inLanguage":"es","potentialAction":[{"@type":"ReadAction","target":["https:\/\/quehacerpolitico.mx\/?p=87098"]}]},{"@type":"ImageObject","inLanguage":"es","@id":"https:\/\/quehacerpolitico.mx\/?p=87098#primaryimage","url":"https:\/\/quehacerpolitico.mx\/wp-content\/uploads\/2021\/12\/29221F80-9A17-4659-8B2C-A535DC991707.jpeg","contentUrl":"https:\/\/quehacerpolitico.mx\/wp-content\/uploads\/2021\/12\/29221F80-9A17-4659-8B2C-A535DC991707.jpeg","width":414,"height":296},{"@type":"BreadcrumbList","@id":"https:\/\/quehacerpolitico.mx\/?p=87098#breadcrumb","itemListElement":[{"@type":"ListItem","position":1,"name":"Inicio","item":"https:\/\/quehacerpolitico.mx\/"},{"@type":"ListItem","position":2,"name":"Internacionales\/\/\/Carolina Alonso Romei\/\/\/Condenan a cuatro a\u00f1os de c\u00e1rcel a la Premio Nobel de la Paz, Aung San Suu Kyi"}]},{"@type":"WebSite","@id":"https:\/\/quehacerpolitico.mx\/#website","url":"https:\/\/quehacerpolitico.mx\/","name":"","description":"","potentialAction":[{"@type":"SearchAction","target":{"@type":"EntryPoint","urlTemplate":"https:\/\/quehacerpolitico.mx\/?s={search_term_string}"},"query-input":{"@type":"PropertyValueSpecification","valueRequired":true,"valueName":"search_term_string"}}],"inLanguage":"es"},{"@type":"Person","@id":"https:\/\/quehacerpolitico.mx\/#\/schema\/person\/496d8ad2d1d3f8036101dca7ee39e585","name":"Redacci\u00f3n QP","image":{"@type":"ImageObject","inLanguage":"es","@id":"https:\/\/secure.gravatar.com\/avatar\/c7164ed6fdec453195284ad24a5ae5b6e1eed2b848477fa2a4787ba9adf39a41?s=96&d=mm&r=g","url":"https:\/\/secure.gravatar.com\/avatar\/c7164ed6fdec453195284ad24a5ae5b6e1eed2b848477fa2a4787ba9adf39a41?s=96&d=mm&r=g","contentUrl":"https:\/\/secure.gravatar.com\/avatar\/c7164ed6fdec453195284ad24a5ae5b6e1eed2b848477fa2a4787ba9adf39a41?s=96&d=mm&r=g","caption":"Redacci\u00f3n QP"},"url":"https:\/\/quehacerpolitico.mx\/?author=2"}]}},"featured_image_urls":{"full":["https:\/\/quehacerpolitico.mx\/wp-content\/uploads\/2021\/12\/29221F80-9A17-4659-8B2C-A535DC991707.jpeg",414,296,false],"thumbnail":["https:\/\/quehacerpolitico.mx\/wp-content\/uploads\/2021\/12\/29221F80-9A17-4659-8B2C-A535DC991707-150x150.jpeg",150,150,true],"medium":["https:\/\/quehacerpolitico.mx\/wp-content\/uploads\/2021\/12\/29221F80-9A17-4659-8B2C-A535DC991707-300x214.jpeg",300,214,true],"medium_large":["https:\/\/quehacerpolitico.mx\/wp-content\/uploads\/2021\/12\/29221F80-9A17-4659-8B2C-A535DC991707.jpeg",414,296,false],"large":["https:\/\/quehacerpolitico.mx\/wp-content\/uploads\/2021\/12\/29221F80-9A17-4659-8B2C-A535DC991707.jpeg",414,296,false],"1536x1536":["https:\/\/quehacerpolitico.mx\/wp-content\/uploads\/2021\/12\/29221F80-9A17-4659-8B2C-A535DC991707.jpeg",414,296,false],"2048x2048":["https:\/\/quehacerpolitico.mx\/wp-content\/uploads\/2021\/12\/29221F80-9A17-4659-8B2C-A535DC991707.jpeg",414,296,false],"covernews-featured":["https:\/\/quehacerpolitico.mx\/wp-content\/uploads\/2021\/12\/29221F80-9A17-4659-8B2C-A535DC991707.jpeg",414,296,false],"covernews-medium":["https:\/\/quehacerpolitico.mx\/wp-content\/uploads\/2021\/12\/29221F80-9A17-4659-8B2C-A535DC991707.jpeg",414,296,false]},"author_info":{"display_name":"Redacci\u00f3n QP","author_link":"https:\/\/quehacerpolitico.mx\/?author=2"},"category_info":"<a href=\"https:\/\/quehacerpolitico.mx\/?cat=1\" rel=\"category\">Internacionales<\/a>","tag_info":"Internacionales","comment_count":"0","_links":{"self":[{"href":"https:\/\/quehacerpolitico.mx\/index.php?rest_route=\/wp\/v2\/posts\/87098","targetHints":{"allow":["GET"]}}],"collection":[{"href":"https:\/\/quehacerpolitico.mx\/index.php?rest_route=\/wp\/v2\/posts"}],"about":[{"href":"https:\/\/quehacerpolitico.mx\/index.php?rest_route=\/wp\/v2\/types\/post"}],"author":[{"embeddable":true,"href":"https:\/\/quehacerpolitico.mx\/index.php?rest_route=\/wp\/v2\/users\/2"}],"replies":[{"embeddable":true,"href":"https:\/\/quehacerpolitico.mx\/index.php?rest_route=%2Fwp%2Fv2%2Fcomments&post=87098"}],"version-history":[{"count":1,"href":"https:\/\/quehacerpolitico.mx\/index.php?rest_route=\/wp\/v2\/posts\/87098\/revisions"}],"predecessor-version":[{"id":87100,"href":"https:\/\/quehacerpolitico.mx\/index.php?rest_route=\/wp\/v2\/posts\/87098\/revisions\/87100"}],"wp:featuredmedia":[{"embeddable":true,"href":"https:\/\/quehacerpolitico.mx\/index.php?rest_route=\/wp\/v2\/media\/87099"}],"wp:attachment":[{"href":"https:\/\/quehacerpolitico.mx\/index.php?rest_route=%2Fwp%2Fv2%2Fmedia&parent=87098"}],"wp:term":[{"taxonomy":"category","embeddable":true,"href":"https:\/\/quehacerpolitico.mx\/index.php?rest_route=%2Fwp%2Fv2%2Fcategories&post=87098"},{"taxonomy":"post_tag","embeddable":true,"href":"https:\/\/quehacerpolitico.mx\/index.php?rest_route=%2Fwp%2Fv2%2Ftags&post=87098"}],"curies":[{"name":"wp","href":"https:\/\/api.w.org\/{rel}","templated":true}]}}