{"id":87094,"date":"2021-12-06T16:59:46","date_gmt":"2021-12-06T16:59:46","guid":{"rendered":"https:\/\/quehacerpolitico.mx\/?p=87094"},"modified":"2021-12-06T17:01:21","modified_gmt":"2021-12-06T17:01:21","slug":"amlo-entrega-reconocimientos-a-gaseras-y-gasolineras-que-si-venden-kilos-de-a-kilo-y-litros-de-a-litro","status":"publish","type":"post","link":"https:\/\/quehacerpolitico.mx\/?p=87094","title":{"rendered":"AMLO entrega reconocimientos a gaseras y gasolineras que s\u00ed venden kilos de a kilo y litros de a litro"},"content":{"rendered":"\n<p>Por Redacci\u00f3n QP<\/p>\n\n\n\n<p>L\u00f3pez Obrador agradeci\u00f3 a los concesionarios por actuar con rectitud, buscando \u2018vender a buen precio las gasolinas y otros combustibles\u2019<\/p>\n\n\n\n<ul class=\"wp-block-list\"><li>Ricardo Sheffiel, titular de la Profeco, se\u00f1al\u00f3 que es necesario reconocer a los empresarios que son solidarios con los consumidores<\/li><\/ul>\n\n\n\n<p>El presidente de M\u00e9xico,&nbsp;<strong>Andr\u00e9s Manuel L\u00f3pez Obrador (AMLO)<\/strong>, entreg\u00f3 hoy, 6 de diciembre de 2021, reconocimientos&nbsp;<strong>\u201cAliado del consumidor\u201d<\/strong>&nbsp;a gaseras y gasolineras por vender kilos de a kilo y litros de a litro.<\/p>\n\n\n\n<p>Durante su&nbsp;conferencia ma\u00f1anera el mandatario agradeci\u00f3 a los concesionarios por actuar con rectitud, buscando \u201cvender a buen precio las gasolinas y otros combustibles\u201d.<\/p>\n\n\n\n<p>Sentenci\u00f3 que todos los mexicanos tenemos que hacer lo que no corresponde para actuar con honestidad.<\/p>\n\n\n\n<blockquote class=\"wp-block-quote is-layout-flow wp-block-quote-is-layout-flow\"><p>\u201cSi actuamos as\u00ed vamos a seguir saliendo adelante ante cualquier adversidad; la honestidad es la mayor riqueza del pueblo de M\u00e9xico y el principal problema es la corrupci\u00f3n\u201d, puntualiz\u00f3.<\/p><\/blockquote>\n\n\n\n<p>Destac\u00f3 que por la corrupci\u00f3n hay pobreza, violencia, ingobernabilidad. Dijo que establecer como forma de vida la honestidad es el proyecto de M\u00e9xico y todos debemos de participar.<\/p>\n\n\n\n<p>Ricardo Sheffiel, titular de la&nbsp;<strong>Procuradur\u00eda Federal del Consumidor (Profeco)<\/strong>&nbsp;se\u00f1al\u00f3 que es necesario reconocer a los empresarios que son solidarios con los consumidores.<\/p>\n\n\n\n<figure class=\"wp-block-embed is-type-rich is-provider-twitter wp-block-embed-twitter\"><div class=\"wp-block-embed__wrapper\">\n<blockquote class=\"twitter-tweet\" data-width=\"550\" data-dnt=\"true\"><p lang=\"es\" dir=\"ltr\">&quot;\u00a1Es tuya!&quot;<br><br>En la ma\u00f1anera se premi\u00f3 a empresas de gas y gasolina que tuvieron precios justos con una lona. <br><br>Pero su regalo no le gust\u00f3 tanto porque hasta se lo dej\u00f3 al presidente <a href=\"https:\/\/twitter.com\/lopezobrador_?ref_src=twsrc%5Etfw\">@lopezobrador_<\/a> <a href=\"https:\/\/t.co\/Ee3glaQ4WC\">pic.twitter.com\/Ee3glaQ4WC<\/a><\/p>&mdash; Ruido en la Red (@RuidoEnLaRed) <a href=\"https:\/\/twitter.com\/RuidoEnLaRed\/status\/1467853698659409923?ref_src=twsrc%5Etfw\">December 6, 2021<\/a><\/blockquote><script async src=\"https:\/\/platform.twitter.com\/widgets.js\" charset=\"utf-8\"><\/script>\n<\/div><\/figure>\n\n\n\n<p>Dijo que todos estos empresarios y empresas han sido verificadas para constatar que no comercian con gasolina robada, pagan impuestos y son solidarios porque mantienen precios bajos y m\u00e1rgenes razonables de utilidad.<\/p>\n\n\n\n<blockquote class=\"wp-block-quote is-layout-flow wp-block-quote-is-layout-flow\"><p>\u201cY sobretodo que dan litros y kilos de a kilo y litros de a litro\u201d, se\u00f1al\u00f3.<\/p><\/blockquote>\n\n\n\n<p>Explic\u00f3 que de las empresas de gas LP de las ocho regiones del pa\u00eds estaban presentes tres en la conferencia ma\u00f1anera.<\/p>\n\n\n\n<h2 class=\"wp-block-heading\">Reconocimiento a gaseras<\/h2>\n\n\n\n<ul class=\"wp-block-list\"><li>Bertha Judith Ceja recibi\u00f3 el reconocimiento a nombre de la empresa Gas Express Nieto S.A. de C.V.<\/li><li>Cynthia Calcaneo Rojano recibi\u00f3 el reconocimiento a nombre de la empresa Gas Express Nieto S.A. de C.V.<\/li><li>Francisco Javier Durate Rodr\u00edguez recibi\u00f3 el reconocimiento a nombre de la empresa Kino Gas de Tijuana S.A. de C.V.<\/li><li>Aldo Paul P\u00e9rez Valerio recibi\u00f3 el reconocimiento a nombre de la marca Diesgas S.A. de C. por su mejor comportamiento y precios a lo largo del a\u00f1o.<\/li><\/ul>\n\n\n\n<h2 class=\"wp-block-heading\">Reconocimiento a gasolineras<\/h2>\n\n\n\n<p>Respecto a las gasolineras Ricardo Sheffield explic\u00f3 que estaban presentes cinco representantes de las estaciones de servicio de las ocho regiones del pa\u00eds.<\/p>\n\n\n\n<ul class=\"wp-block-list\"><li>Sara\u00ed Montero recibi\u00f3 el reconocimiento a nombre de Gasolineras Teher\u00e1n, S.A. de C.V.<\/li><li>Jos\u00e9 de Jes\u00fas Soto recibi\u00f3 el reconocimiento a nombre de Servicios Apache.<\/li><li>Jorge Arturo Mart\u00edn Garibaldi recibi\u00f3 el reconocimiento a nombre de Servicios de Gasoliner\u00eda Gasgal S.A. de C.V.<\/li><li>Jos\u00e9 Luis Rodr\u00edguez Guerra recibi\u00f3 el reconocimiento a nombre de Combustibles Rodr\u00edguez Guerra, de Matamoros, Tamaulipas.<\/li><li>Luis G\u00f3mez P\u00e9rez recibi\u00f3 el reconocimiento a nombre de Estaci\u00f3n de Servicio para Autos Circuito, S.A. de C.V.<\/li><li>Roberto Guillermo Ugalde recibi\u00f3 el reconocimiento a nombre de la empresa Isla Regia S.A. de C.V.<\/li><li>Finalmente, Carlos Sandoval recibi\u00f3 el reconocimiento a nombre de la marca Orsan, de Estaciones de Servicio Alto S.A. de C.V.<\/li><\/ul>\n","protected":false},"excerpt":{"rendered":"<p>Por Redacci\u00f3n QP L\u00f3pez Obrador agradeci\u00f3 a los concesionarios por actuar con rectitud, buscando \u2018vender&#8230;<\/p>\n","protected":false},"author":2,"featured_media":87095,"comment_status":"open","ping_status":"open","sticky":false,"template":"","format":"standard","meta":{"_monsterinsights_skip_tracking":false,"_monsterinsights_sitenote_active":false,"_monsterinsights_sitenote_note":"","_monsterinsights_sitenote_category":0,"footnotes":""},"categories":[56],"tags":[],"class_list":["post-87094","post","type-post","status-publish","format-standard","has-post-thumbnail","hentry","category-economia"],"yoast_head":"<!-- This site is optimized with the Yoast SEO plugin v27.3 - https:\/\/yoast.com\/product\/yoast-seo-wordpress\/ -->\n<title>AMLO entrega reconocimientos a gaseras y gasolineras que s\u00ed venden kilos de a kilo y litros de a litro -<\/title>\n<meta name=\"robots\" content=\"index, follow, max-snippet:-1, max-image-preview:large, max-video-preview:-1\" \/>\n<link rel=\"canonical\" href=\"https:\/\/quehacerpolitico.mx\/?p=87094\" \/>\n<meta property=\"og:locale\" content=\"es_MX\" \/>\n<meta property=\"og:type\" content=\"article\" \/>\n<meta property=\"og:title\" content=\"AMLO entrega reconocimientos a gaseras y gasolineras que s\u00ed venden kilos de a kilo y litros de a litro -\" \/>\n<meta property=\"og:description\" content=\"Por Redacci\u00f3n QP L\u00f3pez Obrador agradeci\u00f3 a los concesionarios por actuar con rectitud, buscando \u2018vender...\" \/>\n<meta property=\"og:url\" content=\"https:\/\/quehacerpolitico.mx\/?p=87094\" \/>\n<meta property=\"article:published_time\" content=\"2021-12-06T16:59:46+00:00\" \/>\n<meta property=\"article:modified_time\" content=\"2021-12-06T17:01:21+00:00\" \/>\n<meta property=\"og:image\" content=\"https:\/\/quehacerpolitico.mx\/wp-content\/uploads\/2021\/12\/B54D3D66-93CB-434C-BFE9-EAB1AAE29782.jpeg\" \/>\n\t<meta property=\"og:image:width\" content=\"1284\" \/>\n\t<meta property=\"og:image:height\" content=\"651\" \/>\n\t<meta property=\"og:image:type\" content=\"image\/jpeg\" \/>\n<meta name=\"author\" content=\"Redacci\u00f3n QP\" \/>\n<meta name=\"twitter:card\" content=\"summary_large_image\" \/>\n<meta name=\"twitter:label1\" content=\"Escrito por\" \/>\n\t<meta name=\"twitter:data1\" content=\"Redacci\u00f3n QP\" \/>\n\t<meta name=\"twitter:label2\" content=\"Tiempo de lectura\" \/>\n\t<meta name=\"twitter:data2\" content=\"3 minutos\" \/>\n<script type=\"application\/ld+json\" class=\"yoast-schema-graph\">{\"@context\":\"https:\\\/\\\/schema.org\",\"@graph\":[{\"@type\":\"Article\",\"@id\":\"https:\\\/\\\/quehacerpolitico.mx\\\/?p=87094#article\",\"isPartOf\":{\"@id\":\"https:\\\/\\\/quehacerpolitico.mx\\\/?p=87094\"},\"author\":{\"name\":\"Redacci\u00f3n QP\",\"@id\":\"https:\\\/\\\/quehacerpolitico.mx\\\/#\\\/schema\\\/person\\\/496d8ad2d1d3f8036101dca7ee39e585\"},\"headline\":\"AMLO entrega reconocimientos a gaseras y gasolineras que s\u00ed venden kilos de a kilo y litros de a litro\",\"datePublished\":\"2021-12-06T16:59:46+00:00\",\"dateModified\":\"2021-12-06T17:01:21+00:00\",\"mainEntityOfPage\":{\"@id\":\"https:\\\/\\\/quehacerpolitico.mx\\\/?p=87094\"},\"wordCount\":565,\"commentCount\":0,\"image\":{\"@id\":\"https:\\\/\\\/quehacerpolitico.mx\\\/?p=87094#primaryimage\"},\"thumbnailUrl\":\"https:\\\/\\\/quehacerpolitico.mx\\\/wp-content\\\/uploads\\\/2021\\\/12\\\/B54D3D66-93CB-434C-BFE9-EAB1AAE29782.jpeg\",\"articleSection\":[\"Econom\u00eda\"],\"inLanguage\":\"es\",\"potentialAction\":[{\"@type\":\"CommentAction\",\"name\":\"Comment\",\"target\":[\"https:\\\/\\\/quehacerpolitico.mx\\\/?p=87094#respond\"]}]},{\"@type\":\"WebPage\",\"@id\":\"https:\\\/\\\/quehacerpolitico.mx\\\/?p=87094\",\"url\":\"https:\\\/\\\/quehacerpolitico.mx\\\/?p=87094\",\"name\":\"AMLO entrega reconocimientos a gaseras y gasolineras que s\u00ed venden kilos de a kilo y litros de a litro -\",\"isPartOf\":{\"@id\":\"https:\\\/\\\/quehacerpolitico.mx\\\/#website\"},\"primaryImageOfPage\":{\"@id\":\"https:\\\/\\\/quehacerpolitico.mx\\\/?p=87094#primaryimage\"},\"image\":{\"@id\":\"https:\\\/\\\/quehacerpolitico.mx\\\/?p=87094#primaryimage\"},\"thumbnailUrl\":\"https:\\\/\\\/quehacerpolitico.mx\\\/wp-content\\\/uploads\\\/2021\\\/12\\\/B54D3D66-93CB-434C-BFE9-EAB1AAE29782.jpeg\",\"datePublished\":\"2021-12-06T16:59:46+00:00\",\"dateModified\":\"2021-12-06T17:01:21+00:00\",\"author\":{\"@id\":\"https:\\\/\\\/quehacerpolitico.mx\\\/#\\\/schema\\\/person\\\/496d8ad2d1d3f8036101dca7ee39e585\"},\"breadcrumb\":{\"@id\":\"https:\\\/\\\/quehacerpolitico.mx\\\/?p=87094#breadcrumb\"},\"inLanguage\":\"es\",\"potentialAction\":[{\"@type\":\"ReadAction\",\"target\":[\"https:\\\/\\\/quehacerpolitico.mx\\\/?p=87094\"]}]},{\"@type\":\"ImageObject\",\"inLanguage\":\"es\",\"@id\":\"https:\\\/\\\/quehacerpolitico.mx\\\/?p=87094#primaryimage\",\"url\":\"https:\\\/\\\/quehacerpolitico.mx\\\/wp-content\\\/uploads\\\/2021\\\/12\\\/B54D3D66-93CB-434C-BFE9-EAB1AAE29782.jpeg\",\"contentUrl\":\"https:\\\/\\\/quehacerpolitico.mx\\\/wp-content\\\/uploads\\\/2021\\\/12\\\/B54D3D66-93CB-434C-BFE9-EAB1AAE29782.jpeg\",\"width\":1284,\"height\":651},{\"@type\":\"BreadcrumbList\",\"@id\":\"https:\\\/\\\/quehacerpolitico.mx\\\/?p=87094#breadcrumb\",\"itemListElement\":[{\"@type\":\"ListItem\",\"position\":1,\"name\":\"Inicio\",\"item\":\"https:\\\/\\\/quehacerpolitico.mx\\\/\"},{\"@type\":\"ListItem\",\"position\":2,\"name\":\"AMLO entrega reconocimientos a gaseras y gasolineras que s\u00ed venden kilos de a kilo y litros de a litro\"}]},{\"@type\":\"WebSite\",\"@id\":\"https:\\\/\\\/quehacerpolitico.mx\\\/#website\",\"url\":\"https:\\\/\\\/quehacerpolitico.mx\\\/\",\"name\":\"\",\"description\":\"\",\"potentialAction\":[{\"@type\":\"SearchAction\",\"target\":{\"@type\":\"EntryPoint\",\"urlTemplate\":\"https:\\\/\\\/quehacerpolitico.mx\\\/?s={search_term_string}\"},\"query-input\":{\"@type\":\"PropertyValueSpecification\",\"valueRequired\":true,\"valueName\":\"search_term_string\"}}],\"inLanguage\":\"es\"},{\"@type\":\"Person\",\"@id\":\"https:\\\/\\\/quehacerpolitico.mx\\\/#\\\/schema\\\/person\\\/496d8ad2d1d3f8036101dca7ee39e585\",\"name\":\"Redacci\u00f3n QP\",\"image\":{\"@type\":\"ImageObject\",\"inLanguage\":\"es\",\"@id\":\"https:\\\/\\\/secure.gravatar.com\\\/avatar\\\/c7164ed6fdec453195284ad24a5ae5b6e1eed2b848477fa2a4787ba9adf39a41?s=96&d=mm&r=g\",\"url\":\"https:\\\/\\\/secure.gravatar.com\\\/avatar\\\/c7164ed6fdec453195284ad24a5ae5b6e1eed2b848477fa2a4787ba9adf39a41?s=96&d=mm&r=g\",\"contentUrl\":\"https:\\\/\\\/secure.gravatar.com\\\/avatar\\\/c7164ed6fdec453195284ad24a5ae5b6e1eed2b848477fa2a4787ba9adf39a41?s=96&d=mm&r=g\",\"caption\":\"Redacci\u00f3n QP\"},\"url\":\"https:\\\/\\\/quehacerpolitico.mx\\\/?author=2\"}]}<\/script>\n<!-- \/ Yoast SEO plugin. -->","yoast_head_json":{"title":"AMLO entrega reconocimientos a gaseras y gasolineras que s\u00ed venden kilos de a kilo y litros de a litro -","robots":{"index":"index","follow":"follow","max-snippet":"max-snippet:-1","max-image-preview":"max-image-preview:large","max-video-preview":"max-video-preview:-1"},"canonical":"https:\/\/quehacerpolitico.mx\/?p=87094","og_locale":"es_MX","og_type":"article","og_title":"AMLO entrega reconocimientos a gaseras y gasolineras que s\u00ed venden kilos de a kilo y litros de a litro -","og_description":"Por Redacci\u00f3n QP L\u00f3pez Obrador agradeci\u00f3 a los concesionarios por actuar con rectitud, buscando \u2018vender...","og_url":"https:\/\/quehacerpolitico.mx\/?p=87094","article_published_time":"2021-12-06T16:59:46+00:00","article_modified_time":"2021-12-06T17:01:21+00:00","og_image":[{"width":1284,"height":651,"url":"https:\/\/quehacerpolitico.mx\/wp-content\/uploads\/2021\/12\/B54D3D66-93CB-434C-BFE9-EAB1AAE29782.jpeg","type":"image\/jpeg"}],"author":"Redacci\u00f3n QP","twitter_card":"summary_large_image","twitter_misc":{"Escrito por":"Redacci\u00f3n QP","Tiempo de lectura":"3 minutos"},"schema":{"@context":"https:\/\/schema.org","@graph":[{"@type":"Article","@id":"https:\/\/quehacerpolitico.mx\/?p=87094#article","isPartOf":{"@id":"https:\/\/quehacerpolitico.mx\/?p=87094"},"author":{"name":"Redacci\u00f3n QP","@id":"https:\/\/quehacerpolitico.mx\/#\/schema\/person\/496d8ad2d1d3f8036101dca7ee39e585"},"headline":"AMLO entrega reconocimientos a gaseras y gasolineras que s\u00ed venden kilos de a kilo y litros de a litro","datePublished":"2021-12-06T16:59:46+00:00","dateModified":"2021-12-06T17:01:21+00:00","mainEntityOfPage":{"@id":"https:\/\/quehacerpolitico.mx\/?p=87094"},"wordCount":565,"commentCount":0,"image":{"@id":"https:\/\/quehacerpolitico.mx\/?p=87094#primaryimage"},"thumbnailUrl":"https:\/\/quehacerpolitico.mx\/wp-content\/uploads\/2021\/12\/B54D3D66-93CB-434C-BFE9-EAB1AAE29782.jpeg","articleSection":["Econom\u00eda"],"inLanguage":"es","potentialAction":[{"@type":"CommentAction","name":"Comment","target":["https:\/\/quehacerpolitico.mx\/?p=87094#respond"]}]},{"@type":"WebPage","@id":"https:\/\/quehacerpolitico.mx\/?p=87094","url":"https:\/\/quehacerpolitico.mx\/?p=87094","name":"AMLO entrega reconocimientos a gaseras y gasolineras que s\u00ed venden kilos de a kilo y litros de a litro -","isPartOf":{"@id":"https:\/\/quehacerpolitico.mx\/#website"},"primaryImageOfPage":{"@id":"https:\/\/quehacerpolitico.mx\/?p=87094#primaryimage"},"image":{"@id":"https:\/\/quehacerpolitico.mx\/?p=87094#primaryimage"},"thumbnailUrl":"https:\/\/quehacerpolitico.mx\/wp-content\/uploads\/2021\/12\/B54D3D66-93CB-434C-BFE9-EAB1AAE29782.jpeg","datePublished":"2021-12-06T16:59:46+00:00","dateModified":"2021-12-06T17:01:21+00:00","author":{"@id":"https:\/\/quehacerpolitico.mx\/#\/schema\/person\/496d8ad2d1d3f8036101dca7ee39e585"},"breadcrumb":{"@id":"https:\/\/quehacerpolitico.mx\/?p=87094#breadcrumb"},"inLanguage":"es","potentialAction":[{"@type":"ReadAction","target":["https:\/\/quehacerpolitico.mx\/?p=87094"]}]},{"@type":"ImageObject","inLanguage":"es","@id":"https:\/\/quehacerpolitico.mx\/?p=87094#primaryimage","url":"https:\/\/quehacerpolitico.mx\/wp-content\/uploads\/2021\/12\/B54D3D66-93CB-434C-BFE9-EAB1AAE29782.jpeg","contentUrl":"https:\/\/quehacerpolitico.mx\/wp-content\/uploads\/2021\/12\/B54D3D66-93CB-434C-BFE9-EAB1AAE29782.jpeg","width":1284,"height":651},{"@type":"BreadcrumbList","@id":"https:\/\/quehacerpolitico.mx\/?p=87094#breadcrumb","itemListElement":[{"@type":"ListItem","position":1,"name":"Inicio","item":"https:\/\/quehacerpolitico.mx\/"},{"@type":"ListItem","position":2,"name":"AMLO entrega reconocimientos a gaseras y gasolineras que s\u00ed venden kilos de a kilo y litros de a litro"}]},{"@type":"WebSite","@id":"https:\/\/quehacerpolitico.mx\/#website","url":"https:\/\/quehacerpolitico.mx\/","name":"","description":"","potentialAction":[{"@type":"SearchAction","target":{"@type":"EntryPoint","urlTemplate":"https:\/\/quehacerpolitico.mx\/?s={search_term_string}"},"query-input":{"@type":"PropertyValueSpecification","valueRequired":true,"valueName":"search_term_string"}}],"inLanguage":"es"},{"@type":"Person","@id":"https:\/\/quehacerpolitico.mx\/#\/schema\/person\/496d8ad2d1d3f8036101dca7ee39e585","name":"Redacci\u00f3n QP","image":{"@type":"ImageObject","inLanguage":"es","@id":"https:\/\/secure.gravatar.com\/avatar\/c7164ed6fdec453195284ad24a5ae5b6e1eed2b848477fa2a4787ba9adf39a41?s=96&d=mm&r=g","url":"https:\/\/secure.gravatar.com\/avatar\/c7164ed6fdec453195284ad24a5ae5b6e1eed2b848477fa2a4787ba9adf39a41?s=96&d=mm&r=g","contentUrl":"https:\/\/secure.gravatar.com\/avatar\/c7164ed6fdec453195284ad24a5ae5b6e1eed2b848477fa2a4787ba9adf39a41?s=96&d=mm&r=g","caption":"Redacci\u00f3n QP"},"url":"https:\/\/quehacerpolitico.mx\/?author=2"}]}},"featured_image_urls":{"full":["https:\/\/quehacerpolitico.mx\/wp-content\/uploads\/2021\/12\/B54D3D66-93CB-434C-BFE9-EAB1AAE29782.jpeg",1284,651,false],"thumbnail":["https:\/\/quehacerpolitico.mx\/wp-content\/uploads\/2021\/12\/B54D3D66-93CB-434C-BFE9-EAB1AAE29782-150x150.jpeg",150,150,true],"medium":["https:\/\/quehacerpolitico.mx\/wp-content\/uploads\/2021\/12\/B54D3D66-93CB-434C-BFE9-EAB1AAE29782-300x152.jpeg",300,152,true],"medium_large":["https:\/\/quehacerpolitico.mx\/wp-content\/uploads\/2021\/12\/B54D3D66-93CB-434C-BFE9-EAB1AAE29782-768x389.jpeg",640,324,true],"large":["https:\/\/quehacerpolitico.mx\/wp-content\/uploads\/2021\/12\/B54D3D66-93CB-434C-BFE9-EAB1AAE29782-1024x519.jpeg",640,324,true],"1536x1536":["https:\/\/quehacerpolitico.mx\/wp-content\/uploads\/2021\/12\/B54D3D66-93CB-434C-BFE9-EAB1AAE29782.jpeg",1284,651,false],"2048x2048":["https:\/\/quehacerpolitico.mx\/wp-content\/uploads\/2021\/12\/B54D3D66-93CB-434C-BFE9-EAB1AAE29782.jpeg",1284,651,false],"covernews-featured":["https:\/\/quehacerpolitico.mx\/wp-content\/uploads\/2021\/12\/B54D3D66-93CB-434C-BFE9-EAB1AAE29782.jpeg",1024,519,false],"covernews-medium":["https:\/\/quehacerpolitico.mx\/wp-content\/uploads\/2021\/12\/B54D3D66-93CB-434C-BFE9-EAB1AAE29782.jpeg",540,274,false]},"author_info":{"display_name":"Redacci\u00f3n QP","author_link":"https:\/\/quehacerpolitico.mx\/?author=2"},"category_info":"<a href=\"https:\/\/quehacerpolitico.mx\/?cat=56\" rel=\"category\">Econom\u00eda<\/a>","tag_info":"Econom\u00eda","comment_count":"0","_links":{"self":[{"href":"https:\/\/quehacerpolitico.mx\/index.php?rest_route=\/wp\/v2\/posts\/87094","targetHints":{"allow":["GET"]}}],"collection":[{"href":"https:\/\/quehacerpolitico.mx\/index.php?rest_route=\/wp\/v2\/posts"}],"about":[{"href":"https:\/\/quehacerpolitico.mx\/index.php?rest_route=\/wp\/v2\/types\/post"}],"author":[{"embeddable":true,"href":"https:\/\/quehacerpolitico.mx\/index.php?rest_route=\/wp\/v2\/users\/2"}],"replies":[{"embeddable":true,"href":"https:\/\/quehacerpolitico.mx\/index.php?rest_route=%2Fwp%2Fv2%2Fcomments&post=87094"}],"version-history":[{"count":2,"href":"https:\/\/quehacerpolitico.mx\/index.php?rest_route=\/wp\/v2\/posts\/87094\/revisions"}],"predecessor-version":[{"id":87097,"href":"https:\/\/quehacerpolitico.mx\/index.php?rest_route=\/wp\/v2\/posts\/87094\/revisions\/87097"}],"wp:featuredmedia":[{"embeddable":true,"href":"https:\/\/quehacerpolitico.mx\/index.php?rest_route=\/wp\/v2\/media\/87095"}],"wp:attachment":[{"href":"https:\/\/quehacerpolitico.mx\/index.php?rest_route=%2Fwp%2Fv2%2Fmedia&parent=87094"}],"wp:term":[{"taxonomy":"category","embeddable":true,"href":"https:\/\/quehacerpolitico.mx\/index.php?rest_route=%2Fwp%2Fv2%2Fcategories&post=87094"},{"taxonomy":"post_tag","embeddable":true,"href":"https:\/\/quehacerpolitico.mx\/index.php?rest_route=%2Fwp%2Fv2%2Ftags&post=87094"}],"curies":[{"name":"wp","href":"https:\/\/api.w.org\/{rel}","templated":true}]}}