{"id":87091,"date":"2021-12-06T16:49:49","date_gmt":"2021-12-06T16:49:49","guid":{"rendered":"https:\/\/quehacerpolitico.mx\/?p=87091"},"modified":"2021-12-06T16:49:52","modified_gmt":"2021-12-06T16:49:52","slug":"amlo-defiende-a-su-secretario-particular-alejandro-esquer-estan-ahora-desatados","status":"publish","type":"post","link":"https:\/\/quehacerpolitico.mx\/?p=87091","title":{"rendered":"AMLO defiende a su secretario particular, Alejandro Esquer: &#8220;Est\u00e1n ahora desatados&#8221;"},"content":{"rendered":"\n<p>Por Redacci\u00f3n QP<\/p>\n\n\n\n<p>AMLO dice que el video publicado por Loret de Mola donde se ve a Alejandro Esquer depositando dinero en un banco corresponden a un donativo para damnificados de terremotos<\/p>\n\n\n\n<p>El Presidente de M\u00e9xico, Andr\u00e9s Manuel L\u00f3pez Obrador (AMLO) defendi\u00f3 a su secretario particular, Alejandro Esquer y dijo que las im\u00e1genes filtradas donde se le ve depositando dinero en un banco corresponden a un donativo para damnificados de terremotos y asegur\u00f3 que las autoridades resolvieron que no fue un delito.<\/p>\n\n\n\n<figure class=\"wp-block-embed is-type-video is-provider-youtube wp-block-embed-youtube wp-embed-aspect-16-9 wp-has-aspect-ratio\"><div class=\"wp-block-embed__wrapper\">\n<iframe loading=\"lazy\" title=\"El &quot;carrusel&quot; de dinero de Alejandro Esquer, secretario de AMLO\" width=\"640\" height=\"360\" src=\"https:\/\/www.youtube.com\/embed\/c95J72sHKxo?feature=oembed\" frameborder=\"0\" allow=\"accelerometer; autoplay; clipboard-write; encrypted-media; gyroscope; picture-in-picture; web-share\" referrerpolicy=\"strict-origin-when-cross-origin\" allowfullscreen><\/iframe>\n<\/div><\/figure>\n\n\n\n<p><strong>&#8220;El tribunal en su momento resolvi\u00f3 que no hab\u00eda ning\u00fan delito, pero aplican la m\u00e1xima del hampa del periodismo de que la calumnia si no mancha, tizna. Est\u00e1n ahora desatados&#8221;<\/strong>, critic\u00f3 AMLO en la &#8220;ma\u00f1anera&#8221; de hoy lunes en Palacio Nacional.<\/p>\n\n\n\n<blockquote class=\"wp-block-quote is-layout-flow wp-block-quote-is-layout-flow\"><p>&#8220;Ahora un periodista corrupto, Loret de Mola, da a conocer las tomas de la c\u00e1mara del banco. Esta informaci\u00f3n ya la ten\u00eda el INE y el Tribunal Electoral&#8221;<\/p><\/blockquote>\n\n\n\n<p>El portal Latinus, del periodista Carlos Loret de Mola, public\u00f3 la semana pasada un video de Esquer y otros colaboradores de L\u00f3pez Obrador depositando en 2017 varios millones de pesos de forma presuntamente irregular en un operativo conocido como &#8220;carrusel&#8221;.<\/p>\n\n\n\n<p>Seg\u00fan la organizaci\u00f3n Mexicanos Contra la Corrupci\u00f3n y la Impunidad (MCCI), los personajes depositaban 50 mil pesos y se volv\u00edan a formar en distintos bancos hasta alcanzar 44 millones de pesos para eludir la ley antilavado.<\/p>\n\n\n\n<p>L\u00f3pez Obrador asegur\u00f3 que\u00a0<strong>ese dinero corresponde a la iniciativa de su partido, el Movimiento Regeneraci\u00f3n Nacional (Morena), para apoyar a los damnificados de los terremotos de 2017<\/strong>.<\/p>\n\n\n\n<p>Cont\u00f3 que Morena recibi\u00f3 una denuncia durante la campa\u00f1a electoral de 2018 por ese donativo, que fue investigado por el Instituto Nacional Electoral (INE), quien pidi\u00f3 a los bancos im\u00e1genes de las entregas del dinero.<\/p>\n\n\n\n<p>&#8220;Ahora un periodista corrupto, Loret de Mola, da a conocer las tomas de la c\u00e1mara del banco. Esta informaci\u00f3n ya la ten\u00eda el INE y el Tribunal Electoral&#8221;, dijo L\u00f3pez Obrador.<\/p>\n\n\n\n<figure class=\"wp-block-embed is-type-rich is-provider-twitter wp-block-embed-twitter\"><div class=\"wp-block-embed__wrapper\">\n<blockquote class=\"twitter-tweet\" data-width=\"550\" data-dnt=\"true\"><p lang=\"es\" dir=\"ltr\">Seg\u00fan el presidente <a href=\"https:\/\/twitter.com\/lopezobrador_?ref_src=twsrc%5Etfw\">@lopezobrador_<\/a> lo de Santiago Nieto y la <a href=\"https:\/\/twitter.com\/hashtag\/OperacionCarrusel?src=hash&amp;ref_src=twsrc%5Etfw\">#OperacionCarrusel<\/a> son una calumnia del periodismo corrupto, refiri\u00e9ndose al peri\u00f3dico Reforma y a <a href=\"https:\/\/twitter.com\/CarlosLoret?ref_src=twsrc%5Etfw\">@CarlosLoret<\/a> <a href=\"https:\/\/t.co\/PAxkCz0ohc\">pic.twitter.com\/PAxkCz0ohc<\/a><\/p>&mdash; Ruido en la Red (@RuidoEnLaRed) <a href=\"https:\/\/twitter.com\/RuidoEnLaRed\/status\/1467876204955025410?ref_src=twsrc%5Etfw\">December 6, 2021<\/a><\/blockquote><script async src=\"https:\/\/platform.twitter.com\/widgets.js\" charset=\"utf-8\"><\/script>\n<\/div><\/figure>\n\n\n\n<h4 class=\"wp-block-heading\">El tecer videoesc\u00e1ndalo difundido por Loret de Mola<\/h4>\n\n\n\n<p>Este es el tercer videoesc\u00e1ndalo difundido por Latinus que salpica al c\u00edrculo cercano del presidente L\u00f3pez Obrador, quien asumi\u00f3 en diciembre de 2018 con la promesa de acabar con la corrupci\u00f3n.<\/p>\n\n\n\n<p>El sitio divulg\u00f3 un material en julio pasado en el que Mart\u00edn Jes\u00fas L\u00f3pez Obrador, hermano de L\u00f3pez Obrador, recibi\u00f3 en 2015 dinero en efectivo de David Le\u00f3n Romero, entonces representante del Gobierno de Chiapas y despu\u00e9s titular de Protecci\u00f3n Civil en los primeros meses del Gobierno de L\u00f3pez Obrador.<\/p>\n\n\n\n<p>Antes, el 20 de agosto de 2020, P<strong>\u00edo L\u00f3pez Obrador, tambi\u00e9n hermano de AMLO, apareci\u00f3 en un primer video en el que tambi\u00e9n recib\u00eda dinero de Le\u00f3n Romero<\/strong>, quien ha sido pol\u00edtico del Partido Verde Ecologista de M\u00e9xico, actual aliado del Gobierno.<\/p>\n\n\n\n<p>Con Informaci\u00f3n de EFE<\/p>\n","protected":false},"excerpt":{"rendered":"<p>Por Redacci\u00f3n QP AMLO dice que el video publicado por Loret de Mola donde se&#8230;<\/p>\n","protected":false},"author":2,"featured_media":87092,"comment_status":"open","ping_status":"open","sticky":false,"template":"","format":"standard","meta":{"_monsterinsights_skip_tracking":false,"_monsterinsights_sitenote_active":false,"_monsterinsights_sitenote_note":"","_monsterinsights_sitenote_category":0,"footnotes":""},"categories":[2],"tags":[],"class_list":["post-87091","post","type-post","status-publish","format-standard","has-post-thumbnail","hentry","category-noticias"],"yoast_head":"<!-- This site is optimized with the Yoast SEO plugin v27.3 - https:\/\/yoast.com\/product\/yoast-seo-wordpress\/ -->\n<title>AMLO defiende a su secretario particular, Alejandro Esquer: &quot;Est\u00e1n ahora desatados&quot; -<\/title>\n<meta name=\"robots\" content=\"index, follow, max-snippet:-1, max-image-preview:large, max-video-preview:-1\" \/>\n<link rel=\"canonical\" href=\"https:\/\/quehacerpolitico.mx\/?p=87091\" \/>\n<meta property=\"og:locale\" content=\"es_MX\" \/>\n<meta property=\"og:type\" content=\"article\" \/>\n<meta property=\"og:title\" content=\"AMLO defiende a su secretario particular, Alejandro Esquer: &quot;Est\u00e1n ahora desatados&quot; -\" \/>\n<meta property=\"og:description\" content=\"Por Redacci\u00f3n QP AMLO dice que el video publicado por Loret de Mola donde se...\" \/>\n<meta property=\"og:url\" content=\"https:\/\/quehacerpolitico.mx\/?p=87091\" \/>\n<meta property=\"article:published_time\" content=\"2021-12-06T16:49:49+00:00\" \/>\n<meta property=\"article:modified_time\" content=\"2021-12-06T16:49:52+00:00\" \/>\n<meta property=\"og:image\" content=\"https:\/\/quehacerpolitico.mx\/wp-content\/uploads\/2021\/12\/A2D9E7A5-FF98-4F0D-919A-AEDC283C65C9.jpeg\" \/>\n\t<meta property=\"og:image:width\" content=\"678\" \/>\n\t<meta property=\"og:image:height\" content=\"452\" \/>\n\t<meta property=\"og:image:type\" content=\"image\/jpeg\" \/>\n<meta name=\"author\" content=\"Redacci\u00f3n QP\" \/>\n<meta name=\"twitter:card\" content=\"summary_large_image\" \/>\n<meta name=\"twitter:label1\" content=\"Escrito por\" \/>\n\t<meta name=\"twitter:data1\" content=\"Redacci\u00f3n QP\" \/>\n\t<meta name=\"twitter:label2\" content=\"Tiempo de lectura\" \/>\n\t<meta name=\"twitter:data2\" content=\"3 minutos\" \/>\n<script type=\"application\/ld+json\" class=\"yoast-schema-graph\">{\"@context\":\"https:\\\/\\\/schema.org\",\"@graph\":[{\"@type\":\"Article\",\"@id\":\"https:\\\/\\\/quehacerpolitico.mx\\\/?p=87091#article\",\"isPartOf\":{\"@id\":\"https:\\\/\\\/quehacerpolitico.mx\\\/?p=87091\"},\"author\":{\"name\":\"Redacci\u00f3n QP\",\"@id\":\"https:\\\/\\\/quehacerpolitico.mx\\\/#\\\/schema\\\/person\\\/496d8ad2d1d3f8036101dca7ee39e585\"},\"headline\":\"AMLO defiende a su secretario particular, Alejandro Esquer: &#8220;Est\u00e1n ahora desatados&#8221;\",\"datePublished\":\"2021-12-06T16:49:49+00:00\",\"dateModified\":\"2021-12-06T16:49:52+00:00\",\"mainEntityOfPage\":{\"@id\":\"https:\\\/\\\/quehacerpolitico.mx\\\/?p=87091\"},\"wordCount\":519,\"commentCount\":0,\"image\":{\"@id\":\"https:\\\/\\\/quehacerpolitico.mx\\\/?p=87091#primaryimage\"},\"thumbnailUrl\":\"https:\\\/\\\/quehacerpolitico.mx\\\/wp-content\\\/uploads\\\/2021\\\/12\\\/A2D9E7A5-FF98-4F0D-919A-AEDC283C65C9.jpeg\",\"articleSection\":[\"Noticias\"],\"inLanguage\":\"es\",\"potentialAction\":[{\"@type\":\"CommentAction\",\"name\":\"Comment\",\"target\":[\"https:\\\/\\\/quehacerpolitico.mx\\\/?p=87091#respond\"]}]},{\"@type\":\"WebPage\",\"@id\":\"https:\\\/\\\/quehacerpolitico.mx\\\/?p=87091\",\"url\":\"https:\\\/\\\/quehacerpolitico.mx\\\/?p=87091\",\"name\":\"AMLO defiende a su secretario particular, Alejandro Esquer: \\\"Est\u00e1n ahora desatados\\\" -\",\"isPartOf\":{\"@id\":\"https:\\\/\\\/quehacerpolitico.mx\\\/#website\"},\"primaryImageOfPage\":{\"@id\":\"https:\\\/\\\/quehacerpolitico.mx\\\/?p=87091#primaryimage\"},\"image\":{\"@id\":\"https:\\\/\\\/quehacerpolitico.mx\\\/?p=87091#primaryimage\"},\"thumbnailUrl\":\"https:\\\/\\\/quehacerpolitico.mx\\\/wp-content\\\/uploads\\\/2021\\\/12\\\/A2D9E7A5-FF98-4F0D-919A-AEDC283C65C9.jpeg\",\"datePublished\":\"2021-12-06T16:49:49+00:00\",\"dateModified\":\"2021-12-06T16:49:52+00:00\",\"author\":{\"@id\":\"https:\\\/\\\/quehacerpolitico.mx\\\/#\\\/schema\\\/person\\\/496d8ad2d1d3f8036101dca7ee39e585\"},\"breadcrumb\":{\"@id\":\"https:\\\/\\\/quehacerpolitico.mx\\\/?p=87091#breadcrumb\"},\"inLanguage\":\"es\",\"potentialAction\":[{\"@type\":\"ReadAction\",\"target\":[\"https:\\\/\\\/quehacerpolitico.mx\\\/?p=87091\"]}]},{\"@type\":\"ImageObject\",\"inLanguage\":\"es\",\"@id\":\"https:\\\/\\\/quehacerpolitico.mx\\\/?p=87091#primaryimage\",\"url\":\"https:\\\/\\\/quehacerpolitico.mx\\\/wp-content\\\/uploads\\\/2021\\\/12\\\/A2D9E7A5-FF98-4F0D-919A-AEDC283C65C9.jpeg\",\"contentUrl\":\"https:\\\/\\\/quehacerpolitico.mx\\\/wp-content\\\/uploads\\\/2021\\\/12\\\/A2D9E7A5-FF98-4F0D-919A-AEDC283C65C9.jpeg\",\"width\":678,\"height\":452},{\"@type\":\"BreadcrumbList\",\"@id\":\"https:\\\/\\\/quehacerpolitico.mx\\\/?p=87091#breadcrumb\",\"itemListElement\":[{\"@type\":\"ListItem\",\"position\":1,\"name\":\"Inicio\",\"item\":\"https:\\\/\\\/quehacerpolitico.mx\\\/\"},{\"@type\":\"ListItem\",\"position\":2,\"name\":\"AMLO defiende a su secretario particular, Alejandro Esquer: &#8220;Est\u00e1n ahora desatados&#8221;\"}]},{\"@type\":\"WebSite\",\"@id\":\"https:\\\/\\\/quehacerpolitico.mx\\\/#website\",\"url\":\"https:\\\/\\\/quehacerpolitico.mx\\\/\",\"name\":\"\",\"description\":\"\",\"potentialAction\":[{\"@type\":\"SearchAction\",\"target\":{\"@type\":\"EntryPoint\",\"urlTemplate\":\"https:\\\/\\\/quehacerpolitico.mx\\\/?s={search_term_string}\"},\"query-input\":{\"@type\":\"PropertyValueSpecification\",\"valueRequired\":true,\"valueName\":\"search_term_string\"}}],\"inLanguage\":\"es\"},{\"@type\":\"Person\",\"@id\":\"https:\\\/\\\/quehacerpolitico.mx\\\/#\\\/schema\\\/person\\\/496d8ad2d1d3f8036101dca7ee39e585\",\"name\":\"Redacci\u00f3n QP\",\"image\":{\"@type\":\"ImageObject\",\"inLanguage\":\"es\",\"@id\":\"https:\\\/\\\/secure.gravatar.com\\\/avatar\\\/c7164ed6fdec453195284ad24a5ae5b6e1eed2b848477fa2a4787ba9adf39a41?s=96&d=mm&r=g\",\"url\":\"https:\\\/\\\/secure.gravatar.com\\\/avatar\\\/c7164ed6fdec453195284ad24a5ae5b6e1eed2b848477fa2a4787ba9adf39a41?s=96&d=mm&r=g\",\"contentUrl\":\"https:\\\/\\\/secure.gravatar.com\\\/avatar\\\/c7164ed6fdec453195284ad24a5ae5b6e1eed2b848477fa2a4787ba9adf39a41?s=96&d=mm&r=g\",\"caption\":\"Redacci\u00f3n QP\"},\"url\":\"https:\\\/\\\/quehacerpolitico.mx\\\/?author=2\"}]}<\/script>\n<!-- \/ Yoast SEO plugin. -->","yoast_head_json":{"title":"AMLO defiende a su secretario particular, Alejandro Esquer: \"Est\u00e1n ahora desatados\" -","robots":{"index":"index","follow":"follow","max-snippet":"max-snippet:-1","max-image-preview":"max-image-preview:large","max-video-preview":"max-video-preview:-1"},"canonical":"https:\/\/quehacerpolitico.mx\/?p=87091","og_locale":"es_MX","og_type":"article","og_title":"AMLO defiende a su secretario particular, Alejandro Esquer: \"Est\u00e1n ahora desatados\" -","og_description":"Por Redacci\u00f3n QP AMLO dice que el video publicado por Loret de Mola donde se...","og_url":"https:\/\/quehacerpolitico.mx\/?p=87091","article_published_time":"2021-12-06T16:49:49+00:00","article_modified_time":"2021-12-06T16:49:52+00:00","og_image":[{"width":678,"height":452,"url":"https:\/\/quehacerpolitico.mx\/wp-content\/uploads\/2021\/12\/A2D9E7A5-FF98-4F0D-919A-AEDC283C65C9.jpeg","type":"image\/jpeg"}],"author":"Redacci\u00f3n QP","twitter_card":"summary_large_image","twitter_misc":{"Escrito por":"Redacci\u00f3n QP","Tiempo de lectura":"3 minutos"},"schema":{"@context":"https:\/\/schema.org","@graph":[{"@type":"Article","@id":"https:\/\/quehacerpolitico.mx\/?p=87091#article","isPartOf":{"@id":"https:\/\/quehacerpolitico.mx\/?p=87091"},"author":{"name":"Redacci\u00f3n QP","@id":"https:\/\/quehacerpolitico.mx\/#\/schema\/person\/496d8ad2d1d3f8036101dca7ee39e585"},"headline":"AMLO defiende a su secretario particular, Alejandro Esquer: &#8220;Est\u00e1n ahora desatados&#8221;","datePublished":"2021-12-06T16:49:49+00:00","dateModified":"2021-12-06T16:49:52+00:00","mainEntityOfPage":{"@id":"https:\/\/quehacerpolitico.mx\/?p=87091"},"wordCount":519,"commentCount":0,"image":{"@id":"https:\/\/quehacerpolitico.mx\/?p=87091#primaryimage"},"thumbnailUrl":"https:\/\/quehacerpolitico.mx\/wp-content\/uploads\/2021\/12\/A2D9E7A5-FF98-4F0D-919A-AEDC283C65C9.jpeg","articleSection":["Noticias"],"inLanguage":"es","potentialAction":[{"@type":"CommentAction","name":"Comment","target":["https:\/\/quehacerpolitico.mx\/?p=87091#respond"]}]},{"@type":"WebPage","@id":"https:\/\/quehacerpolitico.mx\/?p=87091","url":"https:\/\/quehacerpolitico.mx\/?p=87091","name":"AMLO defiende a su secretario particular, Alejandro Esquer: \"Est\u00e1n ahora desatados\" -","isPartOf":{"@id":"https:\/\/quehacerpolitico.mx\/#website"},"primaryImageOfPage":{"@id":"https:\/\/quehacerpolitico.mx\/?p=87091#primaryimage"},"image":{"@id":"https:\/\/quehacerpolitico.mx\/?p=87091#primaryimage"},"thumbnailUrl":"https:\/\/quehacerpolitico.mx\/wp-content\/uploads\/2021\/12\/A2D9E7A5-FF98-4F0D-919A-AEDC283C65C9.jpeg","datePublished":"2021-12-06T16:49:49+00:00","dateModified":"2021-12-06T16:49:52+00:00","author":{"@id":"https:\/\/quehacerpolitico.mx\/#\/schema\/person\/496d8ad2d1d3f8036101dca7ee39e585"},"breadcrumb":{"@id":"https:\/\/quehacerpolitico.mx\/?p=87091#breadcrumb"},"inLanguage":"es","potentialAction":[{"@type":"ReadAction","target":["https:\/\/quehacerpolitico.mx\/?p=87091"]}]},{"@type":"ImageObject","inLanguage":"es","@id":"https:\/\/quehacerpolitico.mx\/?p=87091#primaryimage","url":"https:\/\/quehacerpolitico.mx\/wp-content\/uploads\/2021\/12\/A2D9E7A5-FF98-4F0D-919A-AEDC283C65C9.jpeg","contentUrl":"https:\/\/quehacerpolitico.mx\/wp-content\/uploads\/2021\/12\/A2D9E7A5-FF98-4F0D-919A-AEDC283C65C9.jpeg","width":678,"height":452},{"@type":"BreadcrumbList","@id":"https:\/\/quehacerpolitico.mx\/?p=87091#breadcrumb","itemListElement":[{"@type":"ListItem","position":1,"name":"Inicio","item":"https:\/\/quehacerpolitico.mx\/"},{"@type":"ListItem","position":2,"name":"AMLO defiende a su secretario particular, Alejandro Esquer: &#8220;Est\u00e1n ahora desatados&#8221;"}]},{"@type":"WebSite","@id":"https:\/\/quehacerpolitico.mx\/#website","url":"https:\/\/quehacerpolitico.mx\/","name":"","description":"","potentialAction":[{"@type":"SearchAction","target":{"@type":"EntryPoint","urlTemplate":"https:\/\/quehacerpolitico.mx\/?s={search_term_string}"},"query-input":{"@type":"PropertyValueSpecification","valueRequired":true,"valueName":"search_term_string"}}],"inLanguage":"es"},{"@type":"Person","@id":"https:\/\/quehacerpolitico.mx\/#\/schema\/person\/496d8ad2d1d3f8036101dca7ee39e585","name":"Redacci\u00f3n QP","image":{"@type":"ImageObject","inLanguage":"es","@id":"https:\/\/secure.gravatar.com\/avatar\/c7164ed6fdec453195284ad24a5ae5b6e1eed2b848477fa2a4787ba9adf39a41?s=96&d=mm&r=g","url":"https:\/\/secure.gravatar.com\/avatar\/c7164ed6fdec453195284ad24a5ae5b6e1eed2b848477fa2a4787ba9adf39a41?s=96&d=mm&r=g","contentUrl":"https:\/\/secure.gravatar.com\/avatar\/c7164ed6fdec453195284ad24a5ae5b6e1eed2b848477fa2a4787ba9adf39a41?s=96&d=mm&r=g","caption":"Redacci\u00f3n QP"},"url":"https:\/\/quehacerpolitico.mx\/?author=2"}]}},"featured_image_urls":{"full":["https:\/\/quehacerpolitico.mx\/wp-content\/uploads\/2021\/12\/A2D9E7A5-FF98-4F0D-919A-AEDC283C65C9.jpeg",678,452,false],"thumbnail":["https:\/\/quehacerpolitico.mx\/wp-content\/uploads\/2021\/12\/A2D9E7A5-FF98-4F0D-919A-AEDC283C65C9-150x150.jpeg",150,150,true],"medium":["https:\/\/quehacerpolitico.mx\/wp-content\/uploads\/2021\/12\/A2D9E7A5-FF98-4F0D-919A-AEDC283C65C9-300x200.jpeg",300,200,true],"medium_large":["https:\/\/quehacerpolitico.mx\/wp-content\/uploads\/2021\/12\/A2D9E7A5-FF98-4F0D-919A-AEDC283C65C9.jpeg",640,427,false],"large":["https:\/\/quehacerpolitico.mx\/wp-content\/uploads\/2021\/12\/A2D9E7A5-FF98-4F0D-919A-AEDC283C65C9.jpeg",640,427,false],"1536x1536":["https:\/\/quehacerpolitico.mx\/wp-content\/uploads\/2021\/12\/A2D9E7A5-FF98-4F0D-919A-AEDC283C65C9.jpeg",678,452,false],"2048x2048":["https:\/\/quehacerpolitico.mx\/wp-content\/uploads\/2021\/12\/A2D9E7A5-FF98-4F0D-919A-AEDC283C65C9.jpeg",678,452,false],"covernews-featured":["https:\/\/quehacerpolitico.mx\/wp-content\/uploads\/2021\/12\/A2D9E7A5-FF98-4F0D-919A-AEDC283C65C9.jpeg",678,452,false],"covernews-medium":["https:\/\/quehacerpolitico.mx\/wp-content\/uploads\/2021\/12\/A2D9E7A5-FF98-4F0D-919A-AEDC283C65C9.jpeg",510,340,false]},"author_info":{"display_name":"Redacci\u00f3n QP","author_link":"https:\/\/quehacerpolitico.mx\/?author=2"},"category_info":"<a href=\"https:\/\/quehacerpolitico.mx\/?cat=2\" rel=\"category\">Noticias<\/a>","tag_info":"Noticias","comment_count":"0","_links":{"self":[{"href":"https:\/\/quehacerpolitico.mx\/index.php?rest_route=\/wp\/v2\/posts\/87091","targetHints":{"allow":["GET"]}}],"collection":[{"href":"https:\/\/quehacerpolitico.mx\/index.php?rest_route=\/wp\/v2\/posts"}],"about":[{"href":"https:\/\/quehacerpolitico.mx\/index.php?rest_route=\/wp\/v2\/types\/post"}],"author":[{"embeddable":true,"href":"https:\/\/quehacerpolitico.mx\/index.php?rest_route=\/wp\/v2\/users\/2"}],"replies":[{"embeddable":true,"href":"https:\/\/quehacerpolitico.mx\/index.php?rest_route=%2Fwp%2Fv2%2Fcomments&post=87091"}],"version-history":[{"count":1,"href":"https:\/\/quehacerpolitico.mx\/index.php?rest_route=\/wp\/v2\/posts\/87091\/revisions"}],"predecessor-version":[{"id":87093,"href":"https:\/\/quehacerpolitico.mx\/index.php?rest_route=\/wp\/v2\/posts\/87091\/revisions\/87093"}],"wp:featuredmedia":[{"embeddable":true,"href":"https:\/\/quehacerpolitico.mx\/index.php?rest_route=\/wp\/v2\/media\/87092"}],"wp:attachment":[{"href":"https:\/\/quehacerpolitico.mx\/index.php?rest_route=%2Fwp%2Fv2%2Fmedia&parent=87091"}],"wp:term":[{"taxonomy":"category","embeddable":true,"href":"https:\/\/quehacerpolitico.mx\/index.php?rest_route=%2Fwp%2Fv2%2Fcategories&post=87091"},{"taxonomy":"post_tag","embeddable":true,"href":"https:\/\/quehacerpolitico.mx\/index.php?rest_route=%2Fwp%2Fv2%2Ftags&post=87091"}],"curies":[{"name":"wp","href":"https:\/\/api.w.org\/{rel}","templated":true}]}}