{"id":87088,"date":"2021-12-06T15:26:47","date_gmt":"2021-12-06T15:26:47","guid":{"rendered":"https:\/\/quehacerpolitico.mx\/?p=87088"},"modified":"2021-12-06T15:26:50","modified_gmt":"2021-12-06T15:26:50","slug":"anabel-hernandez-exhorta-a-formar-el-metoo-del-crimen","status":"publish","type":"post","link":"https:\/\/quehacerpolitico.mx\/?p=87088","title":{"rendered":"Anabel Hern\u00e1ndez exhorta a formar el #MeToo del crimen"},"content":{"rendered":"\n<p>Por Redacci\u00f3n QP<\/p>\n\n\n\n<p>Las pol\u00e9micas en torno al libro \u201cEmma y las otras se\u00f1oras del narco\u201d no se detienen<\/p>\n\n\n\n<p>Durante la presentaci\u00f3n del libro \u201cEmma y las otras se\u00f1oras del narco\u201d, en el marco la reci\u00e9n concluida Feria Internacional del Libro de Guadalajara (FIL), su autora, Anabel Hern\u00e1ndez, revel\u00f3 que tiene m\u00e1s nombres de famosas relacionadas con el crimen organizado y aclar\u00f3 que a\u00fan no los ha dado a conocer porque est\u00e1 corroborando toda la informaci\u00f3n: \u201c<strong>Quiero decir que yo tengo una lista muy amplia de muchas mujeres que forma parte de la cultura popular y del espect\u00e1culo<\/strong>; sus nombres no est\u00e1n aqu\u00ed -en su reciente libro- porque no he terminado esa parte de la investigaci\u00f3n\u2026 Mi responsabilidad me obliga a revelar sus nombres cuando haya terminado la investigaci\u00f3n\u201d.<\/p>\n\n\n\n<p>La escritora ha aclarado en m\u00e1s de una ocasi\u00f3n que su libro no es de chismes, ni de la far\u00e1ndula; sino sobre la estructura de las organizaciones criminales que terminan vinculando mujeres, varias en contra de su voluntad, a sus filas; por ello\u00a0<strong>dio a conocer el correo electr\u00f3nico emma.senorasdelnarco@gmail.com para que las mujeres que voluntariamente o involuntariamente forma parte del esquema del narcotr\u00e1fico le escriban y rompan el silencio y formen el #MeToo\u00a0del crimen<\/strong>: \u201cLas invito a que se rebelen y digan: \u00a1Ya basta!\u201d.<\/p>\n\n\n\n<p>Cabe se\u00f1alar que en esta edici\u00f3n del libro \u201cEmma y las otras se\u00f1oras del narco\u201d nombres como los de Galilea Montijo y Ninel Conde salieron a la palestra; mientras a la primera se le achaca una relaci\u00f3n con Arturo Beltr\u00e1n Leyva, uno de los l\u00edderes de la mafia a principios de siglo, de la segunda su sobrenombre \u201cEl bomb\u00f3n asesino\u201d sirve para titular el cap\u00edtulo alusivo.<\/p>\n\n\n\n<p>Otros nombres de famosos que son mencionados en la obra de Anabel son:&nbsp;<strong>Sergio&nbsp;Mayer&nbsp;y Andr\u00e9s Garc\u00eda; este \u00faltimo reconoci\u00f3 que s\u00ed conoc\u00eda a los&nbsp;Beltr\u00e1n&nbsp;Leyva&nbsp;y los llam\u00f3 \u201ccaballeros educados<\/strong>\u201d.<\/p>\n\n\n\n<p>Tanto Galilea, como Ninel han negado las aseveraciones escritas por Hern\u00e1ndez. De hecho, Ninel Conde asegur\u00f3 que ya prepara demanda legal.<\/p>\n\n\n\n<p>\u201cQue la gente lo niegue es hist\u00f3rico, lo neg\u00f3 Garc\u00eda Luna (protagonista de uno de sus libros, ahora detenido en Estados Unidos) y la diputada Lucero, la propia Emma (Coronel, pareja del \u2018Chapo\u2019 Guzm\u00e1n) neg\u00f3 que sab\u00eda a qu\u00e9 se dedicaba \u00e9l. Aunque lo negaron en su momento y humanamente se comprende, hoy est\u00e1n prisioneras en Estados Unidos por estas cuestiones que negaron tanto tiempo\u201d, record\u00f3 Anabel.<\/p>\n\n\n\n<p>Sobre las reacciones de las personas integrantes del entretenimiento, se\u00f1aladas en su texto abund\u00f3: \u201cCada uno tiene el derecho humano a expresar lo que quiere expresar, respeto las expresiones de ellos. La negaci\u00f3n es un resorte autom\u00e1tico en este tipo de casos\u201d.<\/p>\n\n\n\n<p>\u201cNo me sorprenden.&nbsp;<strong>Lo que puedo decir es que la informaci\u00f3n que publiqu\u00e9, los nombres que publiqu\u00e9, cada se\u00f1alamiento, est\u00e1 perfectamente documentado<\/strong>. Tengo testigos directos de los hechos y no s\u00f3lo eso: algunos de ellos han sido testigos colaboradores de la PGR. Son tan cre\u00edbles sus testimonios que la propia PGR los tom\u00f3 como testigos colaboradores, ese es el nivel de certeza\u201d, subray\u00f3.<\/p>\n\n\n\n<p>Hern\u00e1ndez puntualiz\u00f3 que su investigaci\u00f3n inicial no buscaba encontrar nombres del espect\u00e1culo, pues la hip\u00f3tesis original era ver el rol de la mujer en los n\u00facleos internos de los c\u00e1rteles de la droga.<\/p>\n\n\n\n<p>\u201cNo sab\u00edan qui\u00e9nes eran (las mujeres). Ya ten\u00eda identificada Emma Coronel, por supuesto, a Diana Espinosa Aguilar, la esposa de Rafael Caro Quintero (l\u00edder en los a\u00f1os 80), pero todo lo dem\u00e1s era en la b\u00fasqueda de qu\u00e9 hay ah\u00ed. Cuando mis testigos directos daban nombres, yo los corrobor\u00e9 por dos, tres v\u00edas. Este libro no tiene el prop\u00f3sito de ir exclusivamente sobre el mundo del espect\u00e1culo, yo dir\u00eda que ese mundo vino a m\u00ed\u201d, expuso.<\/p>\n\n\n\n<p>Finalmente, Hern\u00e1ndez destac\u00f3 que actualmente no existe demanda alguna en torno al libro, pero en caso de que alguien se sintiera inc\u00f3modo u ofendido, su testigo est\u00e1 dispuesto a hablar.<\/p>\n\n\n\n<p><strong>Ninel tomar\u00e1 cartas en el asunto<\/strong><\/p>\n\n\n\n<p>Mientras que la escritora dice que no ha sido demandada a\u00fan, Ninel Conde afirm\u00f3&nbsp;<strong>este fin de semana que su equipo de abogados ya analiza demandarla por su publicaci\u00f3n \u201cEmma&nbsp;y las otras se\u00f1oras del&nbsp;narco<\/strong>\u201d.<\/p>\n\n\n\n<p>\u201cEl Bomb\u00f3n Asesino\u201d se\u00f1al\u00f3 que sus representantes legales de M\u00e9xico y Estados Unidos buscar\u00e1n las represalias contra la periodista y autora, pues seg\u00fan Anabel Hern\u00e1ndez, Ninel Conde estar\u00eda involucrada en una triangulaci\u00f3n de \u201clavado\u201d de dinero. El escrito de la periodista se sum\u00f3 al se\u00f1alamiento que se le hizo en 2018 donde presuntamente la actriz y cantante tendr\u00eda relaci\u00f3n con c\u00e1rteles de la droga.<\/p>\n\n\n\n<p>\u201cMis abogados me han pedido que no d\u00e9 comentarios al respecto, m\u00e1s que informar que est\u00e1 en manos de mi equipo legal tanto de M\u00e9xico como de Estados Unidos\u201d.<\/p>\n","protected":false},"excerpt":{"rendered":"<p>Por Redacci\u00f3n QP Las pol\u00e9micas en torno al libro \u201cEmma y las otras se\u00f1oras del&#8230;<\/p>\n","protected":false},"author":2,"featured_media":87089,"comment_status":"open","ping_status":"open","sticky":false,"template":"","format":"standard","meta":{"_monsterinsights_skip_tracking":false,"_monsterinsights_sitenote_active":false,"_monsterinsights_sitenote_note":"","_monsterinsights_sitenote_category":0,"footnotes":""},"categories":[58],"tags":[],"class_list":["post-87088","post","type-post","status-publish","format-standard","has-post-thumbnail","hentry","category-cultura"],"yoast_head":"<!-- This site is optimized with the Yoast SEO plugin v27.3 - https:\/\/yoast.com\/product\/yoast-seo-wordpress\/ -->\n<title>Anabel Hern\u00e1ndez exhorta a formar el #MeToo del crimen -<\/title>\n<meta name=\"robots\" content=\"index, follow, max-snippet:-1, max-image-preview:large, max-video-preview:-1\" \/>\n<link rel=\"canonical\" href=\"https:\/\/quehacerpolitico.mx\/?p=87088\" \/>\n<meta property=\"og:locale\" content=\"es_MX\" \/>\n<meta property=\"og:type\" content=\"article\" \/>\n<meta property=\"og:title\" content=\"Anabel Hern\u00e1ndez exhorta a formar el #MeToo del crimen -\" \/>\n<meta property=\"og:description\" content=\"Por Redacci\u00f3n QP Las pol\u00e9micas en torno al libro \u201cEmma y las otras se\u00f1oras del...\" \/>\n<meta property=\"og:url\" content=\"https:\/\/quehacerpolitico.mx\/?p=87088\" \/>\n<meta property=\"article:published_time\" content=\"2021-12-06T15:26:47+00:00\" \/>\n<meta property=\"article:modified_time\" content=\"2021-12-06T15:26:50+00:00\" \/>\n<meta property=\"og:image\" content=\"https:\/\/quehacerpolitico.mx\/wp-content\/uploads\/2021\/12\/D250147F-8148-463C-A050-17DE3A7F825E.jpeg\" \/>\n\t<meta property=\"og:image:width\" content=\"739\" \/>\n\t<meta property=\"og:image:height\" content=\"415\" \/>\n\t<meta property=\"og:image:type\" content=\"image\/jpeg\" \/>\n<meta name=\"author\" content=\"Redacci\u00f3n QP\" \/>\n<meta name=\"twitter:card\" content=\"summary_large_image\" \/>\n<meta name=\"twitter:label1\" content=\"Escrito por\" \/>\n\t<meta name=\"twitter:data1\" content=\"Redacci\u00f3n QP\" \/>\n\t<meta name=\"twitter:label2\" content=\"Tiempo de lectura\" \/>\n\t<meta name=\"twitter:data2\" content=\"4 minutos\" \/>\n<script type=\"application\/ld+json\" class=\"yoast-schema-graph\">{\"@context\":\"https:\\\/\\\/schema.org\",\"@graph\":[{\"@type\":\"Article\",\"@id\":\"https:\\\/\\\/quehacerpolitico.mx\\\/?p=87088#article\",\"isPartOf\":{\"@id\":\"https:\\\/\\\/quehacerpolitico.mx\\\/?p=87088\"},\"author\":{\"name\":\"Redacci\u00f3n QP\",\"@id\":\"https:\\\/\\\/quehacerpolitico.mx\\\/#\\\/schema\\\/person\\\/496d8ad2d1d3f8036101dca7ee39e585\"},\"headline\":\"Anabel Hern\u00e1ndez exhorta a formar el #MeToo del crimen\",\"datePublished\":\"2021-12-06T15:26:47+00:00\",\"dateModified\":\"2021-12-06T15:26:50+00:00\",\"mainEntityOfPage\":{\"@id\":\"https:\\\/\\\/quehacerpolitico.mx\\\/?p=87088\"},\"wordCount\":882,\"commentCount\":0,\"image\":{\"@id\":\"https:\\\/\\\/quehacerpolitico.mx\\\/?p=87088#primaryimage\"},\"thumbnailUrl\":\"https:\\\/\\\/quehacerpolitico.mx\\\/wp-content\\\/uploads\\\/2021\\\/12\\\/D250147F-8148-463C-A050-17DE3A7F825E.jpeg\",\"articleSection\":[\"Cultura y Entretenimiento\"],\"inLanguage\":\"es\",\"potentialAction\":[{\"@type\":\"CommentAction\",\"name\":\"Comment\",\"target\":[\"https:\\\/\\\/quehacerpolitico.mx\\\/?p=87088#respond\"]}]},{\"@type\":\"WebPage\",\"@id\":\"https:\\\/\\\/quehacerpolitico.mx\\\/?p=87088\",\"url\":\"https:\\\/\\\/quehacerpolitico.mx\\\/?p=87088\",\"name\":\"Anabel Hern\u00e1ndez exhorta a formar el #MeToo del crimen -\",\"isPartOf\":{\"@id\":\"https:\\\/\\\/quehacerpolitico.mx\\\/#website\"},\"primaryImageOfPage\":{\"@id\":\"https:\\\/\\\/quehacerpolitico.mx\\\/?p=87088#primaryimage\"},\"image\":{\"@id\":\"https:\\\/\\\/quehacerpolitico.mx\\\/?p=87088#primaryimage\"},\"thumbnailUrl\":\"https:\\\/\\\/quehacerpolitico.mx\\\/wp-content\\\/uploads\\\/2021\\\/12\\\/D250147F-8148-463C-A050-17DE3A7F825E.jpeg\",\"datePublished\":\"2021-12-06T15:26:47+00:00\",\"dateModified\":\"2021-12-06T15:26:50+00:00\",\"author\":{\"@id\":\"https:\\\/\\\/quehacerpolitico.mx\\\/#\\\/schema\\\/person\\\/496d8ad2d1d3f8036101dca7ee39e585\"},\"breadcrumb\":{\"@id\":\"https:\\\/\\\/quehacerpolitico.mx\\\/?p=87088#breadcrumb\"},\"inLanguage\":\"es\",\"potentialAction\":[{\"@type\":\"ReadAction\",\"target\":[\"https:\\\/\\\/quehacerpolitico.mx\\\/?p=87088\"]}]},{\"@type\":\"ImageObject\",\"inLanguage\":\"es\",\"@id\":\"https:\\\/\\\/quehacerpolitico.mx\\\/?p=87088#primaryimage\",\"url\":\"https:\\\/\\\/quehacerpolitico.mx\\\/wp-content\\\/uploads\\\/2021\\\/12\\\/D250147F-8148-463C-A050-17DE3A7F825E.jpeg\",\"contentUrl\":\"https:\\\/\\\/quehacerpolitico.mx\\\/wp-content\\\/uploads\\\/2021\\\/12\\\/D250147F-8148-463C-A050-17DE3A7F825E.jpeg\",\"width\":739,\"height\":415},{\"@type\":\"BreadcrumbList\",\"@id\":\"https:\\\/\\\/quehacerpolitico.mx\\\/?p=87088#breadcrumb\",\"itemListElement\":[{\"@type\":\"ListItem\",\"position\":1,\"name\":\"Inicio\",\"item\":\"https:\\\/\\\/quehacerpolitico.mx\\\/\"},{\"@type\":\"ListItem\",\"position\":2,\"name\":\"Anabel Hern\u00e1ndez exhorta a formar el #MeToo del crimen\"}]},{\"@type\":\"WebSite\",\"@id\":\"https:\\\/\\\/quehacerpolitico.mx\\\/#website\",\"url\":\"https:\\\/\\\/quehacerpolitico.mx\\\/\",\"name\":\"\",\"description\":\"\",\"potentialAction\":[{\"@type\":\"SearchAction\",\"target\":{\"@type\":\"EntryPoint\",\"urlTemplate\":\"https:\\\/\\\/quehacerpolitico.mx\\\/?s={search_term_string}\"},\"query-input\":{\"@type\":\"PropertyValueSpecification\",\"valueRequired\":true,\"valueName\":\"search_term_string\"}}],\"inLanguage\":\"es\"},{\"@type\":\"Person\",\"@id\":\"https:\\\/\\\/quehacerpolitico.mx\\\/#\\\/schema\\\/person\\\/496d8ad2d1d3f8036101dca7ee39e585\",\"name\":\"Redacci\u00f3n QP\",\"image\":{\"@type\":\"ImageObject\",\"inLanguage\":\"es\",\"@id\":\"https:\\\/\\\/secure.gravatar.com\\\/avatar\\\/c7164ed6fdec453195284ad24a5ae5b6e1eed2b848477fa2a4787ba9adf39a41?s=96&d=mm&r=g\",\"url\":\"https:\\\/\\\/secure.gravatar.com\\\/avatar\\\/c7164ed6fdec453195284ad24a5ae5b6e1eed2b848477fa2a4787ba9adf39a41?s=96&d=mm&r=g\",\"contentUrl\":\"https:\\\/\\\/secure.gravatar.com\\\/avatar\\\/c7164ed6fdec453195284ad24a5ae5b6e1eed2b848477fa2a4787ba9adf39a41?s=96&d=mm&r=g\",\"caption\":\"Redacci\u00f3n QP\"},\"url\":\"https:\\\/\\\/quehacerpolitico.mx\\\/?author=2\"}]}<\/script>\n<!-- \/ Yoast SEO plugin. -->","yoast_head_json":{"title":"Anabel Hern\u00e1ndez exhorta a formar el #MeToo del crimen -","robots":{"index":"index","follow":"follow","max-snippet":"max-snippet:-1","max-image-preview":"max-image-preview:large","max-video-preview":"max-video-preview:-1"},"canonical":"https:\/\/quehacerpolitico.mx\/?p=87088","og_locale":"es_MX","og_type":"article","og_title":"Anabel Hern\u00e1ndez exhorta a formar el #MeToo del crimen -","og_description":"Por Redacci\u00f3n QP Las pol\u00e9micas en torno al libro \u201cEmma y las otras se\u00f1oras del...","og_url":"https:\/\/quehacerpolitico.mx\/?p=87088","article_published_time":"2021-12-06T15:26:47+00:00","article_modified_time":"2021-12-06T15:26:50+00:00","og_image":[{"width":739,"height":415,"url":"https:\/\/quehacerpolitico.mx\/wp-content\/uploads\/2021\/12\/D250147F-8148-463C-A050-17DE3A7F825E.jpeg","type":"image\/jpeg"}],"author":"Redacci\u00f3n QP","twitter_card":"summary_large_image","twitter_misc":{"Escrito por":"Redacci\u00f3n QP","Tiempo de lectura":"4 minutos"},"schema":{"@context":"https:\/\/schema.org","@graph":[{"@type":"Article","@id":"https:\/\/quehacerpolitico.mx\/?p=87088#article","isPartOf":{"@id":"https:\/\/quehacerpolitico.mx\/?p=87088"},"author":{"name":"Redacci\u00f3n QP","@id":"https:\/\/quehacerpolitico.mx\/#\/schema\/person\/496d8ad2d1d3f8036101dca7ee39e585"},"headline":"Anabel Hern\u00e1ndez exhorta a formar el #MeToo del crimen","datePublished":"2021-12-06T15:26:47+00:00","dateModified":"2021-12-06T15:26:50+00:00","mainEntityOfPage":{"@id":"https:\/\/quehacerpolitico.mx\/?p=87088"},"wordCount":882,"commentCount":0,"image":{"@id":"https:\/\/quehacerpolitico.mx\/?p=87088#primaryimage"},"thumbnailUrl":"https:\/\/quehacerpolitico.mx\/wp-content\/uploads\/2021\/12\/D250147F-8148-463C-A050-17DE3A7F825E.jpeg","articleSection":["Cultura y Entretenimiento"],"inLanguage":"es","potentialAction":[{"@type":"CommentAction","name":"Comment","target":["https:\/\/quehacerpolitico.mx\/?p=87088#respond"]}]},{"@type":"WebPage","@id":"https:\/\/quehacerpolitico.mx\/?p=87088","url":"https:\/\/quehacerpolitico.mx\/?p=87088","name":"Anabel Hern\u00e1ndez exhorta a formar el #MeToo del crimen -","isPartOf":{"@id":"https:\/\/quehacerpolitico.mx\/#website"},"primaryImageOfPage":{"@id":"https:\/\/quehacerpolitico.mx\/?p=87088#primaryimage"},"image":{"@id":"https:\/\/quehacerpolitico.mx\/?p=87088#primaryimage"},"thumbnailUrl":"https:\/\/quehacerpolitico.mx\/wp-content\/uploads\/2021\/12\/D250147F-8148-463C-A050-17DE3A7F825E.jpeg","datePublished":"2021-12-06T15:26:47+00:00","dateModified":"2021-12-06T15:26:50+00:00","author":{"@id":"https:\/\/quehacerpolitico.mx\/#\/schema\/person\/496d8ad2d1d3f8036101dca7ee39e585"},"breadcrumb":{"@id":"https:\/\/quehacerpolitico.mx\/?p=87088#breadcrumb"},"inLanguage":"es","potentialAction":[{"@type":"ReadAction","target":["https:\/\/quehacerpolitico.mx\/?p=87088"]}]},{"@type":"ImageObject","inLanguage":"es","@id":"https:\/\/quehacerpolitico.mx\/?p=87088#primaryimage","url":"https:\/\/quehacerpolitico.mx\/wp-content\/uploads\/2021\/12\/D250147F-8148-463C-A050-17DE3A7F825E.jpeg","contentUrl":"https:\/\/quehacerpolitico.mx\/wp-content\/uploads\/2021\/12\/D250147F-8148-463C-A050-17DE3A7F825E.jpeg","width":739,"height":415},{"@type":"BreadcrumbList","@id":"https:\/\/quehacerpolitico.mx\/?p=87088#breadcrumb","itemListElement":[{"@type":"ListItem","position":1,"name":"Inicio","item":"https:\/\/quehacerpolitico.mx\/"},{"@type":"ListItem","position":2,"name":"Anabel Hern\u00e1ndez exhorta a formar el #MeToo del crimen"}]},{"@type":"WebSite","@id":"https:\/\/quehacerpolitico.mx\/#website","url":"https:\/\/quehacerpolitico.mx\/","name":"","description":"","potentialAction":[{"@type":"SearchAction","target":{"@type":"EntryPoint","urlTemplate":"https:\/\/quehacerpolitico.mx\/?s={search_term_string}"},"query-input":{"@type":"PropertyValueSpecification","valueRequired":true,"valueName":"search_term_string"}}],"inLanguage":"es"},{"@type":"Person","@id":"https:\/\/quehacerpolitico.mx\/#\/schema\/person\/496d8ad2d1d3f8036101dca7ee39e585","name":"Redacci\u00f3n QP","image":{"@type":"ImageObject","inLanguage":"es","@id":"https:\/\/secure.gravatar.com\/avatar\/c7164ed6fdec453195284ad24a5ae5b6e1eed2b848477fa2a4787ba9adf39a41?s=96&d=mm&r=g","url":"https:\/\/secure.gravatar.com\/avatar\/c7164ed6fdec453195284ad24a5ae5b6e1eed2b848477fa2a4787ba9adf39a41?s=96&d=mm&r=g","contentUrl":"https:\/\/secure.gravatar.com\/avatar\/c7164ed6fdec453195284ad24a5ae5b6e1eed2b848477fa2a4787ba9adf39a41?s=96&d=mm&r=g","caption":"Redacci\u00f3n QP"},"url":"https:\/\/quehacerpolitico.mx\/?author=2"}]}},"featured_image_urls":{"full":["https:\/\/quehacerpolitico.mx\/wp-content\/uploads\/2021\/12\/D250147F-8148-463C-A050-17DE3A7F825E.jpeg",739,415,false],"thumbnail":["https:\/\/quehacerpolitico.mx\/wp-content\/uploads\/2021\/12\/D250147F-8148-463C-A050-17DE3A7F825E-150x150.jpeg",150,150,true],"medium":["https:\/\/quehacerpolitico.mx\/wp-content\/uploads\/2021\/12\/D250147F-8148-463C-A050-17DE3A7F825E-300x168.jpeg",300,168,true],"medium_large":["https:\/\/quehacerpolitico.mx\/wp-content\/uploads\/2021\/12\/D250147F-8148-463C-A050-17DE3A7F825E.jpeg",640,359,false],"large":["https:\/\/quehacerpolitico.mx\/wp-content\/uploads\/2021\/12\/D250147F-8148-463C-A050-17DE3A7F825E.jpeg",640,359,false],"1536x1536":["https:\/\/quehacerpolitico.mx\/wp-content\/uploads\/2021\/12\/D250147F-8148-463C-A050-17DE3A7F825E.jpeg",739,415,false],"2048x2048":["https:\/\/quehacerpolitico.mx\/wp-content\/uploads\/2021\/12\/D250147F-8148-463C-A050-17DE3A7F825E.jpeg",739,415,false],"covernews-featured":["https:\/\/quehacerpolitico.mx\/wp-content\/uploads\/2021\/12\/D250147F-8148-463C-A050-17DE3A7F825E.jpeg",739,415,false],"covernews-medium":["https:\/\/quehacerpolitico.mx\/wp-content\/uploads\/2021\/12\/D250147F-8148-463C-A050-17DE3A7F825E.jpeg",540,303,false]},"author_info":{"display_name":"Redacci\u00f3n QP","author_link":"https:\/\/quehacerpolitico.mx\/?author=2"},"category_info":"<a href=\"https:\/\/quehacerpolitico.mx\/?cat=58\" rel=\"category\">Cultura y Entretenimiento<\/a>","tag_info":"Cultura y Entretenimiento","comment_count":"0","_links":{"self":[{"href":"https:\/\/quehacerpolitico.mx\/index.php?rest_route=\/wp\/v2\/posts\/87088","targetHints":{"allow":["GET"]}}],"collection":[{"href":"https:\/\/quehacerpolitico.mx\/index.php?rest_route=\/wp\/v2\/posts"}],"about":[{"href":"https:\/\/quehacerpolitico.mx\/index.php?rest_route=\/wp\/v2\/types\/post"}],"author":[{"embeddable":true,"href":"https:\/\/quehacerpolitico.mx\/index.php?rest_route=\/wp\/v2\/users\/2"}],"replies":[{"embeddable":true,"href":"https:\/\/quehacerpolitico.mx\/index.php?rest_route=%2Fwp%2Fv2%2Fcomments&post=87088"}],"version-history":[{"count":1,"href":"https:\/\/quehacerpolitico.mx\/index.php?rest_route=\/wp\/v2\/posts\/87088\/revisions"}],"predecessor-version":[{"id":87090,"href":"https:\/\/quehacerpolitico.mx\/index.php?rest_route=\/wp\/v2\/posts\/87088\/revisions\/87090"}],"wp:featuredmedia":[{"embeddable":true,"href":"https:\/\/quehacerpolitico.mx\/index.php?rest_route=\/wp\/v2\/media\/87089"}],"wp:attachment":[{"href":"https:\/\/quehacerpolitico.mx\/index.php?rest_route=%2Fwp%2Fv2%2Fmedia&parent=87088"}],"wp:term":[{"taxonomy":"category","embeddable":true,"href":"https:\/\/quehacerpolitico.mx\/index.php?rest_route=%2Fwp%2Fv2%2Fcategories&post=87088"},{"taxonomy":"post_tag","embeddable":true,"href":"https:\/\/quehacerpolitico.mx\/index.php?rest_route=%2Fwp%2Fv2%2Ftags&post=87088"}],"curies":[{"name":"wp","href":"https:\/\/api.w.org\/{rel}","templated":true}]}}