{"id":87079,"date":"2021-12-06T14:52:58","date_gmt":"2021-12-06T14:52:58","guid":{"rendered":"https:\/\/quehacerpolitico.mx\/?p=87079"},"modified":"2021-12-06T14:53:00","modified_gmt":"2021-12-06T14:53:00","slug":"las-manifestaciones-y-marchas-en-la-cdmx-hoy-6-de-diciembre","status":"publish","type":"post","link":"https:\/\/quehacerpolitico.mx\/?p=87079","title":{"rendered":"Las manifestaciones y marchas en la CdMx hoy 6 de diciembre"},"content":{"rendered":"\n<p>Por Redacci\u00f3n QP<\/p>\n\n\n\n<p>Este lunes 6 de diciembre se esperan 15 concentraciones-marchas a lo largo del d\u00eda en distintos puntos de la Ciudad de M\u00e9xico. Aqu\u00ed te decimos d\u00f3nde, para que tomes precauciones.<\/p>\n\n\n\n<p>De acuerdo con el\u00a0<strong>Centro de Comando, Control, C\u00f3mputo, Comunicaciones y Contacto Ciudadano de la Ciudad de M\u00e9xico<\/strong>(C5) este 6 de diciembre se esperan dos marchas y concentraciones a lo largo del d\u00eda, las cuales podr\u00edan afectar la circulaci\u00f3n en vialidades de la capital.<\/p>\n\n\n\n<figure class=\"wp-block-embed is-type-rich is-provider-twitter wp-block-embed-twitter\"><div class=\"wp-block-embed__wrapper\">\n<blockquote class=\"twitter-tweet\" data-width=\"550\" data-dnt=\"true\"><p lang=\"es\" dir=\"ltr\">\u26a0\ufe0f\ud83d\udce2Te compartimos las movilizaciones sociales previstas para este d\u00eda en la CDMX. <a href=\"https:\/\/twitter.com\/hashtag\/MovilidadCDMX?src=hash&amp;ref_src=twsrc%5Etfw\">#MovilidadCDMX<\/a> <br>\ud83d\udcf9<a href=\"https:\/\/twitter.com\/hashtag\/C5?src=hash&amp;ref_src=twsrc%5Etfw\">#C5<\/a> <a href=\"https:\/\/t.co\/BqEpOIG77x\">pic.twitter.com\/BqEpOIG77x<\/a><\/p>&mdash; C5 CDMX (@C5_CDMX) <a href=\"https:\/\/twitter.com\/C5_CDMX\/status\/1467840675425230856?ref_src=twsrc%5Etfw\">December 6, 2021<\/a><\/blockquote><script async src=\"https:\/\/platform.twitter.com\/widgets.js\" charset=\"utf-8\"><\/script>\n<\/div><\/figure>\n\n\n\n<p>Durante el d\u00eda se tienen previstas dos concentraciones en la<strong>&nbsp;Ciudad de M\u00e9xico<\/strong>, \u00e9stas se realizar\u00e1n en la alcald\u00eda Iztapalapa.&nbsp;<\/p>\n\n\n\n<h2 class=\"wp-block-heading\"><strong>Alcald\u00eda Iztapalapa<\/strong><\/h2>\n\n\n\n<p><strong>08:00 horas.<\/strong>&nbsp;Concentraci\u00f3n de Colectivos Feministas en Avenida Reforma 100, colonia Lomas de San Lorenzo.&nbsp;<\/p>\n\n\n\n<p><strong>10:00 horas<\/strong>. Concentraci\u00f3n de Aquelarre en Avenida Reforma 100, colonia Lomas de San Lorenzo.<\/p>\n\n\n\n<h2 class=\"wp-block-heading\"><strong>Hoy no circula en CdMx<\/strong><\/h2>\n\n\n\n<p>La&nbsp;<strong>Comisi\u00f3n Ambiental de la Megal\u00f3polis&nbsp;<\/strong>(CAMe) determin\u00f3 que todos los domingos los autom\u00f3viles pueden transitar libremente en la Ciudad de M\u00e9xico.<\/p>\n\n\n\n<p>Sin importar la terminaci\u00f3n de sus placas, todos los autos pueden transitar libremente este domingo 6 de diciembre. El programa Hoy No Circula se reanudar\u00e1 de forma habitual el pr\u00f3ximo lunes 22.<\/p>\n\n\n\n<p><strong>\u00bfQu\u00e9 autos est\u00e1n exentos en CdMx del programa Hoy No Circula?<\/strong><\/p>\n\n\n\n<p>La medida no aplica para autos con holograma de verificaci\u00f3n 0 y 00, al igual que los autom\u00f3viles h\u00edbridos o el\u00e9ctricos, con matr\u00edcula de auto antiguo o que porten pase tur\u00edstico, as\u00ed como para motocicletas y de servicios de emergencia.<\/p>\n\n\n\n<p>Asimismo, quedan exentos de esta medida los veh\u00edculos de personas con discapacidad, el transporte escolar, de perecederos, de residuos peligrosos y de servicios de seguridad p\u00fablica, protecci\u00f3n civil y unidades que funcionen con gas natural.<\/p>\n","protected":false},"excerpt":{"rendered":"<p>Por Redacci\u00f3n QP Este lunes 6 de diciembre se esperan 15 concentraciones-marchas a lo largo&#8230;<\/p>\n","protected":false},"author":2,"featured_media":87080,"comment_status":"open","ping_status":"open","sticky":false,"template":"","format":"standard","meta":{"_monsterinsights_skip_tracking":false,"_monsterinsights_sitenote_active":false,"_monsterinsights_sitenote_note":"","_monsterinsights_sitenote_category":0,"footnotes":""},"categories":[55],"tags":[],"class_list":["post-87079","post","type-post","status-publish","format-standard","has-post-thumbnail","hentry","category-cdmx"],"yoast_head":"<!-- This site is optimized with the Yoast SEO plugin v27.3 - https:\/\/yoast.com\/product\/yoast-seo-wordpress\/ -->\n<title>Las manifestaciones y marchas en la CdMx hoy 6 de diciembre -<\/title>\n<meta name=\"robots\" content=\"index, follow, max-snippet:-1, max-image-preview:large, max-video-preview:-1\" \/>\n<link rel=\"canonical\" href=\"https:\/\/quehacerpolitico.mx\/?p=87079\" \/>\n<meta property=\"og:locale\" content=\"es_MX\" \/>\n<meta property=\"og:type\" content=\"article\" \/>\n<meta property=\"og:title\" content=\"Las manifestaciones y marchas en la CdMx hoy 6 de diciembre -\" \/>\n<meta property=\"og:description\" content=\"Por Redacci\u00f3n QP Este lunes 6 de diciembre se esperan 15 concentraciones-marchas a lo largo...\" \/>\n<meta property=\"og:url\" content=\"https:\/\/quehacerpolitico.mx\/?p=87079\" \/>\n<meta property=\"article:published_time\" content=\"2021-12-06T14:52:58+00:00\" \/>\n<meta property=\"article:modified_time\" content=\"2021-12-06T14:53:00+00:00\" \/>\n<meta property=\"og:image\" content=\"https:\/\/quehacerpolitico.mx\/wp-content\/uploads\/2021\/12\/C8FE01F2-DF1D-424A-98C0-8B6981D6BBB3.jpeg\" \/>\n\t<meta property=\"og:image:width\" content=\"703\" \/>\n\t<meta property=\"og:image:height\" content=\"436\" \/>\n\t<meta property=\"og:image:type\" content=\"image\/jpeg\" \/>\n<meta name=\"author\" content=\"Redacci\u00f3n QP\" \/>\n<meta name=\"twitter:card\" content=\"summary_large_image\" \/>\n<meta name=\"twitter:label1\" content=\"Escrito por\" \/>\n\t<meta name=\"twitter:data1\" content=\"Redacci\u00f3n QP\" \/>\n\t<meta name=\"twitter:label2\" content=\"Tiempo de lectura\" \/>\n\t<meta name=\"twitter:data2\" content=\"2 minutos\" \/>\n<script type=\"application\/ld+json\" class=\"yoast-schema-graph\">{\"@context\":\"https:\\\/\\\/schema.org\",\"@graph\":[{\"@type\":\"Article\",\"@id\":\"https:\\\/\\\/quehacerpolitico.mx\\\/?p=87079#article\",\"isPartOf\":{\"@id\":\"https:\\\/\\\/quehacerpolitico.mx\\\/?p=87079\"},\"author\":{\"name\":\"Redacci\u00f3n QP\",\"@id\":\"https:\\\/\\\/quehacerpolitico.mx\\\/#\\\/schema\\\/person\\\/496d8ad2d1d3f8036101dca7ee39e585\"},\"headline\":\"Las manifestaciones y marchas en la CdMx hoy 6 de diciembre\",\"datePublished\":\"2021-12-06T14:52:58+00:00\",\"dateModified\":\"2021-12-06T14:53:00+00:00\",\"mainEntityOfPage\":{\"@id\":\"https:\\\/\\\/quehacerpolitico.mx\\\/?p=87079\"},\"wordCount\":318,\"commentCount\":0,\"image\":{\"@id\":\"https:\\\/\\\/quehacerpolitico.mx\\\/?p=87079#primaryimage\"},\"thumbnailUrl\":\"https:\\\/\\\/quehacerpolitico.mx\\\/wp-content\\\/uploads\\\/2021\\\/12\\\/C8FE01F2-DF1D-424A-98C0-8B6981D6BBB3.jpeg\",\"articleSection\":[\"CDMX\"],\"inLanguage\":\"es\",\"potentialAction\":[{\"@type\":\"CommentAction\",\"name\":\"Comment\",\"target\":[\"https:\\\/\\\/quehacerpolitico.mx\\\/?p=87079#respond\"]}]},{\"@type\":\"WebPage\",\"@id\":\"https:\\\/\\\/quehacerpolitico.mx\\\/?p=87079\",\"url\":\"https:\\\/\\\/quehacerpolitico.mx\\\/?p=87079\",\"name\":\"Las manifestaciones y marchas en la CdMx hoy 6 de diciembre -\",\"isPartOf\":{\"@id\":\"https:\\\/\\\/quehacerpolitico.mx\\\/#website\"},\"primaryImageOfPage\":{\"@id\":\"https:\\\/\\\/quehacerpolitico.mx\\\/?p=87079#primaryimage\"},\"image\":{\"@id\":\"https:\\\/\\\/quehacerpolitico.mx\\\/?p=87079#primaryimage\"},\"thumbnailUrl\":\"https:\\\/\\\/quehacerpolitico.mx\\\/wp-content\\\/uploads\\\/2021\\\/12\\\/C8FE01F2-DF1D-424A-98C0-8B6981D6BBB3.jpeg\",\"datePublished\":\"2021-12-06T14:52:58+00:00\",\"dateModified\":\"2021-12-06T14:53:00+00:00\",\"author\":{\"@id\":\"https:\\\/\\\/quehacerpolitico.mx\\\/#\\\/schema\\\/person\\\/496d8ad2d1d3f8036101dca7ee39e585\"},\"breadcrumb\":{\"@id\":\"https:\\\/\\\/quehacerpolitico.mx\\\/?p=87079#breadcrumb\"},\"inLanguage\":\"es\",\"potentialAction\":[{\"@type\":\"ReadAction\",\"target\":[\"https:\\\/\\\/quehacerpolitico.mx\\\/?p=87079\"]}]},{\"@type\":\"ImageObject\",\"inLanguage\":\"es\",\"@id\":\"https:\\\/\\\/quehacerpolitico.mx\\\/?p=87079#primaryimage\",\"url\":\"https:\\\/\\\/quehacerpolitico.mx\\\/wp-content\\\/uploads\\\/2021\\\/12\\\/C8FE01F2-DF1D-424A-98C0-8B6981D6BBB3.jpeg\",\"contentUrl\":\"https:\\\/\\\/quehacerpolitico.mx\\\/wp-content\\\/uploads\\\/2021\\\/12\\\/C8FE01F2-DF1D-424A-98C0-8B6981D6BBB3.jpeg\",\"width\":703,\"height\":436},{\"@type\":\"BreadcrumbList\",\"@id\":\"https:\\\/\\\/quehacerpolitico.mx\\\/?p=87079#breadcrumb\",\"itemListElement\":[{\"@type\":\"ListItem\",\"position\":1,\"name\":\"Inicio\",\"item\":\"https:\\\/\\\/quehacerpolitico.mx\\\/\"},{\"@type\":\"ListItem\",\"position\":2,\"name\":\"Las manifestaciones y marchas en la CdMx hoy 6 de diciembre\"}]},{\"@type\":\"WebSite\",\"@id\":\"https:\\\/\\\/quehacerpolitico.mx\\\/#website\",\"url\":\"https:\\\/\\\/quehacerpolitico.mx\\\/\",\"name\":\"\",\"description\":\"\",\"potentialAction\":[{\"@type\":\"SearchAction\",\"target\":{\"@type\":\"EntryPoint\",\"urlTemplate\":\"https:\\\/\\\/quehacerpolitico.mx\\\/?s={search_term_string}\"},\"query-input\":{\"@type\":\"PropertyValueSpecification\",\"valueRequired\":true,\"valueName\":\"search_term_string\"}}],\"inLanguage\":\"es\"},{\"@type\":\"Person\",\"@id\":\"https:\\\/\\\/quehacerpolitico.mx\\\/#\\\/schema\\\/person\\\/496d8ad2d1d3f8036101dca7ee39e585\",\"name\":\"Redacci\u00f3n QP\",\"image\":{\"@type\":\"ImageObject\",\"inLanguage\":\"es\",\"@id\":\"https:\\\/\\\/secure.gravatar.com\\\/avatar\\\/c7164ed6fdec453195284ad24a5ae5b6e1eed2b848477fa2a4787ba9adf39a41?s=96&d=mm&r=g\",\"url\":\"https:\\\/\\\/secure.gravatar.com\\\/avatar\\\/c7164ed6fdec453195284ad24a5ae5b6e1eed2b848477fa2a4787ba9adf39a41?s=96&d=mm&r=g\",\"contentUrl\":\"https:\\\/\\\/secure.gravatar.com\\\/avatar\\\/c7164ed6fdec453195284ad24a5ae5b6e1eed2b848477fa2a4787ba9adf39a41?s=96&d=mm&r=g\",\"caption\":\"Redacci\u00f3n QP\"},\"url\":\"https:\\\/\\\/quehacerpolitico.mx\\\/?author=2\"}]}<\/script>\n<!-- \/ Yoast SEO plugin. -->","yoast_head_json":{"title":"Las manifestaciones y marchas en la CdMx hoy 6 de diciembre -","robots":{"index":"index","follow":"follow","max-snippet":"max-snippet:-1","max-image-preview":"max-image-preview:large","max-video-preview":"max-video-preview:-1"},"canonical":"https:\/\/quehacerpolitico.mx\/?p=87079","og_locale":"es_MX","og_type":"article","og_title":"Las manifestaciones y marchas en la CdMx hoy 6 de diciembre -","og_description":"Por Redacci\u00f3n QP Este lunes 6 de diciembre se esperan 15 concentraciones-marchas a lo largo...","og_url":"https:\/\/quehacerpolitico.mx\/?p=87079","article_published_time":"2021-12-06T14:52:58+00:00","article_modified_time":"2021-12-06T14:53:00+00:00","og_image":[{"width":703,"height":436,"url":"https:\/\/quehacerpolitico.mx\/wp-content\/uploads\/2021\/12\/C8FE01F2-DF1D-424A-98C0-8B6981D6BBB3.jpeg","type":"image\/jpeg"}],"author":"Redacci\u00f3n QP","twitter_card":"summary_large_image","twitter_misc":{"Escrito por":"Redacci\u00f3n QP","Tiempo de lectura":"2 minutos"},"schema":{"@context":"https:\/\/schema.org","@graph":[{"@type":"Article","@id":"https:\/\/quehacerpolitico.mx\/?p=87079#article","isPartOf":{"@id":"https:\/\/quehacerpolitico.mx\/?p=87079"},"author":{"name":"Redacci\u00f3n QP","@id":"https:\/\/quehacerpolitico.mx\/#\/schema\/person\/496d8ad2d1d3f8036101dca7ee39e585"},"headline":"Las manifestaciones y marchas en la CdMx hoy 6 de diciembre","datePublished":"2021-12-06T14:52:58+00:00","dateModified":"2021-12-06T14:53:00+00:00","mainEntityOfPage":{"@id":"https:\/\/quehacerpolitico.mx\/?p=87079"},"wordCount":318,"commentCount":0,"image":{"@id":"https:\/\/quehacerpolitico.mx\/?p=87079#primaryimage"},"thumbnailUrl":"https:\/\/quehacerpolitico.mx\/wp-content\/uploads\/2021\/12\/C8FE01F2-DF1D-424A-98C0-8B6981D6BBB3.jpeg","articleSection":["CDMX"],"inLanguage":"es","potentialAction":[{"@type":"CommentAction","name":"Comment","target":["https:\/\/quehacerpolitico.mx\/?p=87079#respond"]}]},{"@type":"WebPage","@id":"https:\/\/quehacerpolitico.mx\/?p=87079","url":"https:\/\/quehacerpolitico.mx\/?p=87079","name":"Las manifestaciones y marchas en la CdMx hoy 6 de diciembre -","isPartOf":{"@id":"https:\/\/quehacerpolitico.mx\/#website"},"primaryImageOfPage":{"@id":"https:\/\/quehacerpolitico.mx\/?p=87079#primaryimage"},"image":{"@id":"https:\/\/quehacerpolitico.mx\/?p=87079#primaryimage"},"thumbnailUrl":"https:\/\/quehacerpolitico.mx\/wp-content\/uploads\/2021\/12\/C8FE01F2-DF1D-424A-98C0-8B6981D6BBB3.jpeg","datePublished":"2021-12-06T14:52:58+00:00","dateModified":"2021-12-06T14:53:00+00:00","author":{"@id":"https:\/\/quehacerpolitico.mx\/#\/schema\/person\/496d8ad2d1d3f8036101dca7ee39e585"},"breadcrumb":{"@id":"https:\/\/quehacerpolitico.mx\/?p=87079#breadcrumb"},"inLanguage":"es","potentialAction":[{"@type":"ReadAction","target":["https:\/\/quehacerpolitico.mx\/?p=87079"]}]},{"@type":"ImageObject","inLanguage":"es","@id":"https:\/\/quehacerpolitico.mx\/?p=87079#primaryimage","url":"https:\/\/quehacerpolitico.mx\/wp-content\/uploads\/2021\/12\/C8FE01F2-DF1D-424A-98C0-8B6981D6BBB3.jpeg","contentUrl":"https:\/\/quehacerpolitico.mx\/wp-content\/uploads\/2021\/12\/C8FE01F2-DF1D-424A-98C0-8B6981D6BBB3.jpeg","width":703,"height":436},{"@type":"BreadcrumbList","@id":"https:\/\/quehacerpolitico.mx\/?p=87079#breadcrumb","itemListElement":[{"@type":"ListItem","position":1,"name":"Inicio","item":"https:\/\/quehacerpolitico.mx\/"},{"@type":"ListItem","position":2,"name":"Las manifestaciones y marchas en la CdMx hoy 6 de diciembre"}]},{"@type":"WebSite","@id":"https:\/\/quehacerpolitico.mx\/#website","url":"https:\/\/quehacerpolitico.mx\/","name":"","description":"","potentialAction":[{"@type":"SearchAction","target":{"@type":"EntryPoint","urlTemplate":"https:\/\/quehacerpolitico.mx\/?s={search_term_string}"},"query-input":{"@type":"PropertyValueSpecification","valueRequired":true,"valueName":"search_term_string"}}],"inLanguage":"es"},{"@type":"Person","@id":"https:\/\/quehacerpolitico.mx\/#\/schema\/person\/496d8ad2d1d3f8036101dca7ee39e585","name":"Redacci\u00f3n QP","image":{"@type":"ImageObject","inLanguage":"es","@id":"https:\/\/secure.gravatar.com\/avatar\/c7164ed6fdec453195284ad24a5ae5b6e1eed2b848477fa2a4787ba9adf39a41?s=96&d=mm&r=g","url":"https:\/\/secure.gravatar.com\/avatar\/c7164ed6fdec453195284ad24a5ae5b6e1eed2b848477fa2a4787ba9adf39a41?s=96&d=mm&r=g","contentUrl":"https:\/\/secure.gravatar.com\/avatar\/c7164ed6fdec453195284ad24a5ae5b6e1eed2b848477fa2a4787ba9adf39a41?s=96&d=mm&r=g","caption":"Redacci\u00f3n QP"},"url":"https:\/\/quehacerpolitico.mx\/?author=2"}]}},"featured_image_urls":{"full":["https:\/\/quehacerpolitico.mx\/wp-content\/uploads\/2021\/12\/C8FE01F2-DF1D-424A-98C0-8B6981D6BBB3.jpeg",703,436,false],"thumbnail":["https:\/\/quehacerpolitico.mx\/wp-content\/uploads\/2021\/12\/C8FE01F2-DF1D-424A-98C0-8B6981D6BBB3-150x150.jpeg",150,150,true],"medium":["https:\/\/quehacerpolitico.mx\/wp-content\/uploads\/2021\/12\/C8FE01F2-DF1D-424A-98C0-8B6981D6BBB3-300x186.jpeg",300,186,true],"medium_large":["https:\/\/quehacerpolitico.mx\/wp-content\/uploads\/2021\/12\/C8FE01F2-DF1D-424A-98C0-8B6981D6BBB3.jpeg",640,397,false],"large":["https:\/\/quehacerpolitico.mx\/wp-content\/uploads\/2021\/12\/C8FE01F2-DF1D-424A-98C0-8B6981D6BBB3.jpeg",640,397,false],"1536x1536":["https:\/\/quehacerpolitico.mx\/wp-content\/uploads\/2021\/12\/C8FE01F2-DF1D-424A-98C0-8B6981D6BBB3.jpeg",703,436,false],"2048x2048":["https:\/\/quehacerpolitico.mx\/wp-content\/uploads\/2021\/12\/C8FE01F2-DF1D-424A-98C0-8B6981D6BBB3.jpeg",703,436,false],"covernews-featured":["https:\/\/quehacerpolitico.mx\/wp-content\/uploads\/2021\/12\/C8FE01F2-DF1D-424A-98C0-8B6981D6BBB3.jpeg",703,436,false],"covernews-medium":["https:\/\/quehacerpolitico.mx\/wp-content\/uploads\/2021\/12\/C8FE01F2-DF1D-424A-98C0-8B6981D6BBB3.jpeg",540,335,false]},"author_info":{"display_name":"Redacci\u00f3n QP","author_link":"https:\/\/quehacerpolitico.mx\/?author=2"},"category_info":"<a href=\"https:\/\/quehacerpolitico.mx\/?cat=55\" rel=\"category\">CDMX<\/a>","tag_info":"CDMX","comment_count":"0","_links":{"self":[{"href":"https:\/\/quehacerpolitico.mx\/index.php?rest_route=\/wp\/v2\/posts\/87079","targetHints":{"allow":["GET"]}}],"collection":[{"href":"https:\/\/quehacerpolitico.mx\/index.php?rest_route=\/wp\/v2\/posts"}],"about":[{"href":"https:\/\/quehacerpolitico.mx\/index.php?rest_route=\/wp\/v2\/types\/post"}],"author":[{"embeddable":true,"href":"https:\/\/quehacerpolitico.mx\/index.php?rest_route=\/wp\/v2\/users\/2"}],"replies":[{"embeddable":true,"href":"https:\/\/quehacerpolitico.mx\/index.php?rest_route=%2Fwp%2Fv2%2Fcomments&post=87079"}],"version-history":[{"count":1,"href":"https:\/\/quehacerpolitico.mx\/index.php?rest_route=\/wp\/v2\/posts\/87079\/revisions"}],"predecessor-version":[{"id":87081,"href":"https:\/\/quehacerpolitico.mx\/index.php?rest_route=\/wp\/v2\/posts\/87079\/revisions\/87081"}],"wp:featuredmedia":[{"embeddable":true,"href":"https:\/\/quehacerpolitico.mx\/index.php?rest_route=\/wp\/v2\/media\/87080"}],"wp:attachment":[{"href":"https:\/\/quehacerpolitico.mx\/index.php?rest_route=%2Fwp%2Fv2%2Fmedia&parent=87079"}],"wp:term":[{"taxonomy":"category","embeddable":true,"href":"https:\/\/quehacerpolitico.mx\/index.php?rest_route=%2Fwp%2Fv2%2Fcategories&post=87079"},{"taxonomy":"post_tag","embeddable":true,"href":"https:\/\/quehacerpolitico.mx\/index.php?rest_route=%2Fwp%2Fv2%2Ftags&post=87079"}],"curies":[{"name":"wp","href":"https:\/\/api.w.org\/{rel}","templated":true}]}}