{"id":87076,"date":"2021-12-05T05:24:09","date_gmt":"2021-12-05T05:24:09","guid":{"rendered":"https:\/\/quehacerpolitico.mx\/?p=87076"},"modified":"2021-12-05T05:24:13","modified_gmt":"2021-12-05T05:24:13","slug":"amlo-se-compromete-a-inaugurar-el-tren-interurbano-en-2023","status":"publish","type":"post","link":"https:\/\/quehacerpolitico.mx\/?p=87076","title":{"rendered":"AMLO se compromete a inaugurar el Tren Interurbano en 2023"},"content":{"rendered":"\n<p>Por Redacci\u00f3n QP<\/p>\n\n\n\n<p>El Presidente destaca el trabajo coordinado de Claudia Sheinbaum y Alfredo de Mazo<\/p>\n\n\n\n<p>El Presidente Andr\u00e9s Manuel L\u00f3pez Obrador (AMLO) destac\u00f3 que la Jefa de Gobierno, Claudia Sheinbaum, y el gobernador del Estado de M\u00e9xico, Alfredo de Mazo, trabajan de la mano tanto en materia de infraestructura como para mejorar la seguridad de los habitantes del Valle de M\u00e9xico.<\/p>\n\n\n\n<p>&#8220;Es algo muy importante y lo estamos haciendo de manera conjunta, dec\u00eda yo en forma coordinada Gobierno de la Ciudad, gobierno del Estado de M\u00e9xico que trabajan de la mano porque aqu\u00ed hay cerca de 30 millones de habitantes en lo que es el Estado de M\u00e9xico y la Ciudad de M\u00e9xico los dos estados, est\u00e1n trabajando de com\u00fan acuerdo y esto nos ayuda mucho&#8221;.<\/p>\n\n\n\n<p>Por medio de un videomensaje que AMLO difundi\u00f3 en sus redes sociales en su gira de trabajo por el Estado de M\u00e9xico, donde supervis\u00f3 el avance de la construcci\u00f3n Tren Interurbano Toluca-Valle de M\u00e9xico,\u00a0<strong>el Presidente record\u00f3 que en la ma\u00f1ana de este s\u00e1bado se llev\u00f3 a cabo una reuni\u00f3n de seguridad.<\/strong><\/p>\n\n\n\n<figure class=\"wp-block-embed is-type-rich is-provider-twitter wp-block-embed-twitter\"><div class=\"wp-block-embed__wrapper\">\n<blockquote class=\"twitter-tweet\" data-width=\"550\" data-dnt=\"true\"><p lang=\"es\" dir=\"ltr\">Avanzamos en la construcci\u00f3n del Tren Toluca-Ciudad de M\u00e9xico. Estamos comprometidos, servidores p\u00fablicos y empresas constructoras, a inaugurarlo en la primera quincena de septiembre de 2023. <a href=\"https:\/\/t.co\/1z7QxBi6TO\">pic.twitter.com\/1z7QxBi6TO<\/a><\/p>&mdash; Andr\u00e9s Manuel (@lopezobrador_) <a href=\"https:\/\/twitter.com\/lopezobrador_\/status\/1467247543599845378?ref_src=twsrc%5Etfw\">December 4, 2021<\/a><\/blockquote><script async src=\"https:\/\/platform.twitter.com\/widgets.js\" charset=\"utf-8\"><\/script>\n<\/div><\/figure>\n\n\n\n<p>&#8220;Dec\u00eda el gobernador del Estado de M\u00e9xico que llegaron a un acuerdo con el Gobierno de la Ciudad de M\u00e9xico para que la polic\u00eda de la Ciudad de M\u00e9xico entrar\u00e1 al Estado de M\u00e9xico y la del Estado de M\u00e9xico entrara a la Ciudad, eso no se lograba antes, parece un asunto menor, pero es muy importante, es decir si divide nada m\u00e1s una calle a estas dos grandes entidades del pa\u00eds pues est\u00e1 dando ahora una coordinaci\u00f3n fundamental&#8221;, declar\u00f3.<\/p>\n\n\n\n<p>El Presidente reiter\u00f3 que\u00a0<strong>la primera quincena de septiembre de 2023 se inaugurar\u00e1 el Tren Interurbano.<\/strong><\/p>\n\n\n\n<p>Expres\u00f3 que con esta obra \u2014que se inici\u00f3 en el gobierno de Enrique Pe\u00f1a Nieto\u2014 se beneficiar\u00e1n 30 millones de habitantes de la capital del pa\u00eds y del Estado de M\u00e9xico, adem\u00e1s de que se han invertido m\u00e1s de 90 mil millones de pesos.<\/p>\n\n\n\n<p>&#8220;Avanzamos en la construcci\u00f3n del Tren Toluca-Ciudad de M\u00e9xico. Estamos comprometidos, servidores p\u00fablicos y empresas constructoras, a inaugurarlo en la primera quincena de septiembre de 2023&#8221;, escribi\u00f3.<\/p>\n\n\n\n<p>El gobernador Alfredo del Mazo destac\u00f3 esta obra acercar\u00e1 a estos dos valles y se va a convertir en todo un corredor de desarrollo industrial y comercial en beneficio de la zona. La Jefa de Gobierno, Claudia Sheinbaum coincidi\u00f3 en que &#8220;esta v\u00eda comunicaci\u00f3n por tren r\u00e1pido nos va a permitir acercarnos al Estado de M\u00e9xico&#8221;.<\/p>\n\n\n\n<p>Con Informaci\u00f3n de SUN <\/p>\n","protected":false},"excerpt":{"rendered":"<p>Por Redacci\u00f3n QP El Presidente destaca el trabajo coordinado de Claudia Sheinbaum y Alfredo de&#8230;<\/p>\n","protected":false},"author":2,"featured_media":87077,"comment_status":"open","ping_status":"open","sticky":false,"template":"","format":"standard","meta":{"_monsterinsights_skip_tracking":false,"_monsterinsights_sitenote_active":false,"_monsterinsights_sitenote_note":"","_monsterinsights_sitenote_category":0,"footnotes":""},"categories":[2],"tags":[],"class_list":["post-87076","post","type-post","status-publish","format-standard","has-post-thumbnail","hentry","category-noticias"],"yoast_head":"<!-- This site is optimized with the Yoast SEO plugin v27.3 - https:\/\/yoast.com\/product\/yoast-seo-wordpress\/ -->\n<title>AMLO se compromete a inaugurar el Tren Interurbano en 2023 -<\/title>\n<meta name=\"robots\" content=\"index, follow, max-snippet:-1, max-image-preview:large, max-video-preview:-1\" \/>\n<link rel=\"canonical\" href=\"https:\/\/quehacerpolitico.mx\/?p=87076\" \/>\n<meta property=\"og:locale\" content=\"es_MX\" \/>\n<meta property=\"og:type\" content=\"article\" \/>\n<meta property=\"og:title\" content=\"AMLO se compromete a inaugurar el Tren Interurbano en 2023 -\" \/>\n<meta property=\"og:description\" content=\"Por Redacci\u00f3n QP El Presidente destaca el trabajo coordinado de Claudia Sheinbaum y Alfredo de...\" \/>\n<meta property=\"og:url\" content=\"https:\/\/quehacerpolitico.mx\/?p=87076\" \/>\n<meta property=\"article:published_time\" content=\"2021-12-05T05:24:09+00:00\" \/>\n<meta property=\"article:modified_time\" content=\"2021-12-05T05:24:13+00:00\" \/>\n<meta property=\"og:image\" content=\"https:\/\/quehacerpolitico.mx\/wp-content\/uploads\/2021\/12\/7480C65C-1A8A-48EF-9898-0D9AAADCD9FB.jpeg\" \/>\n\t<meta property=\"og:image:width\" content=\"1284\" \/>\n\t<meta property=\"og:image:height\" content=\"688\" \/>\n\t<meta property=\"og:image:type\" content=\"image\/jpeg\" \/>\n<meta name=\"author\" content=\"Redacci\u00f3n QP\" \/>\n<meta name=\"twitter:card\" content=\"summary_large_image\" \/>\n<meta name=\"twitter:label1\" content=\"Escrito por\" \/>\n\t<meta name=\"twitter:data1\" content=\"Redacci\u00f3n QP\" \/>\n\t<meta name=\"twitter:label2\" content=\"Tiempo de lectura\" \/>\n\t<meta name=\"twitter:data2\" content=\"2 minutos\" \/>\n<script type=\"application\/ld+json\" class=\"yoast-schema-graph\">{\"@context\":\"https:\\\/\\\/schema.org\",\"@graph\":[{\"@type\":\"Article\",\"@id\":\"https:\\\/\\\/quehacerpolitico.mx\\\/?p=87076#article\",\"isPartOf\":{\"@id\":\"https:\\\/\\\/quehacerpolitico.mx\\\/?p=87076\"},\"author\":{\"name\":\"Redacci\u00f3n QP\",\"@id\":\"https:\\\/\\\/quehacerpolitico.mx\\\/#\\\/schema\\\/person\\\/496d8ad2d1d3f8036101dca7ee39e585\"},\"headline\":\"AMLO se compromete a inaugurar el Tren Interurbano en 2023\",\"datePublished\":\"2021-12-05T05:24:09+00:00\",\"dateModified\":\"2021-12-05T05:24:13+00:00\",\"mainEntityOfPage\":{\"@id\":\"https:\\\/\\\/quehacerpolitico.mx\\\/?p=87076\"},\"wordCount\":457,\"commentCount\":0,\"image\":{\"@id\":\"https:\\\/\\\/quehacerpolitico.mx\\\/?p=87076#primaryimage\"},\"thumbnailUrl\":\"https:\\\/\\\/quehacerpolitico.mx\\\/wp-content\\\/uploads\\\/2021\\\/12\\\/7480C65C-1A8A-48EF-9898-0D9AAADCD9FB.jpeg\",\"articleSection\":[\"Noticias\"],\"inLanguage\":\"es\",\"potentialAction\":[{\"@type\":\"CommentAction\",\"name\":\"Comment\",\"target\":[\"https:\\\/\\\/quehacerpolitico.mx\\\/?p=87076#respond\"]}]},{\"@type\":\"WebPage\",\"@id\":\"https:\\\/\\\/quehacerpolitico.mx\\\/?p=87076\",\"url\":\"https:\\\/\\\/quehacerpolitico.mx\\\/?p=87076\",\"name\":\"AMLO se compromete a inaugurar el Tren Interurbano en 2023 -\",\"isPartOf\":{\"@id\":\"https:\\\/\\\/quehacerpolitico.mx\\\/#website\"},\"primaryImageOfPage\":{\"@id\":\"https:\\\/\\\/quehacerpolitico.mx\\\/?p=87076#primaryimage\"},\"image\":{\"@id\":\"https:\\\/\\\/quehacerpolitico.mx\\\/?p=87076#primaryimage\"},\"thumbnailUrl\":\"https:\\\/\\\/quehacerpolitico.mx\\\/wp-content\\\/uploads\\\/2021\\\/12\\\/7480C65C-1A8A-48EF-9898-0D9AAADCD9FB.jpeg\",\"datePublished\":\"2021-12-05T05:24:09+00:00\",\"dateModified\":\"2021-12-05T05:24:13+00:00\",\"author\":{\"@id\":\"https:\\\/\\\/quehacerpolitico.mx\\\/#\\\/schema\\\/person\\\/496d8ad2d1d3f8036101dca7ee39e585\"},\"breadcrumb\":{\"@id\":\"https:\\\/\\\/quehacerpolitico.mx\\\/?p=87076#breadcrumb\"},\"inLanguage\":\"es\",\"potentialAction\":[{\"@type\":\"ReadAction\",\"target\":[\"https:\\\/\\\/quehacerpolitico.mx\\\/?p=87076\"]}]},{\"@type\":\"ImageObject\",\"inLanguage\":\"es\",\"@id\":\"https:\\\/\\\/quehacerpolitico.mx\\\/?p=87076#primaryimage\",\"url\":\"https:\\\/\\\/quehacerpolitico.mx\\\/wp-content\\\/uploads\\\/2021\\\/12\\\/7480C65C-1A8A-48EF-9898-0D9AAADCD9FB.jpeg\",\"contentUrl\":\"https:\\\/\\\/quehacerpolitico.mx\\\/wp-content\\\/uploads\\\/2021\\\/12\\\/7480C65C-1A8A-48EF-9898-0D9AAADCD9FB.jpeg\",\"width\":1284,\"height\":688},{\"@type\":\"BreadcrumbList\",\"@id\":\"https:\\\/\\\/quehacerpolitico.mx\\\/?p=87076#breadcrumb\",\"itemListElement\":[{\"@type\":\"ListItem\",\"position\":1,\"name\":\"Inicio\",\"item\":\"https:\\\/\\\/quehacerpolitico.mx\\\/\"},{\"@type\":\"ListItem\",\"position\":2,\"name\":\"AMLO se compromete a inaugurar el Tren Interurbano en 2023\"}]},{\"@type\":\"WebSite\",\"@id\":\"https:\\\/\\\/quehacerpolitico.mx\\\/#website\",\"url\":\"https:\\\/\\\/quehacerpolitico.mx\\\/\",\"name\":\"\",\"description\":\"\",\"potentialAction\":[{\"@type\":\"SearchAction\",\"target\":{\"@type\":\"EntryPoint\",\"urlTemplate\":\"https:\\\/\\\/quehacerpolitico.mx\\\/?s={search_term_string}\"},\"query-input\":{\"@type\":\"PropertyValueSpecification\",\"valueRequired\":true,\"valueName\":\"search_term_string\"}}],\"inLanguage\":\"es\"},{\"@type\":\"Person\",\"@id\":\"https:\\\/\\\/quehacerpolitico.mx\\\/#\\\/schema\\\/person\\\/496d8ad2d1d3f8036101dca7ee39e585\",\"name\":\"Redacci\u00f3n QP\",\"image\":{\"@type\":\"ImageObject\",\"inLanguage\":\"es\",\"@id\":\"https:\\\/\\\/secure.gravatar.com\\\/avatar\\\/c7164ed6fdec453195284ad24a5ae5b6e1eed2b848477fa2a4787ba9adf39a41?s=96&d=mm&r=g\",\"url\":\"https:\\\/\\\/secure.gravatar.com\\\/avatar\\\/c7164ed6fdec453195284ad24a5ae5b6e1eed2b848477fa2a4787ba9adf39a41?s=96&d=mm&r=g\",\"contentUrl\":\"https:\\\/\\\/secure.gravatar.com\\\/avatar\\\/c7164ed6fdec453195284ad24a5ae5b6e1eed2b848477fa2a4787ba9adf39a41?s=96&d=mm&r=g\",\"caption\":\"Redacci\u00f3n QP\"},\"url\":\"https:\\\/\\\/quehacerpolitico.mx\\\/?author=2\"}]}<\/script>\n<!-- \/ Yoast SEO plugin. -->","yoast_head_json":{"title":"AMLO se compromete a inaugurar el Tren Interurbano en 2023 -","robots":{"index":"index","follow":"follow","max-snippet":"max-snippet:-1","max-image-preview":"max-image-preview:large","max-video-preview":"max-video-preview:-1"},"canonical":"https:\/\/quehacerpolitico.mx\/?p=87076","og_locale":"es_MX","og_type":"article","og_title":"AMLO se compromete a inaugurar el Tren Interurbano en 2023 -","og_description":"Por Redacci\u00f3n QP El Presidente destaca el trabajo coordinado de Claudia Sheinbaum y Alfredo de...","og_url":"https:\/\/quehacerpolitico.mx\/?p=87076","article_published_time":"2021-12-05T05:24:09+00:00","article_modified_time":"2021-12-05T05:24:13+00:00","og_image":[{"width":1284,"height":688,"url":"https:\/\/quehacerpolitico.mx\/wp-content\/uploads\/2021\/12\/7480C65C-1A8A-48EF-9898-0D9AAADCD9FB.jpeg","type":"image\/jpeg"}],"author":"Redacci\u00f3n QP","twitter_card":"summary_large_image","twitter_misc":{"Escrito por":"Redacci\u00f3n QP","Tiempo de lectura":"2 minutos"},"schema":{"@context":"https:\/\/schema.org","@graph":[{"@type":"Article","@id":"https:\/\/quehacerpolitico.mx\/?p=87076#article","isPartOf":{"@id":"https:\/\/quehacerpolitico.mx\/?p=87076"},"author":{"name":"Redacci\u00f3n QP","@id":"https:\/\/quehacerpolitico.mx\/#\/schema\/person\/496d8ad2d1d3f8036101dca7ee39e585"},"headline":"AMLO se compromete a inaugurar el Tren Interurbano en 2023","datePublished":"2021-12-05T05:24:09+00:00","dateModified":"2021-12-05T05:24:13+00:00","mainEntityOfPage":{"@id":"https:\/\/quehacerpolitico.mx\/?p=87076"},"wordCount":457,"commentCount":0,"image":{"@id":"https:\/\/quehacerpolitico.mx\/?p=87076#primaryimage"},"thumbnailUrl":"https:\/\/quehacerpolitico.mx\/wp-content\/uploads\/2021\/12\/7480C65C-1A8A-48EF-9898-0D9AAADCD9FB.jpeg","articleSection":["Noticias"],"inLanguage":"es","potentialAction":[{"@type":"CommentAction","name":"Comment","target":["https:\/\/quehacerpolitico.mx\/?p=87076#respond"]}]},{"@type":"WebPage","@id":"https:\/\/quehacerpolitico.mx\/?p=87076","url":"https:\/\/quehacerpolitico.mx\/?p=87076","name":"AMLO se compromete a inaugurar el Tren Interurbano en 2023 -","isPartOf":{"@id":"https:\/\/quehacerpolitico.mx\/#website"},"primaryImageOfPage":{"@id":"https:\/\/quehacerpolitico.mx\/?p=87076#primaryimage"},"image":{"@id":"https:\/\/quehacerpolitico.mx\/?p=87076#primaryimage"},"thumbnailUrl":"https:\/\/quehacerpolitico.mx\/wp-content\/uploads\/2021\/12\/7480C65C-1A8A-48EF-9898-0D9AAADCD9FB.jpeg","datePublished":"2021-12-05T05:24:09+00:00","dateModified":"2021-12-05T05:24:13+00:00","author":{"@id":"https:\/\/quehacerpolitico.mx\/#\/schema\/person\/496d8ad2d1d3f8036101dca7ee39e585"},"breadcrumb":{"@id":"https:\/\/quehacerpolitico.mx\/?p=87076#breadcrumb"},"inLanguage":"es","potentialAction":[{"@type":"ReadAction","target":["https:\/\/quehacerpolitico.mx\/?p=87076"]}]},{"@type":"ImageObject","inLanguage":"es","@id":"https:\/\/quehacerpolitico.mx\/?p=87076#primaryimage","url":"https:\/\/quehacerpolitico.mx\/wp-content\/uploads\/2021\/12\/7480C65C-1A8A-48EF-9898-0D9AAADCD9FB.jpeg","contentUrl":"https:\/\/quehacerpolitico.mx\/wp-content\/uploads\/2021\/12\/7480C65C-1A8A-48EF-9898-0D9AAADCD9FB.jpeg","width":1284,"height":688},{"@type":"BreadcrumbList","@id":"https:\/\/quehacerpolitico.mx\/?p=87076#breadcrumb","itemListElement":[{"@type":"ListItem","position":1,"name":"Inicio","item":"https:\/\/quehacerpolitico.mx\/"},{"@type":"ListItem","position":2,"name":"AMLO se compromete a inaugurar el Tren Interurbano en 2023"}]},{"@type":"WebSite","@id":"https:\/\/quehacerpolitico.mx\/#website","url":"https:\/\/quehacerpolitico.mx\/","name":"","description":"","potentialAction":[{"@type":"SearchAction","target":{"@type":"EntryPoint","urlTemplate":"https:\/\/quehacerpolitico.mx\/?s={search_term_string}"},"query-input":{"@type":"PropertyValueSpecification","valueRequired":true,"valueName":"search_term_string"}}],"inLanguage":"es"},{"@type":"Person","@id":"https:\/\/quehacerpolitico.mx\/#\/schema\/person\/496d8ad2d1d3f8036101dca7ee39e585","name":"Redacci\u00f3n QP","image":{"@type":"ImageObject","inLanguage":"es","@id":"https:\/\/secure.gravatar.com\/avatar\/c7164ed6fdec453195284ad24a5ae5b6e1eed2b848477fa2a4787ba9adf39a41?s=96&d=mm&r=g","url":"https:\/\/secure.gravatar.com\/avatar\/c7164ed6fdec453195284ad24a5ae5b6e1eed2b848477fa2a4787ba9adf39a41?s=96&d=mm&r=g","contentUrl":"https:\/\/secure.gravatar.com\/avatar\/c7164ed6fdec453195284ad24a5ae5b6e1eed2b848477fa2a4787ba9adf39a41?s=96&d=mm&r=g","caption":"Redacci\u00f3n QP"},"url":"https:\/\/quehacerpolitico.mx\/?author=2"}]}},"featured_image_urls":{"full":["https:\/\/quehacerpolitico.mx\/wp-content\/uploads\/2021\/12\/7480C65C-1A8A-48EF-9898-0D9AAADCD9FB.jpeg",1284,688,false],"thumbnail":["https:\/\/quehacerpolitico.mx\/wp-content\/uploads\/2021\/12\/7480C65C-1A8A-48EF-9898-0D9AAADCD9FB-150x150.jpeg",150,150,true],"medium":["https:\/\/quehacerpolitico.mx\/wp-content\/uploads\/2021\/12\/7480C65C-1A8A-48EF-9898-0D9AAADCD9FB-300x161.jpeg",300,161,true],"medium_large":["https:\/\/quehacerpolitico.mx\/wp-content\/uploads\/2021\/12\/7480C65C-1A8A-48EF-9898-0D9AAADCD9FB-768x412.jpeg",640,343,true],"large":["https:\/\/quehacerpolitico.mx\/wp-content\/uploads\/2021\/12\/7480C65C-1A8A-48EF-9898-0D9AAADCD9FB-1024x549.jpeg",640,343,true],"1536x1536":["https:\/\/quehacerpolitico.mx\/wp-content\/uploads\/2021\/12\/7480C65C-1A8A-48EF-9898-0D9AAADCD9FB.jpeg",1284,688,false],"2048x2048":["https:\/\/quehacerpolitico.mx\/wp-content\/uploads\/2021\/12\/7480C65C-1A8A-48EF-9898-0D9AAADCD9FB.jpeg",1284,688,false],"covernews-featured":["https:\/\/quehacerpolitico.mx\/wp-content\/uploads\/2021\/12\/7480C65C-1A8A-48EF-9898-0D9AAADCD9FB.jpeg",1024,549,false],"covernews-medium":["https:\/\/quehacerpolitico.mx\/wp-content\/uploads\/2021\/12\/7480C65C-1A8A-48EF-9898-0D9AAADCD9FB.jpeg",540,289,false]},"author_info":{"display_name":"Redacci\u00f3n QP","author_link":"https:\/\/quehacerpolitico.mx\/?author=2"},"category_info":"<a href=\"https:\/\/quehacerpolitico.mx\/?cat=2\" rel=\"category\">Noticias<\/a>","tag_info":"Noticias","comment_count":"0","_links":{"self":[{"href":"https:\/\/quehacerpolitico.mx\/index.php?rest_route=\/wp\/v2\/posts\/87076","targetHints":{"allow":["GET"]}}],"collection":[{"href":"https:\/\/quehacerpolitico.mx\/index.php?rest_route=\/wp\/v2\/posts"}],"about":[{"href":"https:\/\/quehacerpolitico.mx\/index.php?rest_route=\/wp\/v2\/types\/post"}],"author":[{"embeddable":true,"href":"https:\/\/quehacerpolitico.mx\/index.php?rest_route=\/wp\/v2\/users\/2"}],"replies":[{"embeddable":true,"href":"https:\/\/quehacerpolitico.mx\/index.php?rest_route=%2Fwp%2Fv2%2Fcomments&post=87076"}],"version-history":[{"count":1,"href":"https:\/\/quehacerpolitico.mx\/index.php?rest_route=\/wp\/v2\/posts\/87076\/revisions"}],"predecessor-version":[{"id":87078,"href":"https:\/\/quehacerpolitico.mx\/index.php?rest_route=\/wp\/v2\/posts\/87076\/revisions\/87078"}],"wp:featuredmedia":[{"embeddable":true,"href":"https:\/\/quehacerpolitico.mx\/index.php?rest_route=\/wp\/v2\/media\/87077"}],"wp:attachment":[{"href":"https:\/\/quehacerpolitico.mx\/index.php?rest_route=%2Fwp%2Fv2%2Fmedia&parent=87076"}],"wp:term":[{"taxonomy":"category","embeddable":true,"href":"https:\/\/quehacerpolitico.mx\/index.php?rest_route=%2Fwp%2Fv2%2Fcategories&post=87076"},{"taxonomy":"post_tag","embeddable":true,"href":"https:\/\/quehacerpolitico.mx\/index.php?rest_route=%2Fwp%2Fv2%2Ftags&post=87076"}],"curies":[{"name":"wp","href":"https:\/\/api.w.org\/{rel}","templated":true}]}}