{"id":87070,"date":"2021-12-05T04:52:57","date_gmt":"2021-12-05T04:52:57","guid":{"rendered":"https:\/\/quehacerpolitico.mx\/?p=87070"},"modified":"2021-12-05T04:52:59","modified_gmt":"2021-12-05T04:52:59","slug":"amlo-pide-donar-al-teleton","status":"publish","type":"post","link":"https:\/\/quehacerpolitico.mx\/?p=87070","title":{"rendered":"AMLO pide donar al Telet\u00f3n"},"content":{"rendered":"\n<p>Por Redacci\u00f3n QP<\/p>\n\n\n\n<p>&#8220;Ayudemos todos, hay que cooperar en esta colecta&#8221;, dice AMLO\u00a0en un video mensaje que grab\u00f3 desde su despacho en Palacio Nacional<\/p>\n\n\n\n<p>El Presidente Andr\u00e9s Manuel L\u00f3pez Obrador (AMLO) hizo un llamado a la poblaci\u00f3n a participar en el Telet\u00f3n para apoyar a los ni\u00f1os pobres con discapacidad para que puedan acceder a una terapia.<\/p>\n\n\n\n<p><strong>&#8220;Ayudemos todos, hay que cooperar en esta colecta&#8221;, dijo AMLO<\/strong>\u00a0por medio de un video mensaje que grab\u00f3 desde su despacho en Palacio Nacional.<\/p>\n\n\n\n<p>El Presidente L\u00f3pez Obrador<strong>\u00a0asever\u00f3\u00a0que con lo que se recaude se destinar\u00e1 para fortalecer el Telet\u00f3n<\/strong>.<\/p>\n\n\n\n<p><strong>&#8220;Para que esa instituci\u00f3n que se ha venido construyendo con el esfuerzo, con el trabajo, con la solidaridad de todos, se consolide, se fortalezca, es muy importante la labor que lleva a cabo, es atender a ni\u00f1os con terapias para que puedan salir adelante&#8221;<\/strong>.<\/p>\n\n\n\n<p>AMLO record\u00f3 que\u00a0el Gobierno Federal cuenta con el DIF Nacional y en los estados, pero\u00a0<strong>no es suficiente para atender a los menores con discapacidad<\/strong>.<\/p>\n\n\n\n<p>Destac\u00f3 que el Telet\u00f3n tiene centros de rehabilitaci\u00f3n, y por ello se hizo un convenio para que se otorguen terapias a 20 mil ni\u00f1os y ni\u00f1as pobres con discapacidad.<\/p>\n\n\n\n<p>&#8220;Es con la \u00fanica instituci\u00f3n de la sociedad civil con la que tenemos un convenio de colaboraci\u00f3n, nosotros estamos atendiendo a m\u00e1s de un mill\u00f3n de ni\u00f1as y ni\u00f1os con discapacidad, se les da una pensi\u00f3n al igual que los adultos mayores, pero\u00a0<strong>no basta con el apoyo econ\u00f3mico, hace falta el tratamiento a la discapacidad y eso no podemos otorgarlo a todos&#8221;<\/strong>, expres\u00f3.<\/p>\n\n\n\n<p>&#8220;Hay veces que por falta de recursos econ\u00f3micos por la pobreza, una ni\u00f1a o un ni\u00f1o con una discapacidad no grave, por no tener terapias, por no tener un tratamiento de recuperaci\u00f3n, esa discapacidad leve, menor, se convierte en una discapacidad grave, de por vida&#8221;, advirti\u00f3.<\/p>\n\n\n\n<p>El Presidente L\u00f3pez Obrador destac\u00f3 la labor de Fernando Landeros, presidente de la Fundaci\u00f3n Telet\u00f3n M\u00e9xico AC, &#8220;quien es puro coraz\u00f3n, le tengo afecto, le tengo confianza, es sincero, es aut\u00e9ntico, es una garant\u00eda que \u00e9l sea el director del Telet\u00f3n, se puede confiar en \u00e9l&#8221;, dijo<\/p>\n\n\n\n<figure class=\"wp-block-embed is-type-video is-provider-youtube wp-block-embed-youtube wp-embed-aspect-16-9 wp-has-aspect-ratio\"><div class=\"wp-block-embed__wrapper\">\n<iframe loading=\"lazy\" title=\"Andr\u00e9s Manuel L\u00f3pez Obrador en Telet\u00f3n\" width=\"640\" height=\"360\" src=\"https:\/\/www.youtube.com\/embed\/AuiPy2CcPM8?feature=oembed\" frameborder=\"0\" allow=\"accelerometer; autoplay; clipboard-write; encrypted-media; gyroscope; picture-in-picture; web-share\" referrerpolicy=\"strict-origin-when-cross-origin\" allowfullscreen><\/iframe>\n<\/div><\/figure>\n\n\n\n<p>Con Informaci\u00f3n de SUN <\/p>\n","protected":false},"excerpt":{"rendered":"<p>Por Redacci\u00f3n QP &#8220;Ayudemos todos, hay que cooperar en esta colecta&#8221;, dice AMLO\u00a0en un video&#8230;<\/p>\n","protected":false},"author":2,"featured_media":87071,"comment_status":"open","ping_status":"open","sticky":false,"template":"","format":"standard","meta":{"_monsterinsights_skip_tracking":false,"_monsterinsights_sitenote_active":false,"_monsterinsights_sitenote_note":"","_monsterinsights_sitenote_category":0,"footnotes":""},"categories":[2],"tags":[],"class_list":["post-87070","post","type-post","status-publish","format-standard","has-post-thumbnail","hentry","category-noticias"],"yoast_head":"<!-- This site is optimized with the Yoast SEO plugin v27.3 - https:\/\/yoast.com\/product\/yoast-seo-wordpress\/ -->\n<title>AMLO pide donar al Telet\u00f3n -<\/title>\n<meta name=\"robots\" content=\"index, follow, max-snippet:-1, max-image-preview:large, max-video-preview:-1\" \/>\n<link rel=\"canonical\" href=\"https:\/\/quehacerpolitico.mx\/?p=87070\" \/>\n<meta property=\"og:locale\" content=\"es_MX\" \/>\n<meta property=\"og:type\" content=\"article\" \/>\n<meta property=\"og:title\" content=\"AMLO pide donar al Telet\u00f3n -\" \/>\n<meta property=\"og:description\" content=\"Por Redacci\u00f3n QP &#8220;Ayudemos todos, hay que cooperar en esta colecta&#8221;, dice AMLO\u00a0en un video...\" \/>\n<meta property=\"og:url\" content=\"https:\/\/quehacerpolitico.mx\/?p=87070\" \/>\n<meta property=\"article:published_time\" content=\"2021-12-05T04:52:57+00:00\" \/>\n<meta property=\"article:modified_time\" content=\"2021-12-05T04:52:59+00:00\" \/>\n<meta property=\"og:image\" content=\"https:\/\/quehacerpolitico.mx\/wp-content\/uploads\/2021\/12\/84D04D77-9802-43A0-B30C-6722F97132F3.jpeg\" \/>\n\t<meta property=\"og:image:width\" content=\"1284\" \/>\n\t<meta property=\"og:image:height\" content=\"689\" \/>\n\t<meta property=\"og:image:type\" content=\"image\/jpeg\" \/>\n<meta name=\"author\" content=\"Redacci\u00f3n QP\" \/>\n<meta name=\"twitter:card\" content=\"summary_large_image\" \/>\n<meta name=\"twitter:label1\" content=\"Escrito por\" \/>\n\t<meta name=\"twitter:data1\" content=\"Redacci\u00f3n QP\" \/>\n\t<meta name=\"twitter:label2\" content=\"Tiempo de lectura\" \/>\n\t<meta name=\"twitter:data2\" content=\"2 minutos\" \/>\n<script type=\"application\/ld+json\" class=\"yoast-schema-graph\">{\"@context\":\"https:\\\/\\\/schema.org\",\"@graph\":[{\"@type\":\"Article\",\"@id\":\"https:\\\/\\\/quehacerpolitico.mx\\\/?p=87070#article\",\"isPartOf\":{\"@id\":\"https:\\\/\\\/quehacerpolitico.mx\\\/?p=87070\"},\"author\":{\"name\":\"Redacci\u00f3n QP\",\"@id\":\"https:\\\/\\\/quehacerpolitico.mx\\\/#\\\/schema\\\/person\\\/496d8ad2d1d3f8036101dca7ee39e585\"},\"headline\":\"AMLO pide donar al Telet\u00f3n\",\"datePublished\":\"2021-12-05T04:52:57+00:00\",\"dateModified\":\"2021-12-05T04:52:59+00:00\",\"mainEntityOfPage\":{\"@id\":\"https:\\\/\\\/quehacerpolitico.mx\\\/?p=87070\"},\"wordCount\":404,\"commentCount\":0,\"image\":{\"@id\":\"https:\\\/\\\/quehacerpolitico.mx\\\/?p=87070#primaryimage\"},\"thumbnailUrl\":\"https:\\\/\\\/quehacerpolitico.mx\\\/wp-content\\\/uploads\\\/2021\\\/12\\\/84D04D77-9802-43A0-B30C-6722F97132F3.jpeg\",\"articleSection\":[\"Noticias\"],\"inLanguage\":\"es\",\"potentialAction\":[{\"@type\":\"CommentAction\",\"name\":\"Comment\",\"target\":[\"https:\\\/\\\/quehacerpolitico.mx\\\/?p=87070#respond\"]}]},{\"@type\":\"WebPage\",\"@id\":\"https:\\\/\\\/quehacerpolitico.mx\\\/?p=87070\",\"url\":\"https:\\\/\\\/quehacerpolitico.mx\\\/?p=87070\",\"name\":\"AMLO pide donar al Telet\u00f3n -\",\"isPartOf\":{\"@id\":\"https:\\\/\\\/quehacerpolitico.mx\\\/#website\"},\"primaryImageOfPage\":{\"@id\":\"https:\\\/\\\/quehacerpolitico.mx\\\/?p=87070#primaryimage\"},\"image\":{\"@id\":\"https:\\\/\\\/quehacerpolitico.mx\\\/?p=87070#primaryimage\"},\"thumbnailUrl\":\"https:\\\/\\\/quehacerpolitico.mx\\\/wp-content\\\/uploads\\\/2021\\\/12\\\/84D04D77-9802-43A0-B30C-6722F97132F3.jpeg\",\"datePublished\":\"2021-12-05T04:52:57+00:00\",\"dateModified\":\"2021-12-05T04:52:59+00:00\",\"author\":{\"@id\":\"https:\\\/\\\/quehacerpolitico.mx\\\/#\\\/schema\\\/person\\\/496d8ad2d1d3f8036101dca7ee39e585\"},\"breadcrumb\":{\"@id\":\"https:\\\/\\\/quehacerpolitico.mx\\\/?p=87070#breadcrumb\"},\"inLanguage\":\"es\",\"potentialAction\":[{\"@type\":\"ReadAction\",\"target\":[\"https:\\\/\\\/quehacerpolitico.mx\\\/?p=87070\"]}]},{\"@type\":\"ImageObject\",\"inLanguage\":\"es\",\"@id\":\"https:\\\/\\\/quehacerpolitico.mx\\\/?p=87070#primaryimage\",\"url\":\"https:\\\/\\\/quehacerpolitico.mx\\\/wp-content\\\/uploads\\\/2021\\\/12\\\/84D04D77-9802-43A0-B30C-6722F97132F3.jpeg\",\"contentUrl\":\"https:\\\/\\\/quehacerpolitico.mx\\\/wp-content\\\/uploads\\\/2021\\\/12\\\/84D04D77-9802-43A0-B30C-6722F97132F3.jpeg\",\"width\":1284,\"height\":689},{\"@type\":\"BreadcrumbList\",\"@id\":\"https:\\\/\\\/quehacerpolitico.mx\\\/?p=87070#breadcrumb\",\"itemListElement\":[{\"@type\":\"ListItem\",\"position\":1,\"name\":\"Inicio\",\"item\":\"https:\\\/\\\/quehacerpolitico.mx\\\/\"},{\"@type\":\"ListItem\",\"position\":2,\"name\":\"AMLO pide donar al Telet\u00f3n\"}]},{\"@type\":\"WebSite\",\"@id\":\"https:\\\/\\\/quehacerpolitico.mx\\\/#website\",\"url\":\"https:\\\/\\\/quehacerpolitico.mx\\\/\",\"name\":\"\",\"description\":\"\",\"potentialAction\":[{\"@type\":\"SearchAction\",\"target\":{\"@type\":\"EntryPoint\",\"urlTemplate\":\"https:\\\/\\\/quehacerpolitico.mx\\\/?s={search_term_string}\"},\"query-input\":{\"@type\":\"PropertyValueSpecification\",\"valueRequired\":true,\"valueName\":\"search_term_string\"}}],\"inLanguage\":\"es\"},{\"@type\":\"Person\",\"@id\":\"https:\\\/\\\/quehacerpolitico.mx\\\/#\\\/schema\\\/person\\\/496d8ad2d1d3f8036101dca7ee39e585\",\"name\":\"Redacci\u00f3n QP\",\"image\":{\"@type\":\"ImageObject\",\"inLanguage\":\"es\",\"@id\":\"https:\\\/\\\/secure.gravatar.com\\\/avatar\\\/c7164ed6fdec453195284ad24a5ae5b6e1eed2b848477fa2a4787ba9adf39a41?s=96&d=mm&r=g\",\"url\":\"https:\\\/\\\/secure.gravatar.com\\\/avatar\\\/c7164ed6fdec453195284ad24a5ae5b6e1eed2b848477fa2a4787ba9adf39a41?s=96&d=mm&r=g\",\"contentUrl\":\"https:\\\/\\\/secure.gravatar.com\\\/avatar\\\/c7164ed6fdec453195284ad24a5ae5b6e1eed2b848477fa2a4787ba9adf39a41?s=96&d=mm&r=g\",\"caption\":\"Redacci\u00f3n QP\"},\"url\":\"https:\\\/\\\/quehacerpolitico.mx\\\/?author=2\"}]}<\/script>\n<!-- \/ Yoast SEO plugin. -->","yoast_head_json":{"title":"AMLO pide donar al Telet\u00f3n -","robots":{"index":"index","follow":"follow","max-snippet":"max-snippet:-1","max-image-preview":"max-image-preview:large","max-video-preview":"max-video-preview:-1"},"canonical":"https:\/\/quehacerpolitico.mx\/?p=87070","og_locale":"es_MX","og_type":"article","og_title":"AMLO pide donar al Telet\u00f3n -","og_description":"Por Redacci\u00f3n QP &#8220;Ayudemos todos, hay que cooperar en esta colecta&#8221;, dice AMLO\u00a0en un video...","og_url":"https:\/\/quehacerpolitico.mx\/?p=87070","article_published_time":"2021-12-05T04:52:57+00:00","article_modified_time":"2021-12-05T04:52:59+00:00","og_image":[{"width":1284,"height":689,"url":"https:\/\/quehacerpolitico.mx\/wp-content\/uploads\/2021\/12\/84D04D77-9802-43A0-B30C-6722F97132F3.jpeg","type":"image\/jpeg"}],"author":"Redacci\u00f3n QP","twitter_card":"summary_large_image","twitter_misc":{"Escrito por":"Redacci\u00f3n QP","Tiempo de lectura":"2 minutos"},"schema":{"@context":"https:\/\/schema.org","@graph":[{"@type":"Article","@id":"https:\/\/quehacerpolitico.mx\/?p=87070#article","isPartOf":{"@id":"https:\/\/quehacerpolitico.mx\/?p=87070"},"author":{"name":"Redacci\u00f3n QP","@id":"https:\/\/quehacerpolitico.mx\/#\/schema\/person\/496d8ad2d1d3f8036101dca7ee39e585"},"headline":"AMLO pide donar al Telet\u00f3n","datePublished":"2021-12-05T04:52:57+00:00","dateModified":"2021-12-05T04:52:59+00:00","mainEntityOfPage":{"@id":"https:\/\/quehacerpolitico.mx\/?p=87070"},"wordCount":404,"commentCount":0,"image":{"@id":"https:\/\/quehacerpolitico.mx\/?p=87070#primaryimage"},"thumbnailUrl":"https:\/\/quehacerpolitico.mx\/wp-content\/uploads\/2021\/12\/84D04D77-9802-43A0-B30C-6722F97132F3.jpeg","articleSection":["Noticias"],"inLanguage":"es","potentialAction":[{"@type":"CommentAction","name":"Comment","target":["https:\/\/quehacerpolitico.mx\/?p=87070#respond"]}]},{"@type":"WebPage","@id":"https:\/\/quehacerpolitico.mx\/?p=87070","url":"https:\/\/quehacerpolitico.mx\/?p=87070","name":"AMLO pide donar al Telet\u00f3n -","isPartOf":{"@id":"https:\/\/quehacerpolitico.mx\/#website"},"primaryImageOfPage":{"@id":"https:\/\/quehacerpolitico.mx\/?p=87070#primaryimage"},"image":{"@id":"https:\/\/quehacerpolitico.mx\/?p=87070#primaryimage"},"thumbnailUrl":"https:\/\/quehacerpolitico.mx\/wp-content\/uploads\/2021\/12\/84D04D77-9802-43A0-B30C-6722F97132F3.jpeg","datePublished":"2021-12-05T04:52:57+00:00","dateModified":"2021-12-05T04:52:59+00:00","author":{"@id":"https:\/\/quehacerpolitico.mx\/#\/schema\/person\/496d8ad2d1d3f8036101dca7ee39e585"},"breadcrumb":{"@id":"https:\/\/quehacerpolitico.mx\/?p=87070#breadcrumb"},"inLanguage":"es","potentialAction":[{"@type":"ReadAction","target":["https:\/\/quehacerpolitico.mx\/?p=87070"]}]},{"@type":"ImageObject","inLanguage":"es","@id":"https:\/\/quehacerpolitico.mx\/?p=87070#primaryimage","url":"https:\/\/quehacerpolitico.mx\/wp-content\/uploads\/2021\/12\/84D04D77-9802-43A0-B30C-6722F97132F3.jpeg","contentUrl":"https:\/\/quehacerpolitico.mx\/wp-content\/uploads\/2021\/12\/84D04D77-9802-43A0-B30C-6722F97132F3.jpeg","width":1284,"height":689},{"@type":"BreadcrumbList","@id":"https:\/\/quehacerpolitico.mx\/?p=87070#breadcrumb","itemListElement":[{"@type":"ListItem","position":1,"name":"Inicio","item":"https:\/\/quehacerpolitico.mx\/"},{"@type":"ListItem","position":2,"name":"AMLO pide donar al Telet\u00f3n"}]},{"@type":"WebSite","@id":"https:\/\/quehacerpolitico.mx\/#website","url":"https:\/\/quehacerpolitico.mx\/","name":"","description":"","potentialAction":[{"@type":"SearchAction","target":{"@type":"EntryPoint","urlTemplate":"https:\/\/quehacerpolitico.mx\/?s={search_term_string}"},"query-input":{"@type":"PropertyValueSpecification","valueRequired":true,"valueName":"search_term_string"}}],"inLanguage":"es"},{"@type":"Person","@id":"https:\/\/quehacerpolitico.mx\/#\/schema\/person\/496d8ad2d1d3f8036101dca7ee39e585","name":"Redacci\u00f3n QP","image":{"@type":"ImageObject","inLanguage":"es","@id":"https:\/\/secure.gravatar.com\/avatar\/c7164ed6fdec453195284ad24a5ae5b6e1eed2b848477fa2a4787ba9adf39a41?s=96&d=mm&r=g","url":"https:\/\/secure.gravatar.com\/avatar\/c7164ed6fdec453195284ad24a5ae5b6e1eed2b848477fa2a4787ba9adf39a41?s=96&d=mm&r=g","contentUrl":"https:\/\/secure.gravatar.com\/avatar\/c7164ed6fdec453195284ad24a5ae5b6e1eed2b848477fa2a4787ba9adf39a41?s=96&d=mm&r=g","caption":"Redacci\u00f3n QP"},"url":"https:\/\/quehacerpolitico.mx\/?author=2"}]}},"featured_image_urls":{"full":["https:\/\/quehacerpolitico.mx\/wp-content\/uploads\/2021\/12\/84D04D77-9802-43A0-B30C-6722F97132F3.jpeg",1284,689,false],"thumbnail":["https:\/\/quehacerpolitico.mx\/wp-content\/uploads\/2021\/12\/84D04D77-9802-43A0-B30C-6722F97132F3-150x150.jpeg",150,150,true],"medium":["https:\/\/quehacerpolitico.mx\/wp-content\/uploads\/2021\/12\/84D04D77-9802-43A0-B30C-6722F97132F3-300x161.jpeg",300,161,true],"medium_large":["https:\/\/quehacerpolitico.mx\/wp-content\/uploads\/2021\/12\/84D04D77-9802-43A0-B30C-6722F97132F3-768x412.jpeg",640,343,true],"large":["https:\/\/quehacerpolitico.mx\/wp-content\/uploads\/2021\/12\/84D04D77-9802-43A0-B30C-6722F97132F3-1024x549.jpeg",640,343,true],"1536x1536":["https:\/\/quehacerpolitico.mx\/wp-content\/uploads\/2021\/12\/84D04D77-9802-43A0-B30C-6722F97132F3.jpeg",1284,689,false],"2048x2048":["https:\/\/quehacerpolitico.mx\/wp-content\/uploads\/2021\/12\/84D04D77-9802-43A0-B30C-6722F97132F3.jpeg",1284,689,false],"covernews-featured":["https:\/\/quehacerpolitico.mx\/wp-content\/uploads\/2021\/12\/84D04D77-9802-43A0-B30C-6722F97132F3.jpeg",1024,549,false],"covernews-medium":["https:\/\/quehacerpolitico.mx\/wp-content\/uploads\/2021\/12\/84D04D77-9802-43A0-B30C-6722F97132F3.jpeg",540,290,false]},"author_info":{"display_name":"Redacci\u00f3n QP","author_link":"https:\/\/quehacerpolitico.mx\/?author=2"},"category_info":"<a href=\"https:\/\/quehacerpolitico.mx\/?cat=2\" rel=\"category\">Noticias<\/a>","tag_info":"Noticias","comment_count":"0","_links":{"self":[{"href":"https:\/\/quehacerpolitico.mx\/index.php?rest_route=\/wp\/v2\/posts\/87070","targetHints":{"allow":["GET"]}}],"collection":[{"href":"https:\/\/quehacerpolitico.mx\/index.php?rest_route=\/wp\/v2\/posts"}],"about":[{"href":"https:\/\/quehacerpolitico.mx\/index.php?rest_route=\/wp\/v2\/types\/post"}],"author":[{"embeddable":true,"href":"https:\/\/quehacerpolitico.mx\/index.php?rest_route=\/wp\/v2\/users\/2"}],"replies":[{"embeddable":true,"href":"https:\/\/quehacerpolitico.mx\/index.php?rest_route=%2Fwp%2Fv2%2Fcomments&post=87070"}],"version-history":[{"count":1,"href":"https:\/\/quehacerpolitico.mx\/index.php?rest_route=\/wp\/v2\/posts\/87070\/revisions"}],"predecessor-version":[{"id":87072,"href":"https:\/\/quehacerpolitico.mx\/index.php?rest_route=\/wp\/v2\/posts\/87070\/revisions\/87072"}],"wp:featuredmedia":[{"embeddable":true,"href":"https:\/\/quehacerpolitico.mx\/index.php?rest_route=\/wp\/v2\/media\/87071"}],"wp:attachment":[{"href":"https:\/\/quehacerpolitico.mx\/index.php?rest_route=%2Fwp%2Fv2%2Fmedia&parent=87070"}],"wp:term":[{"taxonomy":"category","embeddable":true,"href":"https:\/\/quehacerpolitico.mx\/index.php?rest_route=%2Fwp%2Fv2%2Fcategories&post=87070"},{"taxonomy":"post_tag","embeddable":true,"href":"https:\/\/quehacerpolitico.mx\/index.php?rest_route=%2Fwp%2Fv2%2Ftags&post=87070"}],"curies":[{"name":"wp","href":"https:\/\/api.w.org\/{rel}","templated":true}]}}