{"id":87058,"date":"2021-12-03T05:27:46","date_gmt":"2021-12-03T05:27:46","guid":{"rendered":"https:\/\/quehacerpolitico.mx\/?p=87058"},"modified":"2021-12-03T05:27:48","modified_gmt":"2021-12-03T05:27:48","slug":"fernando-franco-finaliza-su-periodo-como-ministro-con-llamado-a-la-unidad","status":"publish","type":"post","link":"https:\/\/quehacerpolitico.mx\/?p=87058","title":{"rendered":"Fernando Franco finaliza su periodo como ministro con llamado a la unidad"},"content":{"rendered":"\n<p>Por Redacci\u00f3n QP<\/p>\n\n\n\n<p>El ministro presidente, Arturo Zald\u00edvar, calific\u00f3 a su compa\u00f1ero como un juzgador intachable y riguroso<\/p>\n\n\n\n<p>Este jueves el Pleno de la Suprema Corte de Justicia de la Naci\u00f3n (SCJN) despidi\u00f3 al ministro Fernando Franco Gonz\u00e1lez Salas quien concluir\u00e1 su periodo de 15 a\u00f1os en el M\u00e1ximo Tribunal, el pr\u00f3ximo 11 de diciembre.<\/p>\n\n\n\n<p>El ministro presidente, Arturo Zald\u00edvar, calific\u00f3 a su compa\u00f1ero en el pleno\u00a0<strong>como un juzgador intachable, riguroso, que siempre busc\u00f3 consensos y propici\u00f3 el di\u00e1logo en la Corte<\/strong>, con lo que afirm\u00f3 que deja una huella perdurable en la Administraci\u00f3n P\u00fablica Federal.<\/p>\n\n\n\n<figure class=\"wp-block-image\"><img decoding=\"async\" src=\"https:\/\/www.informador.mx\/export\/sites\/elinformador\/img\/2021\/12\/02\/5_1.jpg_1557575419.jpg\" alt=\"\" title=\"\"\/><\/figure>\n\n\n\n<p>&#8220;Ha llegado el momento de despedir a quien en los \u00faltimos 15 a\u00f1os ha sido nuestro colega y amigo. Desde siempre y en cada lugar ha sido ejemplo de rectitud, honorabilidad y templanza. La constante ha sido la de poner a M\u00e9xico primero, es posible desempe\u00f1ar altos cargos sin traicionar principios y valores&#8221;, dijo.<\/p>\n\n\n\n<p>&#8220;Un ministro conciliador sobre todo en los momentos m\u00e1s dif\u00edciles, en las horas m\u00e1s complicadas, un ministro respetado por sus pares. M\u00e9xico requiere m\u00e1s hombres y mujeres como \u00e9l&#8221;, asegur\u00f3.<\/p>\n\n\n\n<p>Destac\u00f3 que el ministro Franco f<strong>ue autor de resoluciones que protegieron los derechos humanos de personas vulnerables.<\/strong><\/p>\n\n\n\n<p>En tanto, el ministro Franco llam\u00f3 a sus compa\u00f1eros<strong>&nbsp;a mantenerse unidos y a defender la autonom\u00eda del Poder Judicial de la Federaci\u00f3n (PJF).<\/strong><\/p>\n\n\n\n<p>Explic\u00f3 que, por el momento, buscar\u00e1 un tiempo razonable de descanso y reflexi\u00f3n, pues la carga de trabajo que tuvo en los \u00faltimos 15 a\u00f1os en la Corte &#8220;fue abundante&#8221;.<\/p>\n\n\n\n<p>Con Informaci\u00f3n de SUN <\/p>\n","protected":false},"excerpt":{"rendered":"<p>Por Redacci\u00f3n QP El ministro presidente, Arturo Zald\u00edvar, calific\u00f3 a su compa\u00f1ero como un juzgador&#8230;<\/p>\n","protected":false},"author":2,"featured_media":87059,"comment_status":"open","ping_status":"open","sticky":false,"template":"","format":"standard","meta":{"_monsterinsights_skip_tracking":false,"_monsterinsights_sitenote_active":false,"_monsterinsights_sitenote_note":"","_monsterinsights_sitenote_category":0,"footnotes":""},"categories":[2],"tags":[],"class_list":["post-87058","post","type-post","status-publish","format-standard","has-post-thumbnail","hentry","category-noticias"],"yoast_head":"<!-- This site is optimized with the Yoast SEO plugin v27.3 - https:\/\/yoast.com\/product\/yoast-seo-wordpress\/ -->\n<title>Fernando Franco finaliza su periodo como ministro con llamado a la unidad -<\/title>\n<meta name=\"robots\" content=\"index, follow, max-snippet:-1, max-image-preview:large, max-video-preview:-1\" \/>\n<link rel=\"canonical\" href=\"https:\/\/quehacerpolitico.mx\/?p=87058\" \/>\n<meta property=\"og:locale\" content=\"es_MX\" \/>\n<meta property=\"og:type\" content=\"article\" \/>\n<meta property=\"og:title\" content=\"Fernando Franco finaliza su periodo como ministro con llamado a la unidad -\" \/>\n<meta property=\"og:description\" content=\"Por Redacci\u00f3n QP El ministro presidente, Arturo Zald\u00edvar, calific\u00f3 a su compa\u00f1ero como un juzgador...\" \/>\n<meta property=\"og:url\" content=\"https:\/\/quehacerpolitico.mx\/?p=87058\" \/>\n<meta property=\"article:published_time\" content=\"2021-12-03T05:27:46+00:00\" \/>\n<meta property=\"article:modified_time\" content=\"2021-12-03T05:27:48+00:00\" \/>\n<meta property=\"og:image\" content=\"https:\/\/quehacerpolitico.mx\/wp-content\/uploads\/2021\/12\/6A1DCEA5-3091-4317-948F-8A3ED4C340F4.jpeg\" \/>\n\t<meta property=\"og:image:width\" content=\"679\" \/>\n\t<meta property=\"og:image:height\" content=\"451\" \/>\n\t<meta property=\"og:image:type\" content=\"image\/jpeg\" \/>\n<meta name=\"author\" content=\"Redacci\u00f3n QP\" \/>\n<meta name=\"twitter:card\" content=\"summary_large_image\" \/>\n<meta name=\"twitter:label1\" content=\"Escrito por\" \/>\n\t<meta name=\"twitter:data1\" content=\"Redacci\u00f3n QP\" \/>\n\t<meta name=\"twitter:label2\" content=\"Tiempo de lectura\" \/>\n\t<meta name=\"twitter:data2\" content=\"1 minuto\" \/>\n<script type=\"application\/ld+json\" class=\"yoast-schema-graph\">{\"@context\":\"https:\\\/\\\/schema.org\",\"@graph\":[{\"@type\":\"Article\",\"@id\":\"https:\\\/\\\/quehacerpolitico.mx\\\/?p=87058#article\",\"isPartOf\":{\"@id\":\"https:\\\/\\\/quehacerpolitico.mx\\\/?p=87058\"},\"author\":{\"name\":\"Redacci\u00f3n QP\",\"@id\":\"https:\\\/\\\/quehacerpolitico.mx\\\/#\\\/schema\\\/person\\\/496d8ad2d1d3f8036101dca7ee39e585\"},\"headline\":\"Fernando Franco finaliza su periodo como ministro con llamado a la unidad\",\"datePublished\":\"2021-12-03T05:27:46+00:00\",\"dateModified\":\"2021-12-03T05:27:48+00:00\",\"mainEntityOfPage\":{\"@id\":\"https:\\\/\\\/quehacerpolitico.mx\\\/?p=87058\"},\"wordCount\":292,\"commentCount\":0,\"image\":{\"@id\":\"https:\\\/\\\/quehacerpolitico.mx\\\/?p=87058#primaryimage\"},\"thumbnailUrl\":\"https:\\\/\\\/quehacerpolitico.mx\\\/wp-content\\\/uploads\\\/2021\\\/12\\\/6A1DCEA5-3091-4317-948F-8A3ED4C340F4.jpeg\",\"articleSection\":[\"Noticias\"],\"inLanguage\":\"es\",\"potentialAction\":[{\"@type\":\"CommentAction\",\"name\":\"Comment\",\"target\":[\"https:\\\/\\\/quehacerpolitico.mx\\\/?p=87058#respond\"]}]},{\"@type\":\"WebPage\",\"@id\":\"https:\\\/\\\/quehacerpolitico.mx\\\/?p=87058\",\"url\":\"https:\\\/\\\/quehacerpolitico.mx\\\/?p=87058\",\"name\":\"Fernando Franco finaliza su periodo como ministro con llamado a la unidad -\",\"isPartOf\":{\"@id\":\"https:\\\/\\\/quehacerpolitico.mx\\\/#website\"},\"primaryImageOfPage\":{\"@id\":\"https:\\\/\\\/quehacerpolitico.mx\\\/?p=87058#primaryimage\"},\"image\":{\"@id\":\"https:\\\/\\\/quehacerpolitico.mx\\\/?p=87058#primaryimage\"},\"thumbnailUrl\":\"https:\\\/\\\/quehacerpolitico.mx\\\/wp-content\\\/uploads\\\/2021\\\/12\\\/6A1DCEA5-3091-4317-948F-8A3ED4C340F4.jpeg\",\"datePublished\":\"2021-12-03T05:27:46+00:00\",\"dateModified\":\"2021-12-03T05:27:48+00:00\",\"author\":{\"@id\":\"https:\\\/\\\/quehacerpolitico.mx\\\/#\\\/schema\\\/person\\\/496d8ad2d1d3f8036101dca7ee39e585\"},\"breadcrumb\":{\"@id\":\"https:\\\/\\\/quehacerpolitico.mx\\\/?p=87058#breadcrumb\"},\"inLanguage\":\"es\",\"potentialAction\":[{\"@type\":\"ReadAction\",\"target\":[\"https:\\\/\\\/quehacerpolitico.mx\\\/?p=87058\"]}]},{\"@type\":\"ImageObject\",\"inLanguage\":\"es\",\"@id\":\"https:\\\/\\\/quehacerpolitico.mx\\\/?p=87058#primaryimage\",\"url\":\"https:\\\/\\\/quehacerpolitico.mx\\\/wp-content\\\/uploads\\\/2021\\\/12\\\/6A1DCEA5-3091-4317-948F-8A3ED4C340F4.jpeg\",\"contentUrl\":\"https:\\\/\\\/quehacerpolitico.mx\\\/wp-content\\\/uploads\\\/2021\\\/12\\\/6A1DCEA5-3091-4317-948F-8A3ED4C340F4.jpeg\",\"width\":679,\"height\":451},{\"@type\":\"BreadcrumbList\",\"@id\":\"https:\\\/\\\/quehacerpolitico.mx\\\/?p=87058#breadcrumb\",\"itemListElement\":[{\"@type\":\"ListItem\",\"position\":1,\"name\":\"Inicio\",\"item\":\"https:\\\/\\\/quehacerpolitico.mx\\\/\"},{\"@type\":\"ListItem\",\"position\":2,\"name\":\"Fernando Franco finaliza su periodo como ministro con llamado a la unidad\"}]},{\"@type\":\"WebSite\",\"@id\":\"https:\\\/\\\/quehacerpolitico.mx\\\/#website\",\"url\":\"https:\\\/\\\/quehacerpolitico.mx\\\/\",\"name\":\"\",\"description\":\"\",\"potentialAction\":[{\"@type\":\"SearchAction\",\"target\":{\"@type\":\"EntryPoint\",\"urlTemplate\":\"https:\\\/\\\/quehacerpolitico.mx\\\/?s={search_term_string}\"},\"query-input\":{\"@type\":\"PropertyValueSpecification\",\"valueRequired\":true,\"valueName\":\"search_term_string\"}}],\"inLanguage\":\"es\"},{\"@type\":\"Person\",\"@id\":\"https:\\\/\\\/quehacerpolitico.mx\\\/#\\\/schema\\\/person\\\/496d8ad2d1d3f8036101dca7ee39e585\",\"name\":\"Redacci\u00f3n QP\",\"image\":{\"@type\":\"ImageObject\",\"inLanguage\":\"es\",\"@id\":\"https:\\\/\\\/secure.gravatar.com\\\/avatar\\\/c7164ed6fdec453195284ad24a5ae5b6e1eed2b848477fa2a4787ba9adf39a41?s=96&d=mm&r=g\",\"url\":\"https:\\\/\\\/secure.gravatar.com\\\/avatar\\\/c7164ed6fdec453195284ad24a5ae5b6e1eed2b848477fa2a4787ba9adf39a41?s=96&d=mm&r=g\",\"contentUrl\":\"https:\\\/\\\/secure.gravatar.com\\\/avatar\\\/c7164ed6fdec453195284ad24a5ae5b6e1eed2b848477fa2a4787ba9adf39a41?s=96&d=mm&r=g\",\"caption\":\"Redacci\u00f3n QP\"},\"url\":\"https:\\\/\\\/quehacerpolitico.mx\\\/?author=2\"}]}<\/script>\n<!-- \/ Yoast SEO plugin. -->","yoast_head_json":{"title":"Fernando Franco finaliza su periodo como ministro con llamado a la unidad -","robots":{"index":"index","follow":"follow","max-snippet":"max-snippet:-1","max-image-preview":"max-image-preview:large","max-video-preview":"max-video-preview:-1"},"canonical":"https:\/\/quehacerpolitico.mx\/?p=87058","og_locale":"es_MX","og_type":"article","og_title":"Fernando Franco finaliza su periodo como ministro con llamado a la unidad -","og_description":"Por Redacci\u00f3n QP El ministro presidente, Arturo Zald\u00edvar, calific\u00f3 a su compa\u00f1ero como un juzgador...","og_url":"https:\/\/quehacerpolitico.mx\/?p=87058","article_published_time":"2021-12-03T05:27:46+00:00","article_modified_time":"2021-12-03T05:27:48+00:00","og_image":[{"width":679,"height":451,"url":"https:\/\/quehacerpolitico.mx\/wp-content\/uploads\/2021\/12\/6A1DCEA5-3091-4317-948F-8A3ED4C340F4.jpeg","type":"image\/jpeg"}],"author":"Redacci\u00f3n QP","twitter_card":"summary_large_image","twitter_misc":{"Escrito por":"Redacci\u00f3n QP","Tiempo de lectura":"1 minuto"},"schema":{"@context":"https:\/\/schema.org","@graph":[{"@type":"Article","@id":"https:\/\/quehacerpolitico.mx\/?p=87058#article","isPartOf":{"@id":"https:\/\/quehacerpolitico.mx\/?p=87058"},"author":{"name":"Redacci\u00f3n QP","@id":"https:\/\/quehacerpolitico.mx\/#\/schema\/person\/496d8ad2d1d3f8036101dca7ee39e585"},"headline":"Fernando Franco finaliza su periodo como ministro con llamado a la unidad","datePublished":"2021-12-03T05:27:46+00:00","dateModified":"2021-12-03T05:27:48+00:00","mainEntityOfPage":{"@id":"https:\/\/quehacerpolitico.mx\/?p=87058"},"wordCount":292,"commentCount":0,"image":{"@id":"https:\/\/quehacerpolitico.mx\/?p=87058#primaryimage"},"thumbnailUrl":"https:\/\/quehacerpolitico.mx\/wp-content\/uploads\/2021\/12\/6A1DCEA5-3091-4317-948F-8A3ED4C340F4.jpeg","articleSection":["Noticias"],"inLanguage":"es","potentialAction":[{"@type":"CommentAction","name":"Comment","target":["https:\/\/quehacerpolitico.mx\/?p=87058#respond"]}]},{"@type":"WebPage","@id":"https:\/\/quehacerpolitico.mx\/?p=87058","url":"https:\/\/quehacerpolitico.mx\/?p=87058","name":"Fernando Franco finaliza su periodo como ministro con llamado a la unidad -","isPartOf":{"@id":"https:\/\/quehacerpolitico.mx\/#website"},"primaryImageOfPage":{"@id":"https:\/\/quehacerpolitico.mx\/?p=87058#primaryimage"},"image":{"@id":"https:\/\/quehacerpolitico.mx\/?p=87058#primaryimage"},"thumbnailUrl":"https:\/\/quehacerpolitico.mx\/wp-content\/uploads\/2021\/12\/6A1DCEA5-3091-4317-948F-8A3ED4C340F4.jpeg","datePublished":"2021-12-03T05:27:46+00:00","dateModified":"2021-12-03T05:27:48+00:00","author":{"@id":"https:\/\/quehacerpolitico.mx\/#\/schema\/person\/496d8ad2d1d3f8036101dca7ee39e585"},"breadcrumb":{"@id":"https:\/\/quehacerpolitico.mx\/?p=87058#breadcrumb"},"inLanguage":"es","potentialAction":[{"@type":"ReadAction","target":["https:\/\/quehacerpolitico.mx\/?p=87058"]}]},{"@type":"ImageObject","inLanguage":"es","@id":"https:\/\/quehacerpolitico.mx\/?p=87058#primaryimage","url":"https:\/\/quehacerpolitico.mx\/wp-content\/uploads\/2021\/12\/6A1DCEA5-3091-4317-948F-8A3ED4C340F4.jpeg","contentUrl":"https:\/\/quehacerpolitico.mx\/wp-content\/uploads\/2021\/12\/6A1DCEA5-3091-4317-948F-8A3ED4C340F4.jpeg","width":679,"height":451},{"@type":"BreadcrumbList","@id":"https:\/\/quehacerpolitico.mx\/?p=87058#breadcrumb","itemListElement":[{"@type":"ListItem","position":1,"name":"Inicio","item":"https:\/\/quehacerpolitico.mx\/"},{"@type":"ListItem","position":2,"name":"Fernando Franco finaliza su periodo como ministro con llamado a la unidad"}]},{"@type":"WebSite","@id":"https:\/\/quehacerpolitico.mx\/#website","url":"https:\/\/quehacerpolitico.mx\/","name":"","description":"","potentialAction":[{"@type":"SearchAction","target":{"@type":"EntryPoint","urlTemplate":"https:\/\/quehacerpolitico.mx\/?s={search_term_string}"},"query-input":{"@type":"PropertyValueSpecification","valueRequired":true,"valueName":"search_term_string"}}],"inLanguage":"es"},{"@type":"Person","@id":"https:\/\/quehacerpolitico.mx\/#\/schema\/person\/496d8ad2d1d3f8036101dca7ee39e585","name":"Redacci\u00f3n QP","image":{"@type":"ImageObject","inLanguage":"es","@id":"https:\/\/secure.gravatar.com\/avatar\/c7164ed6fdec453195284ad24a5ae5b6e1eed2b848477fa2a4787ba9adf39a41?s=96&d=mm&r=g","url":"https:\/\/secure.gravatar.com\/avatar\/c7164ed6fdec453195284ad24a5ae5b6e1eed2b848477fa2a4787ba9adf39a41?s=96&d=mm&r=g","contentUrl":"https:\/\/secure.gravatar.com\/avatar\/c7164ed6fdec453195284ad24a5ae5b6e1eed2b848477fa2a4787ba9adf39a41?s=96&d=mm&r=g","caption":"Redacci\u00f3n QP"},"url":"https:\/\/quehacerpolitico.mx\/?author=2"}]}},"featured_image_urls":{"full":["https:\/\/quehacerpolitico.mx\/wp-content\/uploads\/2021\/12\/6A1DCEA5-3091-4317-948F-8A3ED4C340F4.jpeg",679,451,false],"thumbnail":["https:\/\/quehacerpolitico.mx\/wp-content\/uploads\/2021\/12\/6A1DCEA5-3091-4317-948F-8A3ED4C340F4-150x150.jpeg",150,150,true],"medium":["https:\/\/quehacerpolitico.mx\/wp-content\/uploads\/2021\/12\/6A1DCEA5-3091-4317-948F-8A3ED4C340F4-300x199.jpeg",300,199,true],"medium_large":["https:\/\/quehacerpolitico.mx\/wp-content\/uploads\/2021\/12\/6A1DCEA5-3091-4317-948F-8A3ED4C340F4.jpeg",640,425,false],"large":["https:\/\/quehacerpolitico.mx\/wp-content\/uploads\/2021\/12\/6A1DCEA5-3091-4317-948F-8A3ED4C340F4.jpeg",640,425,false],"1536x1536":["https:\/\/quehacerpolitico.mx\/wp-content\/uploads\/2021\/12\/6A1DCEA5-3091-4317-948F-8A3ED4C340F4.jpeg",679,451,false],"2048x2048":["https:\/\/quehacerpolitico.mx\/wp-content\/uploads\/2021\/12\/6A1DCEA5-3091-4317-948F-8A3ED4C340F4.jpeg",679,451,false],"covernews-featured":["https:\/\/quehacerpolitico.mx\/wp-content\/uploads\/2021\/12\/6A1DCEA5-3091-4317-948F-8A3ED4C340F4.jpeg",679,451,false],"covernews-medium":["https:\/\/quehacerpolitico.mx\/wp-content\/uploads\/2021\/12\/6A1DCEA5-3091-4317-948F-8A3ED4C340F4.jpeg",512,340,false]},"author_info":{"display_name":"Redacci\u00f3n QP","author_link":"https:\/\/quehacerpolitico.mx\/?author=2"},"category_info":"<a href=\"https:\/\/quehacerpolitico.mx\/?cat=2\" rel=\"category\">Noticias<\/a>","tag_info":"Noticias","comment_count":"0","_links":{"self":[{"href":"https:\/\/quehacerpolitico.mx\/index.php?rest_route=\/wp\/v2\/posts\/87058","targetHints":{"allow":["GET"]}}],"collection":[{"href":"https:\/\/quehacerpolitico.mx\/index.php?rest_route=\/wp\/v2\/posts"}],"about":[{"href":"https:\/\/quehacerpolitico.mx\/index.php?rest_route=\/wp\/v2\/types\/post"}],"author":[{"embeddable":true,"href":"https:\/\/quehacerpolitico.mx\/index.php?rest_route=\/wp\/v2\/users\/2"}],"replies":[{"embeddable":true,"href":"https:\/\/quehacerpolitico.mx\/index.php?rest_route=%2Fwp%2Fv2%2Fcomments&post=87058"}],"version-history":[{"count":1,"href":"https:\/\/quehacerpolitico.mx\/index.php?rest_route=\/wp\/v2\/posts\/87058\/revisions"}],"predecessor-version":[{"id":87060,"href":"https:\/\/quehacerpolitico.mx\/index.php?rest_route=\/wp\/v2\/posts\/87058\/revisions\/87060"}],"wp:featuredmedia":[{"embeddable":true,"href":"https:\/\/quehacerpolitico.mx\/index.php?rest_route=\/wp\/v2\/media\/87059"}],"wp:attachment":[{"href":"https:\/\/quehacerpolitico.mx\/index.php?rest_route=%2Fwp%2Fv2%2Fmedia&parent=87058"}],"wp:term":[{"taxonomy":"category","embeddable":true,"href":"https:\/\/quehacerpolitico.mx\/index.php?rest_route=%2Fwp%2Fv2%2Fcategories&post=87058"},{"taxonomy":"post_tag","embeddable":true,"href":"https:\/\/quehacerpolitico.mx\/index.php?rest_route=%2Fwp%2Fv2%2Ftags&post=87058"}],"curies":[{"name":"wp","href":"https:\/\/api.w.org\/{rel}","templated":true}]}}