{"id":87052,"date":"2021-12-03T04:56:59","date_gmt":"2021-12-03T04:56:59","guid":{"rendered":"https:\/\/quehacerpolitico.mx\/?p=87052"},"modified":"2021-12-03T04:57:02","modified_gmt":"2021-12-03T04:57:02","slug":"quedate-en-mexico-reanudaran-programa-migratorio-tras-acuerdo-con-eu","status":"publish","type":"post","link":"https:\/\/quehacerpolitico.mx\/?p=87052","title":{"rendered":"Qu\u00e9date en M\u00e9xico: Reanudar\u00e1n programa migratorio tras acuerdo con EU"},"content":{"rendered":"\n<p>Por Redacci\u00f3n QP<\/p>\n\n\n\n<p>La SRE informa que,\u00a0por razones humanitarias, reactivar\u00e1 el programa de la era de Trump<\/p>\n\n\n\n<p>M\u00e9xico y Estados Unidos acordaron&nbsp;<strong>reanudar parcialmente el&nbsp;&#8220;Qu\u00e9date en M\u00e9xico&#8221;<\/strong>, programa de la era de Donald Trump, mediante el cual los migrantes deben esperar en el pa\u00eds la respuesta a sus solicitudes de asilo en la naci\u00f3n vecina, inform\u00f3 este jueves la Secretar\u00eda de Relaciones Exteriores (SRE) .<\/p>\n\n\n\n<p>&#8220;M\u00e9xico ha decidido que, por&nbsp;<strong>razones humanitarias<\/strong>y de manera temporal, no retornar\u00e1 a sus pa\u00edses de origen a ciertos migrantes que tengan una cita para aparecer ante un juez migratorio en Estados Unidos para solicitar asilo&#8221;, se\u00f1al\u00f3 la SRE en un comunicado.<\/p>\n\n\n\n<p>Tambi\u00e9n asegur\u00f3 que se aplicar\u00e1n &#8220;<strong>medidas contra COVID-19<\/strong>, como revisiones m\u00e9dicas&#8221; y que habr\u00e1 &#8220;disponibilidad de vacunas para las personas migrantes&#8221; que esperan en la frontera sus citas en los tribunales migratorios estadounidenses.<\/p>\n\n\n\n<p>El Gobierno del presidente estadounidense, Joe Biden, derog\u00f3 este a\u00f1o esa pol\u00e9mica &#8220;Qu\u00e9date en M\u00e9xico&#8221; que hab\u00eda impulsado su predecesor, Donald Trump (2017-2021), y que fue\u00a0<strong>muy criticada\u00a0<\/strong>por organizaciones de derechos humanos. Sin embargo, el Poder Judicial\u00a0invalid\u00f3 ese intento de Biden de terminar con el programa y orden\u00f3 reanudarlo, y desde entonces, su Gobierno ha mantenido negociaciones con el mexicano sobre los par\u00e1metros en los que volver\u00eda a implementarse esa iniciativa. En su comunicado.<\/p>\n\n\n\n<h2 class=\"wp-block-heading\">EU har\u00e1 cambios en&nbsp;protocolos de protecci\u00f3n a migrantes<\/h2>\n\n\n\n<p>En Estados Unidos, el Departamento de Seguridad Nacional (DHS) inform\u00f3 que una vez que M\u00e9xico reactive su programa para recibir migrantes realizar\u00e1 algunos cambios en sus protocolos de protecci\u00f3n a migrantes (MPP) para hacer\u00a0<strong>m\u00e1s \u00e1gil<\/strong>el proceso y responder a las preocupaciones de M\u00e9xico.<\/p>\n\n\n\n<p>Uno de los principales compromisos de Estados Unidos es que los procesos de solicitud de asilo sean<strong>\u00a0&#8220;concluidos en seis meses&#8221;\u00a0<\/strong>a partir de que al solicitante se lo devuelva a M\u00e9xico y agilizar la comunicaci\u00f3n y la informaci\u00f3n brindada a los migrantes.<\/p>\n\n\n\n<p>Los puertos de entrada en los que se aplicar\u00e1 el programa una vez que est\u00e9 del todo en vigor ser\u00e1n los de San Diego y Calexico (California), adem\u00e1s de en Nogales (Arizona), y en cuatro puntos de Texas: El Paso, Eagle Pass, Laredo, y Brownsville, seg\u00fan el DHS.<\/p>\n\n\n\n<p>Preguntada sobre la reactivaci\u00f3n de &#8220;Qu\u00e9date en M\u00e9xico&#8221; en su rueda de prensa diaria, la portavoz de la Casa Blanca, Jen Psaki, hizo hincapi\u00e9 en que Biden &#8220;sigue creyendo&#8221; que este programa tiene &#8220;defectos end\u00e9micos y supone&nbsp;<strong>un costo humano injustificable<\/strong>&#8220;. Psaki remarc\u00f3 que ahora lo que el Gobierno est\u00e1 haciendo es cumplir con una orden judicial.<\/p>\n\n\n\n<p>En la frontera con M\u00e9xico hay migrantes que han tenido que esperar m\u00e1s de un a\u00f1o a sus audiencias y a partir de marzo de 2020, por la pandemia de covid-19, el proceso se ha retardado a\u00fan m\u00e1s.<\/p>\n\n\n\n<h2 class=\"wp-block-heading\">Migrantes esperan m\u00e1s de un a\u00f1o<\/h2>\n\n\n\n<p>Estados Unidos se comprometi\u00f3 a que todos los que sean enrolados en el MPP ser\u00e1n vacunados.<\/p>\n\n\n\n<p>M\u00e9xico, que por a\u00f1os rechaz\u00f3 recibir de regreso a migrantes, acept\u00f3 las pol\u00edticas de Trump luego de la llegada a la presidencia de Andr\u00e9s Manuel L\u00f3pez Obrador, en diciembre de 2018.<\/p>\n\n\n\n<p>Con el acceso de Biden a la Casa Blanca se reactiv\u00f3 el ingreso de migrantes, en su mayor\u00eda centroamericanos, a M\u00e9xico con el sue\u00f1o de poder pasar a Estados Unidos.<\/p>\n\n\n\n<p>M\u00e1s de 190 mil migrantes han sido detectados por las autoridades mexicanas entre enero y septiembre, tres veces m\u00e1s que en 2020. Unos 74\u00a0mil\u00a0 300 han sido deportados.<\/p>\n\n\n\n<p>Con Informaci\u00f3n de AFP\/EFE<\/p>\n","protected":false},"excerpt":{"rendered":"<p>Por Redacci\u00f3n QP La SRE informa que,\u00a0por razones humanitarias, reactivar\u00e1 el programa de la era&#8230;<\/p>\n","protected":false},"author":2,"featured_media":87053,"comment_status":"open","ping_status":"open","sticky":false,"template":"","format":"standard","meta":{"_monsterinsights_skip_tracking":false,"_monsterinsights_sitenote_active":false,"_monsterinsights_sitenote_note":"","_monsterinsights_sitenote_category":0,"footnotes":""},"categories":[2],"tags":[],"class_list":["post-87052","post","type-post","status-publish","format-standard","has-post-thumbnail","hentry","category-noticias"],"yoast_head":"<!-- This site is optimized with the Yoast SEO plugin v27.3 - https:\/\/yoast.com\/product\/yoast-seo-wordpress\/ -->\n<title>Qu\u00e9date en M\u00e9xico: Reanudar\u00e1n programa migratorio tras acuerdo con EU -<\/title>\n<meta name=\"robots\" content=\"index, follow, max-snippet:-1, max-image-preview:large, max-video-preview:-1\" \/>\n<link rel=\"canonical\" href=\"https:\/\/quehacerpolitico.mx\/?p=87052\" \/>\n<meta property=\"og:locale\" content=\"es_MX\" \/>\n<meta property=\"og:type\" content=\"article\" \/>\n<meta property=\"og:title\" content=\"Qu\u00e9date en M\u00e9xico: Reanudar\u00e1n programa migratorio tras acuerdo con EU -\" \/>\n<meta property=\"og:description\" content=\"Por Redacci\u00f3n QP La SRE informa que,\u00a0por razones humanitarias, reactivar\u00e1 el programa de la era...\" \/>\n<meta property=\"og:url\" content=\"https:\/\/quehacerpolitico.mx\/?p=87052\" \/>\n<meta property=\"article:published_time\" content=\"2021-12-03T04:56:59+00:00\" \/>\n<meta property=\"article:modified_time\" content=\"2021-12-03T04:57:02+00:00\" \/>\n<meta property=\"og:image\" content=\"https:\/\/quehacerpolitico.mx\/wp-content\/uploads\/2021\/12\/61AD3C7A-A5F1-48E2-8AEE-3A781BFC6C8D.jpeg\" \/>\n\t<meta property=\"og:image:width\" content=\"739\" \/>\n\t<meta property=\"og:image:height\" content=\"415\" \/>\n\t<meta property=\"og:image:type\" content=\"image\/jpeg\" \/>\n<meta name=\"author\" content=\"Redacci\u00f3n QP\" \/>\n<meta name=\"twitter:card\" content=\"summary_large_image\" \/>\n<meta name=\"twitter:label1\" content=\"Escrito por\" \/>\n\t<meta name=\"twitter:data1\" content=\"Redacci\u00f3n QP\" \/>\n\t<meta name=\"twitter:label2\" content=\"Tiempo de lectura\" \/>\n\t<meta name=\"twitter:data2\" content=\"3 minutos\" \/>\n<script type=\"application\/ld+json\" class=\"yoast-schema-graph\">{\"@context\":\"https:\\\/\\\/schema.org\",\"@graph\":[{\"@type\":\"Article\",\"@id\":\"https:\\\/\\\/quehacerpolitico.mx\\\/?p=87052#article\",\"isPartOf\":{\"@id\":\"https:\\\/\\\/quehacerpolitico.mx\\\/?p=87052\"},\"author\":{\"name\":\"Redacci\u00f3n QP\",\"@id\":\"https:\\\/\\\/quehacerpolitico.mx\\\/#\\\/schema\\\/person\\\/496d8ad2d1d3f8036101dca7ee39e585\"},\"headline\":\"Qu\u00e9date en M\u00e9xico: Reanudar\u00e1n programa migratorio tras acuerdo con EU\",\"datePublished\":\"2021-12-03T04:56:59+00:00\",\"dateModified\":\"2021-12-03T04:57:02+00:00\",\"mainEntityOfPage\":{\"@id\":\"https:\\\/\\\/quehacerpolitico.mx\\\/?p=87052\"},\"wordCount\":639,\"commentCount\":0,\"image\":{\"@id\":\"https:\\\/\\\/quehacerpolitico.mx\\\/?p=87052#primaryimage\"},\"thumbnailUrl\":\"https:\\\/\\\/quehacerpolitico.mx\\\/wp-content\\\/uploads\\\/2021\\\/12\\\/61AD3C7A-A5F1-48E2-8AEE-3A781BFC6C8D.jpeg\",\"articleSection\":[\"Noticias\"],\"inLanguage\":\"es\",\"potentialAction\":[{\"@type\":\"CommentAction\",\"name\":\"Comment\",\"target\":[\"https:\\\/\\\/quehacerpolitico.mx\\\/?p=87052#respond\"]}]},{\"@type\":\"WebPage\",\"@id\":\"https:\\\/\\\/quehacerpolitico.mx\\\/?p=87052\",\"url\":\"https:\\\/\\\/quehacerpolitico.mx\\\/?p=87052\",\"name\":\"Qu\u00e9date en M\u00e9xico: Reanudar\u00e1n programa migratorio tras acuerdo con EU -\",\"isPartOf\":{\"@id\":\"https:\\\/\\\/quehacerpolitico.mx\\\/#website\"},\"primaryImageOfPage\":{\"@id\":\"https:\\\/\\\/quehacerpolitico.mx\\\/?p=87052#primaryimage\"},\"image\":{\"@id\":\"https:\\\/\\\/quehacerpolitico.mx\\\/?p=87052#primaryimage\"},\"thumbnailUrl\":\"https:\\\/\\\/quehacerpolitico.mx\\\/wp-content\\\/uploads\\\/2021\\\/12\\\/61AD3C7A-A5F1-48E2-8AEE-3A781BFC6C8D.jpeg\",\"datePublished\":\"2021-12-03T04:56:59+00:00\",\"dateModified\":\"2021-12-03T04:57:02+00:00\",\"author\":{\"@id\":\"https:\\\/\\\/quehacerpolitico.mx\\\/#\\\/schema\\\/person\\\/496d8ad2d1d3f8036101dca7ee39e585\"},\"breadcrumb\":{\"@id\":\"https:\\\/\\\/quehacerpolitico.mx\\\/?p=87052#breadcrumb\"},\"inLanguage\":\"es\",\"potentialAction\":[{\"@type\":\"ReadAction\",\"target\":[\"https:\\\/\\\/quehacerpolitico.mx\\\/?p=87052\"]}]},{\"@type\":\"ImageObject\",\"inLanguage\":\"es\",\"@id\":\"https:\\\/\\\/quehacerpolitico.mx\\\/?p=87052#primaryimage\",\"url\":\"https:\\\/\\\/quehacerpolitico.mx\\\/wp-content\\\/uploads\\\/2021\\\/12\\\/61AD3C7A-A5F1-48E2-8AEE-3A781BFC6C8D.jpeg\",\"contentUrl\":\"https:\\\/\\\/quehacerpolitico.mx\\\/wp-content\\\/uploads\\\/2021\\\/12\\\/61AD3C7A-A5F1-48E2-8AEE-3A781BFC6C8D.jpeg\",\"width\":739,\"height\":415},{\"@type\":\"BreadcrumbList\",\"@id\":\"https:\\\/\\\/quehacerpolitico.mx\\\/?p=87052#breadcrumb\",\"itemListElement\":[{\"@type\":\"ListItem\",\"position\":1,\"name\":\"Inicio\",\"item\":\"https:\\\/\\\/quehacerpolitico.mx\\\/\"},{\"@type\":\"ListItem\",\"position\":2,\"name\":\"Qu\u00e9date en M\u00e9xico: Reanudar\u00e1n programa migratorio tras acuerdo con EU\"}]},{\"@type\":\"WebSite\",\"@id\":\"https:\\\/\\\/quehacerpolitico.mx\\\/#website\",\"url\":\"https:\\\/\\\/quehacerpolitico.mx\\\/\",\"name\":\"\",\"description\":\"\",\"potentialAction\":[{\"@type\":\"SearchAction\",\"target\":{\"@type\":\"EntryPoint\",\"urlTemplate\":\"https:\\\/\\\/quehacerpolitico.mx\\\/?s={search_term_string}\"},\"query-input\":{\"@type\":\"PropertyValueSpecification\",\"valueRequired\":true,\"valueName\":\"search_term_string\"}}],\"inLanguage\":\"es\"},{\"@type\":\"Person\",\"@id\":\"https:\\\/\\\/quehacerpolitico.mx\\\/#\\\/schema\\\/person\\\/496d8ad2d1d3f8036101dca7ee39e585\",\"name\":\"Redacci\u00f3n QP\",\"image\":{\"@type\":\"ImageObject\",\"inLanguage\":\"es\",\"@id\":\"https:\\\/\\\/secure.gravatar.com\\\/avatar\\\/c7164ed6fdec453195284ad24a5ae5b6e1eed2b848477fa2a4787ba9adf39a41?s=96&d=mm&r=g\",\"url\":\"https:\\\/\\\/secure.gravatar.com\\\/avatar\\\/c7164ed6fdec453195284ad24a5ae5b6e1eed2b848477fa2a4787ba9adf39a41?s=96&d=mm&r=g\",\"contentUrl\":\"https:\\\/\\\/secure.gravatar.com\\\/avatar\\\/c7164ed6fdec453195284ad24a5ae5b6e1eed2b848477fa2a4787ba9adf39a41?s=96&d=mm&r=g\",\"caption\":\"Redacci\u00f3n QP\"},\"url\":\"https:\\\/\\\/quehacerpolitico.mx\\\/?author=2\"}]}<\/script>\n<!-- \/ Yoast SEO plugin. -->","yoast_head_json":{"title":"Qu\u00e9date en M\u00e9xico: Reanudar\u00e1n programa migratorio tras acuerdo con EU -","robots":{"index":"index","follow":"follow","max-snippet":"max-snippet:-1","max-image-preview":"max-image-preview:large","max-video-preview":"max-video-preview:-1"},"canonical":"https:\/\/quehacerpolitico.mx\/?p=87052","og_locale":"es_MX","og_type":"article","og_title":"Qu\u00e9date en M\u00e9xico: Reanudar\u00e1n programa migratorio tras acuerdo con EU -","og_description":"Por Redacci\u00f3n QP La SRE informa que,\u00a0por razones humanitarias, reactivar\u00e1 el programa de la era...","og_url":"https:\/\/quehacerpolitico.mx\/?p=87052","article_published_time":"2021-12-03T04:56:59+00:00","article_modified_time":"2021-12-03T04:57:02+00:00","og_image":[{"width":739,"height":415,"url":"https:\/\/quehacerpolitico.mx\/wp-content\/uploads\/2021\/12\/61AD3C7A-A5F1-48E2-8AEE-3A781BFC6C8D.jpeg","type":"image\/jpeg"}],"author":"Redacci\u00f3n QP","twitter_card":"summary_large_image","twitter_misc":{"Escrito por":"Redacci\u00f3n QP","Tiempo de lectura":"3 minutos"},"schema":{"@context":"https:\/\/schema.org","@graph":[{"@type":"Article","@id":"https:\/\/quehacerpolitico.mx\/?p=87052#article","isPartOf":{"@id":"https:\/\/quehacerpolitico.mx\/?p=87052"},"author":{"name":"Redacci\u00f3n QP","@id":"https:\/\/quehacerpolitico.mx\/#\/schema\/person\/496d8ad2d1d3f8036101dca7ee39e585"},"headline":"Qu\u00e9date en M\u00e9xico: Reanudar\u00e1n programa migratorio tras acuerdo con EU","datePublished":"2021-12-03T04:56:59+00:00","dateModified":"2021-12-03T04:57:02+00:00","mainEntityOfPage":{"@id":"https:\/\/quehacerpolitico.mx\/?p=87052"},"wordCount":639,"commentCount":0,"image":{"@id":"https:\/\/quehacerpolitico.mx\/?p=87052#primaryimage"},"thumbnailUrl":"https:\/\/quehacerpolitico.mx\/wp-content\/uploads\/2021\/12\/61AD3C7A-A5F1-48E2-8AEE-3A781BFC6C8D.jpeg","articleSection":["Noticias"],"inLanguage":"es","potentialAction":[{"@type":"CommentAction","name":"Comment","target":["https:\/\/quehacerpolitico.mx\/?p=87052#respond"]}]},{"@type":"WebPage","@id":"https:\/\/quehacerpolitico.mx\/?p=87052","url":"https:\/\/quehacerpolitico.mx\/?p=87052","name":"Qu\u00e9date en M\u00e9xico: Reanudar\u00e1n programa migratorio tras acuerdo con EU -","isPartOf":{"@id":"https:\/\/quehacerpolitico.mx\/#website"},"primaryImageOfPage":{"@id":"https:\/\/quehacerpolitico.mx\/?p=87052#primaryimage"},"image":{"@id":"https:\/\/quehacerpolitico.mx\/?p=87052#primaryimage"},"thumbnailUrl":"https:\/\/quehacerpolitico.mx\/wp-content\/uploads\/2021\/12\/61AD3C7A-A5F1-48E2-8AEE-3A781BFC6C8D.jpeg","datePublished":"2021-12-03T04:56:59+00:00","dateModified":"2021-12-03T04:57:02+00:00","author":{"@id":"https:\/\/quehacerpolitico.mx\/#\/schema\/person\/496d8ad2d1d3f8036101dca7ee39e585"},"breadcrumb":{"@id":"https:\/\/quehacerpolitico.mx\/?p=87052#breadcrumb"},"inLanguage":"es","potentialAction":[{"@type":"ReadAction","target":["https:\/\/quehacerpolitico.mx\/?p=87052"]}]},{"@type":"ImageObject","inLanguage":"es","@id":"https:\/\/quehacerpolitico.mx\/?p=87052#primaryimage","url":"https:\/\/quehacerpolitico.mx\/wp-content\/uploads\/2021\/12\/61AD3C7A-A5F1-48E2-8AEE-3A781BFC6C8D.jpeg","contentUrl":"https:\/\/quehacerpolitico.mx\/wp-content\/uploads\/2021\/12\/61AD3C7A-A5F1-48E2-8AEE-3A781BFC6C8D.jpeg","width":739,"height":415},{"@type":"BreadcrumbList","@id":"https:\/\/quehacerpolitico.mx\/?p=87052#breadcrumb","itemListElement":[{"@type":"ListItem","position":1,"name":"Inicio","item":"https:\/\/quehacerpolitico.mx\/"},{"@type":"ListItem","position":2,"name":"Qu\u00e9date en M\u00e9xico: Reanudar\u00e1n programa migratorio tras acuerdo con EU"}]},{"@type":"WebSite","@id":"https:\/\/quehacerpolitico.mx\/#website","url":"https:\/\/quehacerpolitico.mx\/","name":"","description":"","potentialAction":[{"@type":"SearchAction","target":{"@type":"EntryPoint","urlTemplate":"https:\/\/quehacerpolitico.mx\/?s={search_term_string}"},"query-input":{"@type":"PropertyValueSpecification","valueRequired":true,"valueName":"search_term_string"}}],"inLanguage":"es"},{"@type":"Person","@id":"https:\/\/quehacerpolitico.mx\/#\/schema\/person\/496d8ad2d1d3f8036101dca7ee39e585","name":"Redacci\u00f3n QP","image":{"@type":"ImageObject","inLanguage":"es","@id":"https:\/\/secure.gravatar.com\/avatar\/c7164ed6fdec453195284ad24a5ae5b6e1eed2b848477fa2a4787ba9adf39a41?s=96&d=mm&r=g","url":"https:\/\/secure.gravatar.com\/avatar\/c7164ed6fdec453195284ad24a5ae5b6e1eed2b848477fa2a4787ba9adf39a41?s=96&d=mm&r=g","contentUrl":"https:\/\/secure.gravatar.com\/avatar\/c7164ed6fdec453195284ad24a5ae5b6e1eed2b848477fa2a4787ba9adf39a41?s=96&d=mm&r=g","caption":"Redacci\u00f3n QP"},"url":"https:\/\/quehacerpolitico.mx\/?author=2"}]}},"featured_image_urls":{"full":["https:\/\/quehacerpolitico.mx\/wp-content\/uploads\/2021\/12\/61AD3C7A-A5F1-48E2-8AEE-3A781BFC6C8D.jpeg",739,415,false],"thumbnail":["https:\/\/quehacerpolitico.mx\/wp-content\/uploads\/2021\/12\/61AD3C7A-A5F1-48E2-8AEE-3A781BFC6C8D-150x150.jpeg",150,150,true],"medium":["https:\/\/quehacerpolitico.mx\/wp-content\/uploads\/2021\/12\/61AD3C7A-A5F1-48E2-8AEE-3A781BFC6C8D-300x168.jpeg",300,168,true],"medium_large":["https:\/\/quehacerpolitico.mx\/wp-content\/uploads\/2021\/12\/61AD3C7A-A5F1-48E2-8AEE-3A781BFC6C8D.jpeg",640,359,false],"large":["https:\/\/quehacerpolitico.mx\/wp-content\/uploads\/2021\/12\/61AD3C7A-A5F1-48E2-8AEE-3A781BFC6C8D.jpeg",640,359,false],"1536x1536":["https:\/\/quehacerpolitico.mx\/wp-content\/uploads\/2021\/12\/61AD3C7A-A5F1-48E2-8AEE-3A781BFC6C8D.jpeg",739,415,false],"2048x2048":["https:\/\/quehacerpolitico.mx\/wp-content\/uploads\/2021\/12\/61AD3C7A-A5F1-48E2-8AEE-3A781BFC6C8D.jpeg",739,415,false],"covernews-featured":["https:\/\/quehacerpolitico.mx\/wp-content\/uploads\/2021\/12\/61AD3C7A-A5F1-48E2-8AEE-3A781BFC6C8D.jpeg",739,415,false],"covernews-medium":["https:\/\/quehacerpolitico.mx\/wp-content\/uploads\/2021\/12\/61AD3C7A-A5F1-48E2-8AEE-3A781BFC6C8D.jpeg",540,303,false]},"author_info":{"display_name":"Redacci\u00f3n QP","author_link":"https:\/\/quehacerpolitico.mx\/?author=2"},"category_info":"<a href=\"https:\/\/quehacerpolitico.mx\/?cat=2\" rel=\"category\">Noticias<\/a>","tag_info":"Noticias","comment_count":"0","_links":{"self":[{"href":"https:\/\/quehacerpolitico.mx\/index.php?rest_route=\/wp\/v2\/posts\/87052","targetHints":{"allow":["GET"]}}],"collection":[{"href":"https:\/\/quehacerpolitico.mx\/index.php?rest_route=\/wp\/v2\/posts"}],"about":[{"href":"https:\/\/quehacerpolitico.mx\/index.php?rest_route=\/wp\/v2\/types\/post"}],"author":[{"embeddable":true,"href":"https:\/\/quehacerpolitico.mx\/index.php?rest_route=\/wp\/v2\/users\/2"}],"replies":[{"embeddable":true,"href":"https:\/\/quehacerpolitico.mx\/index.php?rest_route=%2Fwp%2Fv2%2Fcomments&post=87052"}],"version-history":[{"count":1,"href":"https:\/\/quehacerpolitico.mx\/index.php?rest_route=\/wp\/v2\/posts\/87052\/revisions"}],"predecessor-version":[{"id":87054,"href":"https:\/\/quehacerpolitico.mx\/index.php?rest_route=\/wp\/v2\/posts\/87052\/revisions\/87054"}],"wp:featuredmedia":[{"embeddable":true,"href":"https:\/\/quehacerpolitico.mx\/index.php?rest_route=\/wp\/v2\/media\/87053"}],"wp:attachment":[{"href":"https:\/\/quehacerpolitico.mx\/index.php?rest_route=%2Fwp%2Fv2%2Fmedia&parent=87052"}],"wp:term":[{"taxonomy":"category","embeddable":true,"href":"https:\/\/quehacerpolitico.mx\/index.php?rest_route=%2Fwp%2Fv2%2Fcategories&post=87052"},{"taxonomy":"post_tag","embeddable":true,"href":"https:\/\/quehacerpolitico.mx\/index.php?rest_route=%2Fwp%2Fv2%2Ftags&post=87052"}],"curies":[{"name":"wp","href":"https:\/\/api.w.org\/{rel}","templated":true}]}}