{"id":87040,"date":"2021-12-03T04:16:46","date_gmt":"2021-12-03T04:16:46","guid":{"rendered":"https:\/\/quehacerpolitico.mx\/?p=87040"},"modified":"2022-01-24T05:08:26","modified_gmt":"2022-01-24T05:08:26","slug":"infonavit-y-el-gobierno-de-la-cdmx-firman-convenio-para-facilitar-el-acceso-a-vivienda","status":"publish","type":"post","link":"https:\/\/quehacerpolitico.mx\/?p=87040","title":{"rendered":"INFONAVIT Y EL GOBIERNO DE LA CDMX FIRMAN CONVENIO PARA FACILITAR EL ACCESO A VIVIENDA"},"content":{"rendered":"\n<p>Por Redacci\u00f3n NotiExpress | La Revista del Sector Inmobiliario <\/p>\n\n\n\n<ul class=\"wp-block-list\"><li><strong>El acuerdo implica simplificar tr\u00e1mites, promover la oferta de vivienda disponible y atender a las unidades habitacionales, entre otras acciones.<\/strong><\/li><li><strong>Se busca implementar programas y acciones en favor de las personas que desean adquirir una vivienda en la capital del pa\u00eds.<\/strong><\/li><\/ul>\n\n\n\n<figure class=\"wp-block-image size-large\"><img loading=\"lazy\" decoding=\"async\" width=\"1024\" height=\"570\" src=\"https:\/\/quehacerpolitico.mx\/wp-content\/uploads\/2022\/01\/image-99-1024x570.jpeg\" alt=\"\" class=\"wp-image-88843\" srcset=\"https:\/\/quehacerpolitico.mx\/wp-content\/uploads\/2022\/01\/image-99-1024x570.jpeg 1024w, https:\/\/quehacerpolitico.mx\/wp-content\/uploads\/2022\/01\/image-99-300x167.jpeg 300w, https:\/\/quehacerpolitico.mx\/wp-content\/uploads\/2022\/01\/image-99-768x428.jpeg 768w, https:\/\/quehacerpolitico.mx\/wp-content\/uploads\/2022\/01\/image-99-260x146.jpeg 260w, https:\/\/quehacerpolitico.mx\/wp-content\/uploads\/2022\/01\/image-99-50x28.jpeg 50w, https:\/\/quehacerpolitico.mx\/wp-content\/uploads\/2022\/01\/image-99-135x75.jpeg 135w, https:\/\/quehacerpolitico.mx\/wp-content\/uploads\/2022\/01\/image-99.jpeg 1284w\" sizes=\"auto, (max-width: 1024px) 100vw, 1024px\" \/><\/figure>\n\n\n\n<p>Con el objetivo de agilizar la atenci\u00f3n de diversos tr\u00e1mites, as\u00ed como la aplicaci\u00f3n de descuentos en pagos de derechos y\/o impuestos, el Instituto del Fondo Nacional de la Vivienda para los Trabajadores (Infonavit) y el Gobierno de la Ciudad de M\u00e9xico firmaron un convenio de colaboraci\u00f3n con el fin de establecer las bases y mecanismos para la implementaci\u00f3n de programas y acciones en favor de las personas que desean adquirir una vivienda en la capital del pa\u00eds.<\/p>\n\n\n\n<p>Entre los acuerdos de colaboraci\u00f3n destacan: promover y difundir la estrategia de escrituraci\u00f3n y el Programa Responsabilidad Compartida, el cual convierte los saldos de los cr\u00e9ditos denominados en Veces Salario M\u00ednimo (VSM) a pesos y otorga descuentos en las mensualidades de las personas con cr\u00e9dito Infonavit; y hacer promoci\u00f3n de los programas de vivienda a trav\u00e9s de las ferias de cr\u00e9dito o de los medios que dispongan el Instituto de Vivienda de la Ciudad de M\u00e9xico (INVI) y el Infonavit.&nbsp;<\/p>\n\n\n\n<p>En conferencia de prensa, en el marco de la firma de este convenio, el Director General del Infonavit, Carlos Mart\u00ednez Vel\u00e1zquez, se\u00f1al\u00f3 que el Instituto busca estar cerca de la gente dando m\u00e1s opciones para el uso de su ahorro y potenciando los esquemas de cr\u00e9dito en colaboraci\u00f3n con el Gobierno de la Ciudad.<\/p>\n\n\n\n<figure class=\"wp-block-embed is-type-rich is-provider-twitter wp-block-embed-twitter\"><div class=\"wp-block-embed__wrapper\">\n<blockquote class=\"twitter-tweet\" data-width=\"550\" data-dnt=\"true\"><p lang=\"es\" dir=\"ltr\"><a href=\"https:\/\/twitter.com\/hashtag\/EnVivo?src=hash&amp;ref_src=twsrc%5Etfw\">#EnVivo<\/a> \u25b6\ufe0f Conferencia de prensa, con la <a href=\"https:\/\/twitter.com\/hashtag\/JefaDeGobierno?src=hash&amp;ref_src=twsrc%5Etfw\">#JefaDeGobierno<\/a>, <a href=\"https:\/\/twitter.com\/Finanzas_CDMX?ref_src=twsrc%5Etfw\">@Finanzas_CDMX<\/a>, <a href=\"https:\/\/twitter.com\/seduviCDMX?ref_src=twsrc%5Etfw\">@seduviCDMX<\/a>, <a href=\"https:\/\/twitter.com\/INVICDMX?ref_src=twsrc%5Etfw\">@INVICDMX<\/a>, <a href=\"https:\/\/twitter.com\/Infonavit?ref_src=twsrc%5Etfw\">@Infonavit<\/a> y <a href=\"https:\/\/twitter.com\/PlaneandoLaCDMX?ref_src=twsrc%5Etfw\">@PlaneandoLaCDMX<\/a>. <a href=\"https:\/\/t.co\/KVeYNweAkx\">https:\/\/t.co\/KVeYNweAkx<\/a><\/p>&mdash; Gobierno de la Ciudad de M\u00e9xico (@GobCDMX) <a href=\"https:\/\/twitter.com\/GobCDMX\/status\/1466453072356552715?ref_src=twsrc%5Etfw\">December 2, 2021<\/a><\/blockquote><script async src=\"https:\/\/platform.twitter.com\/widgets.js\" charset=\"utf-8\"><\/script>\n<\/div><\/figure>\n\n\n\n<p>\u201cEl acto de hoy muestra la disposici\u00f3n de trabajar en equipo. La vivienda es un hecho social que ocurre en el territorio, por eso la atenci\u00f3n debe de ser multidisciplinaria y con la combinaci\u00f3n de distintas herramientas de pol\u00edtica p\u00fablica\u201d.<\/p>\n\n\n\n<p>En este sentido, destac\u00f3 que en estos tres a\u00f1os, la transformaci\u00f3n del Infonavit se ha basado en el encargo del Presidente, Andr\u00e9s Manuel L\u00f3pez Obrador, de aliviar las deudas de la gente, mejorar los esquemas de cr\u00e9dito y erradicar la corrupci\u00f3n y hoy se avanza en este prop\u00f3sito en la Ciudad de M\u00e9xico.<\/p>\n\n\n\n<p>Por su parte, la Jefa de Gobierno de la Ciudad de M\u00e9xico, Claudia Sheinbaum Pardo, explic\u00f3 que, entre las acciones conjuntas que se emprender\u00e1n se encuentran tres esquemas de cr\u00e9dito dirigidos a mejorar los hogares de las personas.&nbsp;<\/p>\n\n\n\n<p>El primero se puede utilizar en programas del gobierno capitalino, como el de Regeneraci\u00f3n Urbana y Vivienda Incluyente, que contempla inversi\u00f3n privada para fomentar la construcci\u00f3n de vivienda social; el segundo, est\u00e1 en coordinaci\u00f3n con la Procuradur\u00eda Social de la Ciudad de M\u00e9xico (PROSOC) y est\u00e1 dirigido a mejorar unidades habitacionales construidas por el Infonavit; y el tercero, un programa conjunto con el Instituto de Vivienda de la Ciudad de M\u00e9xico (INVI) que busca apoyar a las y los derechohabientes para ampliar o mejorar sus viviendas.<\/p>\n\n\n\n<p>Estas acciones se estar\u00e1n coordinando con la nueva delegada del Infonavit en la Ciudad de M\u00e9xico, Patricia Ortiz Couturier, quien adem\u00e1s buscar\u00e1 intensificar el trabajo conjunto con el gobierno de la capital del pa\u00eds.&nbsp;<\/p>\n\n\n\n<p>Por otra parte, el convenio firmado&nbsp; busca establecer los mecanismos para el rescate de las viviendas abandonadas que fueron otorgadas con cr\u00e9ditos del Infonavit; simplificar tr\u00e1mites, en especial para los Programas de Mejoramiento de Vivienda y Autoconstrucci\u00f3n, mediante el an\u00e1lisis de las necesidades de reformas a la normatividad aplicable en la Ciudad de M\u00e9xico, e impulsar los programas de atenci\u00f3n a unidades habitacionales.<\/p>\n\n\n\n<figure class=\"wp-block-image size-large\"><img loading=\"lazy\" decoding=\"async\" width=\"791\" height=\"1024\" src=\"https:\/\/quehacerpolitico.mx\/wp-content\/uploads\/2021\/12\/image-3-791x1024.jpeg\" alt=\"\" class=\"wp-image-87043\" srcset=\"https:\/\/quehacerpolitico.mx\/wp-content\/uploads\/2021\/12\/image-3-791x1024.jpeg 791w, https:\/\/quehacerpolitico.mx\/wp-content\/uploads\/2021\/12\/image-3-232x300.jpeg 232w, https:\/\/quehacerpolitico.mx\/wp-content\/uploads\/2021\/12\/image-3-768x994.jpeg 768w, https:\/\/quehacerpolitico.mx\/wp-content\/uploads\/2021\/12\/image-3-1187x1536.jpeg 1187w, https:\/\/quehacerpolitico.mx\/wp-content\/uploads\/2021\/12\/image-3-113x146.jpeg 113w, https:\/\/quehacerpolitico.mx\/wp-content\/uploads\/2021\/12\/image-3-39x50.jpeg 39w, https:\/\/quehacerpolitico.mx\/wp-content\/uploads\/2021\/12\/image-3-58x75.jpeg 58w, https:\/\/quehacerpolitico.mx\/wp-content\/uploads\/2021\/12\/image-3.jpeg 1275w\" sizes=\"auto, (max-width: 791px) 100vw, 791px\" \/><\/figure>\n\n\n\n<figure class=\"wp-block-image size-large\"><img loading=\"lazy\" decoding=\"async\" width=\"791\" height=\"1024\" src=\"https:\/\/quehacerpolitico.mx\/wp-content\/uploads\/2021\/12\/image-2-791x1024.jpeg\" alt=\"\" class=\"wp-image-87042\" srcset=\"https:\/\/quehacerpolitico.mx\/wp-content\/uploads\/2021\/12\/image-2-791x1024.jpeg 791w, https:\/\/quehacerpolitico.mx\/wp-content\/uploads\/2021\/12\/image-2-232x300.jpeg 232w, https:\/\/quehacerpolitico.mx\/wp-content\/uploads\/2021\/12\/image-2-768x994.jpeg 768w, https:\/\/quehacerpolitico.mx\/wp-content\/uploads\/2021\/12\/image-2-1187x1536.jpeg 1187w, https:\/\/quehacerpolitico.mx\/wp-content\/uploads\/2021\/12\/image-2-113x146.jpeg 113w, https:\/\/quehacerpolitico.mx\/wp-content\/uploads\/2021\/12\/image-2-39x50.jpeg 39w, https:\/\/quehacerpolitico.mx\/wp-content\/uploads\/2021\/12\/image-2-58x75.jpeg 58w, https:\/\/quehacerpolitico.mx\/wp-content\/uploads\/2021\/12\/image-2.jpeg 1275w\" sizes=\"auto, (max-width: 791px) 100vw, 791px\" \/><\/figure>\n\n\n\n<figure class=\"wp-block-image size-large\"><img loading=\"lazy\" decoding=\"async\" width=\"791\" height=\"1024\" src=\"https:\/\/quehacerpolitico.mx\/wp-content\/uploads\/2021\/12\/image-1-791x1024.jpeg\" alt=\"\" class=\"wp-image-87041\" srcset=\"https:\/\/quehacerpolitico.mx\/wp-content\/uploads\/2021\/12\/image-1-791x1024.jpeg 791w, https:\/\/quehacerpolitico.mx\/wp-content\/uploads\/2021\/12\/image-1-232x300.jpeg 232w, https:\/\/quehacerpolitico.mx\/wp-content\/uploads\/2021\/12\/image-1-768x994.jpeg 768w, https:\/\/quehacerpolitico.mx\/wp-content\/uploads\/2021\/12\/image-1-1187x1536.jpeg 1187w, https:\/\/quehacerpolitico.mx\/wp-content\/uploads\/2021\/12\/image-1-113x146.jpeg 113w, https:\/\/quehacerpolitico.mx\/wp-content\/uploads\/2021\/12\/image-1-39x50.jpeg 39w, https:\/\/quehacerpolitico.mx\/wp-content\/uploads\/2021\/12\/image-1-58x75.jpeg 58w, https:\/\/quehacerpolitico.mx\/wp-content\/uploads\/2021\/12\/image-1.jpeg 1275w\" sizes=\"auto, (max-width: 791px) 100vw, 791px\" \/><\/figure>\n\n\n\n<p>Asimismo, el INVI habilitar\u00e1 una ventanilla \u00fanica INVI-Infonavit para la simplificaci\u00f3n de tr\u00e1mites y lograr acuerdos de facilidades administrativas en temas registrales, catastrales y de libertad de gravamen.&nbsp;<\/p>\n\n\n\n<p>Por su parte, el Infonavit dise\u00f1ar\u00e1 de manera conjunta con la Procuradur\u00eda Social del Gobierno de la Ciudad de M\u00e9xico la estructura y la ruta legal de un programa para atender las Unidades Habitacionales, iniciando con El Rosario, Culhuac\u00e1n-CTM y Santa Fe-Bel\u00e9n.&nbsp;<\/p>\n\n\n\n<p>En la firma del convenio de colaboraci\u00f3n estuvieron presentes la Jefa de Gobierno de la Ciudad de M\u00e9xico, Claudia Sheinbaum; el Director General del Infonavit, Carlos Mart\u00ednez Vel\u00e1zquez; la Secretaria de Administraci\u00f3n y Finanzas, Luz Elena Gonz\u00e1lez Escobar; el Secretario de Desarrollo Urbano y&nbsp; Vivienda, Rafael Gregorio G\u00f3mez Cruz; el Director General del Instituto de Vivienda de la Ciudad de M\u00e9xico, Anselmo Pe\u00f1a Collazo; el Director General del Instituto de Planeaci\u00f3n Democr\u00e1tica y Prospectiva de la Ciudad de M\u00e9xico, Pablo Tom\u00e1s Benlliure Bilbao, y el Consejero Jur\u00eddico y de Servicios Legales, N\u00e9stor Vargas Solano. &nbsp;<\/p>\n\n\n\n<p><strong>Conoce todo lo que necesitas saber sobre cr\u00e9ditos, tr\u00e1mites y servicios del Infonavit, de manera sencilla y clara, en&nbsp;<a href=\"http:\/\/infonavitfacil.mx\/\" target=\"_blank\" rel=\"noreferrer noopener\">infonavitfacil.mx<\/a>.&nbsp;&nbsp;<u><\/u><u><\/u><\/strong><\/p>\n\n\n\n<p><strong>Infonavit es una instituci\u00f3n de solidaridad, servicio y seguridad social del Estado, que tiene como objetivo otorgar cr\u00e9dito barato y suficiente para que las y los trabajadores del sector formal puedan acceder a una vivienda adecuada y formar un patrimonio. Asimismo, es la hipotecaria m\u00e1s grande en Am\u00e9rica Latina y la cuarta en el mundo, desde su creaci\u00f3n en 1972 a la fecha, el organismo ha colocado m\u00e1s de 11.6 millones de cr\u00e9ditos en M\u00e9xico.<\/strong><\/p>\n","protected":false},"excerpt":{"rendered":"<p>Por Redacci\u00f3n NotiExpress | La Revista del Sector Inmobiliario El acuerdo implica simplificar tr\u00e1mites, promover&#8230;<\/p>\n","protected":false},"author":2,"featured_media":87044,"comment_status":"open","ping_status":"open","sticky":false,"template":"","format":"standard","meta":{"_monsterinsights_skip_tracking":false,"_monsterinsights_sitenote_active":false,"_monsterinsights_sitenote_note":"","_monsterinsights_sitenote_category":0,"footnotes":""},"categories":[55],"tags":[],"class_list":["post-87040","post","type-post","status-publish","format-standard","has-post-thumbnail","hentry","category-cdmx"],"yoast_head":"<!-- This site is optimized with the Yoast SEO plugin v27.3 - https:\/\/yoast.com\/product\/yoast-seo-wordpress\/ -->\n<title>INFONAVIT Y EL GOBIERNO DE LA CDMX FIRMAN CONVENIO PARA FACILITAR EL ACCESO A VIVIENDA -<\/title>\n<meta name=\"robots\" content=\"index, follow, max-snippet:-1, max-image-preview:large, max-video-preview:-1\" \/>\n<link rel=\"canonical\" href=\"https:\/\/quehacerpolitico.mx\/?p=87040\" \/>\n<meta property=\"og:locale\" content=\"es_MX\" \/>\n<meta property=\"og:type\" content=\"article\" \/>\n<meta property=\"og:title\" content=\"INFONAVIT Y EL GOBIERNO DE LA CDMX FIRMAN CONVENIO PARA FACILITAR EL ACCESO A VIVIENDA -\" \/>\n<meta property=\"og:description\" content=\"Por Redacci\u00f3n NotiExpress | La Revista del Sector Inmobiliario El acuerdo implica simplificar tr\u00e1mites, promover...\" \/>\n<meta property=\"og:url\" content=\"https:\/\/quehacerpolitico.mx\/?p=87040\" \/>\n<meta property=\"article:published_time\" content=\"2021-12-03T04:16:46+00:00\" \/>\n<meta property=\"article:modified_time\" content=\"2022-01-24T05:08:26+00:00\" \/>\n<meta property=\"og:image\" content=\"https:\/\/quehacerpolitico.mx\/wp-content\/uploads\/2021\/12\/D1DE494E-5F76-433E-ABC1-4DB5A0F37BF1.jpeg\" \/>\n\t<meta property=\"og:image:width\" content=\"1280\" \/>\n\t<meta property=\"og:image:height\" content=\"852\" \/>\n\t<meta property=\"og:image:type\" content=\"image\/jpeg\" \/>\n<meta name=\"author\" content=\"Redacci\u00f3n QP\" \/>\n<meta name=\"twitter:card\" content=\"summary_large_image\" \/>\n<meta name=\"twitter:label1\" content=\"Escrito por\" \/>\n\t<meta name=\"twitter:data1\" content=\"Redacci\u00f3n QP\" \/>\n\t<meta name=\"twitter:label2\" content=\"Tiempo de lectura\" \/>\n\t<meta name=\"twitter:data2\" content=\"5 minutos\" \/>\n<script type=\"application\/ld+json\" class=\"yoast-schema-graph\">{\"@context\":\"https:\\\/\\\/schema.org\",\"@graph\":[{\"@type\":\"Article\",\"@id\":\"https:\\\/\\\/quehacerpolitico.mx\\\/?p=87040#article\",\"isPartOf\":{\"@id\":\"https:\\\/\\\/quehacerpolitico.mx\\\/?p=87040\"},\"author\":{\"name\":\"Redacci\u00f3n QP\",\"@id\":\"https:\\\/\\\/quehacerpolitico.mx\\\/#\\\/schema\\\/person\\\/496d8ad2d1d3f8036101dca7ee39e585\"},\"headline\":\"INFONAVIT Y EL GOBIERNO DE LA CDMX FIRMAN CONVENIO PARA FACILITAR EL ACCESO A VIVIENDA\",\"datePublished\":\"2021-12-03T04:16:46+00:00\",\"dateModified\":\"2022-01-24T05:08:26+00:00\",\"mainEntityOfPage\":{\"@id\":\"https:\\\/\\\/quehacerpolitico.mx\\\/?p=87040\"},\"wordCount\":956,\"commentCount\":0,\"image\":{\"@id\":\"https:\\\/\\\/quehacerpolitico.mx\\\/?p=87040#primaryimage\"},\"thumbnailUrl\":\"https:\\\/\\\/quehacerpolitico.mx\\\/wp-content\\\/uploads\\\/2021\\\/12\\\/D1DE494E-5F76-433E-ABC1-4DB5A0F37BF1.jpeg\",\"articleSection\":[\"CDMX\"],\"inLanguage\":\"es\",\"potentialAction\":[{\"@type\":\"CommentAction\",\"name\":\"Comment\",\"target\":[\"https:\\\/\\\/quehacerpolitico.mx\\\/?p=87040#respond\"]}]},{\"@type\":\"WebPage\",\"@id\":\"https:\\\/\\\/quehacerpolitico.mx\\\/?p=87040\",\"url\":\"https:\\\/\\\/quehacerpolitico.mx\\\/?p=87040\",\"name\":\"INFONAVIT Y EL GOBIERNO DE LA CDMX FIRMAN CONVENIO PARA FACILITAR EL ACCESO A VIVIENDA -\",\"isPartOf\":{\"@id\":\"https:\\\/\\\/quehacerpolitico.mx\\\/#website\"},\"primaryImageOfPage\":{\"@id\":\"https:\\\/\\\/quehacerpolitico.mx\\\/?p=87040#primaryimage\"},\"image\":{\"@id\":\"https:\\\/\\\/quehacerpolitico.mx\\\/?p=87040#primaryimage\"},\"thumbnailUrl\":\"https:\\\/\\\/quehacerpolitico.mx\\\/wp-content\\\/uploads\\\/2021\\\/12\\\/D1DE494E-5F76-433E-ABC1-4DB5A0F37BF1.jpeg\",\"datePublished\":\"2021-12-03T04:16:46+00:00\",\"dateModified\":\"2022-01-24T05:08:26+00:00\",\"author\":{\"@id\":\"https:\\\/\\\/quehacerpolitico.mx\\\/#\\\/schema\\\/person\\\/496d8ad2d1d3f8036101dca7ee39e585\"},\"breadcrumb\":{\"@id\":\"https:\\\/\\\/quehacerpolitico.mx\\\/?p=87040#breadcrumb\"},\"inLanguage\":\"es\",\"potentialAction\":[{\"@type\":\"ReadAction\",\"target\":[\"https:\\\/\\\/quehacerpolitico.mx\\\/?p=87040\"]}]},{\"@type\":\"ImageObject\",\"inLanguage\":\"es\",\"@id\":\"https:\\\/\\\/quehacerpolitico.mx\\\/?p=87040#primaryimage\",\"url\":\"https:\\\/\\\/quehacerpolitico.mx\\\/wp-content\\\/uploads\\\/2021\\\/12\\\/D1DE494E-5F76-433E-ABC1-4DB5A0F37BF1.jpeg\",\"contentUrl\":\"https:\\\/\\\/quehacerpolitico.mx\\\/wp-content\\\/uploads\\\/2021\\\/12\\\/D1DE494E-5F76-433E-ABC1-4DB5A0F37BF1.jpeg\",\"width\":1280,\"height\":852},{\"@type\":\"BreadcrumbList\",\"@id\":\"https:\\\/\\\/quehacerpolitico.mx\\\/?p=87040#breadcrumb\",\"itemListElement\":[{\"@type\":\"ListItem\",\"position\":1,\"name\":\"Inicio\",\"item\":\"https:\\\/\\\/quehacerpolitico.mx\\\/\"},{\"@type\":\"ListItem\",\"position\":2,\"name\":\"INFONAVIT Y EL GOBIERNO DE LA CDMX FIRMAN CONVENIO PARA FACILITAR EL ACCESO A VIVIENDA\"}]},{\"@type\":\"WebSite\",\"@id\":\"https:\\\/\\\/quehacerpolitico.mx\\\/#website\",\"url\":\"https:\\\/\\\/quehacerpolitico.mx\\\/\",\"name\":\"\",\"description\":\"\",\"potentialAction\":[{\"@type\":\"SearchAction\",\"target\":{\"@type\":\"EntryPoint\",\"urlTemplate\":\"https:\\\/\\\/quehacerpolitico.mx\\\/?s={search_term_string}\"},\"query-input\":{\"@type\":\"PropertyValueSpecification\",\"valueRequired\":true,\"valueName\":\"search_term_string\"}}],\"inLanguage\":\"es\"},{\"@type\":\"Person\",\"@id\":\"https:\\\/\\\/quehacerpolitico.mx\\\/#\\\/schema\\\/person\\\/496d8ad2d1d3f8036101dca7ee39e585\",\"name\":\"Redacci\u00f3n QP\",\"image\":{\"@type\":\"ImageObject\",\"inLanguage\":\"es\",\"@id\":\"https:\\\/\\\/secure.gravatar.com\\\/avatar\\\/c7164ed6fdec453195284ad24a5ae5b6e1eed2b848477fa2a4787ba9adf39a41?s=96&d=mm&r=g\",\"url\":\"https:\\\/\\\/secure.gravatar.com\\\/avatar\\\/c7164ed6fdec453195284ad24a5ae5b6e1eed2b848477fa2a4787ba9adf39a41?s=96&d=mm&r=g\",\"contentUrl\":\"https:\\\/\\\/secure.gravatar.com\\\/avatar\\\/c7164ed6fdec453195284ad24a5ae5b6e1eed2b848477fa2a4787ba9adf39a41?s=96&d=mm&r=g\",\"caption\":\"Redacci\u00f3n QP\"},\"url\":\"https:\\\/\\\/quehacerpolitico.mx\\\/?author=2\"}]}<\/script>\n<!-- \/ Yoast SEO plugin. -->","yoast_head_json":{"title":"INFONAVIT Y EL GOBIERNO DE LA CDMX FIRMAN CONVENIO PARA FACILITAR EL ACCESO A VIVIENDA -","robots":{"index":"index","follow":"follow","max-snippet":"max-snippet:-1","max-image-preview":"max-image-preview:large","max-video-preview":"max-video-preview:-1"},"canonical":"https:\/\/quehacerpolitico.mx\/?p=87040","og_locale":"es_MX","og_type":"article","og_title":"INFONAVIT Y EL GOBIERNO DE LA CDMX FIRMAN CONVENIO PARA FACILITAR EL ACCESO A VIVIENDA -","og_description":"Por Redacci\u00f3n NotiExpress | La Revista del Sector Inmobiliario El acuerdo implica simplificar tr\u00e1mites, promover...","og_url":"https:\/\/quehacerpolitico.mx\/?p=87040","article_published_time":"2021-12-03T04:16:46+00:00","article_modified_time":"2022-01-24T05:08:26+00:00","og_image":[{"width":1280,"height":852,"url":"https:\/\/quehacerpolitico.mx\/wp-content\/uploads\/2021\/12\/D1DE494E-5F76-433E-ABC1-4DB5A0F37BF1.jpeg","type":"image\/jpeg"}],"author":"Redacci\u00f3n QP","twitter_card":"summary_large_image","twitter_misc":{"Escrito por":"Redacci\u00f3n QP","Tiempo de lectura":"5 minutos"},"schema":{"@context":"https:\/\/schema.org","@graph":[{"@type":"Article","@id":"https:\/\/quehacerpolitico.mx\/?p=87040#article","isPartOf":{"@id":"https:\/\/quehacerpolitico.mx\/?p=87040"},"author":{"name":"Redacci\u00f3n QP","@id":"https:\/\/quehacerpolitico.mx\/#\/schema\/person\/496d8ad2d1d3f8036101dca7ee39e585"},"headline":"INFONAVIT Y EL GOBIERNO DE LA CDMX FIRMAN CONVENIO PARA FACILITAR EL ACCESO A VIVIENDA","datePublished":"2021-12-03T04:16:46+00:00","dateModified":"2022-01-24T05:08:26+00:00","mainEntityOfPage":{"@id":"https:\/\/quehacerpolitico.mx\/?p=87040"},"wordCount":956,"commentCount":0,"image":{"@id":"https:\/\/quehacerpolitico.mx\/?p=87040#primaryimage"},"thumbnailUrl":"https:\/\/quehacerpolitico.mx\/wp-content\/uploads\/2021\/12\/D1DE494E-5F76-433E-ABC1-4DB5A0F37BF1.jpeg","articleSection":["CDMX"],"inLanguage":"es","potentialAction":[{"@type":"CommentAction","name":"Comment","target":["https:\/\/quehacerpolitico.mx\/?p=87040#respond"]}]},{"@type":"WebPage","@id":"https:\/\/quehacerpolitico.mx\/?p=87040","url":"https:\/\/quehacerpolitico.mx\/?p=87040","name":"INFONAVIT Y EL GOBIERNO DE LA CDMX FIRMAN CONVENIO PARA FACILITAR EL ACCESO A VIVIENDA -","isPartOf":{"@id":"https:\/\/quehacerpolitico.mx\/#website"},"primaryImageOfPage":{"@id":"https:\/\/quehacerpolitico.mx\/?p=87040#primaryimage"},"image":{"@id":"https:\/\/quehacerpolitico.mx\/?p=87040#primaryimage"},"thumbnailUrl":"https:\/\/quehacerpolitico.mx\/wp-content\/uploads\/2021\/12\/D1DE494E-5F76-433E-ABC1-4DB5A0F37BF1.jpeg","datePublished":"2021-12-03T04:16:46+00:00","dateModified":"2022-01-24T05:08:26+00:00","author":{"@id":"https:\/\/quehacerpolitico.mx\/#\/schema\/person\/496d8ad2d1d3f8036101dca7ee39e585"},"breadcrumb":{"@id":"https:\/\/quehacerpolitico.mx\/?p=87040#breadcrumb"},"inLanguage":"es","potentialAction":[{"@type":"ReadAction","target":["https:\/\/quehacerpolitico.mx\/?p=87040"]}]},{"@type":"ImageObject","inLanguage":"es","@id":"https:\/\/quehacerpolitico.mx\/?p=87040#primaryimage","url":"https:\/\/quehacerpolitico.mx\/wp-content\/uploads\/2021\/12\/D1DE494E-5F76-433E-ABC1-4DB5A0F37BF1.jpeg","contentUrl":"https:\/\/quehacerpolitico.mx\/wp-content\/uploads\/2021\/12\/D1DE494E-5F76-433E-ABC1-4DB5A0F37BF1.jpeg","width":1280,"height":852},{"@type":"BreadcrumbList","@id":"https:\/\/quehacerpolitico.mx\/?p=87040#breadcrumb","itemListElement":[{"@type":"ListItem","position":1,"name":"Inicio","item":"https:\/\/quehacerpolitico.mx\/"},{"@type":"ListItem","position":2,"name":"INFONAVIT Y EL GOBIERNO DE LA CDMX FIRMAN CONVENIO PARA FACILITAR EL ACCESO A VIVIENDA"}]},{"@type":"WebSite","@id":"https:\/\/quehacerpolitico.mx\/#website","url":"https:\/\/quehacerpolitico.mx\/","name":"","description":"","potentialAction":[{"@type":"SearchAction","target":{"@type":"EntryPoint","urlTemplate":"https:\/\/quehacerpolitico.mx\/?s={search_term_string}"},"query-input":{"@type":"PropertyValueSpecification","valueRequired":true,"valueName":"search_term_string"}}],"inLanguage":"es"},{"@type":"Person","@id":"https:\/\/quehacerpolitico.mx\/#\/schema\/person\/496d8ad2d1d3f8036101dca7ee39e585","name":"Redacci\u00f3n QP","image":{"@type":"ImageObject","inLanguage":"es","@id":"https:\/\/secure.gravatar.com\/avatar\/c7164ed6fdec453195284ad24a5ae5b6e1eed2b848477fa2a4787ba9adf39a41?s=96&d=mm&r=g","url":"https:\/\/secure.gravatar.com\/avatar\/c7164ed6fdec453195284ad24a5ae5b6e1eed2b848477fa2a4787ba9adf39a41?s=96&d=mm&r=g","contentUrl":"https:\/\/secure.gravatar.com\/avatar\/c7164ed6fdec453195284ad24a5ae5b6e1eed2b848477fa2a4787ba9adf39a41?s=96&d=mm&r=g","caption":"Redacci\u00f3n QP"},"url":"https:\/\/quehacerpolitico.mx\/?author=2"}]}},"featured_image_urls":{"full":["https:\/\/quehacerpolitico.mx\/wp-content\/uploads\/2021\/12\/D1DE494E-5F76-433E-ABC1-4DB5A0F37BF1.jpeg",1280,852,false],"thumbnail":["https:\/\/quehacerpolitico.mx\/wp-content\/uploads\/2021\/12\/D1DE494E-5F76-433E-ABC1-4DB5A0F37BF1-150x150.jpeg",150,150,true],"medium":["https:\/\/quehacerpolitico.mx\/wp-content\/uploads\/2021\/12\/D1DE494E-5F76-433E-ABC1-4DB5A0F37BF1-300x200.jpeg",300,200,true],"medium_large":["https:\/\/quehacerpolitico.mx\/wp-content\/uploads\/2021\/12\/D1DE494E-5F76-433E-ABC1-4DB5A0F37BF1-768x511.jpeg",640,426,true],"large":["https:\/\/quehacerpolitico.mx\/wp-content\/uploads\/2021\/12\/D1DE494E-5F76-433E-ABC1-4DB5A0F37BF1-1024x682.jpeg",640,426,true],"1536x1536":["https:\/\/quehacerpolitico.mx\/wp-content\/uploads\/2021\/12\/D1DE494E-5F76-433E-ABC1-4DB5A0F37BF1.jpeg",1280,852,false],"2048x2048":["https:\/\/quehacerpolitico.mx\/wp-content\/uploads\/2021\/12\/D1DE494E-5F76-433E-ABC1-4DB5A0F37BF1.jpeg",1280,852,false],"covernews-featured":["https:\/\/quehacerpolitico.mx\/wp-content\/uploads\/2021\/12\/D1DE494E-5F76-433E-ABC1-4DB5A0F37BF1.jpeg",1024,682,false],"covernews-medium":["https:\/\/quehacerpolitico.mx\/wp-content\/uploads\/2021\/12\/D1DE494E-5F76-433E-ABC1-4DB5A0F37BF1.jpeg",511,340,false]},"author_info":{"display_name":"Redacci\u00f3n QP","author_link":"https:\/\/quehacerpolitico.mx\/?author=2"},"category_info":"<a href=\"https:\/\/quehacerpolitico.mx\/?cat=55\" rel=\"category\">CDMX<\/a>","tag_info":"CDMX","comment_count":"0","_links":{"self":[{"href":"https:\/\/quehacerpolitico.mx\/index.php?rest_route=\/wp\/v2\/posts\/87040","targetHints":{"allow":["GET"]}}],"collection":[{"href":"https:\/\/quehacerpolitico.mx\/index.php?rest_route=\/wp\/v2\/posts"}],"about":[{"href":"https:\/\/quehacerpolitico.mx\/index.php?rest_route=\/wp\/v2\/types\/post"}],"author":[{"embeddable":true,"href":"https:\/\/quehacerpolitico.mx\/index.php?rest_route=\/wp\/v2\/users\/2"}],"replies":[{"embeddable":true,"href":"https:\/\/quehacerpolitico.mx\/index.php?rest_route=%2Fwp%2Fv2%2Fcomments&post=87040"}],"version-history":[{"count":2,"href":"https:\/\/quehacerpolitico.mx\/index.php?rest_route=\/wp\/v2\/posts\/87040\/revisions"}],"predecessor-version":[{"id":88844,"href":"https:\/\/quehacerpolitico.mx\/index.php?rest_route=\/wp\/v2\/posts\/87040\/revisions\/88844"}],"wp:featuredmedia":[{"embeddable":true,"href":"https:\/\/quehacerpolitico.mx\/index.php?rest_route=\/wp\/v2\/media\/87044"}],"wp:attachment":[{"href":"https:\/\/quehacerpolitico.mx\/index.php?rest_route=%2Fwp%2Fv2%2Fmedia&parent=87040"}],"wp:term":[{"taxonomy":"category","embeddable":true,"href":"https:\/\/quehacerpolitico.mx\/index.php?rest_route=%2Fwp%2Fv2%2Fcategories&post=87040"},{"taxonomy":"post_tag","embeddable":true,"href":"https:\/\/quehacerpolitico.mx\/index.php?rest_route=%2Fwp%2Fv2%2Ftags&post=87040"}],"curies":[{"name":"wp","href":"https:\/\/api.w.org\/{rel}","templated":true}]}}