{"id":87037,"date":"2021-12-02T05:14:38","date_gmt":"2021-12-02T05:14:38","guid":{"rendered":"https:\/\/quehacerpolitico.mx\/?p=87037"},"modified":"2021-12-02T05:14:41","modified_gmt":"2021-12-02T05:14:41","slug":"mexico-y-eu-anuncian-el-programa-sembrando-oportunidades-para-centroamerica","status":"publish","type":"post","link":"https:\/\/quehacerpolitico.mx\/?p=87037","title":{"rendered":"M\u00e9xico y EU anuncian el programa &#8220;Sembrando Oportunidades&#8221; para Centroam\u00e9rica"},"content":{"rendered":"\n<p>Por Redacci\u00f3n QP<\/p>\n\n\n\n<p>El plan de cooperaci\u00f3n binacional se centrar\u00e1 en formaci\u00f3n y becas; comenzar\u00e1 con apoyos a Honduras<\/p>\n\n\n\n<p>M\u00e9xico y Estados Unidos anunciaron este mi\u00e9rcoles un nuevo marco de cooperaci\u00f3n para el desarrollo de Centroam\u00e9rica con el fin de frenar la emigraci\u00f3n, que comenzar\u00e1 con apoyos a Honduras y cuyo monto no fue concretado.<\/p>\n\n\n\n<p>Seg\u00fan indicaron las agencias de cooperaci\u00f3n de ambos pa\u00edses en un comunicado conjunto, el plan se llamar\u00e1 &#8220;Sembrando Oportunidades&#8221; pero a diferencia del mexicano con nombre parecido -Sembrando Vida- destinado a plantar \u00e1rboles, el plan binacional se centrar\u00e1 en formaci\u00f3n y becas.<\/p>\n\n\n\n<p>En un primer momento, los gobiernos prev\u00e9n beneficiar a medio mill\u00f3n de hondure\u00f1os y, seg\u00fan el comunicado, ya tienen recursos asignados, aunque no precisaron su importe.<\/p>\n\n\n\n<figure class=\"wp-block-embed is-type-rich is-provider-twitter wp-block-embed-twitter\"><div class=\"wp-block-embed__wrapper\">\n<blockquote class=\"twitter-tweet\" data-width=\"550\" data-dnt=\"true\"><p lang=\"es\" dir=\"ltr\">\ud83d\udcc4M\u00e9xico y Estados Unidos anuncian \u00abSembrando Oportunidades\u00bb.<a href=\"https:\/\/t.co\/zVqixOwikr\">https:\/\/t.co\/zVqixOwikr<\/a> <a href=\"https:\/\/t.co\/7ra7Lybm0t\">pic.twitter.com\/7ra7Lybm0t<\/a><\/p>&mdash; Relaciones Exteriores (@SRE_mx) <a href=\"https:\/\/twitter.com\/SRE_mx\/status\/1466137122679795721?ref_src=twsrc%5Etfw\">December 1, 2021<\/a><\/blockquote><script async src=\"https:\/\/platform.twitter.com\/widgets.js\" charset=\"utf-8\"><\/script>\n<\/div><\/figure>\n\n\n\n<p>El objetivo es &#8220;brindar habilidades y experiencia a los j\u00f3venes con el prop\u00f3sito de conducirlos hacia un empleo a largo plazo, reduciendo el riesgo de la migraci\u00f3n irregular&#8221;.<\/p>\n\n\n\n<p>M\u00e9xico mantendr\u00e1 su programa de siembra de \u00e1rboles en paralelo al nuevo plan, as\u00ed como su proyecto de capacitaci\u00f3n y transferencia directa de efectivo a j\u00f3venes -llamado &#8220;J\u00f3venes construyendo futuro&#8221;- cuyos destinatarios podr\u00e1n ahora optar adem\u00e1s a una serie de becas por parte de la agencia de cooperaci\u00f3n estadounidense.<\/p>\n\n\n\n<p>El plan es trabajar conjuntamente tambi\u00e9n en El Salvador y Guatemala\u00a0&#8220;para promover la buena gobernanza, un mejor entorno empresarial y una mayor inversi\u00f3n de los gobiernos nacionales destinado a comunidades desatendidas&#8221;, se lee en el comunicado.<\/p>\n\n\n\n<figure class=\"wp-block-embed is-type-video is-provider-youtube wp-block-embed-youtube wp-embed-aspect-16-9 wp-has-aspect-ratio\"><div class=\"wp-block-embed__wrapper\">\nhttps:\/\/youtu.be\/bMBU6ceBrNw\n<\/div><\/figure>\n\n\n\n<p>Con informaci\u00f3n de AP<\/p>\n","protected":false},"excerpt":{"rendered":"<p>Por Redacci\u00f3n QP El plan de cooperaci\u00f3n binacional se centrar\u00e1 en formaci\u00f3n y becas; comenzar\u00e1&#8230;<\/p>\n","protected":false},"author":2,"featured_media":87038,"comment_status":"open","ping_status":"open","sticky":false,"template":"","format":"standard","meta":{"_monsterinsights_skip_tracking":false,"_monsterinsights_sitenote_active":false,"_monsterinsights_sitenote_note":"","_monsterinsights_sitenote_category":0,"footnotes":""},"categories":[2],"tags":[],"class_list":["post-87037","post","type-post","status-publish","format-standard","has-post-thumbnail","hentry","category-noticias"],"yoast_head":"<!-- This site is optimized with the Yoast SEO plugin v27.3 - https:\/\/yoast.com\/product\/yoast-seo-wordpress\/ -->\n<title>M\u00e9xico y EU anuncian el programa &quot;Sembrando Oportunidades&quot; para Centroam\u00e9rica -<\/title>\n<meta name=\"robots\" content=\"index, follow, max-snippet:-1, max-image-preview:large, max-video-preview:-1\" \/>\n<link rel=\"canonical\" href=\"https:\/\/quehacerpolitico.mx\/?p=87037\" \/>\n<meta property=\"og:locale\" content=\"es_MX\" \/>\n<meta property=\"og:type\" content=\"article\" \/>\n<meta property=\"og:title\" content=\"M\u00e9xico y EU anuncian el programa &quot;Sembrando Oportunidades&quot; para Centroam\u00e9rica -\" \/>\n<meta property=\"og:description\" content=\"Por Redacci\u00f3n QP El plan de cooperaci\u00f3n binacional se centrar\u00e1 en formaci\u00f3n y becas; comenzar\u00e1...\" \/>\n<meta property=\"og:url\" content=\"https:\/\/quehacerpolitico.mx\/?p=87037\" \/>\n<meta property=\"article:published_time\" content=\"2021-12-02T05:14:38+00:00\" \/>\n<meta property=\"article:modified_time\" content=\"2021-12-02T05:14:41+00:00\" \/>\n<meta property=\"og:image\" content=\"https:\/\/quehacerpolitico.mx\/wp-content\/uploads\/2021\/12\/8C3243C0-4FD0-41E2-B8A0-6B92F701AA78.jpeg\" \/>\n\t<meta property=\"og:image:width\" content=\"1284\" \/>\n\t<meta property=\"og:image:height\" content=\"833\" \/>\n\t<meta property=\"og:image:type\" content=\"image\/jpeg\" \/>\n<meta name=\"author\" content=\"Redacci\u00f3n QP\" \/>\n<meta name=\"twitter:card\" content=\"summary_large_image\" \/>\n<meta name=\"twitter:label1\" content=\"Escrito por\" \/>\n\t<meta name=\"twitter:data1\" content=\"Redacci\u00f3n QP\" \/>\n\t<meta name=\"twitter:label2\" content=\"Tiempo de lectura\" \/>\n\t<meta name=\"twitter:data2\" content=\"1 minuto\" \/>\n<script type=\"application\/ld+json\" class=\"yoast-schema-graph\">{\"@context\":\"https:\\\/\\\/schema.org\",\"@graph\":[{\"@type\":\"Article\",\"@id\":\"https:\\\/\\\/quehacerpolitico.mx\\\/?p=87037#article\",\"isPartOf\":{\"@id\":\"https:\\\/\\\/quehacerpolitico.mx\\\/?p=87037\"},\"author\":{\"name\":\"Redacci\u00f3n QP\",\"@id\":\"https:\\\/\\\/quehacerpolitico.mx\\\/#\\\/schema\\\/person\\\/496d8ad2d1d3f8036101dca7ee39e585\"},\"headline\":\"M\u00e9xico y EU anuncian el programa &#8220;Sembrando Oportunidades&#8221; para Centroam\u00e9rica\",\"datePublished\":\"2021-12-02T05:14:38+00:00\",\"dateModified\":\"2021-12-02T05:14:41+00:00\",\"mainEntityOfPage\":{\"@id\":\"https:\\\/\\\/quehacerpolitico.mx\\\/?p=87037\"},\"wordCount\":295,\"commentCount\":0,\"image\":{\"@id\":\"https:\\\/\\\/quehacerpolitico.mx\\\/?p=87037#primaryimage\"},\"thumbnailUrl\":\"https:\\\/\\\/quehacerpolitico.mx\\\/wp-content\\\/uploads\\\/2021\\\/12\\\/8C3243C0-4FD0-41E2-B8A0-6B92F701AA78.jpeg\",\"articleSection\":[\"Noticias\"],\"inLanguage\":\"es\",\"potentialAction\":[{\"@type\":\"CommentAction\",\"name\":\"Comment\",\"target\":[\"https:\\\/\\\/quehacerpolitico.mx\\\/?p=87037#respond\"]}]},{\"@type\":\"WebPage\",\"@id\":\"https:\\\/\\\/quehacerpolitico.mx\\\/?p=87037\",\"url\":\"https:\\\/\\\/quehacerpolitico.mx\\\/?p=87037\",\"name\":\"M\u00e9xico y EU anuncian el programa \\\"Sembrando Oportunidades\\\" para Centroam\u00e9rica -\",\"isPartOf\":{\"@id\":\"https:\\\/\\\/quehacerpolitico.mx\\\/#website\"},\"primaryImageOfPage\":{\"@id\":\"https:\\\/\\\/quehacerpolitico.mx\\\/?p=87037#primaryimage\"},\"image\":{\"@id\":\"https:\\\/\\\/quehacerpolitico.mx\\\/?p=87037#primaryimage\"},\"thumbnailUrl\":\"https:\\\/\\\/quehacerpolitico.mx\\\/wp-content\\\/uploads\\\/2021\\\/12\\\/8C3243C0-4FD0-41E2-B8A0-6B92F701AA78.jpeg\",\"datePublished\":\"2021-12-02T05:14:38+00:00\",\"dateModified\":\"2021-12-02T05:14:41+00:00\",\"author\":{\"@id\":\"https:\\\/\\\/quehacerpolitico.mx\\\/#\\\/schema\\\/person\\\/496d8ad2d1d3f8036101dca7ee39e585\"},\"breadcrumb\":{\"@id\":\"https:\\\/\\\/quehacerpolitico.mx\\\/?p=87037#breadcrumb\"},\"inLanguage\":\"es\",\"potentialAction\":[{\"@type\":\"ReadAction\",\"target\":[\"https:\\\/\\\/quehacerpolitico.mx\\\/?p=87037\"]}]},{\"@type\":\"ImageObject\",\"inLanguage\":\"es\",\"@id\":\"https:\\\/\\\/quehacerpolitico.mx\\\/?p=87037#primaryimage\",\"url\":\"https:\\\/\\\/quehacerpolitico.mx\\\/wp-content\\\/uploads\\\/2021\\\/12\\\/8C3243C0-4FD0-41E2-B8A0-6B92F701AA78.jpeg\",\"contentUrl\":\"https:\\\/\\\/quehacerpolitico.mx\\\/wp-content\\\/uploads\\\/2021\\\/12\\\/8C3243C0-4FD0-41E2-B8A0-6B92F701AA78.jpeg\",\"width\":1284,\"height\":833},{\"@type\":\"BreadcrumbList\",\"@id\":\"https:\\\/\\\/quehacerpolitico.mx\\\/?p=87037#breadcrumb\",\"itemListElement\":[{\"@type\":\"ListItem\",\"position\":1,\"name\":\"Inicio\",\"item\":\"https:\\\/\\\/quehacerpolitico.mx\\\/\"},{\"@type\":\"ListItem\",\"position\":2,\"name\":\"M\u00e9xico y EU anuncian el programa &#8220;Sembrando Oportunidades&#8221; para Centroam\u00e9rica\"}]},{\"@type\":\"WebSite\",\"@id\":\"https:\\\/\\\/quehacerpolitico.mx\\\/#website\",\"url\":\"https:\\\/\\\/quehacerpolitico.mx\\\/\",\"name\":\"\",\"description\":\"\",\"potentialAction\":[{\"@type\":\"SearchAction\",\"target\":{\"@type\":\"EntryPoint\",\"urlTemplate\":\"https:\\\/\\\/quehacerpolitico.mx\\\/?s={search_term_string}\"},\"query-input\":{\"@type\":\"PropertyValueSpecification\",\"valueRequired\":true,\"valueName\":\"search_term_string\"}}],\"inLanguage\":\"es\"},{\"@type\":\"Person\",\"@id\":\"https:\\\/\\\/quehacerpolitico.mx\\\/#\\\/schema\\\/person\\\/496d8ad2d1d3f8036101dca7ee39e585\",\"name\":\"Redacci\u00f3n QP\",\"image\":{\"@type\":\"ImageObject\",\"inLanguage\":\"es\",\"@id\":\"https:\\\/\\\/secure.gravatar.com\\\/avatar\\\/c7164ed6fdec453195284ad24a5ae5b6e1eed2b848477fa2a4787ba9adf39a41?s=96&d=mm&r=g\",\"url\":\"https:\\\/\\\/secure.gravatar.com\\\/avatar\\\/c7164ed6fdec453195284ad24a5ae5b6e1eed2b848477fa2a4787ba9adf39a41?s=96&d=mm&r=g\",\"contentUrl\":\"https:\\\/\\\/secure.gravatar.com\\\/avatar\\\/c7164ed6fdec453195284ad24a5ae5b6e1eed2b848477fa2a4787ba9adf39a41?s=96&d=mm&r=g\",\"caption\":\"Redacci\u00f3n QP\"},\"url\":\"https:\\\/\\\/quehacerpolitico.mx\\\/?author=2\"}]}<\/script>\n<!-- \/ Yoast SEO plugin. -->","yoast_head_json":{"title":"M\u00e9xico y EU anuncian el programa \"Sembrando Oportunidades\" para Centroam\u00e9rica -","robots":{"index":"index","follow":"follow","max-snippet":"max-snippet:-1","max-image-preview":"max-image-preview:large","max-video-preview":"max-video-preview:-1"},"canonical":"https:\/\/quehacerpolitico.mx\/?p=87037","og_locale":"es_MX","og_type":"article","og_title":"M\u00e9xico y EU anuncian el programa \"Sembrando Oportunidades\" para Centroam\u00e9rica -","og_description":"Por Redacci\u00f3n QP El plan de cooperaci\u00f3n binacional se centrar\u00e1 en formaci\u00f3n y becas; comenzar\u00e1...","og_url":"https:\/\/quehacerpolitico.mx\/?p=87037","article_published_time":"2021-12-02T05:14:38+00:00","article_modified_time":"2021-12-02T05:14:41+00:00","og_image":[{"width":1284,"height":833,"url":"https:\/\/quehacerpolitico.mx\/wp-content\/uploads\/2021\/12\/8C3243C0-4FD0-41E2-B8A0-6B92F701AA78.jpeg","type":"image\/jpeg"}],"author":"Redacci\u00f3n QP","twitter_card":"summary_large_image","twitter_misc":{"Escrito por":"Redacci\u00f3n QP","Tiempo de lectura":"1 minuto"},"schema":{"@context":"https:\/\/schema.org","@graph":[{"@type":"Article","@id":"https:\/\/quehacerpolitico.mx\/?p=87037#article","isPartOf":{"@id":"https:\/\/quehacerpolitico.mx\/?p=87037"},"author":{"name":"Redacci\u00f3n QP","@id":"https:\/\/quehacerpolitico.mx\/#\/schema\/person\/496d8ad2d1d3f8036101dca7ee39e585"},"headline":"M\u00e9xico y EU anuncian el programa &#8220;Sembrando Oportunidades&#8221; para Centroam\u00e9rica","datePublished":"2021-12-02T05:14:38+00:00","dateModified":"2021-12-02T05:14:41+00:00","mainEntityOfPage":{"@id":"https:\/\/quehacerpolitico.mx\/?p=87037"},"wordCount":295,"commentCount":0,"image":{"@id":"https:\/\/quehacerpolitico.mx\/?p=87037#primaryimage"},"thumbnailUrl":"https:\/\/quehacerpolitico.mx\/wp-content\/uploads\/2021\/12\/8C3243C0-4FD0-41E2-B8A0-6B92F701AA78.jpeg","articleSection":["Noticias"],"inLanguage":"es","potentialAction":[{"@type":"CommentAction","name":"Comment","target":["https:\/\/quehacerpolitico.mx\/?p=87037#respond"]}]},{"@type":"WebPage","@id":"https:\/\/quehacerpolitico.mx\/?p=87037","url":"https:\/\/quehacerpolitico.mx\/?p=87037","name":"M\u00e9xico y EU anuncian el programa \"Sembrando Oportunidades\" para Centroam\u00e9rica -","isPartOf":{"@id":"https:\/\/quehacerpolitico.mx\/#website"},"primaryImageOfPage":{"@id":"https:\/\/quehacerpolitico.mx\/?p=87037#primaryimage"},"image":{"@id":"https:\/\/quehacerpolitico.mx\/?p=87037#primaryimage"},"thumbnailUrl":"https:\/\/quehacerpolitico.mx\/wp-content\/uploads\/2021\/12\/8C3243C0-4FD0-41E2-B8A0-6B92F701AA78.jpeg","datePublished":"2021-12-02T05:14:38+00:00","dateModified":"2021-12-02T05:14:41+00:00","author":{"@id":"https:\/\/quehacerpolitico.mx\/#\/schema\/person\/496d8ad2d1d3f8036101dca7ee39e585"},"breadcrumb":{"@id":"https:\/\/quehacerpolitico.mx\/?p=87037#breadcrumb"},"inLanguage":"es","potentialAction":[{"@type":"ReadAction","target":["https:\/\/quehacerpolitico.mx\/?p=87037"]}]},{"@type":"ImageObject","inLanguage":"es","@id":"https:\/\/quehacerpolitico.mx\/?p=87037#primaryimage","url":"https:\/\/quehacerpolitico.mx\/wp-content\/uploads\/2021\/12\/8C3243C0-4FD0-41E2-B8A0-6B92F701AA78.jpeg","contentUrl":"https:\/\/quehacerpolitico.mx\/wp-content\/uploads\/2021\/12\/8C3243C0-4FD0-41E2-B8A0-6B92F701AA78.jpeg","width":1284,"height":833},{"@type":"BreadcrumbList","@id":"https:\/\/quehacerpolitico.mx\/?p=87037#breadcrumb","itemListElement":[{"@type":"ListItem","position":1,"name":"Inicio","item":"https:\/\/quehacerpolitico.mx\/"},{"@type":"ListItem","position":2,"name":"M\u00e9xico y EU anuncian el programa &#8220;Sembrando Oportunidades&#8221; para Centroam\u00e9rica"}]},{"@type":"WebSite","@id":"https:\/\/quehacerpolitico.mx\/#website","url":"https:\/\/quehacerpolitico.mx\/","name":"","description":"","potentialAction":[{"@type":"SearchAction","target":{"@type":"EntryPoint","urlTemplate":"https:\/\/quehacerpolitico.mx\/?s={search_term_string}"},"query-input":{"@type":"PropertyValueSpecification","valueRequired":true,"valueName":"search_term_string"}}],"inLanguage":"es"},{"@type":"Person","@id":"https:\/\/quehacerpolitico.mx\/#\/schema\/person\/496d8ad2d1d3f8036101dca7ee39e585","name":"Redacci\u00f3n QP","image":{"@type":"ImageObject","inLanguage":"es","@id":"https:\/\/secure.gravatar.com\/avatar\/c7164ed6fdec453195284ad24a5ae5b6e1eed2b848477fa2a4787ba9adf39a41?s=96&d=mm&r=g","url":"https:\/\/secure.gravatar.com\/avatar\/c7164ed6fdec453195284ad24a5ae5b6e1eed2b848477fa2a4787ba9adf39a41?s=96&d=mm&r=g","contentUrl":"https:\/\/secure.gravatar.com\/avatar\/c7164ed6fdec453195284ad24a5ae5b6e1eed2b848477fa2a4787ba9adf39a41?s=96&d=mm&r=g","caption":"Redacci\u00f3n QP"},"url":"https:\/\/quehacerpolitico.mx\/?author=2"}]}},"featured_image_urls":{"full":["https:\/\/quehacerpolitico.mx\/wp-content\/uploads\/2021\/12\/8C3243C0-4FD0-41E2-B8A0-6B92F701AA78.jpeg",1284,833,false],"thumbnail":["https:\/\/quehacerpolitico.mx\/wp-content\/uploads\/2021\/12\/8C3243C0-4FD0-41E2-B8A0-6B92F701AA78-150x150.jpeg",150,150,true],"medium":["https:\/\/quehacerpolitico.mx\/wp-content\/uploads\/2021\/12\/8C3243C0-4FD0-41E2-B8A0-6B92F701AA78-300x195.jpeg",300,195,true],"medium_large":["https:\/\/quehacerpolitico.mx\/wp-content\/uploads\/2021\/12\/8C3243C0-4FD0-41E2-B8A0-6B92F701AA78-768x498.jpeg",640,415,true],"large":["https:\/\/quehacerpolitico.mx\/wp-content\/uploads\/2021\/12\/8C3243C0-4FD0-41E2-B8A0-6B92F701AA78-1024x664.jpeg",640,415,true],"1536x1536":["https:\/\/quehacerpolitico.mx\/wp-content\/uploads\/2021\/12\/8C3243C0-4FD0-41E2-B8A0-6B92F701AA78.jpeg",1284,833,false],"2048x2048":["https:\/\/quehacerpolitico.mx\/wp-content\/uploads\/2021\/12\/8C3243C0-4FD0-41E2-B8A0-6B92F701AA78.jpeg",1284,833,false],"covernews-featured":["https:\/\/quehacerpolitico.mx\/wp-content\/uploads\/2021\/12\/8C3243C0-4FD0-41E2-B8A0-6B92F701AA78.jpeg",1024,664,false],"covernews-medium":["https:\/\/quehacerpolitico.mx\/wp-content\/uploads\/2021\/12\/8C3243C0-4FD0-41E2-B8A0-6B92F701AA78.jpeg",524,340,false]},"author_info":{"display_name":"Redacci\u00f3n QP","author_link":"https:\/\/quehacerpolitico.mx\/?author=2"},"category_info":"<a href=\"https:\/\/quehacerpolitico.mx\/?cat=2\" rel=\"category\">Noticias<\/a>","tag_info":"Noticias","comment_count":"0","_links":{"self":[{"href":"https:\/\/quehacerpolitico.mx\/index.php?rest_route=\/wp\/v2\/posts\/87037","targetHints":{"allow":["GET"]}}],"collection":[{"href":"https:\/\/quehacerpolitico.mx\/index.php?rest_route=\/wp\/v2\/posts"}],"about":[{"href":"https:\/\/quehacerpolitico.mx\/index.php?rest_route=\/wp\/v2\/types\/post"}],"author":[{"embeddable":true,"href":"https:\/\/quehacerpolitico.mx\/index.php?rest_route=\/wp\/v2\/users\/2"}],"replies":[{"embeddable":true,"href":"https:\/\/quehacerpolitico.mx\/index.php?rest_route=%2Fwp%2Fv2%2Fcomments&post=87037"}],"version-history":[{"count":1,"href":"https:\/\/quehacerpolitico.mx\/index.php?rest_route=\/wp\/v2\/posts\/87037\/revisions"}],"predecessor-version":[{"id":87039,"href":"https:\/\/quehacerpolitico.mx\/index.php?rest_route=\/wp\/v2\/posts\/87037\/revisions\/87039"}],"wp:featuredmedia":[{"embeddable":true,"href":"https:\/\/quehacerpolitico.mx\/index.php?rest_route=\/wp\/v2\/media\/87038"}],"wp:attachment":[{"href":"https:\/\/quehacerpolitico.mx\/index.php?rest_route=%2Fwp%2Fv2%2Fmedia&parent=87037"}],"wp:term":[{"taxonomy":"category","embeddable":true,"href":"https:\/\/quehacerpolitico.mx\/index.php?rest_route=%2Fwp%2Fv2%2Fcategories&post=87037"},{"taxonomy":"post_tag","embeddable":true,"href":"https:\/\/quehacerpolitico.mx\/index.php?rest_route=%2Fwp%2Fv2%2Ftags&post=87037"}],"curies":[{"name":"wp","href":"https:\/\/api.w.org\/{rel}","templated":true}]}}