{"id":87031,"date":"2021-12-01T21:06:57","date_gmt":"2021-12-01T21:06:57","guid":{"rendered":"https:\/\/quehacerpolitico.mx\/?p=87031"},"modified":"2021-12-01T21:07:00","modified_gmt":"2021-12-01T21:07:00","slug":"amlo-a-la-mitad-del-camino-12-momentos-clave-del-presidente-de-mexico","status":"publish","type":"post","link":"https:\/\/quehacerpolitico.mx\/?p=87031","title":{"rendered":"AMLO, a la mitad del camino; 12 momentos clave del Presidente de M\u00e9xico"},"content":{"rendered":"\n<p>Por Redacci\u00f3n QP<\/p>\n\n\n\n<p>AMLO\u00a0llega al ecuador de su mandato con una alta popularidad y 12 momentos destacados que han marcado su gesti\u00f3n<\/p>\n\n\n\n<p>&#8220;No tengo derecho a fallar&#8221;. Con esta frase\u00a0Andres Manuel L\u00f3pez Obrador\u00a0(AMLO)\u00a0<strong>arranc\u00f3 hace tres a\u00f1os su Presidencia en M\u00e9xico despu\u00e9s de arrasar en las urnas<\/strong>\u00a0gracias a su promesa de erradicar la corrupci\u00f3n, la desigualdad y la inseguridad.<\/p>\n\n\n\n<p>AMLO, l\u00edder del Movimiento Regeneraci\u00f3n Nacional (Morena),<strong>\u00a0llega al ecuador de su mandato con una alta popularidad<\/strong>\u00a0y doce momentos destacados que han marcado su gesti\u00f3n:<\/p>\n\n\n\n<h2 class=\"wp-block-heading\">Una nueva polic\u00eda militar<\/h2>\n\n\n\n<p>Para afrontar la inseguridad, el Presidente&nbsp;<strong>L\u00f3pez Obrador cre\u00f3 la Guardia Nacional<\/strong>, un cuerpo de seguridad p\u00fablica compuesto eminentemente por militares, por lo que&nbsp;<strong>activistas lo acusan de &#8220;militarizar&#8221; el pa\u00eds<\/strong>.<\/p>\n\n\n\n<p><strong>Los dos primeros a\u00f1os de AMLO fueron los m\u00e1s violentos desde que hay registros en M\u00e9xico<\/strong>, con 34 mil 690 v\u00edctimas de asesinato en 2019 y 34 mil 558 en 2020, adem\u00e1s de registrarse matanzas como la de la comunidad mormona de los LeBar\u00f3n.<\/p>\n\n\n\n<figure class=\"wp-block-image\"><img decoding=\"async\" src=\"https:\/\/www.informador.mx\/export\/sites\/elinformador\/img\/2021\/12\/01\/rs3083212_age-2021-01-08-20-50-70.jpg_347421144.jpg\" alt=\"\" title=\"\"\/><figcaption>SUN \/ ARCHIVO<\/figcaption><\/figure>\n\n\n\n<h2 class=\"wp-block-heading\">Sueltan al hijo del &#8220;Chapo&#8221;<\/h2>\n\n\n\n<p>En un confuso operativo, las autoridades&nbsp;<strong>arrestaron el 17 de octubre de 2019 a Ovidio Guzm\u00e1n<\/strong>, hijo de Joaqu\u00edn &#8220;Chapo&#8221; Guzm\u00e1n, pero&nbsp;<strong>el Gobierno federal orden\u00f3 su liberaci\u00f3n despu\u00e9s de que sicarios del C\u00e1rtel de Sinaloa sitiaran la ciudad de Culiac\u00e1n<\/strong>.<\/p>\n\n\n\n<p><strong>La postura de L\u00f3pez Obrador hacia el narcotr\u00e1fico ha generado controversia<\/strong>&nbsp;por haber mostrado en m\u00e1s de una ocasi\u00f3n, por ejemplo, muestras de cari\u00f1o y respeto hacia la madre del &#8220;Chapo&#8221;.<\/p>\n\n\n\n<figure class=\"wp-block-image\"><img decoding=\"async\" src=\"https:\/\/www.informador.mx\/export\/sites\/elinformador\/img\/2021\/12\/01\/rs171596_3287992-age-2019-11-01-02-45-566.jpg_295703968.jpg\" alt=\"\" title=\"\"\/><figcaption>AP \/ ARCHIVO<\/figcaption><\/figure>\n\n\n\n<h2 class=\"wp-block-heading\">Refugio a Evo<\/h2>\n\n\n\n<p>En noviembre de 2019, un avi\u00f3n de las Fuerzas Armadas de M\u00e9xico emprendi\u00f3 un largo periplo para sacar de Bolivia a Evo Morales, quien hab\u00eda dimitido denunciando un golpe de Estado, y lo traslad\u00f3 a territorio mexicano, donde&nbsp;<strong>se asil\u00f3 durante un mes<\/strong>.<\/p>\n\n\n\n<p>A ra\u00edz de ello, el Gobierno de L\u00f3pez Obrador se ha enfrentado con la Organizaci\u00f3n de los Estados Americanos&nbsp;<strong>(OEA), organismo que L\u00f3pez Obrador propone suprimir<\/strong>.<\/p>\n\n\n\n<figure class=\"wp-block-image\"><img decoding=\"async\" src=\"https:\/\/www.informador.mx\/export\/sites\/elinformador\/img\/2021\/12\/01\/rs82387_3291585-age-2019-11-13-19-19-006.jpg_347421144.jpg\" alt=\"\" title=\"\"\/><figcaption>Buen NTX \/ ARCHIVO<\/figcaption><\/figure>\n\n\n\n<h2 class=\"wp-block-heading\">Una pandemia sanitaria y econ\u00f3mica<\/h2>\n\n\n\n<p>El primer caso de COVID-19 en M\u00e9xico fue detectado el 27 de febrero de 2020 y desde entonces&nbsp;<strong>la pandemia acumula 3.9 millones de contagios y 294 mil&nbsp;muertos confirmados<\/strong>, la cuarta cifra m\u00e1s alta del mundo, adem\u00e1s de una hist\u00f3rica contracci\u00f3n econ\u00f3mica del 8.2 por ciento.<\/p>\n\n\n\n<p>L\u00f3pez Obrador, quien tuvo COVID en enero pasado, ha sido reacio a llevar mascarilla y a aplicar severas restricciones, y ha basado su estrategia en ampliar las camas hospitalarias y vacunar a todos los adultos del pa\u00eds.<\/p>\n\n\n\n<figure class=\"wp-block-image\"><img decoding=\"async\" src=\"https:\/\/www.informador.mx\/export\/sites\/elinformador\/img\/2021\/12\/01\/rs3087798_age-2021-08-09-19-11-72.jpg_347421144.jpg\" alt=\"\" title=\"\"\/><figcaption>SUN \/ ARCHIVO<\/figcaption><\/figure>\n\n\n\n<h2 class=\"wp-block-heading\">La verdad de Ayotzinapa<\/h2>\n\n\n\n<p>L\u00f3pez Obrador reabri\u00f3 la pol\u00e9mica investigaci\u00f3n con la que el gobierno de Enrique Pe\u00f1a Nieto hab\u00eda dado carpetazo al caso de la desaparici\u00f3n de los 43 estudiantes de Ayotzinapa en 2014.<\/p>\n\n\n\n<p><strong>El 7 de julio de 2020, se anunci\u00f3 el hallazgo de restos del estudiante Christian Alfonso Rodr\u00edguez en un lugar diferente donde el gobierno anterior concluy\u00f3<\/strong>&nbsp;que hab\u00edan sido quemados los j\u00f3venes.<\/p>\n\n\n\n<figure class=\"wp-block-image\"><img decoding=\"async\" src=\"https:\/\/www.informador.mx\/export\/sites\/elinformador\/img\/2021\/12\/01\/rs56765_3269588-dig-2019-09-28-00-36-091.jpg_347421144.jpg\" alt=\"\" title=\"\"\/><figcaption>EL INFORMADOR \/ ARCHIVO<\/figcaption><\/figure>\n\n\n\n<h2 class=\"wp-block-heading\">El amigo Trump<\/h2>\n\n\n\n<p>Contra todo pron\u00f3stico,&nbsp;<strong>L\u00f3pez Obrador teji\u00f3 una gran afinidad con el presidente de Estados Unidos Donald Trump&nbsp;<\/strong>(2017-2021), quien hab\u00eda amenazado a M\u00e9xico con imponer aranceles si no frenaba las caravanas de migrantes centroamericanos.<\/p>\n\n\n\n<p><strong>&#8220;Usted no nos ha tratado como colonia&#8221;<\/strong>, expres\u00f3 el 8 de julio de 2020 al visitar a Trump en la Casa Blanca en el que fue su primer viaje al extranjero.<\/p>\n\n\n\n<figure class=\"wp-block-image\"><img decoding=\"async\" src=\"https:\/\/www.informador.mx\/export\/sites\/elinformador\/img\/2021\/12\/01\/rs1161663_age-2020-08-17-19-47-72.jpg_261533691.jpg\" alt=\"\" title=\"\"\/><figcaption>AFP \/ ARCHIVO<\/figcaption><\/figure>\n\n\n\n<h2 class=\"wp-block-heading\">Odebrecht estalla en M\u00e9xico<\/h2>\n\n\n\n<p>El caso Odebrecht estall\u00f3 en M\u00e9xico el 17 de julio de 2020 con la extradici\u00f3n desde Espa\u00f1a del exdirector de Pemex Emilio Lozoya, quien inculp\u00f3 en la trama de sobornos a decenas de pol\u00edticos, incluido a Pe\u00f1a Nieto.<\/p>\n\n\n\n<p><strong>En octubre pasado, Lozoya fue captado cenando en un restaurante de lujo, tras lo cual la Fiscal\u00eda dej\u00f3 de considerarlo un testigo protegido y entr\u00f3 en prisi\u00f3n<\/strong>.<\/p>\n\n\n\n<figure class=\"wp-block-image\"><img decoding=\"async\" src=\"https:\/\/www.informador.mx\/export\/sites\/elinformador\/img\/2021\/12\/01\/rs3087988_age-2021-08-09-18-49-57.jpg_323409598.jpg\" alt=\"\" title=\"\"\/><figcaption>SUN \/ ARCHIVO<\/figcaption><\/figure>\n\n\n\n<h2 class=\"wp-block-heading\">El &#8220;sorteo&#8221; del avi\u00f3n<\/h2>\n\n\n\n<p><strong>Ha intentado sin \u00e9xito vender el avi\u00f3n presidencial<\/strong>&nbsp;de su antecesor al considerar que una aeronave tan lujosa no la ten\u00eda &#8220;ni Obama&#8221;, e incluso se le ocurri\u00f3 la posibilidad de sortearlo.<\/p>\n\n\n\n<p>Finalmente, el 15 de septiembre de 2020, la Loter\u00eda Nacional llev\u00f3 a cabo la famosa rifa del avi\u00f3n, pero en lugar de la aeronave,&nbsp;<strong>se sorte\u00f3 el equivalente a su precio en efectivo<\/strong>.<\/p>\n\n\n\n<figure class=\"wp-block-image\"><img decoding=\"async\" src=\"https:\/\/www.informador.mx\/export\/sites\/elinformador\/img\/2021\/12\/01\/rs1160703_age-2020-08-17-21-21-40.jpg_347421144.jpg\" alt=\"\" title=\"\"\/><figcaption>SUN \/ ARCHIVO<\/figcaption><\/figure>\n\n\n\n<h2 class=\"wp-block-heading\">Citas en las urnas<\/h2>\n\n\n\n<p><strong>La elevada popularidad del Presidente L\u00f3pez Obrador, superior al 60%, facilit\u00f3 a su partido, Morena, retener la mayor\u00eda absoluta de la C\u00e1mara de Diputados&nbsp;<\/strong>en las elecciones intermedias del 6 de junio de 2021, si bien no logr\u00f3 la mayor\u00eda de tres cuartos para reformar la Constituci\u00f3n.<\/p>\n\n\n\n<p>Un mes despu\u00e9s, la consulta popular que convoc\u00f3 sobre enjuiciar por corrupci\u00f3n a los expresidentes del pa\u00eds pinch\u00f3 con una raqu\u00edtica participaci\u00f3n del 7 por ciento.<\/p>\n\n\n\n<figure class=\"wp-block-image\"><img decoding=\"async\" src=\"https:\/\/www.informador.mx\/export\/sites\/elinformador\/img\/2021\/12\/01\/rs338441_3026630-dig-2018-04-01-23-00-0184.jpg_348344665.jpg\" alt=\"\" title=\"\"\/><figcaption>NTX \/ ARCHIVO<\/figcaption><\/figure>\n\n\n\n<h2 class=\"wp-block-heading\">Sin perd\u00f3n por la Conquista<\/h2>\n\n\n\n<p>Al cumplirse en agosto pasado los 500 a\u00f1os de la ca\u00edda de Tenochtitlan,&nbsp;<strong>L\u00f3pez Obrador quiso que la monarqu\u00eda espa\u00f1ola se disculpara por los abusos de la Conquista<\/strong>, algo que no logr\u00f3 y da\u00f1\u00f3 la relaci\u00f3n con el gobierno espa\u00f1ol.<\/p>\n\n\n\n<p><strong>Tampoco consigui\u00f3 que Austria devolviera a M\u00e9xico el penacho del emperador azteca Moctezuma II<\/strong>, pero s\u00ed que el papa Francisco reconociera por carta &#8220;los errores&#8221; cometidos por la Iglesia durante la conquista.<\/p>\n\n\n\n<figure class=\"wp-block-image\"><img decoding=\"async\" src=\"https:\/\/www.informador.mx\/export\/sites\/elinformador\/img\/2021\/12\/01\/rs193069_3152401-age-2018-12-18-20-58-0878.jpg_347421144.jpg\" alt=\"\" title=\"\"\/><figcaption>EFE \/ ARCHIVO<\/figcaption><\/figure>\n\n\n\n<h2 class=\"wp-block-heading\">Una reforma de alto voltaje<\/h2>\n\n\n\n<p>L\u00f3pez Obrador envi\u00f3 el pasado 1 de octubre al Congreso una propuesta de reforma constitucional para fortalecer al sector p\u00fablico el\u00e9ctrico y limitar la participaci\u00f3n de empresas privadas.<\/p>\n\n\n\n<p><strong>La reforma, que todav\u00eda no ha sido debatida, ha despertado &#8220;serias preocupaciones&#8221; en Estados Unidos<\/strong>&nbsp;y ha sido criticada por ambientalistas que consideran que relega las energ\u00edas limpias.<\/p>\n\n\n\n<figure class=\"wp-block-image\"><img decoding=\"async\" src=\"https:\/\/www.informador.mx\/export\/sites\/elinformador\/img\/2021\/12\/01\/rs2140723_age-2020-10-24-23-33-66.jpg_347421144.jpg\" alt=\"\" title=\"\"\/><figcaption>SUN \/ ARCHIVO<\/figcaption><\/figure>\n\n\n\n<h2 class=\"wp-block-heading\">Las &#8220;ma\u00f1aneras&#8221;<\/h2>\n\n\n\n<p><strong>AMLO ha emprendido una in\u00e9dita pol\u00edtica de comunicaci\u00f3n basada en las llamadas &#8220;ma\u00f1aneras&#8221;<\/strong>, ruedas de prensa que ofrece todos los d\u00edas a las siete de la ma\u00f1ana, y donde defiende sus acciones y arremete contra sus adversarios y la prensa cr\u00edtica.<\/p>\n\n\n\n<figure class=\"wp-block-image\"><img decoding=\"async\" src=\"https:\/\/www.informador.mx\/export\/sites\/elinformador\/img\/2021\/12\/01\/mxxico_estudia_aplicar_x5836013x.jpg_260610170.jpg\" alt=\"\" title=\"\"\/><figcaption>EFE \/ ARCHIVO<\/figcaption><\/figure>\n\n\n\n<p>Con Informaci\u00f3n de EFE<br><br><br><\/p>\n","protected":false},"excerpt":{"rendered":"<p>Por Redacci\u00f3n QP AMLO\u00a0llega al ecuador de su mandato con una alta popularidad y 12&#8230;<\/p>\n","protected":false},"author":2,"featured_media":87032,"comment_status":"open","ping_status":"open","sticky":false,"template":"","format":"standard","meta":{"_monsterinsights_skip_tracking":false,"_monsterinsights_sitenote_active":false,"_monsterinsights_sitenote_note":"","_monsterinsights_sitenote_category":0,"footnotes":""},"categories":[2],"tags":[],"class_list":["post-87031","post","type-post","status-publish","format-standard","has-post-thumbnail","hentry","category-noticias"],"yoast_head":"<!-- This site is optimized with the Yoast SEO plugin v27.3 - https:\/\/yoast.com\/product\/yoast-seo-wordpress\/ -->\n<title>AMLO, a la mitad del camino; 12 momentos clave del Presidente de M\u00e9xico -<\/title>\n<meta name=\"robots\" content=\"index, follow, max-snippet:-1, max-image-preview:large, max-video-preview:-1\" \/>\n<link rel=\"canonical\" href=\"https:\/\/quehacerpolitico.mx\/?p=87031\" \/>\n<meta property=\"og:locale\" content=\"es_MX\" \/>\n<meta property=\"og:type\" content=\"article\" \/>\n<meta property=\"og:title\" content=\"AMLO, a la mitad del camino; 12 momentos clave del Presidente de M\u00e9xico -\" \/>\n<meta property=\"og:description\" content=\"Por Redacci\u00f3n QP AMLO\u00a0llega al ecuador de su mandato con una alta popularidad y 12...\" \/>\n<meta property=\"og:url\" content=\"https:\/\/quehacerpolitico.mx\/?p=87031\" \/>\n<meta property=\"article:published_time\" content=\"2021-12-01T21:06:57+00:00\" \/>\n<meta property=\"article:modified_time\" content=\"2021-12-01T21:07:00+00:00\" \/>\n<meta property=\"og:image\" content=\"https:\/\/quehacerpolitico.mx\/wp-content\/uploads\/2021\/12\/D9915C42-5162-411B-9DBF-110BA5869392.jpeg\" \/>\n\t<meta property=\"og:image:width\" content=\"702\" \/>\n\t<meta property=\"og:image:height\" content=\"437\" \/>\n\t<meta property=\"og:image:type\" content=\"image\/jpeg\" \/>\n<meta name=\"author\" content=\"Redacci\u00f3n QP\" \/>\n<meta name=\"twitter:card\" content=\"summary_large_image\" \/>\n<meta name=\"twitter:label1\" content=\"Escrito por\" \/>\n\t<meta name=\"twitter:data1\" content=\"Redacci\u00f3n QP\" \/>\n\t<meta name=\"twitter:label2\" content=\"Tiempo de lectura\" \/>\n\t<meta name=\"twitter:data2\" content=\"5 minutos\" \/>\n<script type=\"application\/ld+json\" class=\"yoast-schema-graph\">{\"@context\":\"https:\\\/\\\/schema.org\",\"@graph\":[{\"@type\":\"Article\",\"@id\":\"https:\\\/\\\/quehacerpolitico.mx\\\/?p=87031#article\",\"isPartOf\":{\"@id\":\"https:\\\/\\\/quehacerpolitico.mx\\\/?p=87031\"},\"author\":{\"name\":\"Redacci\u00f3n QP\",\"@id\":\"https:\\\/\\\/quehacerpolitico.mx\\\/#\\\/schema\\\/person\\\/496d8ad2d1d3f8036101dca7ee39e585\"},\"headline\":\"AMLO, a la mitad del camino; 12 momentos clave del Presidente de M\u00e9xico\",\"datePublished\":\"2021-12-01T21:06:57+00:00\",\"dateModified\":\"2021-12-01T21:07:00+00:00\",\"mainEntityOfPage\":{\"@id\":\"https:\\\/\\\/quehacerpolitico.mx\\\/?p=87031\"},\"wordCount\":1074,\"commentCount\":0,\"image\":{\"@id\":\"https:\\\/\\\/quehacerpolitico.mx\\\/?p=87031#primaryimage\"},\"thumbnailUrl\":\"https:\\\/\\\/quehacerpolitico.mx\\\/wp-content\\\/uploads\\\/2021\\\/12\\\/D9915C42-5162-411B-9DBF-110BA5869392.jpeg\",\"articleSection\":[\"Noticias\"],\"inLanguage\":\"es\",\"potentialAction\":[{\"@type\":\"CommentAction\",\"name\":\"Comment\",\"target\":[\"https:\\\/\\\/quehacerpolitico.mx\\\/?p=87031#respond\"]}]},{\"@type\":\"WebPage\",\"@id\":\"https:\\\/\\\/quehacerpolitico.mx\\\/?p=87031\",\"url\":\"https:\\\/\\\/quehacerpolitico.mx\\\/?p=87031\",\"name\":\"AMLO, a la mitad del camino; 12 momentos clave del Presidente de M\u00e9xico -\",\"isPartOf\":{\"@id\":\"https:\\\/\\\/quehacerpolitico.mx\\\/#website\"},\"primaryImageOfPage\":{\"@id\":\"https:\\\/\\\/quehacerpolitico.mx\\\/?p=87031#primaryimage\"},\"image\":{\"@id\":\"https:\\\/\\\/quehacerpolitico.mx\\\/?p=87031#primaryimage\"},\"thumbnailUrl\":\"https:\\\/\\\/quehacerpolitico.mx\\\/wp-content\\\/uploads\\\/2021\\\/12\\\/D9915C42-5162-411B-9DBF-110BA5869392.jpeg\",\"datePublished\":\"2021-12-01T21:06:57+00:00\",\"dateModified\":\"2021-12-01T21:07:00+00:00\",\"author\":{\"@id\":\"https:\\\/\\\/quehacerpolitico.mx\\\/#\\\/schema\\\/person\\\/496d8ad2d1d3f8036101dca7ee39e585\"},\"breadcrumb\":{\"@id\":\"https:\\\/\\\/quehacerpolitico.mx\\\/?p=87031#breadcrumb\"},\"inLanguage\":\"es\",\"potentialAction\":[{\"@type\":\"ReadAction\",\"target\":[\"https:\\\/\\\/quehacerpolitico.mx\\\/?p=87031\"]}]},{\"@type\":\"ImageObject\",\"inLanguage\":\"es\",\"@id\":\"https:\\\/\\\/quehacerpolitico.mx\\\/?p=87031#primaryimage\",\"url\":\"https:\\\/\\\/quehacerpolitico.mx\\\/wp-content\\\/uploads\\\/2021\\\/12\\\/D9915C42-5162-411B-9DBF-110BA5869392.jpeg\",\"contentUrl\":\"https:\\\/\\\/quehacerpolitico.mx\\\/wp-content\\\/uploads\\\/2021\\\/12\\\/D9915C42-5162-411B-9DBF-110BA5869392.jpeg\",\"width\":702,\"height\":437},{\"@type\":\"BreadcrumbList\",\"@id\":\"https:\\\/\\\/quehacerpolitico.mx\\\/?p=87031#breadcrumb\",\"itemListElement\":[{\"@type\":\"ListItem\",\"position\":1,\"name\":\"Inicio\",\"item\":\"https:\\\/\\\/quehacerpolitico.mx\\\/\"},{\"@type\":\"ListItem\",\"position\":2,\"name\":\"AMLO, a la mitad del camino; 12 momentos clave del Presidente de M\u00e9xico\"}]},{\"@type\":\"WebSite\",\"@id\":\"https:\\\/\\\/quehacerpolitico.mx\\\/#website\",\"url\":\"https:\\\/\\\/quehacerpolitico.mx\\\/\",\"name\":\"\",\"description\":\"\",\"potentialAction\":[{\"@type\":\"SearchAction\",\"target\":{\"@type\":\"EntryPoint\",\"urlTemplate\":\"https:\\\/\\\/quehacerpolitico.mx\\\/?s={search_term_string}\"},\"query-input\":{\"@type\":\"PropertyValueSpecification\",\"valueRequired\":true,\"valueName\":\"search_term_string\"}}],\"inLanguage\":\"es\"},{\"@type\":\"Person\",\"@id\":\"https:\\\/\\\/quehacerpolitico.mx\\\/#\\\/schema\\\/person\\\/496d8ad2d1d3f8036101dca7ee39e585\",\"name\":\"Redacci\u00f3n QP\",\"image\":{\"@type\":\"ImageObject\",\"inLanguage\":\"es\",\"@id\":\"https:\\\/\\\/secure.gravatar.com\\\/avatar\\\/c7164ed6fdec453195284ad24a5ae5b6e1eed2b848477fa2a4787ba9adf39a41?s=96&d=mm&r=g\",\"url\":\"https:\\\/\\\/secure.gravatar.com\\\/avatar\\\/c7164ed6fdec453195284ad24a5ae5b6e1eed2b848477fa2a4787ba9adf39a41?s=96&d=mm&r=g\",\"contentUrl\":\"https:\\\/\\\/secure.gravatar.com\\\/avatar\\\/c7164ed6fdec453195284ad24a5ae5b6e1eed2b848477fa2a4787ba9adf39a41?s=96&d=mm&r=g\",\"caption\":\"Redacci\u00f3n QP\"},\"url\":\"https:\\\/\\\/quehacerpolitico.mx\\\/?author=2\"}]}<\/script>\n<!-- \/ Yoast SEO plugin. -->","yoast_head_json":{"title":"AMLO, a la mitad del camino; 12 momentos clave del Presidente de M\u00e9xico -","robots":{"index":"index","follow":"follow","max-snippet":"max-snippet:-1","max-image-preview":"max-image-preview:large","max-video-preview":"max-video-preview:-1"},"canonical":"https:\/\/quehacerpolitico.mx\/?p=87031","og_locale":"es_MX","og_type":"article","og_title":"AMLO, a la mitad del camino; 12 momentos clave del Presidente de M\u00e9xico -","og_description":"Por Redacci\u00f3n QP AMLO\u00a0llega al ecuador de su mandato con una alta popularidad y 12...","og_url":"https:\/\/quehacerpolitico.mx\/?p=87031","article_published_time":"2021-12-01T21:06:57+00:00","article_modified_time":"2021-12-01T21:07:00+00:00","og_image":[{"width":702,"height":437,"url":"https:\/\/quehacerpolitico.mx\/wp-content\/uploads\/2021\/12\/D9915C42-5162-411B-9DBF-110BA5869392.jpeg","type":"image\/jpeg"}],"author":"Redacci\u00f3n QP","twitter_card":"summary_large_image","twitter_misc":{"Escrito por":"Redacci\u00f3n QP","Tiempo de lectura":"5 minutos"},"schema":{"@context":"https:\/\/schema.org","@graph":[{"@type":"Article","@id":"https:\/\/quehacerpolitico.mx\/?p=87031#article","isPartOf":{"@id":"https:\/\/quehacerpolitico.mx\/?p=87031"},"author":{"name":"Redacci\u00f3n QP","@id":"https:\/\/quehacerpolitico.mx\/#\/schema\/person\/496d8ad2d1d3f8036101dca7ee39e585"},"headline":"AMLO, a la mitad del camino; 12 momentos clave del Presidente de M\u00e9xico","datePublished":"2021-12-01T21:06:57+00:00","dateModified":"2021-12-01T21:07:00+00:00","mainEntityOfPage":{"@id":"https:\/\/quehacerpolitico.mx\/?p=87031"},"wordCount":1074,"commentCount":0,"image":{"@id":"https:\/\/quehacerpolitico.mx\/?p=87031#primaryimage"},"thumbnailUrl":"https:\/\/quehacerpolitico.mx\/wp-content\/uploads\/2021\/12\/D9915C42-5162-411B-9DBF-110BA5869392.jpeg","articleSection":["Noticias"],"inLanguage":"es","potentialAction":[{"@type":"CommentAction","name":"Comment","target":["https:\/\/quehacerpolitico.mx\/?p=87031#respond"]}]},{"@type":"WebPage","@id":"https:\/\/quehacerpolitico.mx\/?p=87031","url":"https:\/\/quehacerpolitico.mx\/?p=87031","name":"AMLO, a la mitad del camino; 12 momentos clave del Presidente de M\u00e9xico -","isPartOf":{"@id":"https:\/\/quehacerpolitico.mx\/#website"},"primaryImageOfPage":{"@id":"https:\/\/quehacerpolitico.mx\/?p=87031#primaryimage"},"image":{"@id":"https:\/\/quehacerpolitico.mx\/?p=87031#primaryimage"},"thumbnailUrl":"https:\/\/quehacerpolitico.mx\/wp-content\/uploads\/2021\/12\/D9915C42-5162-411B-9DBF-110BA5869392.jpeg","datePublished":"2021-12-01T21:06:57+00:00","dateModified":"2021-12-01T21:07:00+00:00","author":{"@id":"https:\/\/quehacerpolitico.mx\/#\/schema\/person\/496d8ad2d1d3f8036101dca7ee39e585"},"breadcrumb":{"@id":"https:\/\/quehacerpolitico.mx\/?p=87031#breadcrumb"},"inLanguage":"es","potentialAction":[{"@type":"ReadAction","target":["https:\/\/quehacerpolitico.mx\/?p=87031"]}]},{"@type":"ImageObject","inLanguage":"es","@id":"https:\/\/quehacerpolitico.mx\/?p=87031#primaryimage","url":"https:\/\/quehacerpolitico.mx\/wp-content\/uploads\/2021\/12\/D9915C42-5162-411B-9DBF-110BA5869392.jpeg","contentUrl":"https:\/\/quehacerpolitico.mx\/wp-content\/uploads\/2021\/12\/D9915C42-5162-411B-9DBF-110BA5869392.jpeg","width":702,"height":437},{"@type":"BreadcrumbList","@id":"https:\/\/quehacerpolitico.mx\/?p=87031#breadcrumb","itemListElement":[{"@type":"ListItem","position":1,"name":"Inicio","item":"https:\/\/quehacerpolitico.mx\/"},{"@type":"ListItem","position":2,"name":"AMLO, a la mitad del camino; 12 momentos clave del Presidente de M\u00e9xico"}]},{"@type":"WebSite","@id":"https:\/\/quehacerpolitico.mx\/#website","url":"https:\/\/quehacerpolitico.mx\/","name":"","description":"","potentialAction":[{"@type":"SearchAction","target":{"@type":"EntryPoint","urlTemplate":"https:\/\/quehacerpolitico.mx\/?s={search_term_string}"},"query-input":{"@type":"PropertyValueSpecification","valueRequired":true,"valueName":"search_term_string"}}],"inLanguage":"es"},{"@type":"Person","@id":"https:\/\/quehacerpolitico.mx\/#\/schema\/person\/496d8ad2d1d3f8036101dca7ee39e585","name":"Redacci\u00f3n QP","image":{"@type":"ImageObject","inLanguage":"es","@id":"https:\/\/secure.gravatar.com\/avatar\/c7164ed6fdec453195284ad24a5ae5b6e1eed2b848477fa2a4787ba9adf39a41?s=96&d=mm&r=g","url":"https:\/\/secure.gravatar.com\/avatar\/c7164ed6fdec453195284ad24a5ae5b6e1eed2b848477fa2a4787ba9adf39a41?s=96&d=mm&r=g","contentUrl":"https:\/\/secure.gravatar.com\/avatar\/c7164ed6fdec453195284ad24a5ae5b6e1eed2b848477fa2a4787ba9adf39a41?s=96&d=mm&r=g","caption":"Redacci\u00f3n QP"},"url":"https:\/\/quehacerpolitico.mx\/?author=2"}]}},"featured_image_urls":{"full":["https:\/\/quehacerpolitico.mx\/wp-content\/uploads\/2021\/12\/D9915C42-5162-411B-9DBF-110BA5869392.jpeg",702,437,false],"thumbnail":["https:\/\/quehacerpolitico.mx\/wp-content\/uploads\/2021\/12\/D9915C42-5162-411B-9DBF-110BA5869392-150x150.jpeg",150,150,true],"medium":["https:\/\/quehacerpolitico.mx\/wp-content\/uploads\/2021\/12\/D9915C42-5162-411B-9DBF-110BA5869392-300x187.jpeg",300,187,true],"medium_large":["https:\/\/quehacerpolitico.mx\/wp-content\/uploads\/2021\/12\/D9915C42-5162-411B-9DBF-110BA5869392.jpeg",640,398,false],"large":["https:\/\/quehacerpolitico.mx\/wp-content\/uploads\/2021\/12\/D9915C42-5162-411B-9DBF-110BA5869392.jpeg",640,398,false],"1536x1536":["https:\/\/quehacerpolitico.mx\/wp-content\/uploads\/2021\/12\/D9915C42-5162-411B-9DBF-110BA5869392.jpeg",702,437,false],"2048x2048":["https:\/\/quehacerpolitico.mx\/wp-content\/uploads\/2021\/12\/D9915C42-5162-411B-9DBF-110BA5869392.jpeg",702,437,false],"covernews-featured":["https:\/\/quehacerpolitico.mx\/wp-content\/uploads\/2021\/12\/D9915C42-5162-411B-9DBF-110BA5869392.jpeg",702,437,false],"covernews-medium":["https:\/\/quehacerpolitico.mx\/wp-content\/uploads\/2021\/12\/D9915C42-5162-411B-9DBF-110BA5869392.jpeg",540,336,false]},"author_info":{"display_name":"Redacci\u00f3n QP","author_link":"https:\/\/quehacerpolitico.mx\/?author=2"},"category_info":"<a href=\"https:\/\/quehacerpolitico.mx\/?cat=2\" rel=\"category\">Noticias<\/a>","tag_info":"Noticias","comment_count":"0","_links":{"self":[{"href":"https:\/\/quehacerpolitico.mx\/index.php?rest_route=\/wp\/v2\/posts\/87031","targetHints":{"allow":["GET"]}}],"collection":[{"href":"https:\/\/quehacerpolitico.mx\/index.php?rest_route=\/wp\/v2\/posts"}],"about":[{"href":"https:\/\/quehacerpolitico.mx\/index.php?rest_route=\/wp\/v2\/types\/post"}],"author":[{"embeddable":true,"href":"https:\/\/quehacerpolitico.mx\/index.php?rest_route=\/wp\/v2\/users\/2"}],"replies":[{"embeddable":true,"href":"https:\/\/quehacerpolitico.mx\/index.php?rest_route=%2Fwp%2Fv2%2Fcomments&post=87031"}],"version-history":[{"count":1,"href":"https:\/\/quehacerpolitico.mx\/index.php?rest_route=\/wp\/v2\/posts\/87031\/revisions"}],"predecessor-version":[{"id":87033,"href":"https:\/\/quehacerpolitico.mx\/index.php?rest_route=\/wp\/v2\/posts\/87031\/revisions\/87033"}],"wp:featuredmedia":[{"embeddable":true,"href":"https:\/\/quehacerpolitico.mx\/index.php?rest_route=\/wp\/v2\/media\/87032"}],"wp:attachment":[{"href":"https:\/\/quehacerpolitico.mx\/index.php?rest_route=%2Fwp%2Fv2%2Fmedia&parent=87031"}],"wp:term":[{"taxonomy":"category","embeddable":true,"href":"https:\/\/quehacerpolitico.mx\/index.php?rest_route=%2Fwp%2Fv2%2Fcategories&post=87031"},{"taxonomy":"post_tag","embeddable":true,"href":"https:\/\/quehacerpolitico.mx\/index.php?rest_route=%2Fwp%2Fv2%2Ftags&post=87031"}],"curies":[{"name":"wp","href":"https:\/\/api.w.org\/{rel}","templated":true}]}}