{"id":86990,"date":"2021-11-30T18:33:19","date_gmt":"2021-11-30T18:33:19","guid":{"rendered":"https:\/\/quehacerpolitico.mx\/?p=86990"},"modified":"2021-11-30T18:33:22","modified_gmt":"2021-11-30T18:33:22","slug":"andres-lillini-es-un-entrenador-top-alan-mozo","status":"publish","type":"post","link":"https:\/\/quehacerpolitico.mx\/?p=86990","title":{"rendered":"Andr\u00e9s Lillini es un entrenador top: Alan Mozo"},"content":{"rendered":"\n<p>Por Redacci\u00f3n QP<\/p>\n\n\n\n<p>El zaguero felino se ilusiona con poder cumplir su meta de ir a jugar al futbol del Viejo Continente<\/p>\n\n\n\n<p>Alan Mozo pas\u00f3 de ser una promesa a titular con Pumas, hasta que un par de indisciplinas le costaron ser muy criticado e incluso perdi\u00f3 convocatorias a Selecci\u00f3n Ol\u00edmpica. Sin embargo, el lateral derecho de los felinos ha vuelto a destacar poco a poco gracias al apoyo del entrenador Andr\u00e9s Lillini, que sigue confiando en \u00e9l. &#8220;Andr\u00e9s es mucho m\u00e1s que un entrenador es alguien que me ha apoyado en momentos que lo he necesitado. La verdad es alguien que me ha ayudado a tranquilizarme en la cancha y fuera de ella y pues estoy muy agradecido. Estoy seguro que el grupo le ha beneficiado un entrenador como Andr\u00e9s porque antes de ser entrenador es una gran persona y eso da de qu\u00e9 hablar con \u00e9l&#8221;, expres\u00f3 Mozo sobre Lillini.<\/p>\n\n\n\n<figure class=\"wp-block-image size-large\"><img loading=\"lazy\" decoding=\"async\" width=\"804\" height=\"1024\" src=\"https:\/\/quehacerpolitico.mx\/wp-content\/uploads\/2021\/11\/image-21-804x1024.jpeg\" alt=\"\" class=\"wp-image-86991\" srcset=\"https:\/\/quehacerpolitico.mx\/wp-content\/uploads\/2021\/11\/image-21-804x1024.jpeg 804w, https:\/\/quehacerpolitico.mx\/wp-content\/uploads\/2021\/11\/image-21-235x300.jpeg 235w, https:\/\/quehacerpolitico.mx\/wp-content\/uploads\/2021\/11\/image-21-768x979.jpeg 768w, https:\/\/quehacerpolitico.mx\/wp-content\/uploads\/2021\/11\/image-21-1206x1536.jpeg 1206w, https:\/\/quehacerpolitico.mx\/wp-content\/uploads\/2021\/11\/image-21-115x146.jpeg 115w, https:\/\/quehacerpolitico.mx\/wp-content\/uploads\/2021\/11\/image-21-39x50.jpeg 39w, https:\/\/quehacerpolitico.mx\/wp-content\/uploads\/2021\/11\/image-21-59x75.jpeg 59w, https:\/\/quehacerpolitico.mx\/wp-content\/uploads\/2021\/11\/image-21.jpeg 1284w\" sizes=\"auto, (max-width: 804px) 100vw, 804px\" \/><\/figure>\n\n\n\n<p>El DT ha sabido sacarle provecho a una plantilla que est\u00e1 ubicada entre las cuatro peores de la Liga MX seg\u00fan Transfermarkt, pero de acuerdo con Mozo el DT se ha vuelto un elemento top gracias a esta forma de trabajar. &#8220;Llevamos un a\u00f1o y medio con \u00e9l, llegamos a una Semifinal y una Final con \u00e9l, creo que es alguien que le ha sacado provecho a sus jugadores y si eso nos da para llegar a dos Finales en a\u00f1o y medio entonces es un entrenador top&#8221;, dijo.<\/p>\n\n\n\n<p>Se ilusiona con Europa Lillini tambi\u00e9n le ha dedicado elogios al jugador y ha dicho posterior al partido de Am\u00e9rica y Pumas de los Cuartos de Final del Apertura que tiene nivel para jugar en Europa, un sue\u00f1o que sigue presente en el lateral derecho. &#8220;Europa ha sido uno de mis sue\u00f1os que poco a poco se ha vuelto una meta. Yo voy a seguir trabajando, creo que si un entrenador tiene esa opini\u00f3n de m\u00ed es por algo, esa es una de mis metas, me encantar\u00eda, pero primero tengo que dar pasos fuertes para ser opci\u00f3n en Europa&#8221;, dijo.<\/p>\n\n\n\n<p>Con Informaci\u00f3n de Medio Tiempo <\/p>\n","protected":false},"excerpt":{"rendered":"<p>Por Redacci\u00f3n QP El zaguero felino se ilusiona con poder cumplir su meta de ir&#8230;<\/p>\n","protected":false},"author":2,"featured_media":86992,"comment_status":"open","ping_status":"open","sticky":false,"template":"","format":"standard","meta":{"_monsterinsights_skip_tracking":false,"_monsterinsights_sitenote_active":false,"_monsterinsights_sitenote_note":"","_monsterinsights_sitenote_category":0,"footnotes":""},"categories":[54],"tags":[],"class_list":["post-86990","post","type-post","status-publish","format-standard","has-post-thumbnail","hentry","category-deportes"],"yoast_head":"<!-- This site is optimized with the Yoast SEO plugin v27.3 - https:\/\/yoast.com\/product\/yoast-seo-wordpress\/ -->\n<title>Andr\u00e9s Lillini es un entrenador top: Alan Mozo -<\/title>\n<meta name=\"robots\" content=\"index, follow, max-snippet:-1, max-image-preview:large, max-video-preview:-1\" \/>\n<link rel=\"canonical\" href=\"https:\/\/quehacerpolitico.mx\/?p=86990\" \/>\n<meta property=\"og:locale\" content=\"es_MX\" \/>\n<meta property=\"og:type\" content=\"article\" \/>\n<meta property=\"og:title\" content=\"Andr\u00e9s Lillini es un entrenador top: Alan Mozo -\" \/>\n<meta property=\"og:description\" content=\"Por Redacci\u00f3n QP El zaguero felino se ilusiona con poder cumplir su meta de ir...\" \/>\n<meta property=\"og:url\" content=\"https:\/\/quehacerpolitico.mx\/?p=86990\" \/>\n<meta property=\"article:published_time\" content=\"2021-11-30T18:33:19+00:00\" \/>\n<meta property=\"article:modified_time\" content=\"2021-11-30T18:33:22+00:00\" \/>\n<meta property=\"og:image\" content=\"https:\/\/quehacerpolitico.mx\/wp-content\/uploads\/2021\/11\/392362C1-3D07-44C2-B873-EFD172F540D3.jpeg\" \/>\n\t<meta property=\"og:image:width\" content=\"739\" \/>\n\t<meta property=\"og:image:height\" content=\"415\" \/>\n\t<meta property=\"og:image:type\" content=\"image\/jpeg\" \/>\n<meta name=\"author\" content=\"Redacci\u00f3n QP\" \/>\n<meta name=\"twitter:card\" content=\"summary_large_image\" \/>\n<meta name=\"twitter:label1\" content=\"Escrito por\" \/>\n\t<meta name=\"twitter:data1\" content=\"Redacci\u00f3n QP\" \/>\n\t<meta name=\"twitter:label2\" content=\"Tiempo de lectura\" \/>\n\t<meta name=\"twitter:data2\" content=\"2 minutos\" \/>\n<script type=\"application\/ld+json\" class=\"yoast-schema-graph\">{\"@context\":\"https:\\\/\\\/schema.org\",\"@graph\":[{\"@type\":\"Article\",\"@id\":\"https:\\\/\\\/quehacerpolitico.mx\\\/?p=86990#article\",\"isPartOf\":{\"@id\":\"https:\\\/\\\/quehacerpolitico.mx\\\/?p=86990\"},\"author\":{\"name\":\"Redacci\u00f3n QP\",\"@id\":\"https:\\\/\\\/quehacerpolitico.mx\\\/#\\\/schema\\\/person\\\/496d8ad2d1d3f8036101dca7ee39e585\"},\"headline\":\"Andr\u00e9s Lillini es un entrenador top: Alan Mozo\",\"datePublished\":\"2021-11-30T18:33:19+00:00\",\"dateModified\":\"2021-11-30T18:33:22+00:00\",\"mainEntityOfPage\":{\"@id\":\"https:\\\/\\\/quehacerpolitico.mx\\\/?p=86990\"},\"wordCount\":373,\"commentCount\":0,\"image\":{\"@id\":\"https:\\\/\\\/quehacerpolitico.mx\\\/?p=86990#primaryimage\"},\"thumbnailUrl\":\"https:\\\/\\\/quehacerpolitico.mx\\\/wp-content\\\/uploads\\\/2021\\\/11\\\/392362C1-3D07-44C2-B873-EFD172F540D3.jpeg\",\"articleSection\":[\"Deportes\"],\"inLanguage\":\"es\",\"potentialAction\":[{\"@type\":\"CommentAction\",\"name\":\"Comment\",\"target\":[\"https:\\\/\\\/quehacerpolitico.mx\\\/?p=86990#respond\"]}]},{\"@type\":\"WebPage\",\"@id\":\"https:\\\/\\\/quehacerpolitico.mx\\\/?p=86990\",\"url\":\"https:\\\/\\\/quehacerpolitico.mx\\\/?p=86990\",\"name\":\"Andr\u00e9s Lillini es un entrenador top: Alan Mozo -\",\"isPartOf\":{\"@id\":\"https:\\\/\\\/quehacerpolitico.mx\\\/#website\"},\"primaryImageOfPage\":{\"@id\":\"https:\\\/\\\/quehacerpolitico.mx\\\/?p=86990#primaryimage\"},\"image\":{\"@id\":\"https:\\\/\\\/quehacerpolitico.mx\\\/?p=86990#primaryimage\"},\"thumbnailUrl\":\"https:\\\/\\\/quehacerpolitico.mx\\\/wp-content\\\/uploads\\\/2021\\\/11\\\/392362C1-3D07-44C2-B873-EFD172F540D3.jpeg\",\"datePublished\":\"2021-11-30T18:33:19+00:00\",\"dateModified\":\"2021-11-30T18:33:22+00:00\",\"author\":{\"@id\":\"https:\\\/\\\/quehacerpolitico.mx\\\/#\\\/schema\\\/person\\\/496d8ad2d1d3f8036101dca7ee39e585\"},\"breadcrumb\":{\"@id\":\"https:\\\/\\\/quehacerpolitico.mx\\\/?p=86990#breadcrumb\"},\"inLanguage\":\"es\",\"potentialAction\":[{\"@type\":\"ReadAction\",\"target\":[\"https:\\\/\\\/quehacerpolitico.mx\\\/?p=86990\"]}]},{\"@type\":\"ImageObject\",\"inLanguage\":\"es\",\"@id\":\"https:\\\/\\\/quehacerpolitico.mx\\\/?p=86990#primaryimage\",\"url\":\"https:\\\/\\\/quehacerpolitico.mx\\\/wp-content\\\/uploads\\\/2021\\\/11\\\/392362C1-3D07-44C2-B873-EFD172F540D3.jpeg\",\"contentUrl\":\"https:\\\/\\\/quehacerpolitico.mx\\\/wp-content\\\/uploads\\\/2021\\\/11\\\/392362C1-3D07-44C2-B873-EFD172F540D3.jpeg\",\"width\":739,\"height\":415},{\"@type\":\"BreadcrumbList\",\"@id\":\"https:\\\/\\\/quehacerpolitico.mx\\\/?p=86990#breadcrumb\",\"itemListElement\":[{\"@type\":\"ListItem\",\"position\":1,\"name\":\"Inicio\",\"item\":\"https:\\\/\\\/quehacerpolitico.mx\\\/\"},{\"@type\":\"ListItem\",\"position\":2,\"name\":\"Andr\u00e9s Lillini es un entrenador top: Alan Mozo\"}]},{\"@type\":\"WebSite\",\"@id\":\"https:\\\/\\\/quehacerpolitico.mx\\\/#website\",\"url\":\"https:\\\/\\\/quehacerpolitico.mx\\\/\",\"name\":\"\",\"description\":\"\",\"potentialAction\":[{\"@type\":\"SearchAction\",\"target\":{\"@type\":\"EntryPoint\",\"urlTemplate\":\"https:\\\/\\\/quehacerpolitico.mx\\\/?s={search_term_string}\"},\"query-input\":{\"@type\":\"PropertyValueSpecification\",\"valueRequired\":true,\"valueName\":\"search_term_string\"}}],\"inLanguage\":\"es\"},{\"@type\":\"Person\",\"@id\":\"https:\\\/\\\/quehacerpolitico.mx\\\/#\\\/schema\\\/person\\\/496d8ad2d1d3f8036101dca7ee39e585\",\"name\":\"Redacci\u00f3n QP\",\"image\":{\"@type\":\"ImageObject\",\"inLanguage\":\"es\",\"@id\":\"https:\\\/\\\/secure.gravatar.com\\\/avatar\\\/c7164ed6fdec453195284ad24a5ae5b6e1eed2b848477fa2a4787ba9adf39a41?s=96&d=mm&r=g\",\"url\":\"https:\\\/\\\/secure.gravatar.com\\\/avatar\\\/c7164ed6fdec453195284ad24a5ae5b6e1eed2b848477fa2a4787ba9adf39a41?s=96&d=mm&r=g\",\"contentUrl\":\"https:\\\/\\\/secure.gravatar.com\\\/avatar\\\/c7164ed6fdec453195284ad24a5ae5b6e1eed2b848477fa2a4787ba9adf39a41?s=96&d=mm&r=g\",\"caption\":\"Redacci\u00f3n QP\"},\"url\":\"https:\\\/\\\/quehacerpolitico.mx\\\/?author=2\"}]}<\/script>\n<!-- \/ Yoast SEO plugin. -->","yoast_head_json":{"title":"Andr\u00e9s Lillini es un entrenador top: Alan Mozo -","robots":{"index":"index","follow":"follow","max-snippet":"max-snippet:-1","max-image-preview":"max-image-preview:large","max-video-preview":"max-video-preview:-1"},"canonical":"https:\/\/quehacerpolitico.mx\/?p=86990","og_locale":"es_MX","og_type":"article","og_title":"Andr\u00e9s Lillini es un entrenador top: Alan Mozo -","og_description":"Por Redacci\u00f3n QP El zaguero felino se ilusiona con poder cumplir su meta de ir...","og_url":"https:\/\/quehacerpolitico.mx\/?p=86990","article_published_time":"2021-11-30T18:33:19+00:00","article_modified_time":"2021-11-30T18:33:22+00:00","og_image":[{"width":739,"height":415,"url":"https:\/\/quehacerpolitico.mx\/wp-content\/uploads\/2021\/11\/392362C1-3D07-44C2-B873-EFD172F540D3.jpeg","type":"image\/jpeg"}],"author":"Redacci\u00f3n QP","twitter_card":"summary_large_image","twitter_misc":{"Escrito por":"Redacci\u00f3n QP","Tiempo de lectura":"2 minutos"},"schema":{"@context":"https:\/\/schema.org","@graph":[{"@type":"Article","@id":"https:\/\/quehacerpolitico.mx\/?p=86990#article","isPartOf":{"@id":"https:\/\/quehacerpolitico.mx\/?p=86990"},"author":{"name":"Redacci\u00f3n QP","@id":"https:\/\/quehacerpolitico.mx\/#\/schema\/person\/496d8ad2d1d3f8036101dca7ee39e585"},"headline":"Andr\u00e9s Lillini es un entrenador top: Alan Mozo","datePublished":"2021-11-30T18:33:19+00:00","dateModified":"2021-11-30T18:33:22+00:00","mainEntityOfPage":{"@id":"https:\/\/quehacerpolitico.mx\/?p=86990"},"wordCount":373,"commentCount":0,"image":{"@id":"https:\/\/quehacerpolitico.mx\/?p=86990#primaryimage"},"thumbnailUrl":"https:\/\/quehacerpolitico.mx\/wp-content\/uploads\/2021\/11\/392362C1-3D07-44C2-B873-EFD172F540D3.jpeg","articleSection":["Deportes"],"inLanguage":"es","potentialAction":[{"@type":"CommentAction","name":"Comment","target":["https:\/\/quehacerpolitico.mx\/?p=86990#respond"]}]},{"@type":"WebPage","@id":"https:\/\/quehacerpolitico.mx\/?p=86990","url":"https:\/\/quehacerpolitico.mx\/?p=86990","name":"Andr\u00e9s Lillini es un entrenador top: Alan Mozo -","isPartOf":{"@id":"https:\/\/quehacerpolitico.mx\/#website"},"primaryImageOfPage":{"@id":"https:\/\/quehacerpolitico.mx\/?p=86990#primaryimage"},"image":{"@id":"https:\/\/quehacerpolitico.mx\/?p=86990#primaryimage"},"thumbnailUrl":"https:\/\/quehacerpolitico.mx\/wp-content\/uploads\/2021\/11\/392362C1-3D07-44C2-B873-EFD172F540D3.jpeg","datePublished":"2021-11-30T18:33:19+00:00","dateModified":"2021-11-30T18:33:22+00:00","author":{"@id":"https:\/\/quehacerpolitico.mx\/#\/schema\/person\/496d8ad2d1d3f8036101dca7ee39e585"},"breadcrumb":{"@id":"https:\/\/quehacerpolitico.mx\/?p=86990#breadcrumb"},"inLanguage":"es","potentialAction":[{"@type":"ReadAction","target":["https:\/\/quehacerpolitico.mx\/?p=86990"]}]},{"@type":"ImageObject","inLanguage":"es","@id":"https:\/\/quehacerpolitico.mx\/?p=86990#primaryimage","url":"https:\/\/quehacerpolitico.mx\/wp-content\/uploads\/2021\/11\/392362C1-3D07-44C2-B873-EFD172F540D3.jpeg","contentUrl":"https:\/\/quehacerpolitico.mx\/wp-content\/uploads\/2021\/11\/392362C1-3D07-44C2-B873-EFD172F540D3.jpeg","width":739,"height":415},{"@type":"BreadcrumbList","@id":"https:\/\/quehacerpolitico.mx\/?p=86990#breadcrumb","itemListElement":[{"@type":"ListItem","position":1,"name":"Inicio","item":"https:\/\/quehacerpolitico.mx\/"},{"@type":"ListItem","position":2,"name":"Andr\u00e9s Lillini es un entrenador top: Alan Mozo"}]},{"@type":"WebSite","@id":"https:\/\/quehacerpolitico.mx\/#website","url":"https:\/\/quehacerpolitico.mx\/","name":"","description":"","potentialAction":[{"@type":"SearchAction","target":{"@type":"EntryPoint","urlTemplate":"https:\/\/quehacerpolitico.mx\/?s={search_term_string}"},"query-input":{"@type":"PropertyValueSpecification","valueRequired":true,"valueName":"search_term_string"}}],"inLanguage":"es"},{"@type":"Person","@id":"https:\/\/quehacerpolitico.mx\/#\/schema\/person\/496d8ad2d1d3f8036101dca7ee39e585","name":"Redacci\u00f3n QP","image":{"@type":"ImageObject","inLanguage":"es","@id":"https:\/\/secure.gravatar.com\/avatar\/c7164ed6fdec453195284ad24a5ae5b6e1eed2b848477fa2a4787ba9adf39a41?s=96&d=mm&r=g","url":"https:\/\/secure.gravatar.com\/avatar\/c7164ed6fdec453195284ad24a5ae5b6e1eed2b848477fa2a4787ba9adf39a41?s=96&d=mm&r=g","contentUrl":"https:\/\/secure.gravatar.com\/avatar\/c7164ed6fdec453195284ad24a5ae5b6e1eed2b848477fa2a4787ba9adf39a41?s=96&d=mm&r=g","caption":"Redacci\u00f3n QP"},"url":"https:\/\/quehacerpolitico.mx\/?author=2"}]}},"featured_image_urls":{"full":["https:\/\/quehacerpolitico.mx\/wp-content\/uploads\/2021\/11\/392362C1-3D07-44C2-B873-EFD172F540D3.jpeg",739,415,false],"thumbnail":["https:\/\/quehacerpolitico.mx\/wp-content\/uploads\/2021\/11\/392362C1-3D07-44C2-B873-EFD172F540D3-150x150.jpeg",150,150,true],"medium":["https:\/\/quehacerpolitico.mx\/wp-content\/uploads\/2021\/11\/392362C1-3D07-44C2-B873-EFD172F540D3-300x168.jpeg",300,168,true],"medium_large":["https:\/\/quehacerpolitico.mx\/wp-content\/uploads\/2021\/11\/392362C1-3D07-44C2-B873-EFD172F540D3.jpeg",640,359,false],"large":["https:\/\/quehacerpolitico.mx\/wp-content\/uploads\/2021\/11\/392362C1-3D07-44C2-B873-EFD172F540D3.jpeg",640,359,false],"1536x1536":["https:\/\/quehacerpolitico.mx\/wp-content\/uploads\/2021\/11\/392362C1-3D07-44C2-B873-EFD172F540D3.jpeg",739,415,false],"2048x2048":["https:\/\/quehacerpolitico.mx\/wp-content\/uploads\/2021\/11\/392362C1-3D07-44C2-B873-EFD172F540D3.jpeg",739,415,false],"covernews-featured":["https:\/\/quehacerpolitico.mx\/wp-content\/uploads\/2021\/11\/392362C1-3D07-44C2-B873-EFD172F540D3.jpeg",739,415,false],"covernews-medium":["https:\/\/quehacerpolitico.mx\/wp-content\/uploads\/2021\/11\/392362C1-3D07-44C2-B873-EFD172F540D3.jpeg",540,303,false]},"author_info":{"display_name":"Redacci\u00f3n QP","author_link":"https:\/\/quehacerpolitico.mx\/?author=2"},"category_info":"<a href=\"https:\/\/quehacerpolitico.mx\/?cat=54\" rel=\"category\">Deportes<\/a>","tag_info":"Deportes","comment_count":"0","_links":{"self":[{"href":"https:\/\/quehacerpolitico.mx\/index.php?rest_route=\/wp\/v2\/posts\/86990","targetHints":{"allow":["GET"]}}],"collection":[{"href":"https:\/\/quehacerpolitico.mx\/index.php?rest_route=\/wp\/v2\/posts"}],"about":[{"href":"https:\/\/quehacerpolitico.mx\/index.php?rest_route=\/wp\/v2\/types\/post"}],"author":[{"embeddable":true,"href":"https:\/\/quehacerpolitico.mx\/index.php?rest_route=\/wp\/v2\/users\/2"}],"replies":[{"embeddable":true,"href":"https:\/\/quehacerpolitico.mx\/index.php?rest_route=%2Fwp%2Fv2%2Fcomments&post=86990"}],"version-history":[{"count":1,"href":"https:\/\/quehacerpolitico.mx\/index.php?rest_route=\/wp\/v2\/posts\/86990\/revisions"}],"predecessor-version":[{"id":86993,"href":"https:\/\/quehacerpolitico.mx\/index.php?rest_route=\/wp\/v2\/posts\/86990\/revisions\/86993"}],"wp:featuredmedia":[{"embeddable":true,"href":"https:\/\/quehacerpolitico.mx\/index.php?rest_route=\/wp\/v2\/media\/86992"}],"wp:attachment":[{"href":"https:\/\/quehacerpolitico.mx\/index.php?rest_route=%2Fwp%2Fv2%2Fmedia&parent=86990"}],"wp:term":[{"taxonomy":"category","embeddable":true,"href":"https:\/\/quehacerpolitico.mx\/index.php?rest_route=%2Fwp%2Fv2%2Fcategories&post=86990"},{"taxonomy":"post_tag","embeddable":true,"href":"https:\/\/quehacerpolitico.mx\/index.php?rest_route=%2Fwp%2Fv2%2Ftags&post=86990"}],"curies":[{"name":"wp","href":"https:\/\/api.w.org\/{rel}","templated":true}]}}