{"id":86987,"date":"2021-11-30T18:12:11","date_gmt":"2021-11-30T18:12:11","guid":{"rendered":"https:\/\/quehacerpolitico.mx\/?p=86987"},"modified":"2021-11-30T18:12:13","modified_gmt":"2021-11-30T18:12:13","slug":"nunca-sera-injusto-que-messi-gane-el-balon-de-oro-pep-guardiola","status":"publish","type":"post","link":"https:\/\/quehacerpolitico.mx\/?p=86987","title":{"rendered":"Nunca ser\u00e1 injusto que Messi gane el Bal\u00f3n de Oro: Pep Guardiola"},"content":{"rendered":"\n<p>Por Redacci\u00f3n QP<\/p>\n\n\n\n<p>El entrenador del Manchester City tambi\u00e9n habl\u00f3 sobre la adaptaci\u00f3n de Grealish.<\/p>\n\n\n\n<p>Luego de que Lionel Messi gan\u00f3 el Balon de Oro, premio que otorga France Football, surgieron muchos cuestionamientos sobre por qu\u00e9 el argentino lo gan\u00f3, aunque para Pep Guardiola, entrenador del Manchester City, nunca ser\u00e1 un tema injusto. \u201cNunca ser\u00e1 injusto que Leo Messi gane el Bal\u00f3n de Oro. Es demasiado bueno. El evento sirve para hacer del f\u00fatbol un negocio m\u00e1s entretenido. Me gustar\u00eda felicitar a Alexia, Pedri y Leo Messi por supuesto. \u00bfSi lo merece o no? Yo no soy el indicado para juzgar\u201d, declar\u00f3.<\/p>\n\n\n\n<p>\u201cA este nivel, los cuatro o cinco candidatos finales siempre tienen un nivel alt\u00edsimo y todos lo podr\u00edan ganar. Lewandowski, con todo lo que ha hecho esta temporada y la pasada, la cantidad de goles que marc\u00f3&#8230; \u00bfHubiera sido justo que lo ganara? Tambi\u00e9n. Pero es lo que digo: a este nivel, hay muchos futbolistas y clubes que lo tienen todo para merecer los premios\u201d, dijo. Los cuestionamientos surgen por el nivel que tienen otras figuras del futbol europeo, como Robert Lewandowski, goleador del Bayern Munich y que la Pulga tuvo un mal a\u00f1o con el FC Barcelona, aunque gan\u00f3 la Copa Am\u00e9rica con Argentina, Pep tambi\u00e9n habl\u00f3 sobre la situaci\u00f3n de Jack Grealish, por quien pagaron cien millones de libras esterlinas al Aston Villa, pero le ha costado ser regular. \u201cCreo que Grealish se ha adaptado perfectamente al grupo. Era f\u00e1cil porque tiene muchos compa\u00f1eros ingleses. Ha jugado bien los partidos, no tiene ning\u00fan mal partido. A\u00fan tiene que acabar de encontrar su sitio en el club, en la ciudad, encontrar una casa donde quedarse&#8230; pero no tengo ninguna duda con \u00e9l. Est\u00e1 en un contexto muy diferente al que ten\u00eda en el Aston Villa. No estoy pensando que el mejor Jack Grealish aparecer\u00e1 la pr\u00f3xima temporada. \u00a1Lo quiero ya!\u201d, a\u00f1adi\u00f3<\/p>\n\n\n\n<p>Con Informaci\u00f3n de Medio Tiempo<\/p>\n","protected":false},"excerpt":{"rendered":"<p>Por Redacci\u00f3n QP El entrenador del Manchester City tambi\u00e9n habl\u00f3 sobre la adaptaci\u00f3n de Grealish&#8230;.<\/p>\n","protected":false},"author":2,"featured_media":86988,"comment_status":"open","ping_status":"open","sticky":false,"template":"","format":"standard","meta":{"_monsterinsights_skip_tracking":false,"_monsterinsights_sitenote_active":false,"_monsterinsights_sitenote_note":"","_monsterinsights_sitenote_category":0,"footnotes":""},"categories":[54],"tags":[],"class_list":["post-86987","post","type-post","status-publish","format-standard","has-post-thumbnail","hentry","category-deportes"],"yoast_head":"<!-- This site is optimized with the Yoast SEO plugin v27.3 - https:\/\/yoast.com\/product\/yoast-seo-wordpress\/ -->\n<title>Nunca ser\u00e1 injusto que Messi gane el Bal\u00f3n de Oro: Pep Guardiola -<\/title>\n<meta name=\"robots\" content=\"index, follow, max-snippet:-1, max-image-preview:large, max-video-preview:-1\" \/>\n<link rel=\"canonical\" href=\"https:\/\/quehacerpolitico.mx\/?p=86987\" \/>\n<meta property=\"og:locale\" content=\"es_MX\" \/>\n<meta property=\"og:type\" content=\"article\" \/>\n<meta property=\"og:title\" content=\"Nunca ser\u00e1 injusto que Messi gane el Bal\u00f3n de Oro: Pep Guardiola -\" \/>\n<meta property=\"og:description\" content=\"Por Redacci\u00f3n QP El entrenador del Manchester City tambi\u00e9n habl\u00f3 sobre la adaptaci\u00f3n de Grealish....\" \/>\n<meta property=\"og:url\" content=\"https:\/\/quehacerpolitico.mx\/?p=86987\" \/>\n<meta property=\"article:published_time\" content=\"2021-11-30T18:12:11+00:00\" \/>\n<meta property=\"article:modified_time\" content=\"2021-11-30T18:12:13+00:00\" \/>\n<meta property=\"og:image\" content=\"https:\/\/quehacerpolitico.mx\/wp-content\/uploads\/2021\/11\/D35B5BEF-E531-49C7-9581-069759E6E483.jpeg\" \/>\n\t<meta property=\"og:image:width\" content=\"414\" \/>\n\t<meta property=\"og:image:height\" content=\"298\" \/>\n\t<meta property=\"og:image:type\" content=\"image\/jpeg\" \/>\n<meta name=\"author\" content=\"Redacci\u00f3n QP\" \/>\n<meta name=\"twitter:card\" content=\"summary_large_image\" \/>\n<meta name=\"twitter:label1\" content=\"Escrito por\" \/>\n\t<meta name=\"twitter:data1\" content=\"Redacci\u00f3n QP\" \/>\n\t<meta name=\"twitter:label2\" content=\"Tiempo de lectura\" \/>\n\t<meta name=\"twitter:data2\" content=\"2 minutos\" \/>\n<script type=\"application\/ld+json\" class=\"yoast-schema-graph\">{\"@context\":\"https:\\\/\\\/schema.org\",\"@graph\":[{\"@type\":\"Article\",\"@id\":\"https:\\\/\\\/quehacerpolitico.mx\\\/?p=86987#article\",\"isPartOf\":{\"@id\":\"https:\\\/\\\/quehacerpolitico.mx\\\/?p=86987\"},\"author\":{\"name\":\"Redacci\u00f3n QP\",\"@id\":\"https:\\\/\\\/quehacerpolitico.mx\\\/#\\\/schema\\\/person\\\/496d8ad2d1d3f8036101dca7ee39e585\"},\"headline\":\"Nunca ser\u00e1 injusto que Messi gane el Bal\u00f3n de Oro: Pep Guardiola\",\"datePublished\":\"2021-11-30T18:12:11+00:00\",\"dateModified\":\"2021-11-30T18:12:13+00:00\",\"mainEntityOfPage\":{\"@id\":\"https:\\\/\\\/quehacerpolitico.mx\\\/?p=86987\"},\"wordCount\":354,\"commentCount\":0,\"image\":{\"@id\":\"https:\\\/\\\/quehacerpolitico.mx\\\/?p=86987#primaryimage\"},\"thumbnailUrl\":\"https:\\\/\\\/quehacerpolitico.mx\\\/wp-content\\\/uploads\\\/2021\\\/11\\\/D35B5BEF-E531-49C7-9581-069759E6E483.jpeg\",\"articleSection\":[\"Deportes\"],\"inLanguage\":\"es\",\"potentialAction\":[{\"@type\":\"CommentAction\",\"name\":\"Comment\",\"target\":[\"https:\\\/\\\/quehacerpolitico.mx\\\/?p=86987#respond\"]}]},{\"@type\":\"WebPage\",\"@id\":\"https:\\\/\\\/quehacerpolitico.mx\\\/?p=86987\",\"url\":\"https:\\\/\\\/quehacerpolitico.mx\\\/?p=86987\",\"name\":\"Nunca ser\u00e1 injusto que Messi gane el Bal\u00f3n de Oro: Pep Guardiola -\",\"isPartOf\":{\"@id\":\"https:\\\/\\\/quehacerpolitico.mx\\\/#website\"},\"primaryImageOfPage\":{\"@id\":\"https:\\\/\\\/quehacerpolitico.mx\\\/?p=86987#primaryimage\"},\"image\":{\"@id\":\"https:\\\/\\\/quehacerpolitico.mx\\\/?p=86987#primaryimage\"},\"thumbnailUrl\":\"https:\\\/\\\/quehacerpolitico.mx\\\/wp-content\\\/uploads\\\/2021\\\/11\\\/D35B5BEF-E531-49C7-9581-069759E6E483.jpeg\",\"datePublished\":\"2021-11-30T18:12:11+00:00\",\"dateModified\":\"2021-11-30T18:12:13+00:00\",\"author\":{\"@id\":\"https:\\\/\\\/quehacerpolitico.mx\\\/#\\\/schema\\\/person\\\/496d8ad2d1d3f8036101dca7ee39e585\"},\"breadcrumb\":{\"@id\":\"https:\\\/\\\/quehacerpolitico.mx\\\/?p=86987#breadcrumb\"},\"inLanguage\":\"es\",\"potentialAction\":[{\"@type\":\"ReadAction\",\"target\":[\"https:\\\/\\\/quehacerpolitico.mx\\\/?p=86987\"]}]},{\"@type\":\"ImageObject\",\"inLanguage\":\"es\",\"@id\":\"https:\\\/\\\/quehacerpolitico.mx\\\/?p=86987#primaryimage\",\"url\":\"https:\\\/\\\/quehacerpolitico.mx\\\/wp-content\\\/uploads\\\/2021\\\/11\\\/D35B5BEF-E531-49C7-9581-069759E6E483.jpeg\",\"contentUrl\":\"https:\\\/\\\/quehacerpolitico.mx\\\/wp-content\\\/uploads\\\/2021\\\/11\\\/D35B5BEF-E531-49C7-9581-069759E6E483.jpeg\",\"width\":414,\"height\":298},{\"@type\":\"BreadcrumbList\",\"@id\":\"https:\\\/\\\/quehacerpolitico.mx\\\/?p=86987#breadcrumb\",\"itemListElement\":[{\"@type\":\"ListItem\",\"position\":1,\"name\":\"Inicio\",\"item\":\"https:\\\/\\\/quehacerpolitico.mx\\\/\"},{\"@type\":\"ListItem\",\"position\":2,\"name\":\"Nunca ser\u00e1 injusto que Messi gane el Bal\u00f3n de Oro: Pep Guardiola\"}]},{\"@type\":\"WebSite\",\"@id\":\"https:\\\/\\\/quehacerpolitico.mx\\\/#website\",\"url\":\"https:\\\/\\\/quehacerpolitico.mx\\\/\",\"name\":\"\",\"description\":\"\",\"potentialAction\":[{\"@type\":\"SearchAction\",\"target\":{\"@type\":\"EntryPoint\",\"urlTemplate\":\"https:\\\/\\\/quehacerpolitico.mx\\\/?s={search_term_string}\"},\"query-input\":{\"@type\":\"PropertyValueSpecification\",\"valueRequired\":true,\"valueName\":\"search_term_string\"}}],\"inLanguage\":\"es\"},{\"@type\":\"Person\",\"@id\":\"https:\\\/\\\/quehacerpolitico.mx\\\/#\\\/schema\\\/person\\\/496d8ad2d1d3f8036101dca7ee39e585\",\"name\":\"Redacci\u00f3n QP\",\"image\":{\"@type\":\"ImageObject\",\"inLanguage\":\"es\",\"@id\":\"https:\\\/\\\/secure.gravatar.com\\\/avatar\\\/c7164ed6fdec453195284ad24a5ae5b6e1eed2b848477fa2a4787ba9adf39a41?s=96&d=mm&r=g\",\"url\":\"https:\\\/\\\/secure.gravatar.com\\\/avatar\\\/c7164ed6fdec453195284ad24a5ae5b6e1eed2b848477fa2a4787ba9adf39a41?s=96&d=mm&r=g\",\"contentUrl\":\"https:\\\/\\\/secure.gravatar.com\\\/avatar\\\/c7164ed6fdec453195284ad24a5ae5b6e1eed2b848477fa2a4787ba9adf39a41?s=96&d=mm&r=g\",\"caption\":\"Redacci\u00f3n QP\"},\"url\":\"https:\\\/\\\/quehacerpolitico.mx\\\/?author=2\"}]}<\/script>\n<!-- \/ Yoast SEO plugin. -->","yoast_head_json":{"title":"Nunca ser\u00e1 injusto que Messi gane el Bal\u00f3n de Oro: Pep Guardiola -","robots":{"index":"index","follow":"follow","max-snippet":"max-snippet:-1","max-image-preview":"max-image-preview:large","max-video-preview":"max-video-preview:-1"},"canonical":"https:\/\/quehacerpolitico.mx\/?p=86987","og_locale":"es_MX","og_type":"article","og_title":"Nunca ser\u00e1 injusto que Messi gane el Bal\u00f3n de Oro: Pep Guardiola -","og_description":"Por Redacci\u00f3n QP El entrenador del Manchester City tambi\u00e9n habl\u00f3 sobre la adaptaci\u00f3n de Grealish....","og_url":"https:\/\/quehacerpolitico.mx\/?p=86987","article_published_time":"2021-11-30T18:12:11+00:00","article_modified_time":"2021-11-30T18:12:13+00:00","og_image":[{"width":414,"height":298,"url":"https:\/\/quehacerpolitico.mx\/wp-content\/uploads\/2021\/11\/D35B5BEF-E531-49C7-9581-069759E6E483.jpeg","type":"image\/jpeg"}],"author":"Redacci\u00f3n QP","twitter_card":"summary_large_image","twitter_misc":{"Escrito por":"Redacci\u00f3n QP","Tiempo de lectura":"2 minutos"},"schema":{"@context":"https:\/\/schema.org","@graph":[{"@type":"Article","@id":"https:\/\/quehacerpolitico.mx\/?p=86987#article","isPartOf":{"@id":"https:\/\/quehacerpolitico.mx\/?p=86987"},"author":{"name":"Redacci\u00f3n QP","@id":"https:\/\/quehacerpolitico.mx\/#\/schema\/person\/496d8ad2d1d3f8036101dca7ee39e585"},"headline":"Nunca ser\u00e1 injusto que Messi gane el Bal\u00f3n de Oro: Pep Guardiola","datePublished":"2021-11-30T18:12:11+00:00","dateModified":"2021-11-30T18:12:13+00:00","mainEntityOfPage":{"@id":"https:\/\/quehacerpolitico.mx\/?p=86987"},"wordCount":354,"commentCount":0,"image":{"@id":"https:\/\/quehacerpolitico.mx\/?p=86987#primaryimage"},"thumbnailUrl":"https:\/\/quehacerpolitico.mx\/wp-content\/uploads\/2021\/11\/D35B5BEF-E531-49C7-9581-069759E6E483.jpeg","articleSection":["Deportes"],"inLanguage":"es","potentialAction":[{"@type":"CommentAction","name":"Comment","target":["https:\/\/quehacerpolitico.mx\/?p=86987#respond"]}]},{"@type":"WebPage","@id":"https:\/\/quehacerpolitico.mx\/?p=86987","url":"https:\/\/quehacerpolitico.mx\/?p=86987","name":"Nunca ser\u00e1 injusto que Messi gane el Bal\u00f3n de Oro: Pep Guardiola -","isPartOf":{"@id":"https:\/\/quehacerpolitico.mx\/#website"},"primaryImageOfPage":{"@id":"https:\/\/quehacerpolitico.mx\/?p=86987#primaryimage"},"image":{"@id":"https:\/\/quehacerpolitico.mx\/?p=86987#primaryimage"},"thumbnailUrl":"https:\/\/quehacerpolitico.mx\/wp-content\/uploads\/2021\/11\/D35B5BEF-E531-49C7-9581-069759E6E483.jpeg","datePublished":"2021-11-30T18:12:11+00:00","dateModified":"2021-11-30T18:12:13+00:00","author":{"@id":"https:\/\/quehacerpolitico.mx\/#\/schema\/person\/496d8ad2d1d3f8036101dca7ee39e585"},"breadcrumb":{"@id":"https:\/\/quehacerpolitico.mx\/?p=86987#breadcrumb"},"inLanguage":"es","potentialAction":[{"@type":"ReadAction","target":["https:\/\/quehacerpolitico.mx\/?p=86987"]}]},{"@type":"ImageObject","inLanguage":"es","@id":"https:\/\/quehacerpolitico.mx\/?p=86987#primaryimage","url":"https:\/\/quehacerpolitico.mx\/wp-content\/uploads\/2021\/11\/D35B5BEF-E531-49C7-9581-069759E6E483.jpeg","contentUrl":"https:\/\/quehacerpolitico.mx\/wp-content\/uploads\/2021\/11\/D35B5BEF-E531-49C7-9581-069759E6E483.jpeg","width":414,"height":298},{"@type":"BreadcrumbList","@id":"https:\/\/quehacerpolitico.mx\/?p=86987#breadcrumb","itemListElement":[{"@type":"ListItem","position":1,"name":"Inicio","item":"https:\/\/quehacerpolitico.mx\/"},{"@type":"ListItem","position":2,"name":"Nunca ser\u00e1 injusto que Messi gane el Bal\u00f3n de Oro: Pep Guardiola"}]},{"@type":"WebSite","@id":"https:\/\/quehacerpolitico.mx\/#website","url":"https:\/\/quehacerpolitico.mx\/","name":"","description":"","potentialAction":[{"@type":"SearchAction","target":{"@type":"EntryPoint","urlTemplate":"https:\/\/quehacerpolitico.mx\/?s={search_term_string}"},"query-input":{"@type":"PropertyValueSpecification","valueRequired":true,"valueName":"search_term_string"}}],"inLanguage":"es"},{"@type":"Person","@id":"https:\/\/quehacerpolitico.mx\/#\/schema\/person\/496d8ad2d1d3f8036101dca7ee39e585","name":"Redacci\u00f3n QP","image":{"@type":"ImageObject","inLanguage":"es","@id":"https:\/\/secure.gravatar.com\/avatar\/c7164ed6fdec453195284ad24a5ae5b6e1eed2b848477fa2a4787ba9adf39a41?s=96&d=mm&r=g","url":"https:\/\/secure.gravatar.com\/avatar\/c7164ed6fdec453195284ad24a5ae5b6e1eed2b848477fa2a4787ba9adf39a41?s=96&d=mm&r=g","contentUrl":"https:\/\/secure.gravatar.com\/avatar\/c7164ed6fdec453195284ad24a5ae5b6e1eed2b848477fa2a4787ba9adf39a41?s=96&d=mm&r=g","caption":"Redacci\u00f3n QP"},"url":"https:\/\/quehacerpolitico.mx\/?author=2"}]}},"featured_image_urls":{"full":["https:\/\/quehacerpolitico.mx\/wp-content\/uploads\/2021\/11\/D35B5BEF-E531-49C7-9581-069759E6E483.jpeg",414,298,false],"thumbnail":["https:\/\/quehacerpolitico.mx\/wp-content\/uploads\/2021\/11\/D35B5BEF-E531-49C7-9581-069759E6E483-150x150.jpeg",150,150,true],"medium":["https:\/\/quehacerpolitico.mx\/wp-content\/uploads\/2021\/11\/D35B5BEF-E531-49C7-9581-069759E6E483-300x216.jpeg",300,216,true],"medium_large":["https:\/\/quehacerpolitico.mx\/wp-content\/uploads\/2021\/11\/D35B5BEF-E531-49C7-9581-069759E6E483.jpeg",414,298,false],"large":["https:\/\/quehacerpolitico.mx\/wp-content\/uploads\/2021\/11\/D35B5BEF-E531-49C7-9581-069759E6E483.jpeg",414,298,false],"1536x1536":["https:\/\/quehacerpolitico.mx\/wp-content\/uploads\/2021\/11\/D35B5BEF-E531-49C7-9581-069759E6E483.jpeg",414,298,false],"2048x2048":["https:\/\/quehacerpolitico.mx\/wp-content\/uploads\/2021\/11\/D35B5BEF-E531-49C7-9581-069759E6E483.jpeg",414,298,false],"covernews-featured":["https:\/\/quehacerpolitico.mx\/wp-content\/uploads\/2021\/11\/D35B5BEF-E531-49C7-9581-069759E6E483.jpeg",414,298,false],"covernews-medium":["https:\/\/quehacerpolitico.mx\/wp-content\/uploads\/2021\/11\/D35B5BEF-E531-49C7-9581-069759E6E483.jpeg",414,298,false]},"author_info":{"display_name":"Redacci\u00f3n QP","author_link":"https:\/\/quehacerpolitico.mx\/?author=2"},"category_info":"<a href=\"https:\/\/quehacerpolitico.mx\/?cat=54\" rel=\"category\">Deportes<\/a>","tag_info":"Deportes","comment_count":"0","_links":{"self":[{"href":"https:\/\/quehacerpolitico.mx\/index.php?rest_route=\/wp\/v2\/posts\/86987","targetHints":{"allow":["GET"]}}],"collection":[{"href":"https:\/\/quehacerpolitico.mx\/index.php?rest_route=\/wp\/v2\/posts"}],"about":[{"href":"https:\/\/quehacerpolitico.mx\/index.php?rest_route=\/wp\/v2\/types\/post"}],"author":[{"embeddable":true,"href":"https:\/\/quehacerpolitico.mx\/index.php?rest_route=\/wp\/v2\/users\/2"}],"replies":[{"embeddable":true,"href":"https:\/\/quehacerpolitico.mx\/index.php?rest_route=%2Fwp%2Fv2%2Fcomments&post=86987"}],"version-history":[{"count":1,"href":"https:\/\/quehacerpolitico.mx\/index.php?rest_route=\/wp\/v2\/posts\/86987\/revisions"}],"predecessor-version":[{"id":86989,"href":"https:\/\/quehacerpolitico.mx\/index.php?rest_route=\/wp\/v2\/posts\/86987\/revisions\/86989"}],"wp:featuredmedia":[{"embeddable":true,"href":"https:\/\/quehacerpolitico.mx\/index.php?rest_route=\/wp\/v2\/media\/86988"}],"wp:attachment":[{"href":"https:\/\/quehacerpolitico.mx\/index.php?rest_route=%2Fwp%2Fv2%2Fmedia&parent=86987"}],"wp:term":[{"taxonomy":"category","embeddable":true,"href":"https:\/\/quehacerpolitico.mx\/index.php?rest_route=%2Fwp%2Fv2%2Fcategories&post=86987"},{"taxonomy":"post_tag","embeddable":true,"href":"https:\/\/quehacerpolitico.mx\/index.php?rest_route=%2Fwp%2Fv2%2Ftags&post=86987"}],"curies":[{"name":"wp","href":"https:\/\/api.w.org\/{rel}","templated":true}]}}