{"id":86961,"date":"2021-11-30T05:44:29","date_gmt":"2021-11-30T05:44:29","guid":{"rendered":"https:\/\/quehacerpolitico.mx\/?p=86961"},"modified":"2021-11-30T05:44:32","modified_gmt":"2021-11-30T05:44:32","slug":"aristegui-responde-a-amlo-sereno-moreno-lea-y-luego-platicamos","status":"publish","type":"post","link":"https:\/\/quehacerpolitico.mx\/?p=86961","title":{"rendered":"Aristegui responde a AMLO: &#8220;\u00a1Sereno, moreno! Lea y luego platicamos&#8221;"},"content":{"rendered":"\n<p>Por Redacci\u00f3n QP<\/p>\n\n\n\n<p>La periodista reacciona al desmentido del Presidente L\u00f3pez Obrador sobre el reportaje\u00a0publicado en\u00a0Aristegui Noticias.<\/p>\n\n\n\n<p>La periodista mexicana\u00a0<strong>Carmen Aristegui respondi\u00f3 hoy al desmentido del Presidente\u00a0<\/strong>Andr\u00e9s Manuel L\u00f3pez Obrador (AMLO) sobre una investigaci\u00f3n publicada en su sitio, Aristegui Noticias.\u00a0<\/p>\n\n\n\n<p>Carmen Aristegui \u00a0proyect\u00f3 en su noticiero el reportaje que public\u00f3 en colaboraci\u00f3n con Proceso y envi\u00f3 una respuesta a L\u00f3pez Obrador: &#8220;En Aristegui Noticias\u00a0<strong>no estamos ni a favor ni en contra de su movimiento<\/strong>. Este espacio es, simple y sencillamente, eso, un espacio de periodistas&#8221;.<\/p>\n\n\n\n<p>&#8220;Y yo le mandar\u00eda un \u00faltimo mensaje al Presidente L\u00f3pez Obrador: usted sabe que lo estimo, estimo su larga batalla por llegar a la Presidencia de la Rep\u00fablica, pero\u00a0<strong>\u00a1sereno, moreno! Lea el reportaje y ya luego platicamos<\/strong>.<\/p>\n\n\n\n<figure class=\"wp-block-embed is-type-video is-provider-youtube wp-block-embed-youtube wp-embed-aspect-16-9 wp-has-aspect-ratio\"><div class=\"wp-block-embed__wrapper\">\n<iframe loading=\"lazy\" title=\"\u201c\u00a1Sereno, moreno! Lea el reportaje y luego platicamos\u201d: Carmen Aristegui a AMLO\" width=\"640\" height=\"360\" src=\"https:\/\/www.youtube.com\/embed\/esrdmr_PYzU?feature=oembed\" frameborder=\"0\" allow=\"accelerometer; autoplay; clipboard-write; encrypted-media; gyroscope; picture-in-picture; web-share\" referrerpolicy=\"strict-origin-when-cross-origin\" allowfullscreen><\/iframe>\n<\/div><\/figure>\n\n\n\n<p>L\u00f3pez Obrador desminti\u00f3 este lunes el reportaje &nbsp;<strong>&#8220;Sembrando Vida y la f\u00e1brica de chocolates&#8221;<\/strong>, que plantea que el programa insignia del Gobierno tiene un particular impulso en Tabasco y beneficiar\u00eda a los hijos del Presidente.<\/p>\n\n\n\n<p>&#8220;Nada m\u00e1s aclarar que no es cierto lo que est\u00e1n planteando en su reportaje (&#8230;) Hicieron una investigaci\u00f3n mentirosa, sin fundamentos para buscar mancharnos con la m\u00e1xima de la calumnia del periodismo de &#8216;lo que no mancha, tizna'&#8221;, sostuvo el Presidente en su conferencia ma\u00f1anera desde Oaxaca.<\/p>\n\n\n\n<p>El reportaje se\u00f1al\u00f3 que el empresario Hugo Ch\u00e1vez Ayala, cercano a la familia de L\u00f3pez Obrador, asesor\u00f3 el programa Sembrando Vida en Tabasco. Y revel\u00f3 que Ch\u00e1vez Ayala colabora tambi\u00e9n con la Finca El Roc\u00edo, propiedad de los hijos de L\u00f3pez Obrador, dedicada a la siembra de cacao criollo para la producci\u00f3n de los productos gourmet de su empresa Roc\u00edo Chocolate.<\/p>\n\n\n\n<p>L\u00f3pez Obrador dijo que no ten\u00eda identificaci\u00f3n<strong>\u00a0ni simpat\u00edas con Aristegui<\/strong>.<\/p>\n\n\n\n<p>&#8220;La gente pensaba que Carmen Aristegui era una periodista de vanguardia. Yo me quedaba callado, pero en el mismo movimiento nuestro, por respeto. Pero era una especie de paladina de la libertad y yo tengo otra opini\u00f3n porque cuando nosotros est\u00e1bamos en la oposici\u00f3n, me entrevistaba una vez cada seis meses y buscaba ponerme en entredicho como buena periodista conservadora&#8221;, declar\u00f3 L\u00f3pez Obrador.<\/p>\n\n\n\n<p>Aristegui agreg\u00f3 hoy desde su noticiero: \u00a0&#8220;Y d\u00edgame usted (Presidente) si hay algo o no de qu\u00e9 preocuparse de la actividad empresarial de sus hijos&#8221;.<\/p>\n\n\n\n<p>Con Informaci\u00f3n de EFE\/ SUN<\/p>\n","protected":false},"excerpt":{"rendered":"<p>Por Redacci\u00f3n QP La periodista reacciona al desmentido del Presidente L\u00f3pez Obrador sobre el reportaje\u00a0publicado&#8230;<\/p>\n","protected":false},"author":2,"featured_media":86962,"comment_status":"open","ping_status":"open","sticky":false,"template":"","format":"standard","meta":{"_monsterinsights_skip_tracking":false,"_monsterinsights_sitenote_active":false,"_monsterinsights_sitenote_note":"","_monsterinsights_sitenote_category":0,"footnotes":""},"categories":[2],"tags":[],"class_list":["post-86961","post","type-post","status-publish","format-standard","has-post-thumbnail","hentry","category-noticias"],"yoast_head":"<!-- This site is optimized with the Yoast SEO plugin v27.3 - https:\/\/yoast.com\/product\/yoast-seo-wordpress\/ -->\n<title>Aristegui responde a AMLO: &quot;\u00a1Sereno, moreno! Lea y luego platicamos&quot; -<\/title>\n<meta name=\"robots\" content=\"index, follow, max-snippet:-1, max-image-preview:large, max-video-preview:-1\" \/>\n<link rel=\"canonical\" href=\"https:\/\/quehacerpolitico.mx\/?p=86961\" \/>\n<meta property=\"og:locale\" content=\"es_MX\" \/>\n<meta property=\"og:type\" content=\"article\" \/>\n<meta property=\"og:title\" content=\"Aristegui responde a AMLO: &quot;\u00a1Sereno, moreno! Lea y luego platicamos&quot; -\" \/>\n<meta property=\"og:description\" content=\"Por Redacci\u00f3n QP La periodista reacciona al desmentido del Presidente L\u00f3pez Obrador sobre el reportaje\u00a0publicado...\" \/>\n<meta property=\"og:url\" content=\"https:\/\/quehacerpolitico.mx\/?p=86961\" \/>\n<meta property=\"article:published_time\" content=\"2021-11-30T05:44:29+00:00\" \/>\n<meta property=\"article:modified_time\" content=\"2021-11-30T05:44:32+00:00\" \/>\n<meta property=\"og:image\" content=\"https:\/\/quehacerpolitico.mx\/wp-content\/uploads\/2021\/11\/91EF603A-8F86-43C6-9C76-88D9ED4BC603.jpeg\" \/>\n\t<meta property=\"og:image:width\" content=\"701\" \/>\n\t<meta property=\"og:image:height\" content=\"438\" \/>\n\t<meta property=\"og:image:type\" content=\"image\/jpeg\" \/>\n<meta name=\"author\" content=\"Redacci\u00f3n QP\" \/>\n<meta name=\"twitter:card\" content=\"summary_large_image\" \/>\n<meta name=\"twitter:label1\" content=\"Escrito por\" \/>\n\t<meta name=\"twitter:data1\" content=\"Redacci\u00f3n QP\" \/>\n\t<meta name=\"twitter:label2\" content=\"Tiempo de lectura\" \/>\n\t<meta name=\"twitter:data2\" content=\"2 minutos\" \/>\n<script type=\"application\/ld+json\" class=\"yoast-schema-graph\">{\"@context\":\"https:\\\/\\\/schema.org\",\"@graph\":[{\"@type\":\"Article\",\"@id\":\"https:\\\/\\\/quehacerpolitico.mx\\\/?p=86961#article\",\"isPartOf\":{\"@id\":\"https:\\\/\\\/quehacerpolitico.mx\\\/?p=86961\"},\"author\":{\"name\":\"Redacci\u00f3n QP\",\"@id\":\"https:\\\/\\\/quehacerpolitico.mx\\\/#\\\/schema\\\/person\\\/496d8ad2d1d3f8036101dca7ee39e585\"},\"headline\":\"Aristegui responde a AMLO: &#8220;\u00a1Sereno, moreno! Lea y luego platicamos&#8221;\",\"datePublished\":\"2021-11-30T05:44:29+00:00\",\"dateModified\":\"2021-11-30T05:44:32+00:00\",\"mainEntityOfPage\":{\"@id\":\"https:\\\/\\\/quehacerpolitico.mx\\\/?p=86961\"},\"wordCount\":427,\"commentCount\":0,\"image\":{\"@id\":\"https:\\\/\\\/quehacerpolitico.mx\\\/?p=86961#primaryimage\"},\"thumbnailUrl\":\"https:\\\/\\\/quehacerpolitico.mx\\\/wp-content\\\/uploads\\\/2021\\\/11\\\/91EF603A-8F86-43C6-9C76-88D9ED4BC603.jpeg\",\"articleSection\":[\"Noticias\"],\"inLanguage\":\"es\",\"potentialAction\":[{\"@type\":\"CommentAction\",\"name\":\"Comment\",\"target\":[\"https:\\\/\\\/quehacerpolitico.mx\\\/?p=86961#respond\"]}]},{\"@type\":\"WebPage\",\"@id\":\"https:\\\/\\\/quehacerpolitico.mx\\\/?p=86961\",\"url\":\"https:\\\/\\\/quehacerpolitico.mx\\\/?p=86961\",\"name\":\"Aristegui responde a AMLO: \\\"\u00a1Sereno, moreno! Lea y luego platicamos\\\" -\",\"isPartOf\":{\"@id\":\"https:\\\/\\\/quehacerpolitico.mx\\\/#website\"},\"primaryImageOfPage\":{\"@id\":\"https:\\\/\\\/quehacerpolitico.mx\\\/?p=86961#primaryimage\"},\"image\":{\"@id\":\"https:\\\/\\\/quehacerpolitico.mx\\\/?p=86961#primaryimage\"},\"thumbnailUrl\":\"https:\\\/\\\/quehacerpolitico.mx\\\/wp-content\\\/uploads\\\/2021\\\/11\\\/91EF603A-8F86-43C6-9C76-88D9ED4BC603.jpeg\",\"datePublished\":\"2021-11-30T05:44:29+00:00\",\"dateModified\":\"2021-11-30T05:44:32+00:00\",\"author\":{\"@id\":\"https:\\\/\\\/quehacerpolitico.mx\\\/#\\\/schema\\\/person\\\/496d8ad2d1d3f8036101dca7ee39e585\"},\"breadcrumb\":{\"@id\":\"https:\\\/\\\/quehacerpolitico.mx\\\/?p=86961#breadcrumb\"},\"inLanguage\":\"es\",\"potentialAction\":[{\"@type\":\"ReadAction\",\"target\":[\"https:\\\/\\\/quehacerpolitico.mx\\\/?p=86961\"]}]},{\"@type\":\"ImageObject\",\"inLanguage\":\"es\",\"@id\":\"https:\\\/\\\/quehacerpolitico.mx\\\/?p=86961#primaryimage\",\"url\":\"https:\\\/\\\/quehacerpolitico.mx\\\/wp-content\\\/uploads\\\/2021\\\/11\\\/91EF603A-8F86-43C6-9C76-88D9ED4BC603.jpeg\",\"contentUrl\":\"https:\\\/\\\/quehacerpolitico.mx\\\/wp-content\\\/uploads\\\/2021\\\/11\\\/91EF603A-8F86-43C6-9C76-88D9ED4BC603.jpeg\",\"width\":701,\"height\":438},{\"@type\":\"BreadcrumbList\",\"@id\":\"https:\\\/\\\/quehacerpolitico.mx\\\/?p=86961#breadcrumb\",\"itemListElement\":[{\"@type\":\"ListItem\",\"position\":1,\"name\":\"Inicio\",\"item\":\"https:\\\/\\\/quehacerpolitico.mx\\\/\"},{\"@type\":\"ListItem\",\"position\":2,\"name\":\"Aristegui responde a AMLO: &#8220;\u00a1Sereno, moreno! Lea y luego platicamos&#8221;\"}]},{\"@type\":\"WebSite\",\"@id\":\"https:\\\/\\\/quehacerpolitico.mx\\\/#website\",\"url\":\"https:\\\/\\\/quehacerpolitico.mx\\\/\",\"name\":\"\",\"description\":\"\",\"potentialAction\":[{\"@type\":\"SearchAction\",\"target\":{\"@type\":\"EntryPoint\",\"urlTemplate\":\"https:\\\/\\\/quehacerpolitico.mx\\\/?s={search_term_string}\"},\"query-input\":{\"@type\":\"PropertyValueSpecification\",\"valueRequired\":true,\"valueName\":\"search_term_string\"}}],\"inLanguage\":\"es\"},{\"@type\":\"Person\",\"@id\":\"https:\\\/\\\/quehacerpolitico.mx\\\/#\\\/schema\\\/person\\\/496d8ad2d1d3f8036101dca7ee39e585\",\"name\":\"Redacci\u00f3n QP\",\"image\":{\"@type\":\"ImageObject\",\"inLanguage\":\"es\",\"@id\":\"https:\\\/\\\/secure.gravatar.com\\\/avatar\\\/c7164ed6fdec453195284ad24a5ae5b6e1eed2b848477fa2a4787ba9adf39a41?s=96&d=mm&r=g\",\"url\":\"https:\\\/\\\/secure.gravatar.com\\\/avatar\\\/c7164ed6fdec453195284ad24a5ae5b6e1eed2b848477fa2a4787ba9adf39a41?s=96&d=mm&r=g\",\"contentUrl\":\"https:\\\/\\\/secure.gravatar.com\\\/avatar\\\/c7164ed6fdec453195284ad24a5ae5b6e1eed2b848477fa2a4787ba9adf39a41?s=96&d=mm&r=g\",\"caption\":\"Redacci\u00f3n QP\"},\"url\":\"https:\\\/\\\/quehacerpolitico.mx\\\/?author=2\"}]}<\/script>\n<!-- \/ Yoast SEO plugin. -->","yoast_head_json":{"title":"Aristegui responde a AMLO: \"\u00a1Sereno, moreno! Lea y luego platicamos\" -","robots":{"index":"index","follow":"follow","max-snippet":"max-snippet:-1","max-image-preview":"max-image-preview:large","max-video-preview":"max-video-preview:-1"},"canonical":"https:\/\/quehacerpolitico.mx\/?p=86961","og_locale":"es_MX","og_type":"article","og_title":"Aristegui responde a AMLO: \"\u00a1Sereno, moreno! Lea y luego platicamos\" -","og_description":"Por Redacci\u00f3n QP La periodista reacciona al desmentido del Presidente L\u00f3pez Obrador sobre el reportaje\u00a0publicado...","og_url":"https:\/\/quehacerpolitico.mx\/?p=86961","article_published_time":"2021-11-30T05:44:29+00:00","article_modified_time":"2021-11-30T05:44:32+00:00","og_image":[{"width":701,"height":438,"url":"https:\/\/quehacerpolitico.mx\/wp-content\/uploads\/2021\/11\/91EF603A-8F86-43C6-9C76-88D9ED4BC603.jpeg","type":"image\/jpeg"}],"author":"Redacci\u00f3n QP","twitter_card":"summary_large_image","twitter_misc":{"Escrito por":"Redacci\u00f3n QP","Tiempo de lectura":"2 minutos"},"schema":{"@context":"https:\/\/schema.org","@graph":[{"@type":"Article","@id":"https:\/\/quehacerpolitico.mx\/?p=86961#article","isPartOf":{"@id":"https:\/\/quehacerpolitico.mx\/?p=86961"},"author":{"name":"Redacci\u00f3n QP","@id":"https:\/\/quehacerpolitico.mx\/#\/schema\/person\/496d8ad2d1d3f8036101dca7ee39e585"},"headline":"Aristegui responde a AMLO: &#8220;\u00a1Sereno, moreno! Lea y luego platicamos&#8221;","datePublished":"2021-11-30T05:44:29+00:00","dateModified":"2021-11-30T05:44:32+00:00","mainEntityOfPage":{"@id":"https:\/\/quehacerpolitico.mx\/?p=86961"},"wordCount":427,"commentCount":0,"image":{"@id":"https:\/\/quehacerpolitico.mx\/?p=86961#primaryimage"},"thumbnailUrl":"https:\/\/quehacerpolitico.mx\/wp-content\/uploads\/2021\/11\/91EF603A-8F86-43C6-9C76-88D9ED4BC603.jpeg","articleSection":["Noticias"],"inLanguage":"es","potentialAction":[{"@type":"CommentAction","name":"Comment","target":["https:\/\/quehacerpolitico.mx\/?p=86961#respond"]}]},{"@type":"WebPage","@id":"https:\/\/quehacerpolitico.mx\/?p=86961","url":"https:\/\/quehacerpolitico.mx\/?p=86961","name":"Aristegui responde a AMLO: \"\u00a1Sereno, moreno! Lea y luego platicamos\" -","isPartOf":{"@id":"https:\/\/quehacerpolitico.mx\/#website"},"primaryImageOfPage":{"@id":"https:\/\/quehacerpolitico.mx\/?p=86961#primaryimage"},"image":{"@id":"https:\/\/quehacerpolitico.mx\/?p=86961#primaryimage"},"thumbnailUrl":"https:\/\/quehacerpolitico.mx\/wp-content\/uploads\/2021\/11\/91EF603A-8F86-43C6-9C76-88D9ED4BC603.jpeg","datePublished":"2021-11-30T05:44:29+00:00","dateModified":"2021-11-30T05:44:32+00:00","author":{"@id":"https:\/\/quehacerpolitico.mx\/#\/schema\/person\/496d8ad2d1d3f8036101dca7ee39e585"},"breadcrumb":{"@id":"https:\/\/quehacerpolitico.mx\/?p=86961#breadcrumb"},"inLanguage":"es","potentialAction":[{"@type":"ReadAction","target":["https:\/\/quehacerpolitico.mx\/?p=86961"]}]},{"@type":"ImageObject","inLanguage":"es","@id":"https:\/\/quehacerpolitico.mx\/?p=86961#primaryimage","url":"https:\/\/quehacerpolitico.mx\/wp-content\/uploads\/2021\/11\/91EF603A-8F86-43C6-9C76-88D9ED4BC603.jpeg","contentUrl":"https:\/\/quehacerpolitico.mx\/wp-content\/uploads\/2021\/11\/91EF603A-8F86-43C6-9C76-88D9ED4BC603.jpeg","width":701,"height":438},{"@type":"BreadcrumbList","@id":"https:\/\/quehacerpolitico.mx\/?p=86961#breadcrumb","itemListElement":[{"@type":"ListItem","position":1,"name":"Inicio","item":"https:\/\/quehacerpolitico.mx\/"},{"@type":"ListItem","position":2,"name":"Aristegui responde a AMLO: &#8220;\u00a1Sereno, moreno! Lea y luego platicamos&#8221;"}]},{"@type":"WebSite","@id":"https:\/\/quehacerpolitico.mx\/#website","url":"https:\/\/quehacerpolitico.mx\/","name":"","description":"","potentialAction":[{"@type":"SearchAction","target":{"@type":"EntryPoint","urlTemplate":"https:\/\/quehacerpolitico.mx\/?s={search_term_string}"},"query-input":{"@type":"PropertyValueSpecification","valueRequired":true,"valueName":"search_term_string"}}],"inLanguage":"es"},{"@type":"Person","@id":"https:\/\/quehacerpolitico.mx\/#\/schema\/person\/496d8ad2d1d3f8036101dca7ee39e585","name":"Redacci\u00f3n QP","image":{"@type":"ImageObject","inLanguage":"es","@id":"https:\/\/secure.gravatar.com\/avatar\/c7164ed6fdec453195284ad24a5ae5b6e1eed2b848477fa2a4787ba9adf39a41?s=96&d=mm&r=g","url":"https:\/\/secure.gravatar.com\/avatar\/c7164ed6fdec453195284ad24a5ae5b6e1eed2b848477fa2a4787ba9adf39a41?s=96&d=mm&r=g","contentUrl":"https:\/\/secure.gravatar.com\/avatar\/c7164ed6fdec453195284ad24a5ae5b6e1eed2b848477fa2a4787ba9adf39a41?s=96&d=mm&r=g","caption":"Redacci\u00f3n QP"},"url":"https:\/\/quehacerpolitico.mx\/?author=2"}]}},"featured_image_urls":{"full":["https:\/\/quehacerpolitico.mx\/wp-content\/uploads\/2021\/11\/91EF603A-8F86-43C6-9C76-88D9ED4BC603.jpeg",701,438,false],"thumbnail":["https:\/\/quehacerpolitico.mx\/wp-content\/uploads\/2021\/11\/91EF603A-8F86-43C6-9C76-88D9ED4BC603-150x150.jpeg",150,150,true],"medium":["https:\/\/quehacerpolitico.mx\/wp-content\/uploads\/2021\/11\/91EF603A-8F86-43C6-9C76-88D9ED4BC603-300x187.jpeg",300,187,true],"medium_large":["https:\/\/quehacerpolitico.mx\/wp-content\/uploads\/2021\/11\/91EF603A-8F86-43C6-9C76-88D9ED4BC603.jpeg",640,400,false],"large":["https:\/\/quehacerpolitico.mx\/wp-content\/uploads\/2021\/11\/91EF603A-8F86-43C6-9C76-88D9ED4BC603.jpeg",640,400,false],"1536x1536":["https:\/\/quehacerpolitico.mx\/wp-content\/uploads\/2021\/11\/91EF603A-8F86-43C6-9C76-88D9ED4BC603.jpeg",701,438,false],"2048x2048":["https:\/\/quehacerpolitico.mx\/wp-content\/uploads\/2021\/11\/91EF603A-8F86-43C6-9C76-88D9ED4BC603.jpeg",701,438,false],"covernews-featured":["https:\/\/quehacerpolitico.mx\/wp-content\/uploads\/2021\/11\/91EF603A-8F86-43C6-9C76-88D9ED4BC603.jpeg",701,438,false],"covernews-medium":["https:\/\/quehacerpolitico.mx\/wp-content\/uploads\/2021\/11\/91EF603A-8F86-43C6-9C76-88D9ED4BC603.jpeg",540,337,false]},"author_info":{"display_name":"Redacci\u00f3n QP","author_link":"https:\/\/quehacerpolitico.mx\/?author=2"},"category_info":"<a href=\"https:\/\/quehacerpolitico.mx\/?cat=2\" rel=\"category\">Noticias<\/a>","tag_info":"Noticias","comment_count":"0","_links":{"self":[{"href":"https:\/\/quehacerpolitico.mx\/index.php?rest_route=\/wp\/v2\/posts\/86961","targetHints":{"allow":["GET"]}}],"collection":[{"href":"https:\/\/quehacerpolitico.mx\/index.php?rest_route=\/wp\/v2\/posts"}],"about":[{"href":"https:\/\/quehacerpolitico.mx\/index.php?rest_route=\/wp\/v2\/types\/post"}],"author":[{"embeddable":true,"href":"https:\/\/quehacerpolitico.mx\/index.php?rest_route=\/wp\/v2\/users\/2"}],"replies":[{"embeddable":true,"href":"https:\/\/quehacerpolitico.mx\/index.php?rest_route=%2Fwp%2Fv2%2Fcomments&post=86961"}],"version-history":[{"count":1,"href":"https:\/\/quehacerpolitico.mx\/index.php?rest_route=\/wp\/v2\/posts\/86961\/revisions"}],"predecessor-version":[{"id":86963,"href":"https:\/\/quehacerpolitico.mx\/index.php?rest_route=\/wp\/v2\/posts\/86961\/revisions\/86963"}],"wp:featuredmedia":[{"embeddable":true,"href":"https:\/\/quehacerpolitico.mx\/index.php?rest_route=\/wp\/v2\/media\/86962"}],"wp:attachment":[{"href":"https:\/\/quehacerpolitico.mx\/index.php?rest_route=%2Fwp%2Fv2%2Fmedia&parent=86961"}],"wp:term":[{"taxonomy":"category","embeddable":true,"href":"https:\/\/quehacerpolitico.mx\/index.php?rest_route=%2Fwp%2Fv2%2Fcategories&post=86961"},{"taxonomy":"post_tag","embeddable":true,"href":"https:\/\/quehacerpolitico.mx\/index.php?rest_route=%2Fwp%2Fv2%2Ftags&post=86961"}],"curies":[{"name":"wp","href":"https:\/\/api.w.org\/{rel}","templated":true}]}}