{"id":86958,"date":"2021-11-30T05:22:44","date_gmt":"2021-11-30T05:22:44","guid":{"rendered":"https:\/\/quehacerpolitico.mx\/?p=86958"},"modified":"2021-11-30T05:22:46","modified_gmt":"2021-11-30T05:22:46","slug":"ciudad-de-mexico-comienza-a-inocular-a-jovenes-de-15-a-17-anos-contra-covid-19","status":"publish","type":"post","link":"https:\/\/quehacerpolitico.mx\/?p=86958","title":{"rendered":"Ciudad de M\u00e9xico comienza a inocular a j\u00f3venes de 15 a 17 a\u00f1os contra COVID-19"},"content":{"rendered":"\n<p>Por Redacci\u00f3n QP<\/p>\n\n\n\n<p>Miles de j\u00f3venes acudieron a las instalaciones de la Arena Ciudad de M\u00e9xico para recibir la primera dosis de Pfizer<\/p>\n\n\n\n<p>La Ciudad de M\u00e9xico arranc\u00f3 este lunes la vacunaci\u00f3n anticovid de j\u00f3venes de entre 15 y 17 a\u00f1os sin comorbilidades en varias ciudades, y\u00a0<strong>en medio de la amenaza de la llegada de la variante \u00f3micron al pa\u00eds.<\/strong><\/p>\n\n\n\n<figure class=\"wp-block-embed is-type-video is-provider-youtube wp-block-embed-youtube wp-embed-aspect-16-9 wp-has-aspect-ratio\"><div class=\"wp-block-embed__wrapper\">\n<iframe loading=\"lazy\" title=\"Vacunaci\u00f3n contra Covid para menores de 15 a 17 a\u00f1os inicia el lunes en estas alcald\u00edas\" width=\"640\" height=\"360\" src=\"https:\/\/www.youtube.com\/embed\/HfCmI3gNfUs?feature=oembed\" frameborder=\"0\" allow=\"accelerometer; autoplay; clipboard-write; encrypted-media; gyroscope; picture-in-picture; web-share\" referrerpolicy=\"strict-origin-when-cross-origin\" allowfullscreen><\/iframe>\n<\/div><\/figure>\n\n\n\n<blockquote class=\"wp-block-quote is-layout-flow wp-block-quote-is-layout-flow\"><p>&#8220;Es otra esperanza para no volverme a contagiar porque es una sensaci\u00f3n de ansiedad y estr\u00e9s muy grande al momento de tener la enfermedad&#8221;<\/p><\/blockquote>\n\n\n\n<p>&#8220;Es un alivio porque ya tienes cierto rango de protecci\u00f3n para poder salir&#8221;, declar\u00f3 Carol Paulina Carranza, una joven que acudi\u00f3 a su cita para inocularse.<\/p>\n\n\n\n<p>Pero adem\u00e1s, dijo la adolescente, es un alivio para su familia, que en agosto pasado vivi\u00f3 en carne propia la pandemia, pues<strong>\u00a0tanto ella como su hermano de 15 a\u00f1os y sus dos padres se infectaron del virus.<\/strong><\/p>\n\n\n\n<p>&#8220;Es otra esperanza para no volverme a contagiar porque es una sensaci\u00f3n de ansiedad y estr\u00e9s muy grande al momento de tener la enfermedad y ver que tu familia est\u00e1 perjudicada por la situaci\u00f3n del COVID&#8221;, reconoce.<\/p>\n\n\n\n<p>C\u00f3mo ella,\u00a0<strong>miles de j\u00f3venes acudieron a las instalaciones de la Arena Ciudad de M\u00e9xico a recibir la primera dosis del biol\u00f3gico Pfizer<\/strong>.<\/p>\n\n\n\n<figure class=\"wp-block-embed is-type-video is-provider-youtube wp-block-embed-youtube wp-embed-aspect-16-9 wp-has-aspect-ratio\"><div class=\"wp-block-embed__wrapper\">\n<iframe loading=\"lazy\" title=\"Inicia la vacunaci\u00f3n de 15 a 17 a\u00f1os contra COVID-19, CDMX - Las Noticias\" width=\"640\" height=\"360\" src=\"https:\/\/www.youtube.com\/embed\/qBaotMhgZYE?feature=oembed\" frameborder=\"0\" allow=\"accelerometer; autoplay; clipboard-write; encrypted-media; gyroscope; picture-in-picture; web-share\" referrerpolicy=\"strict-origin-when-cross-origin\" allowfullscreen><\/iframe>\n<\/div><\/figure>\n\n\n\n<p>Las autoridades estiman que&nbsp;<strong>para el pr\u00f3ximo jueves habr\u00e1n vacunado a poco m\u00e1s de 380 mil adolescentes y j\u00f3venes capitalinos sin comorbilidades<\/strong>, y la pr\u00f3xima semana continuar\u00e1n con los rezagados mayores de 18 a\u00f1os.<\/p>\n\n\n\n<p>&#8220;Estamos esperando un promedio de entre 13 mil y 14 mil j\u00f3venes cada d\u00eda. El d\u00eda de hoy estamos esperando poquito m\u00e1s de 13 mil. Esperamos cumplir con la meta&#8221;, declar\u00f3 Pablo V\u00e1zquez Camacho, subsecretario de Participaci\u00f3n Ciudadana y Prevenci\u00f3n del delito de la Secretar\u00eda de Seguridad Ciudadana de Ciudad de M\u00e9xico.<\/p>\n\n\n\n<p>Con Informaci\u00f3n de EFE<\/p>\n","protected":false},"excerpt":{"rendered":"<p>Por Redacci\u00f3n QP Miles de j\u00f3venes acudieron a las instalaciones de la Arena Ciudad de&#8230;<\/p>\n","protected":false},"author":2,"featured_media":86959,"comment_status":"open","ping_status":"open","sticky":false,"template":"","format":"standard","meta":{"_monsterinsights_skip_tracking":false,"_monsterinsights_sitenote_active":false,"_monsterinsights_sitenote_note":"","_monsterinsights_sitenote_category":0,"footnotes":""},"categories":[55],"tags":[],"class_list":["post-86958","post","type-post","status-publish","format-standard","has-post-thumbnail","hentry","category-cdmx"],"yoast_head":"<!-- This site is optimized with the Yoast SEO plugin v27.3 - https:\/\/yoast.com\/product\/yoast-seo-wordpress\/ -->\n<title>Ciudad de M\u00e9xico comienza a inocular a j\u00f3venes de 15 a 17 a\u00f1os contra COVID-19 -<\/title>\n<meta name=\"robots\" content=\"index, follow, max-snippet:-1, max-image-preview:large, max-video-preview:-1\" \/>\n<link rel=\"canonical\" href=\"https:\/\/quehacerpolitico.mx\/?p=86958\" \/>\n<meta property=\"og:locale\" content=\"es_MX\" \/>\n<meta property=\"og:type\" content=\"article\" \/>\n<meta property=\"og:title\" content=\"Ciudad de M\u00e9xico comienza a inocular a j\u00f3venes de 15 a 17 a\u00f1os contra COVID-19 -\" \/>\n<meta property=\"og:description\" content=\"Por Redacci\u00f3n QP Miles de j\u00f3venes acudieron a las instalaciones de la Arena Ciudad de...\" \/>\n<meta property=\"og:url\" content=\"https:\/\/quehacerpolitico.mx\/?p=86958\" \/>\n<meta property=\"article:published_time\" content=\"2021-11-30T05:22:44+00:00\" \/>\n<meta property=\"article:modified_time\" content=\"2021-11-30T05:22:46+00:00\" \/>\n<meta property=\"og:image\" content=\"https:\/\/quehacerpolitico.mx\/wp-content\/uploads\/2021\/11\/FCF2041E-4503-4388-85DE-780A3E04B983.jpeg\" \/>\n\t<meta property=\"og:image:width\" content=\"1100\" \/>\n\t<meta property=\"og:image:height\" content=\"532\" \/>\n\t<meta property=\"og:image:type\" content=\"image\/jpeg\" \/>\n<meta name=\"author\" content=\"Redacci\u00f3n QP\" \/>\n<meta name=\"twitter:card\" content=\"summary_large_image\" \/>\n<meta name=\"twitter:label1\" content=\"Escrito por\" \/>\n\t<meta name=\"twitter:data1\" content=\"Redacci\u00f3n QP\" \/>\n\t<meta name=\"twitter:label2\" content=\"Tiempo de lectura\" \/>\n\t<meta name=\"twitter:data2\" content=\"2 minutos\" \/>\n<script type=\"application\/ld+json\" class=\"yoast-schema-graph\">{\"@context\":\"https:\\\/\\\/schema.org\",\"@graph\":[{\"@type\":\"Article\",\"@id\":\"https:\\\/\\\/quehacerpolitico.mx\\\/?p=86958#article\",\"isPartOf\":{\"@id\":\"https:\\\/\\\/quehacerpolitico.mx\\\/?p=86958\"},\"author\":{\"name\":\"Redacci\u00f3n QP\",\"@id\":\"https:\\\/\\\/quehacerpolitico.mx\\\/#\\\/schema\\\/person\\\/496d8ad2d1d3f8036101dca7ee39e585\"},\"headline\":\"Ciudad de M\u00e9xico comienza a inocular a j\u00f3venes de 15 a 17 a\u00f1os contra COVID-19\",\"datePublished\":\"2021-11-30T05:22:44+00:00\",\"dateModified\":\"2021-11-30T05:22:46+00:00\",\"mainEntityOfPage\":{\"@id\":\"https:\\\/\\\/quehacerpolitico.mx\\\/?p=86958\"},\"wordCount\":354,\"commentCount\":0,\"image\":{\"@id\":\"https:\\\/\\\/quehacerpolitico.mx\\\/?p=86958#primaryimage\"},\"thumbnailUrl\":\"https:\\\/\\\/quehacerpolitico.mx\\\/wp-content\\\/uploads\\\/2021\\\/11\\\/FCF2041E-4503-4388-85DE-780A3E04B983.jpeg\",\"articleSection\":[\"CDMX\"],\"inLanguage\":\"es\",\"potentialAction\":[{\"@type\":\"CommentAction\",\"name\":\"Comment\",\"target\":[\"https:\\\/\\\/quehacerpolitico.mx\\\/?p=86958#respond\"]}]},{\"@type\":\"WebPage\",\"@id\":\"https:\\\/\\\/quehacerpolitico.mx\\\/?p=86958\",\"url\":\"https:\\\/\\\/quehacerpolitico.mx\\\/?p=86958\",\"name\":\"Ciudad de M\u00e9xico comienza a inocular a j\u00f3venes de 15 a 17 a\u00f1os contra COVID-19 -\",\"isPartOf\":{\"@id\":\"https:\\\/\\\/quehacerpolitico.mx\\\/#website\"},\"primaryImageOfPage\":{\"@id\":\"https:\\\/\\\/quehacerpolitico.mx\\\/?p=86958#primaryimage\"},\"image\":{\"@id\":\"https:\\\/\\\/quehacerpolitico.mx\\\/?p=86958#primaryimage\"},\"thumbnailUrl\":\"https:\\\/\\\/quehacerpolitico.mx\\\/wp-content\\\/uploads\\\/2021\\\/11\\\/FCF2041E-4503-4388-85DE-780A3E04B983.jpeg\",\"datePublished\":\"2021-11-30T05:22:44+00:00\",\"dateModified\":\"2021-11-30T05:22:46+00:00\",\"author\":{\"@id\":\"https:\\\/\\\/quehacerpolitico.mx\\\/#\\\/schema\\\/person\\\/496d8ad2d1d3f8036101dca7ee39e585\"},\"breadcrumb\":{\"@id\":\"https:\\\/\\\/quehacerpolitico.mx\\\/?p=86958#breadcrumb\"},\"inLanguage\":\"es\",\"potentialAction\":[{\"@type\":\"ReadAction\",\"target\":[\"https:\\\/\\\/quehacerpolitico.mx\\\/?p=86958\"]}]},{\"@type\":\"ImageObject\",\"inLanguage\":\"es\",\"@id\":\"https:\\\/\\\/quehacerpolitico.mx\\\/?p=86958#primaryimage\",\"url\":\"https:\\\/\\\/quehacerpolitico.mx\\\/wp-content\\\/uploads\\\/2021\\\/11\\\/FCF2041E-4503-4388-85DE-780A3E04B983.jpeg\",\"contentUrl\":\"https:\\\/\\\/quehacerpolitico.mx\\\/wp-content\\\/uploads\\\/2021\\\/11\\\/FCF2041E-4503-4388-85DE-780A3E04B983.jpeg\",\"width\":1100,\"height\":532},{\"@type\":\"BreadcrumbList\",\"@id\":\"https:\\\/\\\/quehacerpolitico.mx\\\/?p=86958#breadcrumb\",\"itemListElement\":[{\"@type\":\"ListItem\",\"position\":1,\"name\":\"Inicio\",\"item\":\"https:\\\/\\\/quehacerpolitico.mx\\\/\"},{\"@type\":\"ListItem\",\"position\":2,\"name\":\"Ciudad de M\u00e9xico comienza a inocular a j\u00f3venes de 15 a 17 a\u00f1os contra COVID-19\"}]},{\"@type\":\"WebSite\",\"@id\":\"https:\\\/\\\/quehacerpolitico.mx\\\/#website\",\"url\":\"https:\\\/\\\/quehacerpolitico.mx\\\/\",\"name\":\"\",\"description\":\"\",\"potentialAction\":[{\"@type\":\"SearchAction\",\"target\":{\"@type\":\"EntryPoint\",\"urlTemplate\":\"https:\\\/\\\/quehacerpolitico.mx\\\/?s={search_term_string}\"},\"query-input\":{\"@type\":\"PropertyValueSpecification\",\"valueRequired\":true,\"valueName\":\"search_term_string\"}}],\"inLanguage\":\"es\"},{\"@type\":\"Person\",\"@id\":\"https:\\\/\\\/quehacerpolitico.mx\\\/#\\\/schema\\\/person\\\/496d8ad2d1d3f8036101dca7ee39e585\",\"name\":\"Redacci\u00f3n QP\",\"image\":{\"@type\":\"ImageObject\",\"inLanguage\":\"es\",\"@id\":\"https:\\\/\\\/secure.gravatar.com\\\/avatar\\\/c7164ed6fdec453195284ad24a5ae5b6e1eed2b848477fa2a4787ba9adf39a41?s=96&d=mm&r=g\",\"url\":\"https:\\\/\\\/secure.gravatar.com\\\/avatar\\\/c7164ed6fdec453195284ad24a5ae5b6e1eed2b848477fa2a4787ba9adf39a41?s=96&d=mm&r=g\",\"contentUrl\":\"https:\\\/\\\/secure.gravatar.com\\\/avatar\\\/c7164ed6fdec453195284ad24a5ae5b6e1eed2b848477fa2a4787ba9adf39a41?s=96&d=mm&r=g\",\"caption\":\"Redacci\u00f3n QP\"},\"url\":\"https:\\\/\\\/quehacerpolitico.mx\\\/?author=2\"}]}<\/script>\n<!-- \/ Yoast SEO plugin. -->","yoast_head_json":{"title":"Ciudad de M\u00e9xico comienza a inocular a j\u00f3venes de 15 a 17 a\u00f1os contra COVID-19 -","robots":{"index":"index","follow":"follow","max-snippet":"max-snippet:-1","max-image-preview":"max-image-preview:large","max-video-preview":"max-video-preview:-1"},"canonical":"https:\/\/quehacerpolitico.mx\/?p=86958","og_locale":"es_MX","og_type":"article","og_title":"Ciudad de M\u00e9xico comienza a inocular a j\u00f3venes de 15 a 17 a\u00f1os contra COVID-19 -","og_description":"Por Redacci\u00f3n QP Miles de j\u00f3venes acudieron a las instalaciones de la Arena Ciudad de...","og_url":"https:\/\/quehacerpolitico.mx\/?p=86958","article_published_time":"2021-11-30T05:22:44+00:00","article_modified_time":"2021-11-30T05:22:46+00:00","og_image":[{"width":1100,"height":532,"url":"https:\/\/quehacerpolitico.mx\/wp-content\/uploads\/2021\/11\/FCF2041E-4503-4388-85DE-780A3E04B983.jpeg","type":"image\/jpeg"}],"author":"Redacci\u00f3n QP","twitter_card":"summary_large_image","twitter_misc":{"Escrito por":"Redacci\u00f3n QP","Tiempo de lectura":"2 minutos"},"schema":{"@context":"https:\/\/schema.org","@graph":[{"@type":"Article","@id":"https:\/\/quehacerpolitico.mx\/?p=86958#article","isPartOf":{"@id":"https:\/\/quehacerpolitico.mx\/?p=86958"},"author":{"name":"Redacci\u00f3n QP","@id":"https:\/\/quehacerpolitico.mx\/#\/schema\/person\/496d8ad2d1d3f8036101dca7ee39e585"},"headline":"Ciudad de M\u00e9xico comienza a inocular a j\u00f3venes de 15 a 17 a\u00f1os contra COVID-19","datePublished":"2021-11-30T05:22:44+00:00","dateModified":"2021-11-30T05:22:46+00:00","mainEntityOfPage":{"@id":"https:\/\/quehacerpolitico.mx\/?p=86958"},"wordCount":354,"commentCount":0,"image":{"@id":"https:\/\/quehacerpolitico.mx\/?p=86958#primaryimage"},"thumbnailUrl":"https:\/\/quehacerpolitico.mx\/wp-content\/uploads\/2021\/11\/FCF2041E-4503-4388-85DE-780A3E04B983.jpeg","articleSection":["CDMX"],"inLanguage":"es","potentialAction":[{"@type":"CommentAction","name":"Comment","target":["https:\/\/quehacerpolitico.mx\/?p=86958#respond"]}]},{"@type":"WebPage","@id":"https:\/\/quehacerpolitico.mx\/?p=86958","url":"https:\/\/quehacerpolitico.mx\/?p=86958","name":"Ciudad de M\u00e9xico comienza a inocular a j\u00f3venes de 15 a 17 a\u00f1os contra COVID-19 -","isPartOf":{"@id":"https:\/\/quehacerpolitico.mx\/#website"},"primaryImageOfPage":{"@id":"https:\/\/quehacerpolitico.mx\/?p=86958#primaryimage"},"image":{"@id":"https:\/\/quehacerpolitico.mx\/?p=86958#primaryimage"},"thumbnailUrl":"https:\/\/quehacerpolitico.mx\/wp-content\/uploads\/2021\/11\/FCF2041E-4503-4388-85DE-780A3E04B983.jpeg","datePublished":"2021-11-30T05:22:44+00:00","dateModified":"2021-11-30T05:22:46+00:00","author":{"@id":"https:\/\/quehacerpolitico.mx\/#\/schema\/person\/496d8ad2d1d3f8036101dca7ee39e585"},"breadcrumb":{"@id":"https:\/\/quehacerpolitico.mx\/?p=86958#breadcrumb"},"inLanguage":"es","potentialAction":[{"@type":"ReadAction","target":["https:\/\/quehacerpolitico.mx\/?p=86958"]}]},{"@type":"ImageObject","inLanguage":"es","@id":"https:\/\/quehacerpolitico.mx\/?p=86958#primaryimage","url":"https:\/\/quehacerpolitico.mx\/wp-content\/uploads\/2021\/11\/FCF2041E-4503-4388-85DE-780A3E04B983.jpeg","contentUrl":"https:\/\/quehacerpolitico.mx\/wp-content\/uploads\/2021\/11\/FCF2041E-4503-4388-85DE-780A3E04B983.jpeg","width":1100,"height":532},{"@type":"BreadcrumbList","@id":"https:\/\/quehacerpolitico.mx\/?p=86958#breadcrumb","itemListElement":[{"@type":"ListItem","position":1,"name":"Inicio","item":"https:\/\/quehacerpolitico.mx\/"},{"@type":"ListItem","position":2,"name":"Ciudad de M\u00e9xico comienza a inocular a j\u00f3venes de 15 a 17 a\u00f1os contra COVID-19"}]},{"@type":"WebSite","@id":"https:\/\/quehacerpolitico.mx\/#website","url":"https:\/\/quehacerpolitico.mx\/","name":"","description":"","potentialAction":[{"@type":"SearchAction","target":{"@type":"EntryPoint","urlTemplate":"https:\/\/quehacerpolitico.mx\/?s={search_term_string}"},"query-input":{"@type":"PropertyValueSpecification","valueRequired":true,"valueName":"search_term_string"}}],"inLanguage":"es"},{"@type":"Person","@id":"https:\/\/quehacerpolitico.mx\/#\/schema\/person\/496d8ad2d1d3f8036101dca7ee39e585","name":"Redacci\u00f3n QP","image":{"@type":"ImageObject","inLanguage":"es","@id":"https:\/\/secure.gravatar.com\/avatar\/c7164ed6fdec453195284ad24a5ae5b6e1eed2b848477fa2a4787ba9adf39a41?s=96&d=mm&r=g","url":"https:\/\/secure.gravatar.com\/avatar\/c7164ed6fdec453195284ad24a5ae5b6e1eed2b848477fa2a4787ba9adf39a41?s=96&d=mm&r=g","contentUrl":"https:\/\/secure.gravatar.com\/avatar\/c7164ed6fdec453195284ad24a5ae5b6e1eed2b848477fa2a4787ba9adf39a41?s=96&d=mm&r=g","caption":"Redacci\u00f3n QP"},"url":"https:\/\/quehacerpolitico.mx\/?author=2"}]}},"featured_image_urls":{"full":["https:\/\/quehacerpolitico.mx\/wp-content\/uploads\/2021\/11\/FCF2041E-4503-4388-85DE-780A3E04B983.jpeg",1100,532,false],"thumbnail":["https:\/\/quehacerpolitico.mx\/wp-content\/uploads\/2021\/11\/FCF2041E-4503-4388-85DE-780A3E04B983-150x150.jpeg",150,150,true],"medium":["https:\/\/quehacerpolitico.mx\/wp-content\/uploads\/2021\/11\/FCF2041E-4503-4388-85DE-780A3E04B983-300x145.jpeg",300,145,true],"medium_large":["https:\/\/quehacerpolitico.mx\/wp-content\/uploads\/2021\/11\/FCF2041E-4503-4388-85DE-780A3E04B983-768x371.jpeg",640,309,true],"large":["https:\/\/quehacerpolitico.mx\/wp-content\/uploads\/2021\/11\/FCF2041E-4503-4388-85DE-780A3E04B983-1024x495.jpeg",640,309,true],"1536x1536":["https:\/\/quehacerpolitico.mx\/wp-content\/uploads\/2021\/11\/FCF2041E-4503-4388-85DE-780A3E04B983.jpeg",1100,532,false],"2048x2048":["https:\/\/quehacerpolitico.mx\/wp-content\/uploads\/2021\/11\/FCF2041E-4503-4388-85DE-780A3E04B983.jpeg",1100,532,false],"covernews-featured":["https:\/\/quehacerpolitico.mx\/wp-content\/uploads\/2021\/11\/FCF2041E-4503-4388-85DE-780A3E04B983.jpeg",1024,495,false],"covernews-medium":["https:\/\/quehacerpolitico.mx\/wp-content\/uploads\/2021\/11\/FCF2041E-4503-4388-85DE-780A3E04B983.jpeg",540,261,false]},"author_info":{"display_name":"Redacci\u00f3n QP","author_link":"https:\/\/quehacerpolitico.mx\/?author=2"},"category_info":"<a href=\"https:\/\/quehacerpolitico.mx\/?cat=55\" rel=\"category\">CDMX<\/a>","tag_info":"CDMX","comment_count":"0","_links":{"self":[{"href":"https:\/\/quehacerpolitico.mx\/index.php?rest_route=\/wp\/v2\/posts\/86958","targetHints":{"allow":["GET"]}}],"collection":[{"href":"https:\/\/quehacerpolitico.mx\/index.php?rest_route=\/wp\/v2\/posts"}],"about":[{"href":"https:\/\/quehacerpolitico.mx\/index.php?rest_route=\/wp\/v2\/types\/post"}],"author":[{"embeddable":true,"href":"https:\/\/quehacerpolitico.mx\/index.php?rest_route=\/wp\/v2\/users\/2"}],"replies":[{"embeddable":true,"href":"https:\/\/quehacerpolitico.mx\/index.php?rest_route=%2Fwp%2Fv2%2Fcomments&post=86958"}],"version-history":[{"count":1,"href":"https:\/\/quehacerpolitico.mx\/index.php?rest_route=\/wp\/v2\/posts\/86958\/revisions"}],"predecessor-version":[{"id":86960,"href":"https:\/\/quehacerpolitico.mx\/index.php?rest_route=\/wp\/v2\/posts\/86958\/revisions\/86960"}],"wp:featuredmedia":[{"embeddable":true,"href":"https:\/\/quehacerpolitico.mx\/index.php?rest_route=\/wp\/v2\/media\/86959"}],"wp:attachment":[{"href":"https:\/\/quehacerpolitico.mx\/index.php?rest_route=%2Fwp%2Fv2%2Fmedia&parent=86958"}],"wp:term":[{"taxonomy":"category","embeddable":true,"href":"https:\/\/quehacerpolitico.mx\/index.php?rest_route=%2Fwp%2Fv2%2Fcategories&post=86958"},{"taxonomy":"post_tag","embeddable":true,"href":"https:\/\/quehacerpolitico.mx\/index.php?rest_route=%2Fwp%2Fv2%2Ftags&post=86958"}],"curies":[{"name":"wp","href":"https:\/\/api.w.org\/{rel}","templated":true}]}}