{"id":86952,"date":"2021-11-29T21:28:59","date_gmt":"2021-11-29T21:28:59","guid":{"rendered":"https:\/\/quehacerpolitico.mx\/?p=86952"},"modified":"2021-11-29T21:29:03","modified_gmt":"2021-11-29T21:29:03","slug":"fil-2021-leonardo-padura-dialoga-sobre-exilio-en-como-polvo-en-el-viento","status":"publish","type":"post","link":"https:\/\/quehacerpolitico.mx\/?p=86952","title":{"rendered":"FIL 2021: Leonardo Padura dialoga sobre exilio en Como polvo en el viento"},"content":{"rendered":"\n<p>Por Redacci\u00f3n QP<\/p>\n\n\n\n<p>Leonardo Padura\u00a0es uno de los invitados m\u00e1s esperados de\u00a0la FIL 2021, donde, adem\u00e1s de dialogar sobre su nueva novela,\u00a0dedic\u00f3 su\u00a0Medalla\u00a0Carlos Fuentes a la memoria de Almudena Grandes<\/p>\n\n\n\n<p>El exilio es uno de los mayores dramas de una generaci\u00f3n de cubanos que creci\u00f3 con el r\u00e9gimen comunista, afirm\u00f3 este domingo el escritor habanero\u00a0<strong>Leonardo Padura<\/strong>\u00a0en su participaci\u00f3n en la\u00a0Feria Internacional del Libro de Guadalajara, donde, adem\u00e1s, recibi\u00f3 la Medalla\u00a0Carlos Fuentes, pospuesta en la edici\u00f3n pasada debido al COVID-19.\u00a0<\/p>\n\n\n\n<p>&#8220;Hay razones de car\u00e1cter pol\u00edtico, de car\u00e1cter econ\u00f3mico, familiar todas las posibilidades de justificaci\u00f3n de la decisi\u00f3n de quedarse o de irse de Cuba, pero\u00a0<strong>ha sido uno de los grandes dramas de mi generaci\u00f3n<\/strong>, es un drama que lamentablemente contin\u00faa desarroll\u00e1ndose en Cuba&#8221;, dijo en una charla.<\/p>\n\n\n\n<figure class=\"wp-block-image\"><img decoding=\"async\" src=\"https:\/\/www.informador.mx\/__export\/1638204804619\/sites\/elinformador\/img\/2021\/11\/29\/el_exilio_es_uno_de_lo_x5823942x.jpg_1970638775.jpg\" alt=\"El escritor cubano, Leonardo Padura, particip\u00f3 en las actividades de la FIL 2021. EFE \/ F. GUASCO\" title=\"El escritor cubano, Leonardo Padura, particip\u00f3 en las actividades de la FIL 2021. EFE \/ F. GUASCO\"\/><figcaption>El escritor cubano, Leonardo Padura, particip\u00f3 en las actividades de la FIL 2021. EFE \/ F. GUASCO<\/figcaption><\/figure>\n\n\n\n<figure class=\"wp-block-image\"><img decoding=\"async\" src=\"https:\/\/www.informador.mx\/__export\/1638204790717\/sites\/elinformador\/img\/2021\/11\/29\/el_exilio_es_uno_de_lo_x5823729x_1_crop1638204789240.jpg_1970638775.jpg\" alt=\"Leonardo Padura recibi\u00f3 la Medalla Carlos Fuentes de manos de la viuda del autor, Silvia Lemus.  EFE \/ F. GUASCO\" title=\"Leonardo Padura recibi\u00f3 la Medalla Carlos Fuentes de manos de la viuda del autor, Silvia Lemus.  EFE \/ F. GUASCO\"\/><figcaption>Leonardo Padura recibi\u00f3 la Medalla Carlos Fuentes de manos de la viuda del autor, Silvia Lemus. EFE \/ F. GUASCO<\/figcaption><\/figure>\n\n\n\n<figure class=\"wp-block-image\"><img decoding=\"async\" src=\"https:\/\/www.informador.mx\/__export\/1638204877176\/sites\/elinformador\/img\/2021\/11\/29\/el_exilio_es_uno_de_lo_x5823723x.jpg_1970638775.jpg\" alt=\"\" title=\"\"\/><figcaption>&#8220;Como polvo en el viento&#8221;, la nueva novela de Leonardo Padura, explora las diferentes formas del exilio. EFE \/ F. GUASCO<\/figcaption><\/figure>\n\n\n\n<figure class=\"wp-block-image\"><img decoding=\"async\" src=\"https:\/\/www.informador.mx\/__export\/1638204918393\/sites\/elinformador\/img\/2021\/11\/29\/el_exilio_es_uno_de_lo_x5823760x_1.jpg_1970638775.jpg\" alt=\"Leonardo Padura naci\u00f3 en la Habana en1955 y es una de las principales figuras de la edici\u00f3n 35 de FIL. EFE \/ F. GUASCO\" title=\"Leonardo Padura naci\u00f3 en la Habana en1955 y es una de las principales figuras de la edici\u00f3n 35 de FIL. EFE \/ F. GUASCO\"\/><figcaption>Leonardo Padura naci\u00f3 en la Habana en1955 y es una de las principales figuras de la edici\u00f3n 35 de FIL. EFE \/ F. GUASCO<\/figcaption><\/figure>\n\n\n\n<h2 class=\"wp-block-heading\"><strong>FIL 2021: Leonardo Padura y el exilio<\/strong><\/h2>\n\n\n\n<p>Padura (La Habana, 1955) es una de las principales figuras de la edici\u00f3n 35 de FIL, considerada la m\u00e1s importante en habla hispana, en donde sostuvo un di\u00e1logo con sus lectores acerca de su nueva novela\u00a0<strong>&#8220;Como polvo en el viento&#8221;<\/strong>\u00a0en la que retrata la historia de\u00a0<strong>un grupo de amigos divididos por el exilio<\/strong>.<\/p>\n\n\n\n<p>El narrador se\u00f1al\u00f3 que su generaci\u00f3n es la primera que tuvo acceso a la educaci\u00f3n universitaria, pero tambi\u00e9n la que estuvo marcada por una polarizaci\u00f3n acerca del entonces reci\u00e9n instaurado r\u00e9gimen de Fidel Castro.<\/p>\n\n\n\n<p>Algunos de ellos decidieron salir del pa\u00eds por su inconformidad con la manera de vivir impuesta por el r\u00e9gimen, otros se quedaron en el pa\u00eds pese a la\u00a0<strong>precariedad y las dificultades para subsistir.<\/strong><\/p>\n\n\n\n<p>Y es esta generaci\u00f3n, que Padura hab\u00eda reflejado de cierta manera en algunas de sus novelas, la que ahora es protagonista de su nuevo libro, una historia coral en la que la trama gira en torno a las posturas que tienen un grupo de amigos llamado &#8220;El Clan&#8221; al que el azar los lleva a distintos lugares del mundo.<\/p>\n\n\n\n<p>&#8220;Yo sab\u00eda que hab\u00eda un espacio en esa reflexi\u00f3n que me faltaba y era verla desde otras orillas, desde distintas orillas, no es una novela en la que haga un an\u00e1lisis de lo que ha significado la di\u00e1spora en Cuba a diferencia de &#8216;El hombre que amaba los perros&#8217; en la que hay una mirada m\u00e1s meditada e investigada respecto a esto&#8221;, se\u00f1al\u00f3.<\/p>\n\n\n\n<h2 class=\"wp-block-heading\">FIL 2021: Padura&nbsp;&nbsp;y l<strong>o visceral de &#8220;Como polvo en el viento&#8221;&nbsp;<\/strong><\/h2>\n\n\n\n<p>Una novela m\u00e1s visceral que racional, fue como defini\u00f3 Padura a su nueva obra pues las historias &#8220;<strong>salieron de dentro<\/strong>&#8220;, de lo que vivi\u00f3 a lo largo de d\u00e9cadas escuchando, viendo y conviviendo con amigos y familiares que decidieron quedarse pero tambi\u00e9n a quienes decidieron irse a lugares tan comunes como Miami, Estados Unidos o a Europa.<\/p>\n\n\n\n<p>Para el autor de la saga de novelas policiacas protagonizadas por el detective &#8220;Mario Conde&#8221;, la di\u00e1spora cubana &#8220;no se ha detenido&#8221; debido a que&nbsp;<strong>quienes tienen oportunidad de educarse &#8220;encuentran un techo&#8221;<\/strong>&nbsp;en el pa\u00eds que los obliga a salir a buscar una mejor vida.<\/p>\n\n\n\n<p>El escritor asegur\u00f3 que no hay una forma de ser cubano incluso para quienes decidieron quedarse en el pa\u00eds, pues hay muchas posturas respecto a la realidad que ah\u00ed se vive.<\/p>\n\n\n\n<p>&#8220;No se vive de la misma manera el exilio en una ciudad como Miami o en Tacoma, Estados Unidos o Madrid o en Barcelona. La parte m\u00e1s atractiva de la preparaci\u00f3n de esta novela es esa investigaci\u00f3n, muchas de estas historias las conoc\u00eda por haberlas tenido cerca,&nbsp;<strong>este desgarramiento del exilio y de las distintas maneras de comportarse<\/strong>&#8220;, expres\u00f3.<\/p>\n\n\n\n<h2 class=\"wp-block-heading\"><strong>Leonardo Padura dedica medalla a Almudena Grandes<\/strong><\/h2>\n\n\n\n<p>Padura recibi\u00f3 la Medalla Carlos Fuentes de manos de la viuda del autor, Silvia Lemus, galard\u00f3n que tuvo que ser pospuesto el a\u00f1o pasado debido a que la FIL fue realizada de manera virtual por las restricciones sanitarias debido a la pandemia por el COVID-19.<\/p>\n\n\n\n<p>El cubano dedic\u00f3 la medalla a la memoria de la escritora espa\u00f1ola fallecida este s\u00e1bado\u00a0Almudena Grandes\u00a0quien dijo era una gran persona y una gran amiga.<\/p>\n\n\n\n<h2 class=\"wp-block-heading\"><strong>\u00bfCu\u00e1ndo es la FIL 2021?<\/strong><\/h2>\n\n\n\n<p>La FIL se desarrolla del 27 de noviembre al 5 de diciembre con la asistencia de 600 escritores de 46 pa\u00edses, con la participaci\u00f3n de m\u00e1s de trees\u00a0mil profesionales y 255 expositores de 27 pa\u00edses con una oferta editorial de 240 mil t\u00edtulos en 10 mil\u00a0metros cuadrados de exposici\u00f3n.<\/p>\n\n\n\n<p>Con Informaci\u00f3n de EFE<\/p>\n","protected":false},"excerpt":{"rendered":"<p>Por Redacci\u00f3n QP Leonardo Padura\u00a0es uno de los invitados m\u00e1s esperados de\u00a0la FIL 2021, donde,&#8230;<\/p>\n","protected":false},"author":2,"featured_media":86953,"comment_status":"open","ping_status":"open","sticky":false,"template":"","format":"standard","meta":{"_monsterinsights_skip_tracking":false,"_monsterinsights_sitenote_active":false,"_monsterinsights_sitenote_note":"","_monsterinsights_sitenote_category":0,"footnotes":""},"categories":[58],"tags":[],"class_list":["post-86952","post","type-post","status-publish","format-standard","has-post-thumbnail","hentry","category-cultura"],"yoast_head":"<!-- This site is optimized with the Yoast SEO plugin v27.3 - https:\/\/yoast.com\/product\/yoast-seo-wordpress\/ -->\n<title>FIL 2021: Leonardo Padura dialoga sobre exilio en Como polvo en el viento -<\/title>\n<meta name=\"robots\" content=\"index, follow, max-snippet:-1, max-image-preview:large, max-video-preview:-1\" \/>\n<link rel=\"canonical\" href=\"https:\/\/quehacerpolitico.mx\/?p=86952\" \/>\n<meta property=\"og:locale\" content=\"es_MX\" \/>\n<meta property=\"og:type\" content=\"article\" \/>\n<meta property=\"og:title\" content=\"FIL 2021: Leonardo Padura dialoga sobre exilio en Como polvo en el viento -\" \/>\n<meta property=\"og:description\" content=\"Por Redacci\u00f3n QP Leonardo Padura\u00a0es uno de los invitados m\u00e1s esperados de\u00a0la FIL 2021, donde,...\" \/>\n<meta property=\"og:url\" content=\"https:\/\/quehacerpolitico.mx\/?p=86952\" \/>\n<meta property=\"article:published_time\" content=\"2021-11-29T21:28:59+00:00\" \/>\n<meta property=\"article:modified_time\" content=\"2021-11-29T21:29:03+00:00\" \/>\n<meta property=\"og:image\" content=\"https:\/\/quehacerpolitico.mx\/wp-content\/uploads\/2021\/11\/F7E98081-A41A-48A5-BCFC-173025B3D122.webp\" \/>\n\t<meta property=\"og:image:width\" content=\"770\" \/>\n\t<meta property=\"og:image:height\" content=\"485\" \/>\n\t<meta property=\"og:image:type\" content=\"image\/webp\" \/>\n<meta name=\"author\" content=\"Redacci\u00f3n QP\" \/>\n<meta name=\"twitter:card\" content=\"summary_large_image\" \/>\n<meta name=\"twitter:label1\" content=\"Escrito por\" \/>\n\t<meta name=\"twitter:data1\" content=\"Redacci\u00f3n QP\" \/>\n\t<meta name=\"twitter:label2\" content=\"Tiempo de lectura\" \/>\n\t<meta name=\"twitter:data2\" content=\"4 minutos\" \/>\n<script type=\"application\/ld+json\" class=\"yoast-schema-graph\">{\"@context\":\"https:\\\/\\\/schema.org\",\"@graph\":[{\"@type\":\"Article\",\"@id\":\"https:\\\/\\\/quehacerpolitico.mx\\\/?p=86952#article\",\"isPartOf\":{\"@id\":\"https:\\\/\\\/quehacerpolitico.mx\\\/?p=86952\"},\"author\":{\"name\":\"Redacci\u00f3n QP\",\"@id\":\"https:\\\/\\\/quehacerpolitico.mx\\\/#\\\/schema\\\/person\\\/496d8ad2d1d3f8036101dca7ee39e585\"},\"headline\":\"FIL 2021: Leonardo Padura dialoga sobre exilio en Como polvo en el viento\",\"datePublished\":\"2021-11-29T21:28:59+00:00\",\"dateModified\":\"2021-11-29T21:29:03+00:00\",\"mainEntityOfPage\":{\"@id\":\"https:\\\/\\\/quehacerpolitico.mx\\\/?p=86952\"},\"wordCount\":875,\"commentCount\":0,\"image\":{\"@id\":\"https:\\\/\\\/quehacerpolitico.mx\\\/?p=86952#primaryimage\"},\"thumbnailUrl\":\"https:\\\/\\\/quehacerpolitico.mx\\\/wp-content\\\/uploads\\\/2021\\\/11\\\/F7E98081-A41A-48A5-BCFC-173025B3D122.webp\",\"articleSection\":[\"Cultura y Entretenimiento\"],\"inLanguage\":\"es\",\"potentialAction\":[{\"@type\":\"CommentAction\",\"name\":\"Comment\",\"target\":[\"https:\\\/\\\/quehacerpolitico.mx\\\/?p=86952#respond\"]}]},{\"@type\":\"WebPage\",\"@id\":\"https:\\\/\\\/quehacerpolitico.mx\\\/?p=86952\",\"url\":\"https:\\\/\\\/quehacerpolitico.mx\\\/?p=86952\",\"name\":\"FIL 2021: Leonardo Padura dialoga sobre exilio en Como polvo en el viento -\",\"isPartOf\":{\"@id\":\"https:\\\/\\\/quehacerpolitico.mx\\\/#website\"},\"primaryImageOfPage\":{\"@id\":\"https:\\\/\\\/quehacerpolitico.mx\\\/?p=86952#primaryimage\"},\"image\":{\"@id\":\"https:\\\/\\\/quehacerpolitico.mx\\\/?p=86952#primaryimage\"},\"thumbnailUrl\":\"https:\\\/\\\/quehacerpolitico.mx\\\/wp-content\\\/uploads\\\/2021\\\/11\\\/F7E98081-A41A-48A5-BCFC-173025B3D122.webp\",\"datePublished\":\"2021-11-29T21:28:59+00:00\",\"dateModified\":\"2021-11-29T21:29:03+00:00\",\"author\":{\"@id\":\"https:\\\/\\\/quehacerpolitico.mx\\\/#\\\/schema\\\/person\\\/496d8ad2d1d3f8036101dca7ee39e585\"},\"breadcrumb\":{\"@id\":\"https:\\\/\\\/quehacerpolitico.mx\\\/?p=86952#breadcrumb\"},\"inLanguage\":\"es\",\"potentialAction\":[{\"@type\":\"ReadAction\",\"target\":[\"https:\\\/\\\/quehacerpolitico.mx\\\/?p=86952\"]}]},{\"@type\":\"ImageObject\",\"inLanguage\":\"es\",\"@id\":\"https:\\\/\\\/quehacerpolitico.mx\\\/?p=86952#primaryimage\",\"url\":\"https:\\\/\\\/quehacerpolitico.mx\\\/wp-content\\\/uploads\\\/2021\\\/11\\\/F7E98081-A41A-48A5-BCFC-173025B3D122.webp\",\"contentUrl\":\"https:\\\/\\\/quehacerpolitico.mx\\\/wp-content\\\/uploads\\\/2021\\\/11\\\/F7E98081-A41A-48A5-BCFC-173025B3D122.webp\",\"width\":770,\"height\":485},{\"@type\":\"BreadcrumbList\",\"@id\":\"https:\\\/\\\/quehacerpolitico.mx\\\/?p=86952#breadcrumb\",\"itemListElement\":[{\"@type\":\"ListItem\",\"position\":1,\"name\":\"Inicio\",\"item\":\"https:\\\/\\\/quehacerpolitico.mx\\\/\"},{\"@type\":\"ListItem\",\"position\":2,\"name\":\"FIL 2021: Leonardo Padura dialoga sobre exilio en Como polvo en el viento\"}]},{\"@type\":\"WebSite\",\"@id\":\"https:\\\/\\\/quehacerpolitico.mx\\\/#website\",\"url\":\"https:\\\/\\\/quehacerpolitico.mx\\\/\",\"name\":\"\",\"description\":\"\",\"potentialAction\":[{\"@type\":\"SearchAction\",\"target\":{\"@type\":\"EntryPoint\",\"urlTemplate\":\"https:\\\/\\\/quehacerpolitico.mx\\\/?s={search_term_string}\"},\"query-input\":{\"@type\":\"PropertyValueSpecification\",\"valueRequired\":true,\"valueName\":\"search_term_string\"}}],\"inLanguage\":\"es\"},{\"@type\":\"Person\",\"@id\":\"https:\\\/\\\/quehacerpolitico.mx\\\/#\\\/schema\\\/person\\\/496d8ad2d1d3f8036101dca7ee39e585\",\"name\":\"Redacci\u00f3n QP\",\"image\":{\"@type\":\"ImageObject\",\"inLanguage\":\"es\",\"@id\":\"https:\\\/\\\/secure.gravatar.com\\\/avatar\\\/c7164ed6fdec453195284ad24a5ae5b6e1eed2b848477fa2a4787ba9adf39a41?s=96&d=mm&r=g\",\"url\":\"https:\\\/\\\/secure.gravatar.com\\\/avatar\\\/c7164ed6fdec453195284ad24a5ae5b6e1eed2b848477fa2a4787ba9adf39a41?s=96&d=mm&r=g\",\"contentUrl\":\"https:\\\/\\\/secure.gravatar.com\\\/avatar\\\/c7164ed6fdec453195284ad24a5ae5b6e1eed2b848477fa2a4787ba9adf39a41?s=96&d=mm&r=g\",\"caption\":\"Redacci\u00f3n QP\"},\"url\":\"https:\\\/\\\/quehacerpolitico.mx\\\/?author=2\"}]}<\/script>\n<!-- \/ Yoast SEO plugin. -->","yoast_head_json":{"title":"FIL 2021: Leonardo Padura dialoga sobre exilio en Como polvo en el viento -","robots":{"index":"index","follow":"follow","max-snippet":"max-snippet:-1","max-image-preview":"max-image-preview:large","max-video-preview":"max-video-preview:-1"},"canonical":"https:\/\/quehacerpolitico.mx\/?p=86952","og_locale":"es_MX","og_type":"article","og_title":"FIL 2021: Leonardo Padura dialoga sobre exilio en Como polvo en el viento -","og_description":"Por Redacci\u00f3n QP Leonardo Padura\u00a0es uno de los invitados m\u00e1s esperados de\u00a0la FIL 2021, donde,...","og_url":"https:\/\/quehacerpolitico.mx\/?p=86952","article_published_time":"2021-11-29T21:28:59+00:00","article_modified_time":"2021-11-29T21:29:03+00:00","og_image":[{"width":770,"height":485,"url":"https:\/\/quehacerpolitico.mx\/wp-content\/uploads\/2021\/11\/F7E98081-A41A-48A5-BCFC-173025B3D122.webp","type":"image\/webp"}],"author":"Redacci\u00f3n QP","twitter_card":"summary_large_image","twitter_misc":{"Escrito por":"Redacci\u00f3n QP","Tiempo de lectura":"4 minutos"},"schema":{"@context":"https:\/\/schema.org","@graph":[{"@type":"Article","@id":"https:\/\/quehacerpolitico.mx\/?p=86952#article","isPartOf":{"@id":"https:\/\/quehacerpolitico.mx\/?p=86952"},"author":{"name":"Redacci\u00f3n QP","@id":"https:\/\/quehacerpolitico.mx\/#\/schema\/person\/496d8ad2d1d3f8036101dca7ee39e585"},"headline":"FIL 2021: Leonardo Padura dialoga sobre exilio en Como polvo en el viento","datePublished":"2021-11-29T21:28:59+00:00","dateModified":"2021-11-29T21:29:03+00:00","mainEntityOfPage":{"@id":"https:\/\/quehacerpolitico.mx\/?p=86952"},"wordCount":875,"commentCount":0,"image":{"@id":"https:\/\/quehacerpolitico.mx\/?p=86952#primaryimage"},"thumbnailUrl":"https:\/\/quehacerpolitico.mx\/wp-content\/uploads\/2021\/11\/F7E98081-A41A-48A5-BCFC-173025B3D122.webp","articleSection":["Cultura y Entretenimiento"],"inLanguage":"es","potentialAction":[{"@type":"CommentAction","name":"Comment","target":["https:\/\/quehacerpolitico.mx\/?p=86952#respond"]}]},{"@type":"WebPage","@id":"https:\/\/quehacerpolitico.mx\/?p=86952","url":"https:\/\/quehacerpolitico.mx\/?p=86952","name":"FIL 2021: Leonardo Padura dialoga sobre exilio en Como polvo en el viento -","isPartOf":{"@id":"https:\/\/quehacerpolitico.mx\/#website"},"primaryImageOfPage":{"@id":"https:\/\/quehacerpolitico.mx\/?p=86952#primaryimage"},"image":{"@id":"https:\/\/quehacerpolitico.mx\/?p=86952#primaryimage"},"thumbnailUrl":"https:\/\/quehacerpolitico.mx\/wp-content\/uploads\/2021\/11\/F7E98081-A41A-48A5-BCFC-173025B3D122.webp","datePublished":"2021-11-29T21:28:59+00:00","dateModified":"2021-11-29T21:29:03+00:00","author":{"@id":"https:\/\/quehacerpolitico.mx\/#\/schema\/person\/496d8ad2d1d3f8036101dca7ee39e585"},"breadcrumb":{"@id":"https:\/\/quehacerpolitico.mx\/?p=86952#breadcrumb"},"inLanguage":"es","potentialAction":[{"@type":"ReadAction","target":["https:\/\/quehacerpolitico.mx\/?p=86952"]}]},{"@type":"ImageObject","inLanguage":"es","@id":"https:\/\/quehacerpolitico.mx\/?p=86952#primaryimage","url":"https:\/\/quehacerpolitico.mx\/wp-content\/uploads\/2021\/11\/F7E98081-A41A-48A5-BCFC-173025B3D122.webp","contentUrl":"https:\/\/quehacerpolitico.mx\/wp-content\/uploads\/2021\/11\/F7E98081-A41A-48A5-BCFC-173025B3D122.webp","width":770,"height":485},{"@type":"BreadcrumbList","@id":"https:\/\/quehacerpolitico.mx\/?p=86952#breadcrumb","itemListElement":[{"@type":"ListItem","position":1,"name":"Inicio","item":"https:\/\/quehacerpolitico.mx\/"},{"@type":"ListItem","position":2,"name":"FIL 2021: Leonardo Padura dialoga sobre exilio en Como polvo en el viento"}]},{"@type":"WebSite","@id":"https:\/\/quehacerpolitico.mx\/#website","url":"https:\/\/quehacerpolitico.mx\/","name":"","description":"","potentialAction":[{"@type":"SearchAction","target":{"@type":"EntryPoint","urlTemplate":"https:\/\/quehacerpolitico.mx\/?s={search_term_string}"},"query-input":{"@type":"PropertyValueSpecification","valueRequired":true,"valueName":"search_term_string"}}],"inLanguage":"es"},{"@type":"Person","@id":"https:\/\/quehacerpolitico.mx\/#\/schema\/person\/496d8ad2d1d3f8036101dca7ee39e585","name":"Redacci\u00f3n QP","image":{"@type":"ImageObject","inLanguage":"es","@id":"https:\/\/secure.gravatar.com\/avatar\/c7164ed6fdec453195284ad24a5ae5b6e1eed2b848477fa2a4787ba9adf39a41?s=96&d=mm&r=g","url":"https:\/\/secure.gravatar.com\/avatar\/c7164ed6fdec453195284ad24a5ae5b6e1eed2b848477fa2a4787ba9adf39a41?s=96&d=mm&r=g","contentUrl":"https:\/\/secure.gravatar.com\/avatar\/c7164ed6fdec453195284ad24a5ae5b6e1eed2b848477fa2a4787ba9adf39a41?s=96&d=mm&r=g","caption":"Redacci\u00f3n QP"},"url":"https:\/\/quehacerpolitico.mx\/?author=2"}]}},"featured_image_urls":{"full":["https:\/\/quehacerpolitico.mx\/wp-content\/uploads\/2021\/11\/F7E98081-A41A-48A5-BCFC-173025B3D122.webp",770,485,false],"thumbnail":["https:\/\/quehacerpolitico.mx\/wp-content\/uploads\/2021\/11\/F7E98081-A41A-48A5-BCFC-173025B3D122-150x150.webp",150,150,true],"medium":["https:\/\/quehacerpolitico.mx\/wp-content\/uploads\/2021\/11\/F7E98081-A41A-48A5-BCFC-173025B3D122-300x189.webp",300,189,true],"medium_large":["https:\/\/quehacerpolitico.mx\/wp-content\/uploads\/2021\/11\/F7E98081-A41A-48A5-BCFC-173025B3D122-768x484.webp",640,403,true],"large":["https:\/\/quehacerpolitico.mx\/wp-content\/uploads\/2021\/11\/F7E98081-A41A-48A5-BCFC-173025B3D122.webp",640,403,false],"1536x1536":["https:\/\/quehacerpolitico.mx\/wp-content\/uploads\/2021\/11\/F7E98081-A41A-48A5-BCFC-173025B3D122.webp",770,485,false],"2048x2048":["https:\/\/quehacerpolitico.mx\/wp-content\/uploads\/2021\/11\/F7E98081-A41A-48A5-BCFC-173025B3D122.webp",770,485,false],"covernews-featured":["https:\/\/quehacerpolitico.mx\/wp-content\/uploads\/2021\/11\/F7E98081-A41A-48A5-BCFC-173025B3D122.webp",770,485,false],"covernews-medium":["https:\/\/quehacerpolitico.mx\/wp-content\/uploads\/2021\/11\/F7E98081-A41A-48A5-BCFC-173025B3D122.webp",540,340,false]},"author_info":{"display_name":"Redacci\u00f3n QP","author_link":"https:\/\/quehacerpolitico.mx\/?author=2"},"category_info":"<a href=\"https:\/\/quehacerpolitico.mx\/?cat=58\" rel=\"category\">Cultura y Entretenimiento<\/a>","tag_info":"Cultura y Entretenimiento","comment_count":"0","_links":{"self":[{"href":"https:\/\/quehacerpolitico.mx\/index.php?rest_route=\/wp\/v2\/posts\/86952","targetHints":{"allow":["GET"]}}],"collection":[{"href":"https:\/\/quehacerpolitico.mx\/index.php?rest_route=\/wp\/v2\/posts"}],"about":[{"href":"https:\/\/quehacerpolitico.mx\/index.php?rest_route=\/wp\/v2\/types\/post"}],"author":[{"embeddable":true,"href":"https:\/\/quehacerpolitico.mx\/index.php?rest_route=\/wp\/v2\/users\/2"}],"replies":[{"embeddable":true,"href":"https:\/\/quehacerpolitico.mx\/index.php?rest_route=%2Fwp%2Fv2%2Fcomments&post=86952"}],"version-history":[{"count":1,"href":"https:\/\/quehacerpolitico.mx\/index.php?rest_route=\/wp\/v2\/posts\/86952\/revisions"}],"predecessor-version":[{"id":86954,"href":"https:\/\/quehacerpolitico.mx\/index.php?rest_route=\/wp\/v2\/posts\/86952\/revisions\/86954"}],"wp:featuredmedia":[{"embeddable":true,"href":"https:\/\/quehacerpolitico.mx\/index.php?rest_route=\/wp\/v2\/media\/86953"}],"wp:attachment":[{"href":"https:\/\/quehacerpolitico.mx\/index.php?rest_route=%2Fwp%2Fv2%2Fmedia&parent=86952"}],"wp:term":[{"taxonomy":"category","embeddable":true,"href":"https:\/\/quehacerpolitico.mx\/index.php?rest_route=%2Fwp%2Fv2%2Fcategories&post=86952"},{"taxonomy":"post_tag","embeddable":true,"href":"https:\/\/quehacerpolitico.mx\/index.php?rest_route=%2Fwp%2Fv2%2Ftags&post=86952"}],"curies":[{"name":"wp","href":"https:\/\/api.w.org\/{rel}","templated":true}]}}