{"id":86949,"date":"2021-11-29T21:06:24","date_gmt":"2021-11-29T21:06:24","guid":{"rendered":"https:\/\/quehacerpolitico.mx\/?p=86949"},"modified":"2021-11-29T21:06:28","modified_gmt":"2021-11-29T21:06:28","slug":"dobleces-israel-mendoza-perez-pablo-en-dos-pistas","status":"publish","type":"post","link":"https:\/\/quehacerpolitico.mx\/?p=86949","title":{"rendered":"Dobleces\/\/\/Israel Mendoza P\u00e9rez\/\/\/Pablo en dos pistas"},"content":{"rendered":"\n<p>Por Israel Mendoza P\u00e9rez <\/p>\n\n\n\n<p>Con la ratificaci\u00f3n bajo el brazo como titular de la Unidad de Inteligencia Financiera, de la Secretar\u00eda de Hacienda y Cr\u00e9dito P\u00fablico,\u00a0Pablo G\u00f3mez debe actuar en dos pistas sobre el manejo de la dependencia ya que tiene en su contra un pasado pol\u00edtico muy marcado y nula experiencia t\u00e9cnica financiera y de lucha antilavado. Adem\u00e1s de darle continuidad al proyecto iniciado en 2018 por Santiago Nieto Castillo y limar asperezas con el fiscal Alejandro Gertz Manero.<\/p>\n\n\n\n<p>Su ratificaci\u00f3n lleva un tache por parte de la oposici\u00f3n ya que lo ven como un personaje que trae una l\u00ednea de trabajo pol\u00edtica, y con ello se corre el riesgo de debilitar a la instituci\u00f3n encargada de erradicar la corrupci\u00f3n. Lo que tiene enfrente Pablo G\u00f3mez es impulsar reformas a la ley para la prevenci\u00f3n de lavado del dinero concluir investigaciones pendientes y llevar a cabo investigaciones con est\u00e1ndares internacionales.<\/p>\n\n\n\n<p>La continuidad al proyecto de la cuatrot\u00e9 iniciado por Santiago Nieto es otro de los retos de Pablo G\u00f3mez, en cuanto al combate frontal a la corrupci\u00f3n y a las estrategias ya adoptadas, que incluso son provistas por el Grupo de Acci\u00f3n Financiera Internacional (GAFI). Adem\u00e1s de que debe estrechar su relaci\u00f3n con la Fiscal\u00eda General de la Rep\u00fablica para sacar adelante las investigaciones de casos de corrupci\u00f3n.<\/p>\n\n\n\n<p>Y es que lo que le hace falta a la UIF es dar un verdadero \u201ccampanazo\u201d. Es decir, ver traducida toda esa inteligencia financiera en sanciones, decomisos, en medidas tangibles y palpables y no s\u00f3lo quedarse en lo cosm\u00e9tico de las acusaciones y de las persecuciones medi\u00e1ticas.<\/p>\n\n\n\n<p>Por ello es que Pablo G\u00f3mez debe concretar el proyecto \u201ccaza corrupci\u00f3n\u201d a trav\u00e9s de un trabajo t\u00e9cnico muy elevado para generar efectivamente inteligencia financiera y, por otro lado, que pueda ser un articulador efectivo de todo el resto de las oficinas e instancias que integran el r\u00e9gimen nacional de prevenci\u00f3n de lavado de dinero. Este punto es crucial ya que si G\u00f3mez \u00c1lvarez act\u00faa bajo consigna habr\u00e1 perdido la oportunidad de figurar como un personaje relevante que le \u201caligera la carga\u201d al Presidente.<\/p>\n\n\n\n<p>Y el segundo punto es consolidar una buena colaboraci\u00f3n, eficiente y eficaz de la UIF y la FGR porque urge exhibir casos de lavado de dinero que sean sancionados. De armar una buena mancuerna con la FGR podr\u00eda devenir en la aplicaci\u00f3n de sanciones y sentencias por actos de lavado de dinero y para ello G\u00f3mez \u00c1lvarez debe quitarse el protagonismo pol\u00edtico.<\/p>\n\n\n\n<p>La tentaci\u00f3n del poder para Pablo G\u00f3mez es enorme. Est\u00e1 en las grandes ligas en el ocaso de su carrera pol\u00edtica. Tiene que ser leal a la cuatrot\u00e9 y evitar que la UIF se convierta en el instrumento de persecuci\u00f3n y ajuste de cuentas. No deben mezclarse los criterios electorales, los compromisos personales o la agenda gubernamental.<\/p>\n\n\n\n<p>A final de cuentas lo que comenzaba anotarse en la agenda es que la UIF comenzaba a mutarse en un instrumento de persecuci\u00f3n de adversarios, de intimidaci\u00f3n a empresarios y de acoso a cr\u00edticos. Pablo G\u00f3mez cambia en su estilo pol\u00edtico o terminar\u00e1 por convertir a la UIF en un arma persecutoria.<\/p>\n","protected":false},"excerpt":{"rendered":"<p>Por Israel Mendoza P\u00e9rez Con la ratificaci\u00f3n bajo el brazo como titular de la Unidad&#8230;<\/p>\n","protected":false},"author":2,"featured_media":86950,"comment_status":"open","ping_status":"open","sticky":false,"template":"","format":"standard","meta":{"_monsterinsights_skip_tracking":false,"_monsterinsights_sitenote_active":false,"_monsterinsights_sitenote_note":"","_monsterinsights_sitenote_category":0,"footnotes":""},"categories":[2],"tags":[],"class_list":["post-86949","post","type-post","status-publish","format-standard","has-post-thumbnail","hentry","category-noticias"],"yoast_head":"<!-- This site is optimized with the Yoast SEO plugin v27.3 - https:\/\/yoast.com\/product\/yoast-seo-wordpress\/ -->\n<title>Dobleces\/\/\/Israel Mendoza P\u00e9rez\/\/\/Pablo en dos pistas -<\/title>\n<meta name=\"robots\" content=\"index, follow, max-snippet:-1, max-image-preview:large, max-video-preview:-1\" \/>\n<link rel=\"canonical\" href=\"https:\/\/quehacerpolitico.mx\/?p=86949\" \/>\n<meta property=\"og:locale\" content=\"es_MX\" \/>\n<meta property=\"og:type\" content=\"article\" \/>\n<meta property=\"og:title\" content=\"Dobleces\/\/\/Israel Mendoza P\u00e9rez\/\/\/Pablo en dos pistas -\" \/>\n<meta property=\"og:description\" content=\"Por Israel Mendoza P\u00e9rez Con la ratificaci\u00f3n bajo el brazo como titular de la Unidad...\" \/>\n<meta property=\"og:url\" content=\"https:\/\/quehacerpolitico.mx\/?p=86949\" \/>\n<meta property=\"article:published_time\" content=\"2021-11-29T21:06:24+00:00\" \/>\n<meta property=\"article:modified_time\" content=\"2021-11-29T21:06:28+00:00\" \/>\n<meta property=\"og:image\" content=\"https:\/\/quehacerpolitico.mx\/wp-content\/uploads\/2021\/11\/22B3DEF8-63C7-45C9-A36F-F4F4FC94DF19.jpeg\" \/>\n\t<meta property=\"og:image:width\" content=\"637\" \/>\n\t<meta property=\"og:image:height\" content=\"481\" \/>\n\t<meta property=\"og:image:type\" content=\"image\/jpeg\" \/>\n<meta name=\"author\" content=\"Redacci\u00f3n QP\" \/>\n<meta name=\"twitter:card\" content=\"summary_large_image\" \/>\n<meta name=\"twitter:label1\" content=\"Escrito por\" \/>\n\t<meta name=\"twitter:data1\" content=\"Redacci\u00f3n QP\" \/>\n\t<meta name=\"twitter:label2\" content=\"Tiempo de lectura\" \/>\n\t<meta name=\"twitter:data2\" content=\"3 minutos\" \/>\n<script type=\"application\/ld+json\" class=\"yoast-schema-graph\">{\"@context\":\"https:\\\/\\\/schema.org\",\"@graph\":[{\"@type\":\"Article\",\"@id\":\"https:\\\/\\\/quehacerpolitico.mx\\\/?p=86949#article\",\"isPartOf\":{\"@id\":\"https:\\\/\\\/quehacerpolitico.mx\\\/?p=86949\"},\"author\":{\"name\":\"Redacci\u00f3n QP\",\"@id\":\"https:\\\/\\\/quehacerpolitico.mx\\\/#\\\/schema\\\/person\\\/496d8ad2d1d3f8036101dca7ee39e585\"},\"headline\":\"Dobleces\\\/\\\/\\\/Israel Mendoza P\u00e9rez\\\/\\\/\\\/Pablo en dos pistas\",\"datePublished\":\"2021-11-29T21:06:24+00:00\",\"dateModified\":\"2021-11-29T21:06:28+00:00\",\"mainEntityOfPage\":{\"@id\":\"https:\\\/\\\/quehacerpolitico.mx\\\/?p=86949\"},\"wordCount\":581,\"commentCount\":0,\"image\":{\"@id\":\"https:\\\/\\\/quehacerpolitico.mx\\\/?p=86949#primaryimage\"},\"thumbnailUrl\":\"https:\\\/\\\/quehacerpolitico.mx\\\/wp-content\\\/uploads\\\/2021\\\/11\\\/22B3DEF8-63C7-45C9-A36F-F4F4FC94DF19.jpeg\",\"articleSection\":[\"Noticias\"],\"inLanguage\":\"es\",\"potentialAction\":[{\"@type\":\"CommentAction\",\"name\":\"Comment\",\"target\":[\"https:\\\/\\\/quehacerpolitico.mx\\\/?p=86949#respond\"]}]},{\"@type\":\"WebPage\",\"@id\":\"https:\\\/\\\/quehacerpolitico.mx\\\/?p=86949\",\"url\":\"https:\\\/\\\/quehacerpolitico.mx\\\/?p=86949\",\"name\":\"Dobleces\\\/\\\/\\\/Israel Mendoza P\u00e9rez\\\/\\\/\\\/Pablo en dos pistas -\",\"isPartOf\":{\"@id\":\"https:\\\/\\\/quehacerpolitico.mx\\\/#website\"},\"primaryImageOfPage\":{\"@id\":\"https:\\\/\\\/quehacerpolitico.mx\\\/?p=86949#primaryimage\"},\"image\":{\"@id\":\"https:\\\/\\\/quehacerpolitico.mx\\\/?p=86949#primaryimage\"},\"thumbnailUrl\":\"https:\\\/\\\/quehacerpolitico.mx\\\/wp-content\\\/uploads\\\/2021\\\/11\\\/22B3DEF8-63C7-45C9-A36F-F4F4FC94DF19.jpeg\",\"datePublished\":\"2021-11-29T21:06:24+00:00\",\"dateModified\":\"2021-11-29T21:06:28+00:00\",\"author\":{\"@id\":\"https:\\\/\\\/quehacerpolitico.mx\\\/#\\\/schema\\\/person\\\/496d8ad2d1d3f8036101dca7ee39e585\"},\"breadcrumb\":{\"@id\":\"https:\\\/\\\/quehacerpolitico.mx\\\/?p=86949#breadcrumb\"},\"inLanguage\":\"es\",\"potentialAction\":[{\"@type\":\"ReadAction\",\"target\":[\"https:\\\/\\\/quehacerpolitico.mx\\\/?p=86949\"]}]},{\"@type\":\"ImageObject\",\"inLanguage\":\"es\",\"@id\":\"https:\\\/\\\/quehacerpolitico.mx\\\/?p=86949#primaryimage\",\"url\":\"https:\\\/\\\/quehacerpolitico.mx\\\/wp-content\\\/uploads\\\/2021\\\/11\\\/22B3DEF8-63C7-45C9-A36F-F4F4FC94DF19.jpeg\",\"contentUrl\":\"https:\\\/\\\/quehacerpolitico.mx\\\/wp-content\\\/uploads\\\/2021\\\/11\\\/22B3DEF8-63C7-45C9-A36F-F4F4FC94DF19.jpeg\",\"width\":637,\"height\":481},{\"@type\":\"BreadcrumbList\",\"@id\":\"https:\\\/\\\/quehacerpolitico.mx\\\/?p=86949#breadcrumb\",\"itemListElement\":[{\"@type\":\"ListItem\",\"position\":1,\"name\":\"Inicio\",\"item\":\"https:\\\/\\\/quehacerpolitico.mx\\\/\"},{\"@type\":\"ListItem\",\"position\":2,\"name\":\"Dobleces\\\/\\\/\\\/Israel Mendoza P\u00e9rez\\\/\\\/\\\/Pablo en dos pistas\"}]},{\"@type\":\"WebSite\",\"@id\":\"https:\\\/\\\/quehacerpolitico.mx\\\/#website\",\"url\":\"https:\\\/\\\/quehacerpolitico.mx\\\/\",\"name\":\"\",\"description\":\"\",\"potentialAction\":[{\"@type\":\"SearchAction\",\"target\":{\"@type\":\"EntryPoint\",\"urlTemplate\":\"https:\\\/\\\/quehacerpolitico.mx\\\/?s={search_term_string}\"},\"query-input\":{\"@type\":\"PropertyValueSpecification\",\"valueRequired\":true,\"valueName\":\"search_term_string\"}}],\"inLanguage\":\"es\"},{\"@type\":\"Person\",\"@id\":\"https:\\\/\\\/quehacerpolitico.mx\\\/#\\\/schema\\\/person\\\/496d8ad2d1d3f8036101dca7ee39e585\",\"name\":\"Redacci\u00f3n QP\",\"image\":{\"@type\":\"ImageObject\",\"inLanguage\":\"es\",\"@id\":\"https:\\\/\\\/secure.gravatar.com\\\/avatar\\\/c7164ed6fdec453195284ad24a5ae5b6e1eed2b848477fa2a4787ba9adf39a41?s=96&d=mm&r=g\",\"url\":\"https:\\\/\\\/secure.gravatar.com\\\/avatar\\\/c7164ed6fdec453195284ad24a5ae5b6e1eed2b848477fa2a4787ba9adf39a41?s=96&d=mm&r=g\",\"contentUrl\":\"https:\\\/\\\/secure.gravatar.com\\\/avatar\\\/c7164ed6fdec453195284ad24a5ae5b6e1eed2b848477fa2a4787ba9adf39a41?s=96&d=mm&r=g\",\"caption\":\"Redacci\u00f3n QP\"},\"url\":\"https:\\\/\\\/quehacerpolitico.mx\\\/?author=2\"}]}<\/script>\n<!-- \/ Yoast SEO plugin. -->","yoast_head_json":{"title":"Dobleces\/\/\/Israel Mendoza P\u00e9rez\/\/\/Pablo en dos pistas -","robots":{"index":"index","follow":"follow","max-snippet":"max-snippet:-1","max-image-preview":"max-image-preview:large","max-video-preview":"max-video-preview:-1"},"canonical":"https:\/\/quehacerpolitico.mx\/?p=86949","og_locale":"es_MX","og_type":"article","og_title":"Dobleces\/\/\/Israel Mendoza P\u00e9rez\/\/\/Pablo en dos pistas -","og_description":"Por Israel Mendoza P\u00e9rez Con la ratificaci\u00f3n bajo el brazo como titular de la Unidad...","og_url":"https:\/\/quehacerpolitico.mx\/?p=86949","article_published_time":"2021-11-29T21:06:24+00:00","article_modified_time":"2021-11-29T21:06:28+00:00","og_image":[{"width":637,"height":481,"url":"https:\/\/quehacerpolitico.mx\/wp-content\/uploads\/2021\/11\/22B3DEF8-63C7-45C9-A36F-F4F4FC94DF19.jpeg","type":"image\/jpeg"}],"author":"Redacci\u00f3n QP","twitter_card":"summary_large_image","twitter_misc":{"Escrito por":"Redacci\u00f3n QP","Tiempo de lectura":"3 minutos"},"schema":{"@context":"https:\/\/schema.org","@graph":[{"@type":"Article","@id":"https:\/\/quehacerpolitico.mx\/?p=86949#article","isPartOf":{"@id":"https:\/\/quehacerpolitico.mx\/?p=86949"},"author":{"name":"Redacci\u00f3n QP","@id":"https:\/\/quehacerpolitico.mx\/#\/schema\/person\/496d8ad2d1d3f8036101dca7ee39e585"},"headline":"Dobleces\/\/\/Israel Mendoza P\u00e9rez\/\/\/Pablo en dos pistas","datePublished":"2021-11-29T21:06:24+00:00","dateModified":"2021-11-29T21:06:28+00:00","mainEntityOfPage":{"@id":"https:\/\/quehacerpolitico.mx\/?p=86949"},"wordCount":581,"commentCount":0,"image":{"@id":"https:\/\/quehacerpolitico.mx\/?p=86949#primaryimage"},"thumbnailUrl":"https:\/\/quehacerpolitico.mx\/wp-content\/uploads\/2021\/11\/22B3DEF8-63C7-45C9-A36F-F4F4FC94DF19.jpeg","articleSection":["Noticias"],"inLanguage":"es","potentialAction":[{"@type":"CommentAction","name":"Comment","target":["https:\/\/quehacerpolitico.mx\/?p=86949#respond"]}]},{"@type":"WebPage","@id":"https:\/\/quehacerpolitico.mx\/?p=86949","url":"https:\/\/quehacerpolitico.mx\/?p=86949","name":"Dobleces\/\/\/Israel Mendoza P\u00e9rez\/\/\/Pablo en dos pistas -","isPartOf":{"@id":"https:\/\/quehacerpolitico.mx\/#website"},"primaryImageOfPage":{"@id":"https:\/\/quehacerpolitico.mx\/?p=86949#primaryimage"},"image":{"@id":"https:\/\/quehacerpolitico.mx\/?p=86949#primaryimage"},"thumbnailUrl":"https:\/\/quehacerpolitico.mx\/wp-content\/uploads\/2021\/11\/22B3DEF8-63C7-45C9-A36F-F4F4FC94DF19.jpeg","datePublished":"2021-11-29T21:06:24+00:00","dateModified":"2021-11-29T21:06:28+00:00","author":{"@id":"https:\/\/quehacerpolitico.mx\/#\/schema\/person\/496d8ad2d1d3f8036101dca7ee39e585"},"breadcrumb":{"@id":"https:\/\/quehacerpolitico.mx\/?p=86949#breadcrumb"},"inLanguage":"es","potentialAction":[{"@type":"ReadAction","target":["https:\/\/quehacerpolitico.mx\/?p=86949"]}]},{"@type":"ImageObject","inLanguage":"es","@id":"https:\/\/quehacerpolitico.mx\/?p=86949#primaryimage","url":"https:\/\/quehacerpolitico.mx\/wp-content\/uploads\/2021\/11\/22B3DEF8-63C7-45C9-A36F-F4F4FC94DF19.jpeg","contentUrl":"https:\/\/quehacerpolitico.mx\/wp-content\/uploads\/2021\/11\/22B3DEF8-63C7-45C9-A36F-F4F4FC94DF19.jpeg","width":637,"height":481},{"@type":"BreadcrumbList","@id":"https:\/\/quehacerpolitico.mx\/?p=86949#breadcrumb","itemListElement":[{"@type":"ListItem","position":1,"name":"Inicio","item":"https:\/\/quehacerpolitico.mx\/"},{"@type":"ListItem","position":2,"name":"Dobleces\/\/\/Israel Mendoza P\u00e9rez\/\/\/Pablo en dos pistas"}]},{"@type":"WebSite","@id":"https:\/\/quehacerpolitico.mx\/#website","url":"https:\/\/quehacerpolitico.mx\/","name":"","description":"","potentialAction":[{"@type":"SearchAction","target":{"@type":"EntryPoint","urlTemplate":"https:\/\/quehacerpolitico.mx\/?s={search_term_string}"},"query-input":{"@type":"PropertyValueSpecification","valueRequired":true,"valueName":"search_term_string"}}],"inLanguage":"es"},{"@type":"Person","@id":"https:\/\/quehacerpolitico.mx\/#\/schema\/person\/496d8ad2d1d3f8036101dca7ee39e585","name":"Redacci\u00f3n QP","image":{"@type":"ImageObject","inLanguage":"es","@id":"https:\/\/secure.gravatar.com\/avatar\/c7164ed6fdec453195284ad24a5ae5b6e1eed2b848477fa2a4787ba9adf39a41?s=96&d=mm&r=g","url":"https:\/\/secure.gravatar.com\/avatar\/c7164ed6fdec453195284ad24a5ae5b6e1eed2b848477fa2a4787ba9adf39a41?s=96&d=mm&r=g","contentUrl":"https:\/\/secure.gravatar.com\/avatar\/c7164ed6fdec453195284ad24a5ae5b6e1eed2b848477fa2a4787ba9adf39a41?s=96&d=mm&r=g","caption":"Redacci\u00f3n QP"},"url":"https:\/\/quehacerpolitico.mx\/?author=2"}]}},"featured_image_urls":{"full":["https:\/\/quehacerpolitico.mx\/wp-content\/uploads\/2021\/11\/22B3DEF8-63C7-45C9-A36F-F4F4FC94DF19.jpeg",637,481,false],"thumbnail":["https:\/\/quehacerpolitico.mx\/wp-content\/uploads\/2021\/11\/22B3DEF8-63C7-45C9-A36F-F4F4FC94DF19-150x150.jpeg",150,150,true],"medium":["https:\/\/quehacerpolitico.mx\/wp-content\/uploads\/2021\/11\/22B3DEF8-63C7-45C9-A36F-F4F4FC94DF19-300x227.jpeg",300,227,true],"medium_large":["https:\/\/quehacerpolitico.mx\/wp-content\/uploads\/2021\/11\/22B3DEF8-63C7-45C9-A36F-F4F4FC94DF19.jpeg",637,481,false],"large":["https:\/\/quehacerpolitico.mx\/wp-content\/uploads\/2021\/11\/22B3DEF8-63C7-45C9-A36F-F4F4FC94DF19.jpeg",637,481,false],"1536x1536":["https:\/\/quehacerpolitico.mx\/wp-content\/uploads\/2021\/11\/22B3DEF8-63C7-45C9-A36F-F4F4FC94DF19.jpeg",637,481,false],"2048x2048":["https:\/\/quehacerpolitico.mx\/wp-content\/uploads\/2021\/11\/22B3DEF8-63C7-45C9-A36F-F4F4FC94DF19.jpeg",637,481,false],"covernews-featured":["https:\/\/quehacerpolitico.mx\/wp-content\/uploads\/2021\/11\/22B3DEF8-63C7-45C9-A36F-F4F4FC94DF19.jpeg",637,481,false],"covernews-medium":["https:\/\/quehacerpolitico.mx\/wp-content\/uploads\/2021\/11\/22B3DEF8-63C7-45C9-A36F-F4F4FC94DF19.jpeg",450,340,false]},"author_info":{"display_name":"Redacci\u00f3n QP","author_link":"https:\/\/quehacerpolitico.mx\/?author=2"},"category_info":"<a href=\"https:\/\/quehacerpolitico.mx\/?cat=2\" rel=\"category\">Noticias<\/a>","tag_info":"Noticias","comment_count":"0","_links":{"self":[{"href":"https:\/\/quehacerpolitico.mx\/index.php?rest_route=\/wp\/v2\/posts\/86949","targetHints":{"allow":["GET"]}}],"collection":[{"href":"https:\/\/quehacerpolitico.mx\/index.php?rest_route=\/wp\/v2\/posts"}],"about":[{"href":"https:\/\/quehacerpolitico.mx\/index.php?rest_route=\/wp\/v2\/types\/post"}],"author":[{"embeddable":true,"href":"https:\/\/quehacerpolitico.mx\/index.php?rest_route=\/wp\/v2\/users\/2"}],"replies":[{"embeddable":true,"href":"https:\/\/quehacerpolitico.mx\/index.php?rest_route=%2Fwp%2Fv2%2Fcomments&post=86949"}],"version-history":[{"count":1,"href":"https:\/\/quehacerpolitico.mx\/index.php?rest_route=\/wp\/v2\/posts\/86949\/revisions"}],"predecessor-version":[{"id":86951,"href":"https:\/\/quehacerpolitico.mx\/index.php?rest_route=\/wp\/v2\/posts\/86949\/revisions\/86951"}],"wp:featuredmedia":[{"embeddable":true,"href":"https:\/\/quehacerpolitico.mx\/index.php?rest_route=\/wp\/v2\/media\/86950"}],"wp:attachment":[{"href":"https:\/\/quehacerpolitico.mx\/index.php?rest_route=%2Fwp%2Fv2%2Fmedia&parent=86949"}],"wp:term":[{"taxonomy":"category","embeddable":true,"href":"https:\/\/quehacerpolitico.mx\/index.php?rest_route=%2Fwp%2Fv2%2Fcategories&post=86949"},{"taxonomy":"post_tag","embeddable":true,"href":"https:\/\/quehacerpolitico.mx\/index.php?rest_route=%2Fwp%2Fv2%2Ftags&post=86949"}],"curies":[{"name":"wp","href":"https:\/\/api.w.org\/{rel}","templated":true}]}}