{"id":86946,"date":"2021-11-29T20:57:33","date_gmt":"2021-11-29T20:57:33","guid":{"rendered":"https:\/\/quehacerpolitico.mx\/?p=86946"},"modified":"2021-11-29T20:57:37","modified_gmt":"2021-11-29T20:57:37","slug":"dobleces-israel-mendoza-perez-reciclajes-del-caso-aburto-segunda-y-ultima-parte","status":"publish","type":"post","link":"https:\/\/quehacerpolitico.mx\/?p=86946","title":{"rendered":"Dobleces\/\/\/Israel Mendoza P\u00e9rez\/\/\/Reciclajes del Caso Aburto (Segunda y \u00faltima parte)"},"content":{"rendered":"\n<p>Por Israel Mendoza P\u00e9rez<\/p>\n\n\n\n<p>A la presidenta de la\u00a0CNDH, Rosario Piedra le ocultan informaci\u00f3n o ignora el pasado de sus colaboradores. En la recomendaci\u00f3n 48VG\/2021 del caso\u00a0Mario Aburto, en el numeral 14 aparecen los puntos escabrosos de los funcionarios reciclados.<\/p>\n\n\n\n<p>En este punto se menciona a Luis Ra\u00fal Gonz\u00e1lez P\u00e9rez, quien fungi\u00f3 como subprocurador a cargo del caso Colosio en 1996, pero antes de tomar ese puesto, labor\u00f3 como Primer visitador en la CNDH, desde donde tuvo acceso a informaci\u00f3n que, se refiere, desestimar\u00eda. En ese tenor, Gonz\u00e1lez P\u00e9rez nombrar\u00eda a Ismael Eslava, el 10 de octubre de 1996, como Coordinador de Asesores de la Subprocuradur\u00eda Especial para el Caso Colosio.<\/p>\n\n\n\n<p>Algo similar se repetir\u00eda en el 2015, cuando Gonz\u00e1lez P\u00e9rez se convirti\u00f3 en presidente de la CNDH, y nombrar\u00eda a Eslava como su Primer visitador. La recomendaci\u00f3n hace ver que esos movimientos y nombramientos fueron parte de una complicidad y en 20 a\u00f1os se dieron omisiones y complicidades.<\/p>\n\n\n\n<p>Aunque hay un detalle clave, la actual funcionaria que elabor\u00f3 la Recomendaci\u00f3n firmada por Rosario Piedra fue Hilda T\u00e9llez. En el numeral 31 se se\u00f1ala: es de hacer notar que esta Comisi\u00f3n Nacional estaba enterada pr\u00e1cticamente desde que ocurrieron los hechos, es decir desde abril de 1994, de las irregularidades; sin embargo, no actu\u00f3 conforme a sus facultades constitucionales.<\/p>\n\n\n\n<p>Desde 1994, hasta el momento en que Rosario Piedra llega a la defensor\u00eda, nadie act\u00fao, se\u00f1ala el documento. Sin embargo, Hilda T\u00e9llez Lino, de octubre de 2015 a diciembre de 2016, ocup\u00f3 el puesto de directora en la Primera Visitadur\u00eda General, bajo las \u00f3rdenes de Gonz\u00e1lez P\u00e9rez e Ismael Eslava, describiendo en su perfil p\u00fablico que: desarroll\u00f3 la conducci\u00f3n de un equipo de visitadoras y visitadores adjuntos en la direcci\u00f3n del tr\u00e1mite de quejas de casos de violaciones a los derechos humanos atribuidos a la Procuradur\u00eda General de la Rep\u00fablica\u2026 Fue directora de un \u00e1rea a la que se le implica en omisiones.<\/p>\n\n\n\n<p>En el numeral 14 se indica que, desde el 20 de agosto de 2015, exist\u00eda una carta manuscrita, donde Aburto Mart\u00ednez solicitaba la mediaci\u00f3n de la instituci\u00f3n solicitando su traslado a un centro de reclusi\u00f3n m\u00e1s cercano al lugar donde habita su familia, documento que fue respondido hasta 2019. All\u00ed mismo se destaca que la Tercera Visitadora General de la CNDH que conoci\u00f3 del caso y del seguimiento de las quejas mencionadas hab\u00eda sido directora general de Prevenci\u00f3n y Readaptaci\u00f3n Social de la Secretar\u00eda de Gobernaci\u00f3n en los a\u00f1os de las detenciones derivadas de la investigaci\u00f3n oficial del caso Colosio \u2014la funcionaria aludida es Ruth Villanueva Castilleja.<\/p>\n\n\n\n<p>Lo que deja ver que Ruth Villanueva es otro eslab\u00f3n en la cadena omisiones y complicidades; sin embargo, eso no era un impedimento para que mantuviera una relaci\u00f3n estrecha con la Montserrat Rizo, quien, incluso, es reconocida como alumna destacada del Centro Jur\u00eddico Universitario, escuela de la que es due\u00f1a Ruth Villanueva, misma con la que sol\u00eda irse a \u201ctomar cafecitos\u201d.<\/p>\n\n\n\n<p>Bajo las \u00f3rdenes de Villanueva Castilleja se encontraba otro funcionario activo en la elaboraci\u00f3n de la recomendaci\u00f3n, V\u00edctor S\u00e1nchez, quien fung\u00eda en ese entonces, y lo sigue haciendo, como director del \u00e1rea de Quejas de la Tercera Visitadur\u00eda, por donde tuvo que pasar la carta manuscrita, la de Aburto, y\/o al menos se tuvo conocimiento de la misma. Ah\u00ed se cierra la pinza de las omisiones del grupo que se recicl\u00f3 en la visitadur\u00eda.<\/p>\n\n\n\n<p>En la recomendaci\u00f3n&nbsp;48VG \/2021&nbsp;se exhibe un grupo de funcionarios&nbsp;que han estado inmiscuidos en las omisiones o actuaciones deficientes de la misma CNDH del pasado, pero siguen activos y actuando como si nada hubiera sucedido.<\/p>\n\n\n\n<p>Ruth Villanueva se incrust\u00f3 en la 4T, como encargada de la defensa de los derechos humanos de las personas migrantes, desde el Instituto Nacional de Migraci\u00f3n. Lo mismo que Hilda T\u00e9llez, Montserrat Rizo y V\u00edctor S\u00e1nchez, quienes enarbolan una falsa bandera de defensa de los presos.<\/p>\n","protected":false},"excerpt":{"rendered":"<p>Por Israel Mendoza P\u00e9rez A la presidenta de la\u00a0CNDH, Rosario Piedra le ocultan informaci\u00f3n o&#8230;<\/p>\n","protected":false},"author":2,"featured_media":86947,"comment_status":"open","ping_status":"open","sticky":false,"template":"","format":"standard","meta":{"_monsterinsights_skip_tracking":false,"_monsterinsights_sitenote_active":false,"_monsterinsights_sitenote_note":"","_monsterinsights_sitenote_category":0,"footnotes":""},"categories":[2],"tags":[],"class_list":["post-86946","post","type-post","status-publish","format-standard","has-post-thumbnail","hentry","category-noticias"],"yoast_head":"<!-- This site is optimized with the Yoast SEO plugin v27.3 - https:\/\/yoast.com\/product\/yoast-seo-wordpress\/ -->\n<title>Dobleces\/\/\/Israel Mendoza P\u00e9rez\/\/\/Reciclajes del Caso Aburto (Segunda y \u00faltima parte) -<\/title>\n<meta name=\"robots\" content=\"index, follow, max-snippet:-1, max-image-preview:large, max-video-preview:-1\" \/>\n<link rel=\"canonical\" href=\"https:\/\/quehacerpolitico.mx\/?p=86946\" \/>\n<meta property=\"og:locale\" content=\"es_MX\" \/>\n<meta property=\"og:type\" content=\"article\" \/>\n<meta property=\"og:title\" content=\"Dobleces\/\/\/Israel Mendoza P\u00e9rez\/\/\/Reciclajes del Caso Aburto (Segunda y \u00faltima parte) -\" \/>\n<meta property=\"og:description\" content=\"Por Israel Mendoza P\u00e9rez A la presidenta de la\u00a0CNDH, Rosario Piedra le ocultan informaci\u00f3n o...\" \/>\n<meta property=\"og:url\" content=\"https:\/\/quehacerpolitico.mx\/?p=86946\" \/>\n<meta property=\"article:published_time\" content=\"2021-11-29T20:57:33+00:00\" \/>\n<meta property=\"article:modified_time\" content=\"2021-11-29T20:57:37+00:00\" \/>\n<meta property=\"og:image\" content=\"https:\/\/quehacerpolitico.mx\/wp-content\/uploads\/2021\/11\/9FD53C23-E494-42BB-A42C-12190D05589C.jpeg\" \/>\n\t<meta property=\"og:image:width\" content=\"768\" \/>\n\t<meta property=\"og:image:height\" content=\"479\" \/>\n\t<meta property=\"og:image:type\" content=\"image\/jpeg\" \/>\n<meta name=\"author\" content=\"Redacci\u00f3n QP\" \/>\n<meta name=\"twitter:card\" content=\"summary_large_image\" \/>\n<meta name=\"twitter:label1\" content=\"Escrito por\" \/>\n\t<meta name=\"twitter:data1\" content=\"Redacci\u00f3n QP\" \/>\n\t<meta name=\"twitter:label2\" content=\"Tiempo de lectura\" \/>\n\t<meta name=\"twitter:data2\" content=\"4 minutos\" \/>\n<script type=\"application\/ld+json\" class=\"yoast-schema-graph\">{\"@context\":\"https:\\\/\\\/schema.org\",\"@graph\":[{\"@type\":\"Article\",\"@id\":\"https:\\\/\\\/quehacerpolitico.mx\\\/?p=86946#article\",\"isPartOf\":{\"@id\":\"https:\\\/\\\/quehacerpolitico.mx\\\/?p=86946\"},\"author\":{\"name\":\"Redacci\u00f3n QP\",\"@id\":\"https:\\\/\\\/quehacerpolitico.mx\\\/#\\\/schema\\\/person\\\/496d8ad2d1d3f8036101dca7ee39e585\"},\"headline\":\"Dobleces\\\/\\\/\\\/Israel Mendoza P\u00e9rez\\\/\\\/\\\/Reciclajes del Caso Aburto (Segunda y \u00faltima parte)\",\"datePublished\":\"2021-11-29T20:57:33+00:00\",\"dateModified\":\"2021-11-29T20:57:37+00:00\",\"mainEntityOfPage\":{\"@id\":\"https:\\\/\\\/quehacerpolitico.mx\\\/?p=86946\"},\"wordCount\":715,\"commentCount\":0,\"image\":{\"@id\":\"https:\\\/\\\/quehacerpolitico.mx\\\/?p=86946#primaryimage\"},\"thumbnailUrl\":\"https:\\\/\\\/quehacerpolitico.mx\\\/wp-content\\\/uploads\\\/2021\\\/11\\\/9FD53C23-E494-42BB-A42C-12190D05589C.jpeg\",\"articleSection\":[\"Noticias\"],\"inLanguage\":\"es\",\"potentialAction\":[{\"@type\":\"CommentAction\",\"name\":\"Comment\",\"target\":[\"https:\\\/\\\/quehacerpolitico.mx\\\/?p=86946#respond\"]}]},{\"@type\":\"WebPage\",\"@id\":\"https:\\\/\\\/quehacerpolitico.mx\\\/?p=86946\",\"url\":\"https:\\\/\\\/quehacerpolitico.mx\\\/?p=86946\",\"name\":\"Dobleces\\\/\\\/\\\/Israel Mendoza P\u00e9rez\\\/\\\/\\\/Reciclajes del Caso Aburto (Segunda y \u00faltima parte) -\",\"isPartOf\":{\"@id\":\"https:\\\/\\\/quehacerpolitico.mx\\\/#website\"},\"primaryImageOfPage\":{\"@id\":\"https:\\\/\\\/quehacerpolitico.mx\\\/?p=86946#primaryimage\"},\"image\":{\"@id\":\"https:\\\/\\\/quehacerpolitico.mx\\\/?p=86946#primaryimage\"},\"thumbnailUrl\":\"https:\\\/\\\/quehacerpolitico.mx\\\/wp-content\\\/uploads\\\/2021\\\/11\\\/9FD53C23-E494-42BB-A42C-12190D05589C.jpeg\",\"datePublished\":\"2021-11-29T20:57:33+00:00\",\"dateModified\":\"2021-11-29T20:57:37+00:00\",\"author\":{\"@id\":\"https:\\\/\\\/quehacerpolitico.mx\\\/#\\\/schema\\\/person\\\/496d8ad2d1d3f8036101dca7ee39e585\"},\"breadcrumb\":{\"@id\":\"https:\\\/\\\/quehacerpolitico.mx\\\/?p=86946#breadcrumb\"},\"inLanguage\":\"es\",\"potentialAction\":[{\"@type\":\"ReadAction\",\"target\":[\"https:\\\/\\\/quehacerpolitico.mx\\\/?p=86946\"]}]},{\"@type\":\"ImageObject\",\"inLanguage\":\"es\",\"@id\":\"https:\\\/\\\/quehacerpolitico.mx\\\/?p=86946#primaryimage\",\"url\":\"https:\\\/\\\/quehacerpolitico.mx\\\/wp-content\\\/uploads\\\/2021\\\/11\\\/9FD53C23-E494-42BB-A42C-12190D05589C.jpeg\",\"contentUrl\":\"https:\\\/\\\/quehacerpolitico.mx\\\/wp-content\\\/uploads\\\/2021\\\/11\\\/9FD53C23-E494-42BB-A42C-12190D05589C.jpeg\",\"width\":768,\"height\":479},{\"@type\":\"BreadcrumbList\",\"@id\":\"https:\\\/\\\/quehacerpolitico.mx\\\/?p=86946#breadcrumb\",\"itemListElement\":[{\"@type\":\"ListItem\",\"position\":1,\"name\":\"Inicio\",\"item\":\"https:\\\/\\\/quehacerpolitico.mx\\\/\"},{\"@type\":\"ListItem\",\"position\":2,\"name\":\"Dobleces\\\/\\\/\\\/Israel Mendoza P\u00e9rez\\\/\\\/\\\/Reciclajes del Caso Aburto (Segunda y \u00faltima parte)\"}]},{\"@type\":\"WebSite\",\"@id\":\"https:\\\/\\\/quehacerpolitico.mx\\\/#website\",\"url\":\"https:\\\/\\\/quehacerpolitico.mx\\\/\",\"name\":\"\",\"description\":\"\",\"potentialAction\":[{\"@type\":\"SearchAction\",\"target\":{\"@type\":\"EntryPoint\",\"urlTemplate\":\"https:\\\/\\\/quehacerpolitico.mx\\\/?s={search_term_string}\"},\"query-input\":{\"@type\":\"PropertyValueSpecification\",\"valueRequired\":true,\"valueName\":\"search_term_string\"}}],\"inLanguage\":\"es\"},{\"@type\":\"Person\",\"@id\":\"https:\\\/\\\/quehacerpolitico.mx\\\/#\\\/schema\\\/person\\\/496d8ad2d1d3f8036101dca7ee39e585\",\"name\":\"Redacci\u00f3n QP\",\"image\":{\"@type\":\"ImageObject\",\"inLanguage\":\"es\",\"@id\":\"https:\\\/\\\/secure.gravatar.com\\\/avatar\\\/c7164ed6fdec453195284ad24a5ae5b6e1eed2b848477fa2a4787ba9adf39a41?s=96&d=mm&r=g\",\"url\":\"https:\\\/\\\/secure.gravatar.com\\\/avatar\\\/c7164ed6fdec453195284ad24a5ae5b6e1eed2b848477fa2a4787ba9adf39a41?s=96&d=mm&r=g\",\"contentUrl\":\"https:\\\/\\\/secure.gravatar.com\\\/avatar\\\/c7164ed6fdec453195284ad24a5ae5b6e1eed2b848477fa2a4787ba9adf39a41?s=96&d=mm&r=g\",\"caption\":\"Redacci\u00f3n QP\"},\"url\":\"https:\\\/\\\/quehacerpolitico.mx\\\/?author=2\"}]}<\/script>\n<!-- \/ Yoast SEO plugin. -->","yoast_head_json":{"title":"Dobleces\/\/\/Israel Mendoza P\u00e9rez\/\/\/Reciclajes del Caso Aburto (Segunda y \u00faltima parte) -","robots":{"index":"index","follow":"follow","max-snippet":"max-snippet:-1","max-image-preview":"max-image-preview:large","max-video-preview":"max-video-preview:-1"},"canonical":"https:\/\/quehacerpolitico.mx\/?p=86946","og_locale":"es_MX","og_type":"article","og_title":"Dobleces\/\/\/Israel Mendoza P\u00e9rez\/\/\/Reciclajes del Caso Aburto (Segunda y \u00faltima parte) -","og_description":"Por Israel Mendoza P\u00e9rez A la presidenta de la\u00a0CNDH, Rosario Piedra le ocultan informaci\u00f3n o...","og_url":"https:\/\/quehacerpolitico.mx\/?p=86946","article_published_time":"2021-11-29T20:57:33+00:00","article_modified_time":"2021-11-29T20:57:37+00:00","og_image":[{"width":768,"height":479,"url":"https:\/\/quehacerpolitico.mx\/wp-content\/uploads\/2021\/11\/9FD53C23-E494-42BB-A42C-12190D05589C.jpeg","type":"image\/jpeg"}],"author":"Redacci\u00f3n QP","twitter_card":"summary_large_image","twitter_misc":{"Escrito por":"Redacci\u00f3n QP","Tiempo de lectura":"4 minutos"},"schema":{"@context":"https:\/\/schema.org","@graph":[{"@type":"Article","@id":"https:\/\/quehacerpolitico.mx\/?p=86946#article","isPartOf":{"@id":"https:\/\/quehacerpolitico.mx\/?p=86946"},"author":{"name":"Redacci\u00f3n QP","@id":"https:\/\/quehacerpolitico.mx\/#\/schema\/person\/496d8ad2d1d3f8036101dca7ee39e585"},"headline":"Dobleces\/\/\/Israel Mendoza P\u00e9rez\/\/\/Reciclajes del Caso Aburto (Segunda y \u00faltima parte)","datePublished":"2021-11-29T20:57:33+00:00","dateModified":"2021-11-29T20:57:37+00:00","mainEntityOfPage":{"@id":"https:\/\/quehacerpolitico.mx\/?p=86946"},"wordCount":715,"commentCount":0,"image":{"@id":"https:\/\/quehacerpolitico.mx\/?p=86946#primaryimage"},"thumbnailUrl":"https:\/\/quehacerpolitico.mx\/wp-content\/uploads\/2021\/11\/9FD53C23-E494-42BB-A42C-12190D05589C.jpeg","articleSection":["Noticias"],"inLanguage":"es","potentialAction":[{"@type":"CommentAction","name":"Comment","target":["https:\/\/quehacerpolitico.mx\/?p=86946#respond"]}]},{"@type":"WebPage","@id":"https:\/\/quehacerpolitico.mx\/?p=86946","url":"https:\/\/quehacerpolitico.mx\/?p=86946","name":"Dobleces\/\/\/Israel Mendoza P\u00e9rez\/\/\/Reciclajes del Caso Aburto (Segunda y \u00faltima parte) -","isPartOf":{"@id":"https:\/\/quehacerpolitico.mx\/#website"},"primaryImageOfPage":{"@id":"https:\/\/quehacerpolitico.mx\/?p=86946#primaryimage"},"image":{"@id":"https:\/\/quehacerpolitico.mx\/?p=86946#primaryimage"},"thumbnailUrl":"https:\/\/quehacerpolitico.mx\/wp-content\/uploads\/2021\/11\/9FD53C23-E494-42BB-A42C-12190D05589C.jpeg","datePublished":"2021-11-29T20:57:33+00:00","dateModified":"2021-11-29T20:57:37+00:00","author":{"@id":"https:\/\/quehacerpolitico.mx\/#\/schema\/person\/496d8ad2d1d3f8036101dca7ee39e585"},"breadcrumb":{"@id":"https:\/\/quehacerpolitico.mx\/?p=86946#breadcrumb"},"inLanguage":"es","potentialAction":[{"@type":"ReadAction","target":["https:\/\/quehacerpolitico.mx\/?p=86946"]}]},{"@type":"ImageObject","inLanguage":"es","@id":"https:\/\/quehacerpolitico.mx\/?p=86946#primaryimage","url":"https:\/\/quehacerpolitico.mx\/wp-content\/uploads\/2021\/11\/9FD53C23-E494-42BB-A42C-12190D05589C.jpeg","contentUrl":"https:\/\/quehacerpolitico.mx\/wp-content\/uploads\/2021\/11\/9FD53C23-E494-42BB-A42C-12190D05589C.jpeg","width":768,"height":479},{"@type":"BreadcrumbList","@id":"https:\/\/quehacerpolitico.mx\/?p=86946#breadcrumb","itemListElement":[{"@type":"ListItem","position":1,"name":"Inicio","item":"https:\/\/quehacerpolitico.mx\/"},{"@type":"ListItem","position":2,"name":"Dobleces\/\/\/Israel Mendoza P\u00e9rez\/\/\/Reciclajes del Caso Aburto (Segunda y \u00faltima parte)"}]},{"@type":"WebSite","@id":"https:\/\/quehacerpolitico.mx\/#website","url":"https:\/\/quehacerpolitico.mx\/","name":"","description":"","potentialAction":[{"@type":"SearchAction","target":{"@type":"EntryPoint","urlTemplate":"https:\/\/quehacerpolitico.mx\/?s={search_term_string}"},"query-input":{"@type":"PropertyValueSpecification","valueRequired":true,"valueName":"search_term_string"}}],"inLanguage":"es"},{"@type":"Person","@id":"https:\/\/quehacerpolitico.mx\/#\/schema\/person\/496d8ad2d1d3f8036101dca7ee39e585","name":"Redacci\u00f3n QP","image":{"@type":"ImageObject","inLanguage":"es","@id":"https:\/\/secure.gravatar.com\/avatar\/c7164ed6fdec453195284ad24a5ae5b6e1eed2b848477fa2a4787ba9adf39a41?s=96&d=mm&r=g","url":"https:\/\/secure.gravatar.com\/avatar\/c7164ed6fdec453195284ad24a5ae5b6e1eed2b848477fa2a4787ba9adf39a41?s=96&d=mm&r=g","contentUrl":"https:\/\/secure.gravatar.com\/avatar\/c7164ed6fdec453195284ad24a5ae5b6e1eed2b848477fa2a4787ba9adf39a41?s=96&d=mm&r=g","caption":"Redacci\u00f3n QP"},"url":"https:\/\/quehacerpolitico.mx\/?author=2"}]}},"featured_image_urls":{"full":["https:\/\/quehacerpolitico.mx\/wp-content\/uploads\/2021\/11\/9FD53C23-E494-42BB-A42C-12190D05589C.jpeg",768,479,false],"thumbnail":["https:\/\/quehacerpolitico.mx\/wp-content\/uploads\/2021\/11\/9FD53C23-E494-42BB-A42C-12190D05589C-150x150.jpeg",150,150,true],"medium":["https:\/\/quehacerpolitico.mx\/wp-content\/uploads\/2021\/11\/9FD53C23-E494-42BB-A42C-12190D05589C-300x187.jpeg",300,187,true],"medium_large":["https:\/\/quehacerpolitico.mx\/wp-content\/uploads\/2021\/11\/9FD53C23-E494-42BB-A42C-12190D05589C.jpeg",640,399,false],"large":["https:\/\/quehacerpolitico.mx\/wp-content\/uploads\/2021\/11\/9FD53C23-E494-42BB-A42C-12190D05589C.jpeg",640,399,false],"1536x1536":["https:\/\/quehacerpolitico.mx\/wp-content\/uploads\/2021\/11\/9FD53C23-E494-42BB-A42C-12190D05589C.jpeg",768,479,false],"2048x2048":["https:\/\/quehacerpolitico.mx\/wp-content\/uploads\/2021\/11\/9FD53C23-E494-42BB-A42C-12190D05589C.jpeg",768,479,false],"covernews-featured":["https:\/\/quehacerpolitico.mx\/wp-content\/uploads\/2021\/11\/9FD53C23-E494-42BB-A42C-12190D05589C.jpeg",768,479,false],"covernews-medium":["https:\/\/quehacerpolitico.mx\/wp-content\/uploads\/2021\/11\/9FD53C23-E494-42BB-A42C-12190D05589C.jpeg",540,337,false]},"author_info":{"display_name":"Redacci\u00f3n QP","author_link":"https:\/\/quehacerpolitico.mx\/?author=2"},"category_info":"<a href=\"https:\/\/quehacerpolitico.mx\/?cat=2\" rel=\"category\">Noticias<\/a>","tag_info":"Noticias","comment_count":"0","_links":{"self":[{"href":"https:\/\/quehacerpolitico.mx\/index.php?rest_route=\/wp\/v2\/posts\/86946","targetHints":{"allow":["GET"]}}],"collection":[{"href":"https:\/\/quehacerpolitico.mx\/index.php?rest_route=\/wp\/v2\/posts"}],"about":[{"href":"https:\/\/quehacerpolitico.mx\/index.php?rest_route=\/wp\/v2\/types\/post"}],"author":[{"embeddable":true,"href":"https:\/\/quehacerpolitico.mx\/index.php?rest_route=\/wp\/v2\/users\/2"}],"replies":[{"embeddable":true,"href":"https:\/\/quehacerpolitico.mx\/index.php?rest_route=%2Fwp%2Fv2%2Fcomments&post=86946"}],"version-history":[{"count":1,"href":"https:\/\/quehacerpolitico.mx\/index.php?rest_route=\/wp\/v2\/posts\/86946\/revisions"}],"predecessor-version":[{"id":86948,"href":"https:\/\/quehacerpolitico.mx\/index.php?rest_route=\/wp\/v2\/posts\/86946\/revisions\/86948"}],"wp:featuredmedia":[{"embeddable":true,"href":"https:\/\/quehacerpolitico.mx\/index.php?rest_route=\/wp\/v2\/media\/86947"}],"wp:attachment":[{"href":"https:\/\/quehacerpolitico.mx\/index.php?rest_route=%2Fwp%2Fv2%2Fmedia&parent=86946"}],"wp:term":[{"taxonomy":"category","embeddable":true,"href":"https:\/\/quehacerpolitico.mx\/index.php?rest_route=%2Fwp%2Fv2%2Fcategories&post=86946"},{"taxonomy":"post_tag","embeddable":true,"href":"https:\/\/quehacerpolitico.mx\/index.php?rest_route=%2Fwp%2Fv2%2Ftags&post=86946"}],"curies":[{"name":"wp","href":"https:\/\/api.w.org\/{rel}","templated":true}]}}