{"id":86936,"date":"2021-11-29T20:13:06","date_gmt":"2021-11-29T20:13:06","guid":{"rendered":"https:\/\/quehacerpolitico.mx\/?p=86936"},"modified":"2021-11-29T20:21:01","modified_gmt":"2021-11-29T20:21:01","slug":"balon-de-oro-2021-en-vivo-nominados-ganadores-y-lo-mejor-de-la-ceremonia","status":"publish","type":"post","link":"https:\/\/quehacerpolitico.mx\/?p=86936","title":{"rendered":"Bal\u00f3n de Oro 2021 EN VIVO | Nominados, ganadores y lo mejor de la ceremonia"},"content":{"rendered":"\n<p>Por Redacci\u00f3n QP<\/p>\n\n\n\n<p>Sigue en vivo y online la Ceremonia del Bal\u00f3n de Oro, este lunes 29 de noviembre a partir de las 14:00 horas.<\/p>\n\n\n\n<figure class=\"wp-block-embed is-type-video is-provider-youtube wp-block-embed-youtube wp-embed-aspect-16-9 wp-has-aspect-ratio\"><div class=\"wp-block-embed__wrapper\">\nhttps:\/\/youtu.be\/JFQDtKqLM0U\n<\/div><\/figure>\n\n\n\n<p><strong>AS\u00cd TRASLADAN EL TROFEO<\/strong><\/p>\n\n\n\n<p>El galard\u00f3n que se entregar\u00e1 en la ceremonia fue llevado en auto hasta la sede de la gala.<\/p>\n\n\n\n<figure class=\"wp-block-embed is-type-rich is-provider-twitter wp-block-embed-twitter\"><div class=\"wp-block-embed__wrapper\">\n<blockquote class=\"twitter-tweet\" data-width=\"550\" data-dnt=\"true\"><p lang=\"en\" dir=\"ltr\">\ud83e\udded 48\u00b049&#39;59.99&quot;N, 2\u00b015&#39;0&quot;E <br>\ud83d\udccd France Football headquarter<br><br>The trophees are ready! Follow our journey through Paris to Th\u00e9\u00e2tre du Ch\u00e2telet\u2026 and open your eyes, you might see something \ud83d\udc40 <a href=\"https:\/\/twitter.com\/hashtag\/ballondor?src=hash&amp;ref_src=twsrc%5Etfw\">#ballondor<\/a> <a href=\"https:\/\/t.co\/Jl4eet4Vm6\">pic.twitter.com\/Jl4eet4Vm6<\/a><\/p>&mdash; Ballon d&#39;Or (@ballondor) <a href=\"https:\/\/twitter.com\/ballondor\/status\/1465381678537453578?ref_src=twsrc%5Etfw\">November 29, 2021<\/a><\/blockquote><script async src=\"https:\/\/platform.twitter.com\/widgets.js\" charset=\"utf-8\"><\/script>\n<\/div><\/figure>\n\n\n\n<p><strong>LA CIUDAD LUZ, LA SEDE<\/strong><\/p>\n\n\n\n<p>Par\u00eds acoger\u00e1 la premiaci\u00f3n, misma que no se realiz\u00f3 en 2020 por la pandemia de coronavirus.<\/p>\n\n\n\n<figure class=\"wp-block-embed is-type-rich is-provider-twitter wp-block-embed-twitter\"><div class=\"wp-block-embed__wrapper\">\n<blockquote class=\"twitter-tweet\" data-width=\"550\" data-dnt=\"true\"><p lang=\"en\" dir=\"ltr\">\ud83d\udccd PARIS! <br><br>We&#39;re never tired of this view <a href=\"https:\/\/twitter.com\/hashtag\/ballondor?src=hash&amp;ref_src=twsrc%5Etfw\">#ballondor<\/a> <a href=\"https:\/\/t.co\/doGqhMx977\">pic.twitter.com\/doGqhMx977<\/a><\/p>&mdash; Ballon d&#39;Or (@ballondor) <a href=\"https:\/\/twitter.com\/ballondor\/status\/1465381007515914247?ref_src=twsrc%5Etfw\">November 29, 2021<\/a><\/blockquote><script async src=\"https:\/\/platform.twitter.com\/widgets.js\" charset=\"utf-8\"><\/script>\n<\/div><\/figure>\n\n\n\n<p><strong>LLEG\u00d3 EL CONSENTIDO<\/strong><\/p>\n\n\n\n<p>Lionel Messi, quien ya posee seis Balones de Oro, arrib\u00f3 a la cita con su familia.<\/p>\n\n\n\n<figure class=\"wp-block-embed is-type-rich is-provider-twitter wp-block-embed-twitter\"><div class=\"wp-block-embed__wrapper\">\n<blockquote class=\"twitter-tweet\" data-width=\"550\" data-dnt=\"true\"><p lang=\"en\" dir=\"ltr\">Lionel Messi is here! \u2728 <a href=\"https:\/\/twitter.com\/hashtag\/ballondor?src=hash&amp;ref_src=twsrc%5Etfw\">#ballondor<\/a> <a href=\"https:\/\/t.co\/7dkKQneT09\">pic.twitter.com\/7dkKQneT09<\/a><\/p>&mdash; Ballon d&#39;Or (@ballondor) <a href=\"https:\/\/twitter.com\/ballondor\/status\/1465398128727801857?ref_src=twsrc%5Etfw\">November 29, 2021<\/a><\/blockquote><script async src=\"https:\/\/platform.twitter.com\/widgets.js\" charset=\"utf-8\"><\/script>\n<\/div><\/figure>\n\n\n\n<p><strong>\u00bfEL A\u00d1O DE LEWY?<\/strong><\/p>\n\n\n\n<p>Robert Lewandowski se erige como gran favorito para ganar su primer Bal\u00f3n de Oro.<\/p>\n\n\n\n<figure class=\"wp-block-embed is-type-rich is-provider-twitter wp-block-embed-twitter\"><div class=\"wp-block-embed__wrapper\">\n<blockquote class=\"twitter-tweet\" data-width=\"550\" data-dnt=\"true\"><p lang=\"qme\" dir=\"ltr\">\ud83d\udcf8\ud83d\udcf8\ud83d\udcf8 <a href=\"https:\/\/twitter.com\/lewy_official?ref_src=twsrc%5Etfw\">@lewy_official<\/a> <a href=\"https:\/\/twitter.com\/hashtag\/BallonDor?src=hash&amp;ref_src=twsrc%5Etfw\">#BallonDor<\/a> <a href=\"https:\/\/twitter.com\/hashtag\/MiaSanMia?src=hash&amp;ref_src=twsrc%5Etfw\">#MiaSanMia<\/a> <a href=\"https:\/\/t.co\/g0nGKhvP0J\">pic.twitter.com\/g0nGKhvP0J<\/a><\/p>&mdash; FC Bayern M\u00fcnchen (@FCBayern) <a href=\"https:\/\/twitter.com\/FCBayern\/status\/1465393815406231557?ref_src=twsrc%5Etfw\">November 29, 2021<\/a><\/blockquote><script async src=\"https:\/\/platform.twitter.com\/widgets.js\" charset=\"utf-8\"><\/script>\n<\/div><\/figure>\n\n\n\n<p><strong>NI SPIDER-MAN SE LO PIERDE<\/strong><\/p>\n\n\n\n<p>Tom Holland y Zendaya, protagonistas de la saga de pel\u00edculas de &#8216;Spider-Man&#8217;, tambi\u00e9n est\u00e1n presentes.<\/p>\n\n\n\n<figure class=\"wp-block-embed is-type-rich is-provider-twitter wp-block-embed-twitter\"><div class=\"wp-block-embed__wrapper\">\n<blockquote class=\"twitter-tweet\" data-width=\"550\" data-dnt=\"true\"><p lang=\"en\" dir=\"ltr\">Welcome to <a href=\"https:\/\/twitter.com\/Zendaya?ref_src=twsrc%5Etfw\">@Zendaya<\/a> and Spiderman <a href=\"https:\/\/twitter.com\/TomHolland1996?ref_src=twsrc%5Etfw\">@TomHolland1996<\/a>, at the 2021 Ballon d&#39;Or Ceremony !<a href=\"https:\/\/twitter.com\/hashtag\/ballondor?src=hash&amp;ref_src=twsrc%5Etfw\">#ballondor<\/a> <a href=\"https:\/\/t.co\/0fWFRzQTgC\">pic.twitter.com\/0fWFRzQTgC<\/a><\/p>&mdash; Ballon d&#39;Or (@ballondor) <a href=\"https:\/\/twitter.com\/ballondor\/status\/1465402479550599174?ref_src=twsrc%5Etfw\">November 29, 2021<\/a><\/blockquote><script async src=\"https:\/\/platform.twitter.com\/widgets.js\" charset=\"utf-8\"><\/script>\n<\/div><\/figure>\n\n\n\n<p><strong>NUEVOS PREMIOS<\/strong><\/p>\n\n\n\n<p>Las distinciones al &#8216;Goleador del A\u00f1o&#8217; y al &#8216;Equipo del A\u00f1o&#8217; debutar\u00e1n en esta edici\u00f3n.<\/p>\n\n\n\n<figure class=\"wp-block-embed is-type-rich is-provider-twitter wp-block-embed-twitter\"><div class=\"wp-block-embed__wrapper\">\n<blockquote class=\"twitter-tweet\" data-width=\"550\" data-dnt=\"true\"><p lang=\"en\" dir=\"ltr\">Here are our two new awards! \u2728<br>The striker of the year &amp; The club of the year ! <a href=\"https:\/\/twitter.com\/hashtag\/ballondor?src=hash&amp;ref_src=twsrc%5Etfw\">#ballondor<\/a> <a href=\"https:\/\/t.co\/Tcwzr9J7zJ\">pic.twitter.com\/Tcwzr9J7zJ<\/a><\/p>&mdash; Ballon d&#39;Or (@ballondor) <a href=\"https:\/\/twitter.com\/ballondor\/status\/1465405119185494020?ref_src=twsrc%5Etfw\">November 29, 2021<\/a><\/blockquote><script async src=\"https:\/\/platform.twitter.com\/widgets.js\" charset=\"utf-8\"><\/script>\n<\/div><\/figure>\n\n\n\n<p><strong>LLEGARON LOS TROFEOS<\/strong><\/p>\n\n\n\n<p>Fernando Alonso y Esteban Ocon, pilotos de F\u00f3rmula 1, fueron los encargados de trasladar los premios hasta la sede.<\/p>\n\n\n\n<figure class=\"wp-block-embed is-type-rich is-provider-twitter wp-block-embed-twitter\"><div class=\"wp-block-embed__wrapper\">\n<blockquote class=\"twitter-tweet\" data-width=\"550\" data-dnt=\"true\"><p lang=\"en\" dir=\"ltr\">The Ballon d\u2019Or trophees are brought by Fernando Alonso and Esteban Ocon from <a href=\"https:\/\/twitter.com\/AlpineF1Team?ref_src=twsrc%5Etfw\">@AlpineF1Team<\/a>! <br><br>\ud83e\udded 48\u00b051&#39;27.3&quot;N 2\u00b020&#39;49.4&quot;E<br>\ud83d\udccdTheatre du Ch\u00e2telet<br>\ud83d\udd38<a href=\"https:\/\/twitter.com\/AlpineCarsFR?ref_src=twsrc%5Etfw\">@alpinecarsFR<\/a> <a href=\"https:\/\/t.co\/u7IPR0koi5\">pic.twitter.com\/u7IPR0koi5<\/a><\/p>&mdash; Ballon d&#39;Or (@ballondor) <a href=\"https:\/\/twitter.com\/ballondor\/status\/1465406733153714179?ref_src=twsrc%5Etfw\">November 29, 2021<\/a><\/blockquote><script async src=\"https:\/\/platform.twitter.com\/widgets.js\" charset=\"utf-8\"><\/script>\n<\/div><\/figure>\n\n\n\n<figure class=\"wp-block-embed is-type-video is-provider-youtube wp-block-embed-youtube wp-embed-aspect-16-9 wp-has-aspect-ratio\"><div class=\"wp-block-embed__wrapper\">\nhttps:\/\/youtu.be\/3IlTNyKZ720\n<\/div><\/figure>\n","protected":false},"excerpt":{"rendered":"<p>Por Redacci\u00f3n QP Sigue en vivo y online la Ceremonia del Bal\u00f3n de Oro, este&#8230;<\/p>\n","protected":false},"author":2,"featured_media":86937,"comment_status":"open","ping_status":"open","sticky":false,"template":"","format":"standard","meta":{"_monsterinsights_skip_tracking":false,"_monsterinsights_sitenote_active":false,"_monsterinsights_sitenote_note":"","_monsterinsights_sitenote_category":0,"footnotes":""},"categories":[54],"tags":[],"class_list":["post-86936","post","type-post","status-publish","format-standard","has-post-thumbnail","hentry","category-deportes"],"yoast_head":"<!-- This site is optimized with the Yoast SEO plugin v27.3 - https:\/\/yoast.com\/product\/yoast-seo-wordpress\/ -->\n<title>Bal\u00f3n de Oro 2021 EN VIVO | Nominados, ganadores y lo mejor de la ceremonia -<\/title>\n<meta name=\"robots\" content=\"index, follow, max-snippet:-1, max-image-preview:large, max-video-preview:-1\" \/>\n<link rel=\"canonical\" href=\"https:\/\/quehacerpolitico.mx\/?p=86936\" \/>\n<meta property=\"og:locale\" content=\"es_MX\" \/>\n<meta property=\"og:type\" content=\"article\" \/>\n<meta property=\"og:title\" content=\"Bal\u00f3n de Oro 2021 EN VIVO | Nominados, ganadores y lo mejor de la ceremonia -\" \/>\n<meta property=\"og:description\" content=\"Por Redacci\u00f3n QP Sigue en vivo y online la Ceremonia del Bal\u00f3n de Oro, este...\" \/>\n<meta property=\"og:url\" content=\"https:\/\/quehacerpolitico.mx\/?p=86936\" \/>\n<meta property=\"article:published_time\" content=\"2021-11-29T20:13:06+00:00\" \/>\n<meta property=\"article:modified_time\" content=\"2021-11-29T20:21:01+00:00\" \/>\n<meta property=\"og:image\" content=\"https:\/\/quehacerpolitico.mx\/wp-content\/uploads\/2021\/11\/C3424891-9655-41FC-B6BD-7937356CBE89.jpeg\" \/>\n\t<meta property=\"og:image:width\" content=\"1283\" \/>\n\t<meta property=\"og:image:height\" content=\"619\" \/>\n\t<meta property=\"og:image:type\" content=\"image\/jpeg\" \/>\n<meta name=\"author\" content=\"Redacci\u00f3n QP\" \/>\n<meta name=\"twitter:card\" content=\"summary_large_image\" \/>\n<meta name=\"twitter:label1\" content=\"Escrito por\" \/>\n\t<meta name=\"twitter:data1\" content=\"Redacci\u00f3n QP\" \/>\n\t<meta name=\"twitter:label2\" content=\"Tiempo de lectura\" \/>\n\t<meta name=\"twitter:data2\" content=\"1 minuto\" \/>\n<script type=\"application\/ld+json\" class=\"yoast-schema-graph\">{\"@context\":\"https:\\\/\\\/schema.org\",\"@graph\":[{\"@type\":\"Article\",\"@id\":\"https:\\\/\\\/quehacerpolitico.mx\\\/?p=86936#article\",\"isPartOf\":{\"@id\":\"https:\\\/\\\/quehacerpolitico.mx\\\/?p=86936\"},\"author\":{\"name\":\"Redacci\u00f3n QP\",\"@id\":\"https:\\\/\\\/quehacerpolitico.mx\\\/#\\\/schema\\\/person\\\/496d8ad2d1d3f8036101dca7ee39e585\"},\"headline\":\"Bal\u00f3n de Oro 2021 EN VIVO | Nominados, ganadores y lo mejor de la ceremonia\",\"datePublished\":\"2021-11-29T20:13:06+00:00\",\"dateModified\":\"2021-11-29T20:21:01+00:00\",\"mainEntityOfPage\":{\"@id\":\"https:\\\/\\\/quehacerpolitico.mx\\\/?p=86936\"},\"wordCount\":240,\"commentCount\":0,\"image\":{\"@id\":\"https:\\\/\\\/quehacerpolitico.mx\\\/?p=86936#primaryimage\"},\"thumbnailUrl\":\"https:\\\/\\\/quehacerpolitico.mx\\\/wp-content\\\/uploads\\\/2021\\\/11\\\/C3424891-9655-41FC-B6BD-7937356CBE89.jpeg\",\"articleSection\":[\"Deportes\"],\"inLanguage\":\"es\",\"potentialAction\":[{\"@type\":\"CommentAction\",\"name\":\"Comment\",\"target\":[\"https:\\\/\\\/quehacerpolitico.mx\\\/?p=86936#respond\"]}]},{\"@type\":\"WebPage\",\"@id\":\"https:\\\/\\\/quehacerpolitico.mx\\\/?p=86936\",\"url\":\"https:\\\/\\\/quehacerpolitico.mx\\\/?p=86936\",\"name\":\"Bal\u00f3n de Oro 2021 EN VIVO | Nominados, ganadores y lo mejor de la ceremonia -\",\"isPartOf\":{\"@id\":\"https:\\\/\\\/quehacerpolitico.mx\\\/#website\"},\"primaryImageOfPage\":{\"@id\":\"https:\\\/\\\/quehacerpolitico.mx\\\/?p=86936#primaryimage\"},\"image\":{\"@id\":\"https:\\\/\\\/quehacerpolitico.mx\\\/?p=86936#primaryimage\"},\"thumbnailUrl\":\"https:\\\/\\\/quehacerpolitico.mx\\\/wp-content\\\/uploads\\\/2021\\\/11\\\/C3424891-9655-41FC-B6BD-7937356CBE89.jpeg\",\"datePublished\":\"2021-11-29T20:13:06+00:00\",\"dateModified\":\"2021-11-29T20:21:01+00:00\",\"author\":{\"@id\":\"https:\\\/\\\/quehacerpolitico.mx\\\/#\\\/schema\\\/person\\\/496d8ad2d1d3f8036101dca7ee39e585\"},\"breadcrumb\":{\"@id\":\"https:\\\/\\\/quehacerpolitico.mx\\\/?p=86936#breadcrumb\"},\"inLanguage\":\"es\",\"potentialAction\":[{\"@type\":\"ReadAction\",\"target\":[\"https:\\\/\\\/quehacerpolitico.mx\\\/?p=86936\"]}]},{\"@type\":\"ImageObject\",\"inLanguage\":\"es\",\"@id\":\"https:\\\/\\\/quehacerpolitico.mx\\\/?p=86936#primaryimage\",\"url\":\"https:\\\/\\\/quehacerpolitico.mx\\\/wp-content\\\/uploads\\\/2021\\\/11\\\/C3424891-9655-41FC-B6BD-7937356CBE89.jpeg\",\"contentUrl\":\"https:\\\/\\\/quehacerpolitico.mx\\\/wp-content\\\/uploads\\\/2021\\\/11\\\/C3424891-9655-41FC-B6BD-7937356CBE89.jpeg\",\"width\":1283,\"height\":619},{\"@type\":\"BreadcrumbList\",\"@id\":\"https:\\\/\\\/quehacerpolitico.mx\\\/?p=86936#breadcrumb\",\"itemListElement\":[{\"@type\":\"ListItem\",\"position\":1,\"name\":\"Inicio\",\"item\":\"https:\\\/\\\/quehacerpolitico.mx\\\/\"},{\"@type\":\"ListItem\",\"position\":2,\"name\":\"Bal\u00f3n de Oro 2021 EN VIVO | Nominados, ganadores y lo mejor de la ceremonia\"}]},{\"@type\":\"WebSite\",\"@id\":\"https:\\\/\\\/quehacerpolitico.mx\\\/#website\",\"url\":\"https:\\\/\\\/quehacerpolitico.mx\\\/\",\"name\":\"\",\"description\":\"\",\"potentialAction\":[{\"@type\":\"SearchAction\",\"target\":{\"@type\":\"EntryPoint\",\"urlTemplate\":\"https:\\\/\\\/quehacerpolitico.mx\\\/?s={search_term_string}\"},\"query-input\":{\"@type\":\"PropertyValueSpecification\",\"valueRequired\":true,\"valueName\":\"search_term_string\"}}],\"inLanguage\":\"es\"},{\"@type\":\"Person\",\"@id\":\"https:\\\/\\\/quehacerpolitico.mx\\\/#\\\/schema\\\/person\\\/496d8ad2d1d3f8036101dca7ee39e585\",\"name\":\"Redacci\u00f3n QP\",\"image\":{\"@type\":\"ImageObject\",\"inLanguage\":\"es\",\"@id\":\"https:\\\/\\\/secure.gravatar.com\\\/avatar\\\/c7164ed6fdec453195284ad24a5ae5b6e1eed2b848477fa2a4787ba9adf39a41?s=96&d=mm&r=g\",\"url\":\"https:\\\/\\\/secure.gravatar.com\\\/avatar\\\/c7164ed6fdec453195284ad24a5ae5b6e1eed2b848477fa2a4787ba9adf39a41?s=96&d=mm&r=g\",\"contentUrl\":\"https:\\\/\\\/secure.gravatar.com\\\/avatar\\\/c7164ed6fdec453195284ad24a5ae5b6e1eed2b848477fa2a4787ba9adf39a41?s=96&d=mm&r=g\",\"caption\":\"Redacci\u00f3n QP\"},\"url\":\"https:\\\/\\\/quehacerpolitico.mx\\\/?author=2\"}]}<\/script>\n<!-- \/ Yoast SEO plugin. -->","yoast_head_json":{"title":"Bal\u00f3n de Oro 2021 EN VIVO | Nominados, ganadores y lo mejor de la ceremonia -","robots":{"index":"index","follow":"follow","max-snippet":"max-snippet:-1","max-image-preview":"max-image-preview:large","max-video-preview":"max-video-preview:-1"},"canonical":"https:\/\/quehacerpolitico.mx\/?p=86936","og_locale":"es_MX","og_type":"article","og_title":"Bal\u00f3n de Oro 2021 EN VIVO | Nominados, ganadores y lo mejor de la ceremonia -","og_description":"Por Redacci\u00f3n QP Sigue en vivo y online la Ceremonia del Bal\u00f3n de Oro, este...","og_url":"https:\/\/quehacerpolitico.mx\/?p=86936","article_published_time":"2021-11-29T20:13:06+00:00","article_modified_time":"2021-11-29T20:21:01+00:00","og_image":[{"width":1283,"height":619,"url":"https:\/\/quehacerpolitico.mx\/wp-content\/uploads\/2021\/11\/C3424891-9655-41FC-B6BD-7937356CBE89.jpeg","type":"image\/jpeg"}],"author":"Redacci\u00f3n QP","twitter_card":"summary_large_image","twitter_misc":{"Escrito por":"Redacci\u00f3n QP","Tiempo de lectura":"1 minuto"},"schema":{"@context":"https:\/\/schema.org","@graph":[{"@type":"Article","@id":"https:\/\/quehacerpolitico.mx\/?p=86936#article","isPartOf":{"@id":"https:\/\/quehacerpolitico.mx\/?p=86936"},"author":{"name":"Redacci\u00f3n QP","@id":"https:\/\/quehacerpolitico.mx\/#\/schema\/person\/496d8ad2d1d3f8036101dca7ee39e585"},"headline":"Bal\u00f3n de Oro 2021 EN VIVO | Nominados, ganadores y lo mejor de la ceremonia","datePublished":"2021-11-29T20:13:06+00:00","dateModified":"2021-11-29T20:21:01+00:00","mainEntityOfPage":{"@id":"https:\/\/quehacerpolitico.mx\/?p=86936"},"wordCount":240,"commentCount":0,"image":{"@id":"https:\/\/quehacerpolitico.mx\/?p=86936#primaryimage"},"thumbnailUrl":"https:\/\/quehacerpolitico.mx\/wp-content\/uploads\/2021\/11\/C3424891-9655-41FC-B6BD-7937356CBE89.jpeg","articleSection":["Deportes"],"inLanguage":"es","potentialAction":[{"@type":"CommentAction","name":"Comment","target":["https:\/\/quehacerpolitico.mx\/?p=86936#respond"]}]},{"@type":"WebPage","@id":"https:\/\/quehacerpolitico.mx\/?p=86936","url":"https:\/\/quehacerpolitico.mx\/?p=86936","name":"Bal\u00f3n de Oro 2021 EN VIVO | Nominados, ganadores y lo mejor de la ceremonia -","isPartOf":{"@id":"https:\/\/quehacerpolitico.mx\/#website"},"primaryImageOfPage":{"@id":"https:\/\/quehacerpolitico.mx\/?p=86936#primaryimage"},"image":{"@id":"https:\/\/quehacerpolitico.mx\/?p=86936#primaryimage"},"thumbnailUrl":"https:\/\/quehacerpolitico.mx\/wp-content\/uploads\/2021\/11\/C3424891-9655-41FC-B6BD-7937356CBE89.jpeg","datePublished":"2021-11-29T20:13:06+00:00","dateModified":"2021-11-29T20:21:01+00:00","author":{"@id":"https:\/\/quehacerpolitico.mx\/#\/schema\/person\/496d8ad2d1d3f8036101dca7ee39e585"},"breadcrumb":{"@id":"https:\/\/quehacerpolitico.mx\/?p=86936#breadcrumb"},"inLanguage":"es","potentialAction":[{"@type":"ReadAction","target":["https:\/\/quehacerpolitico.mx\/?p=86936"]}]},{"@type":"ImageObject","inLanguage":"es","@id":"https:\/\/quehacerpolitico.mx\/?p=86936#primaryimage","url":"https:\/\/quehacerpolitico.mx\/wp-content\/uploads\/2021\/11\/C3424891-9655-41FC-B6BD-7937356CBE89.jpeg","contentUrl":"https:\/\/quehacerpolitico.mx\/wp-content\/uploads\/2021\/11\/C3424891-9655-41FC-B6BD-7937356CBE89.jpeg","width":1283,"height":619},{"@type":"BreadcrumbList","@id":"https:\/\/quehacerpolitico.mx\/?p=86936#breadcrumb","itemListElement":[{"@type":"ListItem","position":1,"name":"Inicio","item":"https:\/\/quehacerpolitico.mx\/"},{"@type":"ListItem","position":2,"name":"Bal\u00f3n de Oro 2021 EN VIVO | Nominados, ganadores y lo mejor de la ceremonia"}]},{"@type":"WebSite","@id":"https:\/\/quehacerpolitico.mx\/#website","url":"https:\/\/quehacerpolitico.mx\/","name":"","description":"","potentialAction":[{"@type":"SearchAction","target":{"@type":"EntryPoint","urlTemplate":"https:\/\/quehacerpolitico.mx\/?s={search_term_string}"},"query-input":{"@type":"PropertyValueSpecification","valueRequired":true,"valueName":"search_term_string"}}],"inLanguage":"es"},{"@type":"Person","@id":"https:\/\/quehacerpolitico.mx\/#\/schema\/person\/496d8ad2d1d3f8036101dca7ee39e585","name":"Redacci\u00f3n QP","image":{"@type":"ImageObject","inLanguage":"es","@id":"https:\/\/secure.gravatar.com\/avatar\/c7164ed6fdec453195284ad24a5ae5b6e1eed2b848477fa2a4787ba9adf39a41?s=96&d=mm&r=g","url":"https:\/\/secure.gravatar.com\/avatar\/c7164ed6fdec453195284ad24a5ae5b6e1eed2b848477fa2a4787ba9adf39a41?s=96&d=mm&r=g","contentUrl":"https:\/\/secure.gravatar.com\/avatar\/c7164ed6fdec453195284ad24a5ae5b6e1eed2b848477fa2a4787ba9adf39a41?s=96&d=mm&r=g","caption":"Redacci\u00f3n QP"},"url":"https:\/\/quehacerpolitico.mx\/?author=2"}]}},"featured_image_urls":{"full":["https:\/\/quehacerpolitico.mx\/wp-content\/uploads\/2021\/11\/C3424891-9655-41FC-B6BD-7937356CBE89.jpeg",1283,619,false],"thumbnail":["https:\/\/quehacerpolitico.mx\/wp-content\/uploads\/2021\/11\/C3424891-9655-41FC-B6BD-7937356CBE89-150x150.jpeg",150,150,true],"medium":["https:\/\/quehacerpolitico.mx\/wp-content\/uploads\/2021\/11\/C3424891-9655-41FC-B6BD-7937356CBE89-300x145.jpeg",300,145,true],"medium_large":["https:\/\/quehacerpolitico.mx\/wp-content\/uploads\/2021\/11\/C3424891-9655-41FC-B6BD-7937356CBE89-768x371.jpeg",640,309,true],"large":["https:\/\/quehacerpolitico.mx\/wp-content\/uploads\/2021\/11\/C3424891-9655-41FC-B6BD-7937356CBE89-1024x494.jpeg",640,309,true],"1536x1536":["https:\/\/quehacerpolitico.mx\/wp-content\/uploads\/2021\/11\/C3424891-9655-41FC-B6BD-7937356CBE89.jpeg",1283,619,false],"2048x2048":["https:\/\/quehacerpolitico.mx\/wp-content\/uploads\/2021\/11\/C3424891-9655-41FC-B6BD-7937356CBE89.jpeg",1283,619,false],"covernews-featured":["https:\/\/quehacerpolitico.mx\/wp-content\/uploads\/2021\/11\/C3424891-9655-41FC-B6BD-7937356CBE89.jpeg",1024,494,false],"covernews-medium":["https:\/\/quehacerpolitico.mx\/wp-content\/uploads\/2021\/11\/C3424891-9655-41FC-B6BD-7937356CBE89.jpeg",540,261,false]},"author_info":{"display_name":"Redacci\u00f3n QP","author_link":"https:\/\/quehacerpolitico.mx\/?author=2"},"category_info":"<a href=\"https:\/\/quehacerpolitico.mx\/?cat=54\" rel=\"category\">Deportes<\/a>","tag_info":"Deportes","comment_count":"0","_links":{"self":[{"href":"https:\/\/quehacerpolitico.mx\/index.php?rest_route=\/wp\/v2\/posts\/86936","targetHints":{"allow":["GET"]}}],"collection":[{"href":"https:\/\/quehacerpolitico.mx\/index.php?rest_route=\/wp\/v2\/posts"}],"about":[{"href":"https:\/\/quehacerpolitico.mx\/index.php?rest_route=\/wp\/v2\/types\/post"}],"author":[{"embeddable":true,"href":"https:\/\/quehacerpolitico.mx\/index.php?rest_route=\/wp\/v2\/users\/2"}],"replies":[{"embeddable":true,"href":"https:\/\/quehacerpolitico.mx\/index.php?rest_route=%2Fwp%2Fv2%2Fcomments&post=86936"}],"version-history":[{"count":2,"href":"https:\/\/quehacerpolitico.mx\/index.php?rest_route=\/wp\/v2\/posts\/86936\/revisions"}],"predecessor-version":[{"id":86939,"href":"https:\/\/quehacerpolitico.mx\/index.php?rest_route=\/wp\/v2\/posts\/86936\/revisions\/86939"}],"wp:featuredmedia":[{"embeddable":true,"href":"https:\/\/quehacerpolitico.mx\/index.php?rest_route=\/wp\/v2\/media\/86937"}],"wp:attachment":[{"href":"https:\/\/quehacerpolitico.mx\/index.php?rest_route=%2Fwp%2Fv2%2Fmedia&parent=86936"}],"wp:term":[{"taxonomy":"category","embeddable":true,"href":"https:\/\/quehacerpolitico.mx\/index.php?rest_route=%2Fwp%2Fv2%2Fcategories&post=86936"},{"taxonomy":"post_tag","embeddable":true,"href":"https:\/\/quehacerpolitico.mx\/index.php?rest_route=%2Fwp%2Fv2%2Ftags&post=86936"}],"curies":[{"name":"wp","href":"https:\/\/api.w.org\/{rel}","templated":true}]}}