{"id":86932,"date":"2021-11-29T19:48:18","date_gmt":"2021-11-29T19:48:18","guid":{"rendered":"https:\/\/quehacerpolitico.mx\/?p=86932"},"modified":"2021-11-29T19:48:20","modified_gmt":"2021-11-29T19:48:20","slug":"internacionales-carolina-alonso-romei-fenomeno-omicron-sera-global-advierte-biden-ya-investigan-efecto-de-vacuna-covid","status":"publish","type":"post","link":"https:\/\/quehacerpolitico.mx\/?p=86932","title":{"rendered":"Internacionales\/\/\/Carolina Alonso Romei\/\/\/Fen\u00f3meno \u00f3micron ser\u00e1 global, advierte Biden; ya investigan efecto de vacuna covid"},"content":{"rendered":"\n<p>Por Carolina Alonso Romei <\/p>\n\n\n\n<p>Internacionalista <\/p>\n\n\n\n<p>Consider\u00f3 que la nueva variante de la covid \u2018es motivo de preocupaci\u00f3n, pero no de p\u00e1nico\u2019, por lo que asegur\u00f3 que los expertos no consideran que sean necesarias \u2018medidas adicionales\u2019 en EEUU<\/p>\n\n\n\n<ul class=\"wp-block-list\"><li>Puntualiz\u00f3 que en caso de que las vacunas actuales no fueran eficaces contra \u00f3micron se realizar\u00e1n las actualizaciones necesarias<\/li><\/ul>\n\n\n\n<p>El presidente de Estados Unidos,\u00a0Joe Biden, advirti\u00f3 hoy, 29 de noviembre de 2021, que el efecto de la variante\u00a0<strong>\u00f3micron<\/strong>\u00a0del\u00a0COVID ser\u00e1 global y puntualiz\u00f3 que ya se investiga el efecto de las vacunas.<\/p>\n\n\n\n<p>Biden consider\u00f3 que la nueva&nbsp;<strong>variante<\/strong>&nbsp;de la covid \u201ces motivo de preocupaci\u00f3n, pero no de p\u00e1nico\u201d, por lo que asegur\u00f3 que los expertos no consideran que sean necesarias \u201cmedidas adicionales\u201d en el pa\u00eds.<\/p>\n\n\n\n<p>Asegur\u00f3 que la variable ser\u00e1 atacada con una base cient\u00edfica y no de manera ca\u00f3tica.<\/p>\n\n\n\n<p>As\u00ed lo indic\u00f3 Biden en una intervenci\u00f3n desde la Casa Blanca acompa\u00f1ado del epidemi\u00f3logo jefe del Gobierno estadounidense, Antony Fauci.<\/p>\n\n\n\n<p>El mandatario remarc\u00f3 que el pa\u00eds se encuentra en \u201cmejor situaci\u00f3n\u201d que las Navidades del pasado a\u00f1o, y\u00a0urgi\u00f3 a los ciudadanos a buscar la dosis de refuerzo de las vacunas disponibles en Estados Unidos<\/p>\n\n\n\n<p>Reconoci\u00f3 y felicit\u00f3 a los cient\u00edficos de Sud\u00e1frica, donde fue detectada la variante, por avisar a tiempo a la comunidad internacional.<\/p>\n\n\n\n<p>Dijo que la mejor protecci\u00f3n contra la variable<strong>\u00f3micron<\/strong>&nbsp;es estar vacunados y pidi\u00f3 a los que ya est\u00e1n completamente vacunados ponerse la dosis de refuerzo.<\/p>\n\n\n\n<blockquote class=\"wp-block-quote is-layout-flow wp-block-quote-is-layout-flow\"><p>\u201cSi no te has vacunado, hazlo de inmediato\u201d.<\/p><\/blockquote>\n\n\n\n<p>El presidente Biden pidi\u00f3 usar el cubrebocas en lugares cerrados y en los comercios.<\/p>\n\n\n\n<p>Puntualiz\u00f3 que en caso de que las vacunas actuales no fueran eficaces contra \u00f3micron se realizar\u00e1n las actualizaciones necesarias.<\/p>\n\n\n\n<p>Dijo que ya se trabaja con Pfizer, Moderna y Johnson and Johnson para hacer las actualizaciones necesarios.<\/p>\n\n\n\n<p>Afirm\u00f3 que se hace el mayor esfuerzo para proteger a la poblaci\u00f3n e insisti\u00f3 en la necesidad de vacunarse, en caso de no estarlo, o de ponerse la vacuna de refuerzo en caso de ya estar vacunados.<\/p>\n\n\n\n<p>El presidente de Estados Unidos asegur\u00f3 que es necesario vacunar a todo el mundo y destac\u00f3 que su pa\u00eds es punta de lanza en este gran esfuerzo.<\/p>\n\n\n\n<p>Dijo que su pa\u00eds es el que ha dado m\u00e1s vacunas a m\u00e1s de 175 pa\u00edses del mundo y enfatiz\u00f3 que ninguna vacuna donada o exportada ha producido escasez en Estados Unidos.<\/p>\n\n\n\n<figure class=\"wp-block-embed is-type-video is-provider-youtube wp-block-embed-youtube wp-embed-aspect-16-9 wp-has-aspect-ratio\"><div class=\"wp-block-embed__wrapper\">\n<iframe loading=\"lazy\" title=\"Joe Biden explica los esfuerzos de su gobierno ante \u00f3micron, la nueva variante del COVID-19\" width=\"640\" height=\"360\" src=\"https:\/\/www.youtube.com\/embed\/kyIhGgyAv_4?feature=oembed\" frameborder=\"0\" allow=\"accelerometer; autoplay; clipboard-write; encrypted-media; gyroscope; picture-in-picture; web-share\" referrerpolicy=\"strict-origin-when-cross-origin\" allowfullscreen><\/iframe>\n<\/div><\/figure>\n\n\n\n<p><em>Con informaci\u00f3n de EFE<\/em><\/p>\n","protected":false},"excerpt":{"rendered":"<p>Por Carolina Alonso Romei Internacionalista Consider\u00f3 que la nueva variante de la covid \u2018es motivo&#8230;<\/p>\n","protected":false},"author":2,"featured_media":86934,"comment_status":"open","ping_status":"open","sticky":false,"template":"","format":"standard","meta":{"_monsterinsights_skip_tracking":false,"_monsterinsights_sitenote_active":false,"_monsterinsights_sitenote_note":"","_monsterinsights_sitenote_category":0,"footnotes":""},"categories":[1],"tags":[],"class_list":["post-86932","post","type-post","status-publish","format-standard","has-post-thumbnail","hentry","category-sin-categoria"],"yoast_head":"<!-- This site is optimized with the Yoast SEO plugin v27.3 - https:\/\/yoast.com\/product\/yoast-seo-wordpress\/ -->\n<title>Internacionales\/\/\/Carolina Alonso Romei\/\/\/Fen\u00f3meno \u00f3micron ser\u00e1 global, advierte Biden; ya investigan efecto de vacuna covid -<\/title>\n<meta name=\"robots\" content=\"index, follow, max-snippet:-1, max-image-preview:large, max-video-preview:-1\" \/>\n<link rel=\"canonical\" href=\"https:\/\/quehacerpolitico.mx\/?p=86932\" \/>\n<meta property=\"og:locale\" content=\"es_MX\" \/>\n<meta property=\"og:type\" content=\"article\" \/>\n<meta property=\"og:title\" content=\"Internacionales\/\/\/Carolina Alonso Romei\/\/\/Fen\u00f3meno \u00f3micron ser\u00e1 global, advierte Biden; ya investigan efecto de vacuna covid -\" \/>\n<meta property=\"og:description\" content=\"Por Carolina Alonso Romei Internacionalista Consider\u00f3 que la nueva variante de la covid \u2018es motivo...\" \/>\n<meta property=\"og:url\" content=\"https:\/\/quehacerpolitico.mx\/?p=86932\" \/>\n<meta property=\"article:published_time\" content=\"2021-11-29T19:48:18+00:00\" \/>\n<meta property=\"article:modified_time\" content=\"2021-11-29T19:48:20+00:00\" \/>\n<meta property=\"og:image\" content=\"https:\/\/quehacerpolitico.mx\/wp-content\/uploads\/2021\/11\/FAC88A3D-72F2-4149-B3CA-EFA39D7216DE.jpeg\" \/>\n\t<meta property=\"og:image:width\" content=\"1283\" \/>\n\t<meta property=\"og:image:height\" content=\"606\" \/>\n\t<meta property=\"og:image:type\" content=\"image\/jpeg\" \/>\n<meta name=\"author\" content=\"Redacci\u00f3n QP\" \/>\n<meta name=\"twitter:card\" content=\"summary_large_image\" \/>\n<meta name=\"twitter:label1\" content=\"Escrito por\" \/>\n\t<meta name=\"twitter:data1\" content=\"Redacci\u00f3n QP\" \/>\n\t<meta name=\"twitter:label2\" content=\"Tiempo de lectura\" \/>\n\t<meta name=\"twitter:data2\" content=\"2 minutos\" \/>\n<script type=\"application\/ld+json\" class=\"yoast-schema-graph\">{\"@context\":\"https:\\\/\\\/schema.org\",\"@graph\":[{\"@type\":\"Article\",\"@id\":\"https:\\\/\\\/quehacerpolitico.mx\\\/?p=86932#article\",\"isPartOf\":{\"@id\":\"https:\\\/\\\/quehacerpolitico.mx\\\/?p=86932\"},\"author\":{\"name\":\"Redacci\u00f3n QP\",\"@id\":\"https:\\\/\\\/quehacerpolitico.mx\\\/#\\\/schema\\\/person\\\/496d8ad2d1d3f8036101dca7ee39e585\"},\"headline\":\"Internacionales\\\/\\\/\\\/Carolina Alonso Romei\\\/\\\/\\\/Fen\u00f3meno \u00f3micron ser\u00e1 global, advierte Biden; ya investigan efecto de vacuna covid\",\"datePublished\":\"2021-11-29T19:48:18+00:00\",\"dateModified\":\"2021-11-29T19:48:20+00:00\",\"mainEntityOfPage\":{\"@id\":\"https:\\\/\\\/quehacerpolitico.mx\\\/?p=86932\"},\"wordCount\":448,\"commentCount\":0,\"image\":{\"@id\":\"https:\\\/\\\/quehacerpolitico.mx\\\/?p=86932#primaryimage\"},\"thumbnailUrl\":\"https:\\\/\\\/quehacerpolitico.mx\\\/wp-content\\\/uploads\\\/2021\\\/11\\\/FAC88A3D-72F2-4149-B3CA-EFA39D7216DE.jpeg\",\"articleSection\":[\"Internacionales\"],\"inLanguage\":\"es\",\"potentialAction\":[{\"@type\":\"CommentAction\",\"name\":\"Comment\",\"target\":[\"https:\\\/\\\/quehacerpolitico.mx\\\/?p=86932#respond\"]}]},{\"@type\":\"WebPage\",\"@id\":\"https:\\\/\\\/quehacerpolitico.mx\\\/?p=86932\",\"url\":\"https:\\\/\\\/quehacerpolitico.mx\\\/?p=86932\",\"name\":\"Internacionales\\\/\\\/\\\/Carolina Alonso Romei\\\/\\\/\\\/Fen\u00f3meno \u00f3micron ser\u00e1 global, advierte Biden; ya investigan efecto de vacuna covid -\",\"isPartOf\":{\"@id\":\"https:\\\/\\\/quehacerpolitico.mx\\\/#website\"},\"primaryImageOfPage\":{\"@id\":\"https:\\\/\\\/quehacerpolitico.mx\\\/?p=86932#primaryimage\"},\"image\":{\"@id\":\"https:\\\/\\\/quehacerpolitico.mx\\\/?p=86932#primaryimage\"},\"thumbnailUrl\":\"https:\\\/\\\/quehacerpolitico.mx\\\/wp-content\\\/uploads\\\/2021\\\/11\\\/FAC88A3D-72F2-4149-B3CA-EFA39D7216DE.jpeg\",\"datePublished\":\"2021-11-29T19:48:18+00:00\",\"dateModified\":\"2021-11-29T19:48:20+00:00\",\"author\":{\"@id\":\"https:\\\/\\\/quehacerpolitico.mx\\\/#\\\/schema\\\/person\\\/496d8ad2d1d3f8036101dca7ee39e585\"},\"breadcrumb\":{\"@id\":\"https:\\\/\\\/quehacerpolitico.mx\\\/?p=86932#breadcrumb\"},\"inLanguage\":\"es\",\"potentialAction\":[{\"@type\":\"ReadAction\",\"target\":[\"https:\\\/\\\/quehacerpolitico.mx\\\/?p=86932\"]}]},{\"@type\":\"ImageObject\",\"inLanguage\":\"es\",\"@id\":\"https:\\\/\\\/quehacerpolitico.mx\\\/?p=86932#primaryimage\",\"url\":\"https:\\\/\\\/quehacerpolitico.mx\\\/wp-content\\\/uploads\\\/2021\\\/11\\\/FAC88A3D-72F2-4149-B3CA-EFA39D7216DE.jpeg\",\"contentUrl\":\"https:\\\/\\\/quehacerpolitico.mx\\\/wp-content\\\/uploads\\\/2021\\\/11\\\/FAC88A3D-72F2-4149-B3CA-EFA39D7216DE.jpeg\",\"width\":1283,\"height\":606},{\"@type\":\"BreadcrumbList\",\"@id\":\"https:\\\/\\\/quehacerpolitico.mx\\\/?p=86932#breadcrumb\",\"itemListElement\":[{\"@type\":\"ListItem\",\"position\":1,\"name\":\"Inicio\",\"item\":\"https:\\\/\\\/quehacerpolitico.mx\\\/\"},{\"@type\":\"ListItem\",\"position\":2,\"name\":\"Internacionales\\\/\\\/\\\/Carolina Alonso Romei\\\/\\\/\\\/Fen\u00f3meno \u00f3micron ser\u00e1 global, advierte Biden; ya investigan efecto de vacuna covid\"}]},{\"@type\":\"WebSite\",\"@id\":\"https:\\\/\\\/quehacerpolitico.mx\\\/#website\",\"url\":\"https:\\\/\\\/quehacerpolitico.mx\\\/\",\"name\":\"\",\"description\":\"\",\"potentialAction\":[{\"@type\":\"SearchAction\",\"target\":{\"@type\":\"EntryPoint\",\"urlTemplate\":\"https:\\\/\\\/quehacerpolitico.mx\\\/?s={search_term_string}\"},\"query-input\":{\"@type\":\"PropertyValueSpecification\",\"valueRequired\":true,\"valueName\":\"search_term_string\"}}],\"inLanguage\":\"es\"},{\"@type\":\"Person\",\"@id\":\"https:\\\/\\\/quehacerpolitico.mx\\\/#\\\/schema\\\/person\\\/496d8ad2d1d3f8036101dca7ee39e585\",\"name\":\"Redacci\u00f3n QP\",\"image\":{\"@type\":\"ImageObject\",\"inLanguage\":\"es\",\"@id\":\"https:\\\/\\\/secure.gravatar.com\\\/avatar\\\/c7164ed6fdec453195284ad24a5ae5b6e1eed2b848477fa2a4787ba9adf39a41?s=96&d=mm&r=g\",\"url\":\"https:\\\/\\\/secure.gravatar.com\\\/avatar\\\/c7164ed6fdec453195284ad24a5ae5b6e1eed2b848477fa2a4787ba9adf39a41?s=96&d=mm&r=g\",\"contentUrl\":\"https:\\\/\\\/secure.gravatar.com\\\/avatar\\\/c7164ed6fdec453195284ad24a5ae5b6e1eed2b848477fa2a4787ba9adf39a41?s=96&d=mm&r=g\",\"caption\":\"Redacci\u00f3n QP\"},\"url\":\"https:\\\/\\\/quehacerpolitico.mx\\\/?author=2\"}]}<\/script>\n<!-- \/ Yoast SEO plugin. -->","yoast_head_json":{"title":"Internacionales\/\/\/Carolina Alonso Romei\/\/\/Fen\u00f3meno \u00f3micron ser\u00e1 global, advierte Biden; ya investigan efecto de vacuna covid -","robots":{"index":"index","follow":"follow","max-snippet":"max-snippet:-1","max-image-preview":"max-image-preview:large","max-video-preview":"max-video-preview:-1"},"canonical":"https:\/\/quehacerpolitico.mx\/?p=86932","og_locale":"es_MX","og_type":"article","og_title":"Internacionales\/\/\/Carolina Alonso Romei\/\/\/Fen\u00f3meno \u00f3micron ser\u00e1 global, advierte Biden; ya investigan efecto de vacuna covid -","og_description":"Por Carolina Alonso Romei Internacionalista Consider\u00f3 que la nueva variante de la covid \u2018es motivo...","og_url":"https:\/\/quehacerpolitico.mx\/?p=86932","article_published_time":"2021-11-29T19:48:18+00:00","article_modified_time":"2021-11-29T19:48:20+00:00","og_image":[{"width":1283,"height":606,"url":"https:\/\/quehacerpolitico.mx\/wp-content\/uploads\/2021\/11\/FAC88A3D-72F2-4149-B3CA-EFA39D7216DE.jpeg","type":"image\/jpeg"}],"author":"Redacci\u00f3n QP","twitter_card":"summary_large_image","twitter_misc":{"Escrito por":"Redacci\u00f3n QP","Tiempo de lectura":"2 minutos"},"schema":{"@context":"https:\/\/schema.org","@graph":[{"@type":"Article","@id":"https:\/\/quehacerpolitico.mx\/?p=86932#article","isPartOf":{"@id":"https:\/\/quehacerpolitico.mx\/?p=86932"},"author":{"name":"Redacci\u00f3n QP","@id":"https:\/\/quehacerpolitico.mx\/#\/schema\/person\/496d8ad2d1d3f8036101dca7ee39e585"},"headline":"Internacionales\/\/\/Carolina Alonso Romei\/\/\/Fen\u00f3meno \u00f3micron ser\u00e1 global, advierte Biden; ya investigan efecto de vacuna covid","datePublished":"2021-11-29T19:48:18+00:00","dateModified":"2021-11-29T19:48:20+00:00","mainEntityOfPage":{"@id":"https:\/\/quehacerpolitico.mx\/?p=86932"},"wordCount":448,"commentCount":0,"image":{"@id":"https:\/\/quehacerpolitico.mx\/?p=86932#primaryimage"},"thumbnailUrl":"https:\/\/quehacerpolitico.mx\/wp-content\/uploads\/2021\/11\/FAC88A3D-72F2-4149-B3CA-EFA39D7216DE.jpeg","articleSection":["Internacionales"],"inLanguage":"es","potentialAction":[{"@type":"CommentAction","name":"Comment","target":["https:\/\/quehacerpolitico.mx\/?p=86932#respond"]}]},{"@type":"WebPage","@id":"https:\/\/quehacerpolitico.mx\/?p=86932","url":"https:\/\/quehacerpolitico.mx\/?p=86932","name":"Internacionales\/\/\/Carolina Alonso Romei\/\/\/Fen\u00f3meno \u00f3micron ser\u00e1 global, advierte Biden; ya investigan efecto de vacuna covid -","isPartOf":{"@id":"https:\/\/quehacerpolitico.mx\/#website"},"primaryImageOfPage":{"@id":"https:\/\/quehacerpolitico.mx\/?p=86932#primaryimage"},"image":{"@id":"https:\/\/quehacerpolitico.mx\/?p=86932#primaryimage"},"thumbnailUrl":"https:\/\/quehacerpolitico.mx\/wp-content\/uploads\/2021\/11\/FAC88A3D-72F2-4149-B3CA-EFA39D7216DE.jpeg","datePublished":"2021-11-29T19:48:18+00:00","dateModified":"2021-11-29T19:48:20+00:00","author":{"@id":"https:\/\/quehacerpolitico.mx\/#\/schema\/person\/496d8ad2d1d3f8036101dca7ee39e585"},"breadcrumb":{"@id":"https:\/\/quehacerpolitico.mx\/?p=86932#breadcrumb"},"inLanguage":"es","potentialAction":[{"@type":"ReadAction","target":["https:\/\/quehacerpolitico.mx\/?p=86932"]}]},{"@type":"ImageObject","inLanguage":"es","@id":"https:\/\/quehacerpolitico.mx\/?p=86932#primaryimage","url":"https:\/\/quehacerpolitico.mx\/wp-content\/uploads\/2021\/11\/FAC88A3D-72F2-4149-B3CA-EFA39D7216DE.jpeg","contentUrl":"https:\/\/quehacerpolitico.mx\/wp-content\/uploads\/2021\/11\/FAC88A3D-72F2-4149-B3CA-EFA39D7216DE.jpeg","width":1283,"height":606},{"@type":"BreadcrumbList","@id":"https:\/\/quehacerpolitico.mx\/?p=86932#breadcrumb","itemListElement":[{"@type":"ListItem","position":1,"name":"Inicio","item":"https:\/\/quehacerpolitico.mx\/"},{"@type":"ListItem","position":2,"name":"Internacionales\/\/\/Carolina Alonso Romei\/\/\/Fen\u00f3meno \u00f3micron ser\u00e1 global, advierte Biden; ya investigan efecto de vacuna covid"}]},{"@type":"WebSite","@id":"https:\/\/quehacerpolitico.mx\/#website","url":"https:\/\/quehacerpolitico.mx\/","name":"","description":"","potentialAction":[{"@type":"SearchAction","target":{"@type":"EntryPoint","urlTemplate":"https:\/\/quehacerpolitico.mx\/?s={search_term_string}"},"query-input":{"@type":"PropertyValueSpecification","valueRequired":true,"valueName":"search_term_string"}}],"inLanguage":"es"},{"@type":"Person","@id":"https:\/\/quehacerpolitico.mx\/#\/schema\/person\/496d8ad2d1d3f8036101dca7ee39e585","name":"Redacci\u00f3n QP","image":{"@type":"ImageObject","inLanguage":"es","@id":"https:\/\/secure.gravatar.com\/avatar\/c7164ed6fdec453195284ad24a5ae5b6e1eed2b848477fa2a4787ba9adf39a41?s=96&d=mm&r=g","url":"https:\/\/secure.gravatar.com\/avatar\/c7164ed6fdec453195284ad24a5ae5b6e1eed2b848477fa2a4787ba9adf39a41?s=96&d=mm&r=g","contentUrl":"https:\/\/secure.gravatar.com\/avatar\/c7164ed6fdec453195284ad24a5ae5b6e1eed2b848477fa2a4787ba9adf39a41?s=96&d=mm&r=g","caption":"Redacci\u00f3n QP"},"url":"https:\/\/quehacerpolitico.mx\/?author=2"}]}},"featured_image_urls":{"full":["https:\/\/quehacerpolitico.mx\/wp-content\/uploads\/2021\/11\/FAC88A3D-72F2-4149-B3CA-EFA39D7216DE.jpeg",1283,606,false],"thumbnail":["https:\/\/quehacerpolitico.mx\/wp-content\/uploads\/2021\/11\/FAC88A3D-72F2-4149-B3CA-EFA39D7216DE-150x150.jpeg",150,150,true],"medium":["https:\/\/quehacerpolitico.mx\/wp-content\/uploads\/2021\/11\/FAC88A3D-72F2-4149-B3CA-EFA39D7216DE-300x142.jpeg",300,142,true],"medium_large":["https:\/\/quehacerpolitico.mx\/wp-content\/uploads\/2021\/11\/FAC88A3D-72F2-4149-B3CA-EFA39D7216DE-768x363.jpeg",640,303,true],"large":["https:\/\/quehacerpolitico.mx\/wp-content\/uploads\/2021\/11\/FAC88A3D-72F2-4149-B3CA-EFA39D7216DE-1024x484.jpeg",640,303,true],"1536x1536":["https:\/\/quehacerpolitico.mx\/wp-content\/uploads\/2021\/11\/FAC88A3D-72F2-4149-B3CA-EFA39D7216DE.jpeg",1283,606,false],"2048x2048":["https:\/\/quehacerpolitico.mx\/wp-content\/uploads\/2021\/11\/FAC88A3D-72F2-4149-B3CA-EFA39D7216DE.jpeg",1283,606,false],"covernews-featured":["https:\/\/quehacerpolitico.mx\/wp-content\/uploads\/2021\/11\/FAC88A3D-72F2-4149-B3CA-EFA39D7216DE.jpeg",1024,484,false],"covernews-medium":["https:\/\/quehacerpolitico.mx\/wp-content\/uploads\/2021\/11\/FAC88A3D-72F2-4149-B3CA-EFA39D7216DE.jpeg",540,255,false]},"author_info":{"display_name":"Redacci\u00f3n QP","author_link":"https:\/\/quehacerpolitico.mx\/?author=2"},"category_info":"<a href=\"https:\/\/quehacerpolitico.mx\/?cat=1\" rel=\"category\">Internacionales<\/a>","tag_info":"Internacionales","comment_count":"0","_links":{"self":[{"href":"https:\/\/quehacerpolitico.mx\/index.php?rest_route=\/wp\/v2\/posts\/86932","targetHints":{"allow":["GET"]}}],"collection":[{"href":"https:\/\/quehacerpolitico.mx\/index.php?rest_route=\/wp\/v2\/posts"}],"about":[{"href":"https:\/\/quehacerpolitico.mx\/index.php?rest_route=\/wp\/v2\/types\/post"}],"author":[{"embeddable":true,"href":"https:\/\/quehacerpolitico.mx\/index.php?rest_route=\/wp\/v2\/users\/2"}],"replies":[{"embeddable":true,"href":"https:\/\/quehacerpolitico.mx\/index.php?rest_route=%2Fwp%2Fv2%2Fcomments&post=86932"}],"version-history":[{"count":1,"href":"https:\/\/quehacerpolitico.mx\/index.php?rest_route=\/wp\/v2\/posts\/86932\/revisions"}],"predecessor-version":[{"id":86935,"href":"https:\/\/quehacerpolitico.mx\/index.php?rest_route=\/wp\/v2\/posts\/86932\/revisions\/86935"}],"wp:featuredmedia":[{"embeddable":true,"href":"https:\/\/quehacerpolitico.mx\/index.php?rest_route=\/wp\/v2\/media\/86934"}],"wp:attachment":[{"href":"https:\/\/quehacerpolitico.mx\/index.php?rest_route=%2Fwp%2Fv2%2Fmedia&parent=86932"}],"wp:term":[{"taxonomy":"category","embeddable":true,"href":"https:\/\/quehacerpolitico.mx\/index.php?rest_route=%2Fwp%2Fv2%2Fcategories&post=86932"},{"taxonomy":"post_tag","embeddable":true,"href":"https:\/\/quehacerpolitico.mx\/index.php?rest_route=%2Fwp%2Fv2%2Ftags&post=86932"}],"curies":[{"name":"wp","href":"https:\/\/api.w.org\/{rel}","templated":true}]}}