{"id":86926,"date":"2021-11-29T19:25:55","date_gmt":"2021-11-29T19:25:55","guid":{"rendered":"https:\/\/quehacerpolitico.mx\/?p=86926"},"modified":"2021-11-29T19:25:58","modified_gmt":"2021-11-29T19:25:58","slug":"internacionales-carolina-alonso-romei-biden-pide-vacunarse-con-dosis-de-refuerzo-antes-de-navidad-por-variante-omicron-de-covid","status":"publish","type":"post","link":"https:\/\/quehacerpolitico.mx\/?p=86926","title":{"rendered":"Internacionales\/\/\/Carolina Alonso Romei\/\/\/Biden pide vacunarse con dosis de refuerzo antes de Navidad por variante \u00f3micron de covid"},"content":{"rendered":"\n<p>Por Carolina Alonso Romei <\/p>\n\n\n\n<p>Internacionalista <\/p>\n\n\n\n<p>Biden considera que la nueva variante de covid, denominada \u00f3micron, \u2018es motivo de preocupaci\u00f3n, pero no de p\u00e1nico\u2019<\/p>\n\n\n\n<ul class=\"wp-block-list\"><li>El presidente de EEUU asegur\u00f3 que si la gente se vacuna y usa cubrebocas, no ser\u00e1n necesarios nuevos confinamientos<\/li><\/ul>\n\n\n\n<p>El presidente de Estados Unidos (EEUU),\u00a0<strong>Joe Biden,<\/strong>\u00a0pidi\u00f3 a los ciudadanos que se apliquen una\u00a0<strong>dosis<\/strong>\u00a0de\u00a0<strong>refuerzo<\/strong>\u00a0de la\u00a0vacuna COVID, ante la\u00a0nueva variante \u00f3micron<\/p>\n\n\n\n<p><strong>Biden<\/strong>\u00a0consider\u00f3 que la nueva\u00a0<strong>variante d<\/strong>e\u00a0<strong>covid,<\/strong>\u00a0denominada\u00a0<strong>\u00f3micron,<\/strong>\u00a0\u201ces motivo de preocupaci\u00f3n, pero no de p\u00e1nico\u201d, por lo que asegur\u00f3 que los expertos no consideran que sean necesarias \u201cmedidas adicionales\u201d en EEUU.<\/p>\n\n\n\n<p>As\u00ed lo indic\u00f3&nbsp;<strong>Biden<\/strong>&nbsp;en una intervenci\u00f3n desde la Casa Blanca acompa\u00f1ado del epidemi\u00f3logo jefe del Gobierno estadounidense, Antony Fauci.<\/p>\n\n\n\n<p>El mandatario remarc\u00f3 que el pa\u00eds se encuentra en \u201cmejor situaci\u00f3n\u201d que las&nbsp;<strong>Navidades<\/strong>&nbsp;del pasado a\u00f1o, y urgi\u00f3 a los ciudadanos a buscar la dosis de refuerzo de las vacunas disponibles en Estados Unidos.<\/p>\n\n\n\n<p>La\u00a0<strong>nueva variante,<\/strong>\u00a0identificada por primera vez en Sud\u00e1frica, \u201ces motivo de preocupaci\u00f3n, pero no de p\u00e1nico\u201d, afirm\u00f3 Biden, al reconocer que es \u201ccasi inevitable\u201d que \u201cen alg\u00fan momento\u201d la nueva variante llegue al pa\u00eds.<\/p>\n\n\n\n<figure class=\"wp-block-embed is-type-rich is-provider-twitter wp-block-embed-twitter\"><div class=\"wp-block-embed__wrapper\">\n<blockquote class=\"twitter-tweet\" data-width=\"550\" data-dnt=\"true\"><p lang=\"en\" dir=\"ltr\">Tune in as I provide an update on the Omicron variant. <a href=\"https:\/\/t.co\/6hbzINU14w\">https:\/\/t.co\/6hbzINU14w<\/a><\/p>&mdash; President Biden (@POTUS) <a href=\"https:\/\/twitter.com\/POTUS\/status\/1465365316167421954?ref_src=twsrc%5Etfw\">November 29, 2021<\/a><\/blockquote><script async src=\"https:\/\/platform.twitter.com\/widgets.js\" charset=\"utf-8\"><\/script>\n<\/div><\/figure>\n\n\n\n<p>A partir de este lunes, EEUU impuso restricciones a los viajeros procedentes de Sud\u00e1frica y otros siete pa\u00edses del sur del continente africano.<\/p>\n\n\n\n<blockquote class=\"wp-block-quote is-layout-flow wp-block-quote-is-layout-flow\"><p>\u201cNo creemos a\u00fan que ser\u00e1n necesarias medidas adicionales\u201d, agreg\u00f3, y defendi\u00f3 estas limitaciones para poder \u201cganar tiempo\u201d y aumentar la vacunaci\u00f3n en el pa\u00eds.<\/p><\/blockquote>\n\n\n\n<p>Apunt\u00f3 que \u201csi la gente se&nbsp;<strong>vacuna<\/strong>&nbsp;y lleva m\u00e1scara, no hay necesidad de confinamientos\u201d.<\/p>\n\n\n\n<p><strong>Estados Unidos,<\/strong>\u00a0el pa\u00eds m\u00e1s golpeado por la pandemia con m\u00e1s de 775 mil fallecidos, cuenta con casi el 60% de su poblaci\u00f3n vacunada con la pauta completa, y cerca del 20% ha recibido adem\u00e1s ya la dosis de refuerzo.<\/p>\n\n\n\n<p>Con Informaci\u00f3n de EFE<\/p>\n","protected":false},"excerpt":{"rendered":"<p>Por Carolina Alonso Romei Internacionalista Biden considera que la nueva variante de covid, denominada \u00f3micron,&#8230;<\/p>\n","protected":false},"author":2,"featured_media":86927,"comment_status":"open","ping_status":"open","sticky":false,"template":"","format":"standard","meta":{"_monsterinsights_skip_tracking":false,"_monsterinsights_sitenote_active":false,"_monsterinsights_sitenote_note":"","_monsterinsights_sitenote_category":0,"footnotes":""},"categories":[1],"tags":[],"class_list":["post-86926","post","type-post","status-publish","format-standard","has-post-thumbnail","hentry","category-sin-categoria"],"yoast_head":"<!-- This site is optimized with the Yoast SEO plugin v27.3 - https:\/\/yoast.com\/product\/yoast-seo-wordpress\/ -->\n<title>Internacionales\/\/\/Carolina Alonso Romei\/\/\/Biden pide vacunarse con dosis de refuerzo antes de Navidad por variante \u00f3micron de covid -<\/title>\n<meta name=\"robots\" content=\"index, follow, max-snippet:-1, max-image-preview:large, max-video-preview:-1\" \/>\n<link rel=\"canonical\" href=\"https:\/\/quehacerpolitico.mx\/?p=86926\" \/>\n<meta property=\"og:locale\" content=\"es_MX\" \/>\n<meta property=\"og:type\" content=\"article\" \/>\n<meta property=\"og:title\" content=\"Internacionales\/\/\/Carolina Alonso Romei\/\/\/Biden pide vacunarse con dosis de refuerzo antes de Navidad por variante \u00f3micron de covid -\" \/>\n<meta property=\"og:description\" content=\"Por Carolina Alonso Romei Internacionalista Biden considera que la nueva variante de covid, denominada \u00f3micron,...\" \/>\n<meta property=\"og:url\" content=\"https:\/\/quehacerpolitico.mx\/?p=86926\" \/>\n<meta property=\"article:published_time\" content=\"2021-11-29T19:25:55+00:00\" \/>\n<meta property=\"article:modified_time\" content=\"2021-11-29T19:25:58+00:00\" \/>\n<meta property=\"og:image\" content=\"https:\/\/quehacerpolitico.mx\/wp-content\/uploads\/2021\/11\/2F048863-27E8-4290-82CF-4E5EF3EEF87D.jpeg\" \/>\n\t<meta property=\"og:image:width\" content=\"888\" \/>\n\t<meta property=\"og:image:height\" content=\"505\" \/>\n\t<meta property=\"og:image:type\" content=\"image\/jpeg\" \/>\n<meta name=\"author\" content=\"Redacci\u00f3n QP\" \/>\n<meta name=\"twitter:card\" content=\"summary_large_image\" \/>\n<meta name=\"twitter:label1\" content=\"Escrito por\" \/>\n\t<meta name=\"twitter:data1\" content=\"Redacci\u00f3n QP\" \/>\n\t<meta name=\"twitter:label2\" content=\"Tiempo de lectura\" \/>\n\t<meta name=\"twitter:data2\" content=\"2 minutos\" \/>\n<script type=\"application\/ld+json\" class=\"yoast-schema-graph\">{\"@context\":\"https:\\\/\\\/schema.org\",\"@graph\":[{\"@type\":\"Article\",\"@id\":\"https:\\\/\\\/quehacerpolitico.mx\\\/?p=86926#article\",\"isPartOf\":{\"@id\":\"https:\\\/\\\/quehacerpolitico.mx\\\/?p=86926\"},\"author\":{\"name\":\"Redacci\u00f3n QP\",\"@id\":\"https:\\\/\\\/quehacerpolitico.mx\\\/#\\\/schema\\\/person\\\/496d8ad2d1d3f8036101dca7ee39e585\"},\"headline\":\"Internacionales\\\/\\\/\\\/Carolina Alonso Romei\\\/\\\/\\\/Biden pide vacunarse con dosis de refuerzo antes de Navidad por variante \u00f3micron de covid\",\"datePublished\":\"2021-11-29T19:25:55+00:00\",\"dateModified\":\"2021-11-29T19:25:58+00:00\",\"mainEntityOfPage\":{\"@id\":\"https:\\\/\\\/quehacerpolitico.mx\\\/?p=86926\"},\"wordCount\":357,\"commentCount\":0,\"image\":{\"@id\":\"https:\\\/\\\/quehacerpolitico.mx\\\/?p=86926#primaryimage\"},\"thumbnailUrl\":\"https:\\\/\\\/quehacerpolitico.mx\\\/wp-content\\\/uploads\\\/2021\\\/11\\\/2F048863-27E8-4290-82CF-4E5EF3EEF87D.jpeg\",\"articleSection\":[\"Internacionales\"],\"inLanguage\":\"es\",\"potentialAction\":[{\"@type\":\"CommentAction\",\"name\":\"Comment\",\"target\":[\"https:\\\/\\\/quehacerpolitico.mx\\\/?p=86926#respond\"]}]},{\"@type\":\"WebPage\",\"@id\":\"https:\\\/\\\/quehacerpolitico.mx\\\/?p=86926\",\"url\":\"https:\\\/\\\/quehacerpolitico.mx\\\/?p=86926\",\"name\":\"Internacionales\\\/\\\/\\\/Carolina Alonso Romei\\\/\\\/\\\/Biden pide vacunarse con dosis de refuerzo antes de Navidad por variante \u00f3micron de covid -\",\"isPartOf\":{\"@id\":\"https:\\\/\\\/quehacerpolitico.mx\\\/#website\"},\"primaryImageOfPage\":{\"@id\":\"https:\\\/\\\/quehacerpolitico.mx\\\/?p=86926#primaryimage\"},\"image\":{\"@id\":\"https:\\\/\\\/quehacerpolitico.mx\\\/?p=86926#primaryimage\"},\"thumbnailUrl\":\"https:\\\/\\\/quehacerpolitico.mx\\\/wp-content\\\/uploads\\\/2021\\\/11\\\/2F048863-27E8-4290-82CF-4E5EF3EEF87D.jpeg\",\"datePublished\":\"2021-11-29T19:25:55+00:00\",\"dateModified\":\"2021-11-29T19:25:58+00:00\",\"author\":{\"@id\":\"https:\\\/\\\/quehacerpolitico.mx\\\/#\\\/schema\\\/person\\\/496d8ad2d1d3f8036101dca7ee39e585\"},\"breadcrumb\":{\"@id\":\"https:\\\/\\\/quehacerpolitico.mx\\\/?p=86926#breadcrumb\"},\"inLanguage\":\"es\",\"potentialAction\":[{\"@type\":\"ReadAction\",\"target\":[\"https:\\\/\\\/quehacerpolitico.mx\\\/?p=86926\"]}]},{\"@type\":\"ImageObject\",\"inLanguage\":\"es\",\"@id\":\"https:\\\/\\\/quehacerpolitico.mx\\\/?p=86926#primaryimage\",\"url\":\"https:\\\/\\\/quehacerpolitico.mx\\\/wp-content\\\/uploads\\\/2021\\\/11\\\/2F048863-27E8-4290-82CF-4E5EF3EEF87D.jpeg\",\"contentUrl\":\"https:\\\/\\\/quehacerpolitico.mx\\\/wp-content\\\/uploads\\\/2021\\\/11\\\/2F048863-27E8-4290-82CF-4E5EF3EEF87D.jpeg\",\"width\":888,\"height\":505},{\"@type\":\"BreadcrumbList\",\"@id\":\"https:\\\/\\\/quehacerpolitico.mx\\\/?p=86926#breadcrumb\",\"itemListElement\":[{\"@type\":\"ListItem\",\"position\":1,\"name\":\"Inicio\",\"item\":\"https:\\\/\\\/quehacerpolitico.mx\\\/\"},{\"@type\":\"ListItem\",\"position\":2,\"name\":\"Internacionales\\\/\\\/\\\/Carolina Alonso Romei\\\/\\\/\\\/Biden pide vacunarse con dosis de refuerzo antes de Navidad por variante \u00f3micron de covid\"}]},{\"@type\":\"WebSite\",\"@id\":\"https:\\\/\\\/quehacerpolitico.mx\\\/#website\",\"url\":\"https:\\\/\\\/quehacerpolitico.mx\\\/\",\"name\":\"\",\"description\":\"\",\"potentialAction\":[{\"@type\":\"SearchAction\",\"target\":{\"@type\":\"EntryPoint\",\"urlTemplate\":\"https:\\\/\\\/quehacerpolitico.mx\\\/?s={search_term_string}\"},\"query-input\":{\"@type\":\"PropertyValueSpecification\",\"valueRequired\":true,\"valueName\":\"search_term_string\"}}],\"inLanguage\":\"es\"},{\"@type\":\"Person\",\"@id\":\"https:\\\/\\\/quehacerpolitico.mx\\\/#\\\/schema\\\/person\\\/496d8ad2d1d3f8036101dca7ee39e585\",\"name\":\"Redacci\u00f3n QP\",\"image\":{\"@type\":\"ImageObject\",\"inLanguage\":\"es\",\"@id\":\"https:\\\/\\\/secure.gravatar.com\\\/avatar\\\/c7164ed6fdec453195284ad24a5ae5b6e1eed2b848477fa2a4787ba9adf39a41?s=96&d=mm&r=g\",\"url\":\"https:\\\/\\\/secure.gravatar.com\\\/avatar\\\/c7164ed6fdec453195284ad24a5ae5b6e1eed2b848477fa2a4787ba9adf39a41?s=96&d=mm&r=g\",\"contentUrl\":\"https:\\\/\\\/secure.gravatar.com\\\/avatar\\\/c7164ed6fdec453195284ad24a5ae5b6e1eed2b848477fa2a4787ba9adf39a41?s=96&d=mm&r=g\",\"caption\":\"Redacci\u00f3n QP\"},\"url\":\"https:\\\/\\\/quehacerpolitico.mx\\\/?author=2\"}]}<\/script>\n<!-- \/ Yoast SEO plugin. -->","yoast_head_json":{"title":"Internacionales\/\/\/Carolina Alonso Romei\/\/\/Biden pide vacunarse con dosis de refuerzo antes de Navidad por variante \u00f3micron de covid -","robots":{"index":"index","follow":"follow","max-snippet":"max-snippet:-1","max-image-preview":"max-image-preview:large","max-video-preview":"max-video-preview:-1"},"canonical":"https:\/\/quehacerpolitico.mx\/?p=86926","og_locale":"es_MX","og_type":"article","og_title":"Internacionales\/\/\/Carolina Alonso Romei\/\/\/Biden pide vacunarse con dosis de refuerzo antes de Navidad por variante \u00f3micron de covid -","og_description":"Por Carolina Alonso Romei Internacionalista Biden considera que la nueva variante de covid, denominada \u00f3micron,...","og_url":"https:\/\/quehacerpolitico.mx\/?p=86926","article_published_time":"2021-11-29T19:25:55+00:00","article_modified_time":"2021-11-29T19:25:58+00:00","og_image":[{"width":888,"height":505,"url":"https:\/\/quehacerpolitico.mx\/wp-content\/uploads\/2021\/11\/2F048863-27E8-4290-82CF-4E5EF3EEF87D.jpeg","type":"image\/jpeg"}],"author":"Redacci\u00f3n QP","twitter_card":"summary_large_image","twitter_misc":{"Escrito por":"Redacci\u00f3n QP","Tiempo de lectura":"2 minutos"},"schema":{"@context":"https:\/\/schema.org","@graph":[{"@type":"Article","@id":"https:\/\/quehacerpolitico.mx\/?p=86926#article","isPartOf":{"@id":"https:\/\/quehacerpolitico.mx\/?p=86926"},"author":{"name":"Redacci\u00f3n QP","@id":"https:\/\/quehacerpolitico.mx\/#\/schema\/person\/496d8ad2d1d3f8036101dca7ee39e585"},"headline":"Internacionales\/\/\/Carolina Alonso Romei\/\/\/Biden pide vacunarse con dosis de refuerzo antes de Navidad por variante \u00f3micron de covid","datePublished":"2021-11-29T19:25:55+00:00","dateModified":"2021-11-29T19:25:58+00:00","mainEntityOfPage":{"@id":"https:\/\/quehacerpolitico.mx\/?p=86926"},"wordCount":357,"commentCount":0,"image":{"@id":"https:\/\/quehacerpolitico.mx\/?p=86926#primaryimage"},"thumbnailUrl":"https:\/\/quehacerpolitico.mx\/wp-content\/uploads\/2021\/11\/2F048863-27E8-4290-82CF-4E5EF3EEF87D.jpeg","articleSection":["Internacionales"],"inLanguage":"es","potentialAction":[{"@type":"CommentAction","name":"Comment","target":["https:\/\/quehacerpolitico.mx\/?p=86926#respond"]}]},{"@type":"WebPage","@id":"https:\/\/quehacerpolitico.mx\/?p=86926","url":"https:\/\/quehacerpolitico.mx\/?p=86926","name":"Internacionales\/\/\/Carolina Alonso Romei\/\/\/Biden pide vacunarse con dosis de refuerzo antes de Navidad por variante \u00f3micron de covid -","isPartOf":{"@id":"https:\/\/quehacerpolitico.mx\/#website"},"primaryImageOfPage":{"@id":"https:\/\/quehacerpolitico.mx\/?p=86926#primaryimage"},"image":{"@id":"https:\/\/quehacerpolitico.mx\/?p=86926#primaryimage"},"thumbnailUrl":"https:\/\/quehacerpolitico.mx\/wp-content\/uploads\/2021\/11\/2F048863-27E8-4290-82CF-4E5EF3EEF87D.jpeg","datePublished":"2021-11-29T19:25:55+00:00","dateModified":"2021-11-29T19:25:58+00:00","author":{"@id":"https:\/\/quehacerpolitico.mx\/#\/schema\/person\/496d8ad2d1d3f8036101dca7ee39e585"},"breadcrumb":{"@id":"https:\/\/quehacerpolitico.mx\/?p=86926#breadcrumb"},"inLanguage":"es","potentialAction":[{"@type":"ReadAction","target":["https:\/\/quehacerpolitico.mx\/?p=86926"]}]},{"@type":"ImageObject","inLanguage":"es","@id":"https:\/\/quehacerpolitico.mx\/?p=86926#primaryimage","url":"https:\/\/quehacerpolitico.mx\/wp-content\/uploads\/2021\/11\/2F048863-27E8-4290-82CF-4E5EF3EEF87D.jpeg","contentUrl":"https:\/\/quehacerpolitico.mx\/wp-content\/uploads\/2021\/11\/2F048863-27E8-4290-82CF-4E5EF3EEF87D.jpeg","width":888,"height":505},{"@type":"BreadcrumbList","@id":"https:\/\/quehacerpolitico.mx\/?p=86926#breadcrumb","itemListElement":[{"@type":"ListItem","position":1,"name":"Inicio","item":"https:\/\/quehacerpolitico.mx\/"},{"@type":"ListItem","position":2,"name":"Internacionales\/\/\/Carolina Alonso Romei\/\/\/Biden pide vacunarse con dosis de refuerzo antes de Navidad por variante \u00f3micron de covid"}]},{"@type":"WebSite","@id":"https:\/\/quehacerpolitico.mx\/#website","url":"https:\/\/quehacerpolitico.mx\/","name":"","description":"","potentialAction":[{"@type":"SearchAction","target":{"@type":"EntryPoint","urlTemplate":"https:\/\/quehacerpolitico.mx\/?s={search_term_string}"},"query-input":{"@type":"PropertyValueSpecification","valueRequired":true,"valueName":"search_term_string"}}],"inLanguage":"es"},{"@type":"Person","@id":"https:\/\/quehacerpolitico.mx\/#\/schema\/person\/496d8ad2d1d3f8036101dca7ee39e585","name":"Redacci\u00f3n QP","image":{"@type":"ImageObject","inLanguage":"es","@id":"https:\/\/secure.gravatar.com\/avatar\/c7164ed6fdec453195284ad24a5ae5b6e1eed2b848477fa2a4787ba9adf39a41?s=96&d=mm&r=g","url":"https:\/\/secure.gravatar.com\/avatar\/c7164ed6fdec453195284ad24a5ae5b6e1eed2b848477fa2a4787ba9adf39a41?s=96&d=mm&r=g","contentUrl":"https:\/\/secure.gravatar.com\/avatar\/c7164ed6fdec453195284ad24a5ae5b6e1eed2b848477fa2a4787ba9adf39a41?s=96&d=mm&r=g","caption":"Redacci\u00f3n QP"},"url":"https:\/\/quehacerpolitico.mx\/?author=2"}]}},"featured_image_urls":{"full":["https:\/\/quehacerpolitico.mx\/wp-content\/uploads\/2021\/11\/2F048863-27E8-4290-82CF-4E5EF3EEF87D.jpeg",888,505,false],"thumbnail":["https:\/\/quehacerpolitico.mx\/wp-content\/uploads\/2021\/11\/2F048863-27E8-4290-82CF-4E5EF3EEF87D-150x150.jpeg",150,150,true],"medium":["https:\/\/quehacerpolitico.mx\/wp-content\/uploads\/2021\/11\/2F048863-27E8-4290-82CF-4E5EF3EEF87D-300x171.jpeg",300,171,true],"medium_large":["https:\/\/quehacerpolitico.mx\/wp-content\/uploads\/2021\/11\/2F048863-27E8-4290-82CF-4E5EF3EEF87D-768x437.jpeg",640,364,true],"large":["https:\/\/quehacerpolitico.mx\/wp-content\/uploads\/2021\/11\/2F048863-27E8-4290-82CF-4E5EF3EEF87D.jpeg",640,364,false],"1536x1536":["https:\/\/quehacerpolitico.mx\/wp-content\/uploads\/2021\/11\/2F048863-27E8-4290-82CF-4E5EF3EEF87D.jpeg",888,505,false],"2048x2048":["https:\/\/quehacerpolitico.mx\/wp-content\/uploads\/2021\/11\/2F048863-27E8-4290-82CF-4E5EF3EEF87D.jpeg",888,505,false],"covernews-featured":["https:\/\/quehacerpolitico.mx\/wp-content\/uploads\/2021\/11\/2F048863-27E8-4290-82CF-4E5EF3EEF87D.jpeg",888,505,false],"covernews-medium":["https:\/\/quehacerpolitico.mx\/wp-content\/uploads\/2021\/11\/2F048863-27E8-4290-82CF-4E5EF3EEF87D.jpeg",540,307,false]},"author_info":{"display_name":"Redacci\u00f3n QP","author_link":"https:\/\/quehacerpolitico.mx\/?author=2"},"category_info":"<a href=\"https:\/\/quehacerpolitico.mx\/?cat=1\" rel=\"category\">Internacionales<\/a>","tag_info":"Internacionales","comment_count":"0","_links":{"self":[{"href":"https:\/\/quehacerpolitico.mx\/index.php?rest_route=\/wp\/v2\/posts\/86926","targetHints":{"allow":["GET"]}}],"collection":[{"href":"https:\/\/quehacerpolitico.mx\/index.php?rest_route=\/wp\/v2\/posts"}],"about":[{"href":"https:\/\/quehacerpolitico.mx\/index.php?rest_route=\/wp\/v2\/types\/post"}],"author":[{"embeddable":true,"href":"https:\/\/quehacerpolitico.mx\/index.php?rest_route=\/wp\/v2\/users\/2"}],"replies":[{"embeddable":true,"href":"https:\/\/quehacerpolitico.mx\/index.php?rest_route=%2Fwp%2Fv2%2Fcomments&post=86926"}],"version-history":[{"count":1,"href":"https:\/\/quehacerpolitico.mx\/index.php?rest_route=\/wp\/v2\/posts\/86926\/revisions"}],"predecessor-version":[{"id":86928,"href":"https:\/\/quehacerpolitico.mx\/index.php?rest_route=\/wp\/v2\/posts\/86926\/revisions\/86928"}],"wp:featuredmedia":[{"embeddable":true,"href":"https:\/\/quehacerpolitico.mx\/index.php?rest_route=\/wp\/v2\/media\/86927"}],"wp:attachment":[{"href":"https:\/\/quehacerpolitico.mx\/index.php?rest_route=%2Fwp%2Fv2%2Fmedia&parent=86926"}],"wp:term":[{"taxonomy":"category","embeddable":true,"href":"https:\/\/quehacerpolitico.mx\/index.php?rest_route=%2Fwp%2Fv2%2Fcategories&post=86926"},{"taxonomy":"post_tag","embeddable":true,"href":"https:\/\/quehacerpolitico.mx\/index.php?rest_route=%2Fwp%2Fv2%2Ftags&post=86926"}],"curies":[{"name":"wp","href":"https:\/\/api.w.org\/{rel}","templated":true}]}}