{"id":86923,"date":"2021-11-29T19:13:16","date_gmt":"2021-11-29T19:13:16","guid":{"rendered":"https:\/\/quehacerpolitico.mx\/?p=86923"},"modified":"2021-11-29T19:13:21","modified_gmt":"2021-11-29T19:13:21","slug":"internacionales-jack-dorsey-renuncia-como-ceo-de-twitter-carolina-alonso-romei","status":"publish","type":"post","link":"https:\/\/quehacerpolitico.mx\/?p=86923","title":{"rendered":"Internacionales\/\/\/Jack Dorsey renuncia como CEO de Twitter\/\/\/Carolina Alonso Romei"},"content":{"rendered":"\n<p>Por Carolina Alonso Romei <\/p>\n\n\n\n<p>Internacionalista <\/p>\n\n\n\n<p>Jack Dorsey ser\u00e1 sustituido por el actual jefe tecnol\u00f3gico de Twitter, Parag Agrawal<\/p>\n\n\n\n<ul class=\"wp-block-list\"><li>Nasdaq suspendi\u00f3 la cotizaci\u00f3n de Twitter poco despu\u00e9s de la apertura de la sesi\u00f3n en Wall Street, donde las acciones se llegaron a disparar un 10% en las operaciones previas a la espera de la noticia<\/li><\/ul>\n\n\n\n<p><strong>Jack Dorsey renunci\u00f3<\/strong>\u00a0como CEO de\u00a0<strong>Twitter,<\/strong>empresa que \u00e9l mismo fund\u00f3, en 2006, y en la que se desarrollaba como m\u00e1ximo ejecutivo.<\/p>\n\n\n\n<p><strong>Twitter<\/strong>\u00a0anunci\u00f3 la salida de su m\u00e1ximo ejecutivo y fundador,\u00a0<strong>Jack Dorsey,<\/strong>\u00a0que ser\u00e1 sustituido por el actual jefe tecnol\u00f3gico de la empresa, Parag Agrawal, quien tiene el puesto actual desde 2017 y est\u00e1 en\u00a0<strong>Twitter<\/strong>\u00a0desde 2011.<\/p>\n\n\n\n<blockquote class=\"wp-block-quote is-layout-flow wp-block-quote-is-layout-flow\"><p>\u201cHe decidido dejar Twitter porque creo que la compa\u00f1\u00eda est\u00e1 lista para continuar sin sus fundadores\u201d, dijo en un comunicado Dorsey tras varias horas de especulaciones que generaron notables movimientos en bolsa.<\/p><\/blockquote>\n\n\n\n<p>En una carta publicada en su cuenta de\u00a0<strong>Twitter, Dorsey<\/strong>\u00a0dijo que estaba \u201cmuy triste, pero a la vez muy contento\u201d de irse de la empresa y que la decisi\u00f3n fue suya.<\/p>\n\n\n\n<figure class=\"wp-block-embed is-type-rich is-provider-twitter wp-block-embed-twitter\"><div class=\"wp-block-embed__wrapper\">\n<blockquote class=\"twitter-tweet\" data-width=\"550\" data-dnt=\"true\"><p lang=\"en\" dir=\"ltr\">not sure anyone has heard but,<br><br>I resigned from Twitter <a href=\"https:\/\/t.co\/G5tUkSSxkl\">pic.twitter.com\/G5tUkSSxkl<\/a><\/p>&mdash; jack (@jack) <a href=\"https:\/\/twitter.com\/jack\/status\/1465347002426867720?ref_src=twsrc%5Etfw\">November 29, 2021<\/a><\/blockquote><script async src=\"https:\/\/platform.twitter.com\/widgets.js\" charset=\"utf-8\"><\/script>\n<\/div><\/figure>\n\n\n\n<p>El \u00edndice Nasdaq suspendi\u00f3 la cotizaci\u00f3n de&nbsp;<strong>Twitter<\/strong>&nbsp;poco despu\u00e9s de la apertura de la sesi\u00f3n en Wall Street, donde las acciones se llegaron a disparar un 10% en las operaciones previas a la espera de la noticia.<\/p>\n\n\n\n<p><strong>Dorsey,<\/strong>&nbsp;que permanecer\u00e1 en la junta directiva hasta que expire su mandato en la reuni\u00f3n de accionistas de 2022, recibi\u00f3 halagos de la direcci\u00f3n por su \u201cliderazgo visionario y dedicaci\u00f3n incansable\u201d a la empresa, a la que ha dado \u201cun giro en el momento m\u00e1s cr\u00edtico\u201d, seg\u00fan la nota.<\/p>\n\n\n\n<p>El empresario cre\u00f3\u00a0<strong>Twitter<\/strong>\u00a0en 2006 con la idea de que fuera una herramienta de comunicaci\u00f3n entre amigos y conocidos, pero con los a\u00f1os se ha erigido en un foro de actualidad caracterizado por la inmediatez de la informaci\u00f3n, lo que plantea importantes retos.<\/p>\n\n\n\n<p>El enigm\u00e1tico ejecutivo, conocido por su estilo de vida bohemio y su defensa de las criptomonedas, fue apartado del puesto de m\u00e1xima responsabilidad a petici\u00f3n de la junta directiva en 2008 por dividir su tiempo entre demasiadas actividades, y no logr\u00f3 recuperar el mando hasta 2015.<\/p>\n\n\n\n<p>Durante esa pausa, en 2009, fund\u00f3 la firma de pagos digitales Square, en la que ejerce de consejero delegado.<\/p>\n\n\n\n<p>El a\u00f1o pasado,&nbsp;<strong>Dorsey<\/strong>&nbsp;vio de nuevo amenazado su cargo por la firma de inversiones Elliott Management, que lanz\u00f3 una campa\u00f1a para que fuera reemplazado despu\u00e9s de anunciar que se mudar\u00eda a \u00c1frica y compaginar\u00eda desde all\u00ed su trabajo en&nbsp;<strong>Twitter<\/strong>&nbsp;y Square.<\/p>\n\n\n\n<p><strong>Twitter,<\/strong>&nbsp;con una capitalizaci\u00f3n de mercado de 37 mil 600 millones de d\u00f3lares, ha perdido cerca de un 10% de su valor desde el comienzo de este a\u00f1o tras encadenar tres trimestres de p\u00e9rdidas que ascienden a 403 millones acumulados.<\/p>\n\n\n\n<p>Pese a los resultados trimestrales negativos,&nbsp;<strong>Twitter<\/strong>&nbsp;divulg\u00f3 en su \u00faltimo informe que ten\u00eda 211 millones de usuarios activos diarios (es decir, que se conectan por lo menos una vez al d\u00eda) en todo el mundo, un 13% m\u00e1s que en el tercer trimestre de 2021.<\/p>\n\n\n\n<p>La plataforma, que planea alcanzar los 315 millones de usuarios activos diarios a finales de 2023 y duplicar sus resultados para entonces, dijo este lunes que mantiene esas metas y que no espera cambios en sus previsiones para este ejercicio.<\/p>\n\n\n\n<p><em>Con informaci\u00f3n de EFE.<\/em><\/p>\n","protected":false},"excerpt":{"rendered":"<p>Por Carolina Alonso Romei Internacionalista Jack Dorsey ser\u00e1 sustituido por el actual jefe tecnol\u00f3gico de&#8230;<\/p>\n","protected":false},"author":2,"featured_media":86924,"comment_status":"open","ping_status":"open","sticky":false,"template":"","format":"standard","meta":{"_monsterinsights_skip_tracking":false,"_monsterinsights_sitenote_active":false,"_monsterinsights_sitenote_note":"","_monsterinsights_sitenote_category":0,"footnotes":""},"categories":[1],"tags":[],"class_list":["post-86923","post","type-post","status-publish","format-standard","has-post-thumbnail","hentry","category-sin-categoria"],"yoast_head":"<!-- This site is optimized with the Yoast SEO plugin v27.3 - https:\/\/yoast.com\/product\/yoast-seo-wordpress\/ -->\n<title>Internacionales\/\/\/Jack Dorsey renuncia como CEO de Twitter\/\/\/Carolina Alonso Romei -<\/title>\n<meta name=\"robots\" content=\"index, follow, max-snippet:-1, max-image-preview:large, max-video-preview:-1\" \/>\n<link rel=\"canonical\" href=\"https:\/\/quehacerpolitico.mx\/?p=86923\" \/>\n<meta property=\"og:locale\" content=\"es_MX\" \/>\n<meta property=\"og:type\" content=\"article\" \/>\n<meta property=\"og:title\" content=\"Internacionales\/\/\/Jack Dorsey renuncia como CEO de Twitter\/\/\/Carolina Alonso Romei -\" \/>\n<meta property=\"og:description\" content=\"Por Carolina Alonso Romei Internacionalista Jack Dorsey ser\u00e1 sustituido por el actual jefe tecnol\u00f3gico de...\" \/>\n<meta property=\"og:url\" content=\"https:\/\/quehacerpolitico.mx\/?p=86923\" \/>\n<meta property=\"article:published_time\" content=\"2021-11-29T19:13:16+00:00\" \/>\n<meta property=\"article:modified_time\" content=\"2021-11-29T19:13:21+00:00\" \/>\n<meta property=\"og:image\" content=\"https:\/\/quehacerpolitico.mx\/wp-content\/uploads\/2021\/11\/751B09B1-D184-4917-A8D9-2DBF5AE17ABD.jpeg\" \/>\n\t<meta property=\"og:image:width\" content=\"640\" \/>\n\t<meta property=\"og:image:height\" content=\"360\" \/>\n\t<meta property=\"og:image:type\" content=\"image\/jpeg\" \/>\n<meta name=\"author\" content=\"Redacci\u00f3n QP\" \/>\n<meta name=\"twitter:card\" content=\"summary_large_image\" \/>\n<meta name=\"twitter:label1\" content=\"Escrito por\" \/>\n\t<meta name=\"twitter:data1\" content=\"Redacci\u00f3n QP\" \/>\n\t<meta name=\"twitter:label2\" content=\"Tiempo de lectura\" \/>\n\t<meta name=\"twitter:data2\" content=\"3 minutos\" \/>\n<script type=\"application\/ld+json\" class=\"yoast-schema-graph\">{\"@context\":\"https:\\\/\\\/schema.org\",\"@graph\":[{\"@type\":\"Article\",\"@id\":\"https:\\\/\\\/quehacerpolitico.mx\\\/?p=86923#article\",\"isPartOf\":{\"@id\":\"https:\\\/\\\/quehacerpolitico.mx\\\/?p=86923\"},\"author\":{\"name\":\"Redacci\u00f3n QP\",\"@id\":\"https:\\\/\\\/quehacerpolitico.mx\\\/#\\\/schema\\\/person\\\/496d8ad2d1d3f8036101dca7ee39e585\"},\"headline\":\"Internacionales\\\/\\\/\\\/Jack Dorsey renuncia como CEO de Twitter\\\/\\\/\\\/Carolina Alonso Romei\",\"datePublished\":\"2021-11-29T19:13:16+00:00\",\"dateModified\":\"2021-11-29T19:13:21+00:00\",\"mainEntityOfPage\":{\"@id\":\"https:\\\/\\\/quehacerpolitico.mx\\\/?p=86923\"},\"wordCount\":593,\"commentCount\":0,\"image\":{\"@id\":\"https:\\\/\\\/quehacerpolitico.mx\\\/?p=86923#primaryimage\"},\"thumbnailUrl\":\"https:\\\/\\\/quehacerpolitico.mx\\\/wp-content\\\/uploads\\\/2021\\\/11\\\/751B09B1-D184-4917-A8D9-2DBF5AE17ABD.jpeg\",\"articleSection\":[\"Internacionales\"],\"inLanguage\":\"es\",\"potentialAction\":[{\"@type\":\"CommentAction\",\"name\":\"Comment\",\"target\":[\"https:\\\/\\\/quehacerpolitico.mx\\\/?p=86923#respond\"]}]},{\"@type\":\"WebPage\",\"@id\":\"https:\\\/\\\/quehacerpolitico.mx\\\/?p=86923\",\"url\":\"https:\\\/\\\/quehacerpolitico.mx\\\/?p=86923\",\"name\":\"Internacionales\\\/\\\/\\\/Jack Dorsey renuncia como CEO de Twitter\\\/\\\/\\\/Carolina Alonso Romei -\",\"isPartOf\":{\"@id\":\"https:\\\/\\\/quehacerpolitico.mx\\\/#website\"},\"primaryImageOfPage\":{\"@id\":\"https:\\\/\\\/quehacerpolitico.mx\\\/?p=86923#primaryimage\"},\"image\":{\"@id\":\"https:\\\/\\\/quehacerpolitico.mx\\\/?p=86923#primaryimage\"},\"thumbnailUrl\":\"https:\\\/\\\/quehacerpolitico.mx\\\/wp-content\\\/uploads\\\/2021\\\/11\\\/751B09B1-D184-4917-A8D9-2DBF5AE17ABD.jpeg\",\"datePublished\":\"2021-11-29T19:13:16+00:00\",\"dateModified\":\"2021-11-29T19:13:21+00:00\",\"author\":{\"@id\":\"https:\\\/\\\/quehacerpolitico.mx\\\/#\\\/schema\\\/person\\\/496d8ad2d1d3f8036101dca7ee39e585\"},\"breadcrumb\":{\"@id\":\"https:\\\/\\\/quehacerpolitico.mx\\\/?p=86923#breadcrumb\"},\"inLanguage\":\"es\",\"potentialAction\":[{\"@type\":\"ReadAction\",\"target\":[\"https:\\\/\\\/quehacerpolitico.mx\\\/?p=86923\"]}]},{\"@type\":\"ImageObject\",\"inLanguage\":\"es\",\"@id\":\"https:\\\/\\\/quehacerpolitico.mx\\\/?p=86923#primaryimage\",\"url\":\"https:\\\/\\\/quehacerpolitico.mx\\\/wp-content\\\/uploads\\\/2021\\\/11\\\/751B09B1-D184-4917-A8D9-2DBF5AE17ABD.jpeg\",\"contentUrl\":\"https:\\\/\\\/quehacerpolitico.mx\\\/wp-content\\\/uploads\\\/2021\\\/11\\\/751B09B1-D184-4917-A8D9-2DBF5AE17ABD.jpeg\",\"width\":640,\"height\":360},{\"@type\":\"BreadcrumbList\",\"@id\":\"https:\\\/\\\/quehacerpolitico.mx\\\/?p=86923#breadcrumb\",\"itemListElement\":[{\"@type\":\"ListItem\",\"position\":1,\"name\":\"Inicio\",\"item\":\"https:\\\/\\\/quehacerpolitico.mx\\\/\"},{\"@type\":\"ListItem\",\"position\":2,\"name\":\"Internacionales\\\/\\\/\\\/Jack Dorsey renuncia como CEO de Twitter\\\/\\\/\\\/Carolina Alonso Romei\"}]},{\"@type\":\"WebSite\",\"@id\":\"https:\\\/\\\/quehacerpolitico.mx\\\/#website\",\"url\":\"https:\\\/\\\/quehacerpolitico.mx\\\/\",\"name\":\"\",\"description\":\"\",\"potentialAction\":[{\"@type\":\"SearchAction\",\"target\":{\"@type\":\"EntryPoint\",\"urlTemplate\":\"https:\\\/\\\/quehacerpolitico.mx\\\/?s={search_term_string}\"},\"query-input\":{\"@type\":\"PropertyValueSpecification\",\"valueRequired\":true,\"valueName\":\"search_term_string\"}}],\"inLanguage\":\"es\"},{\"@type\":\"Person\",\"@id\":\"https:\\\/\\\/quehacerpolitico.mx\\\/#\\\/schema\\\/person\\\/496d8ad2d1d3f8036101dca7ee39e585\",\"name\":\"Redacci\u00f3n QP\",\"image\":{\"@type\":\"ImageObject\",\"inLanguage\":\"es\",\"@id\":\"https:\\\/\\\/secure.gravatar.com\\\/avatar\\\/c7164ed6fdec453195284ad24a5ae5b6e1eed2b848477fa2a4787ba9adf39a41?s=96&d=mm&r=g\",\"url\":\"https:\\\/\\\/secure.gravatar.com\\\/avatar\\\/c7164ed6fdec453195284ad24a5ae5b6e1eed2b848477fa2a4787ba9adf39a41?s=96&d=mm&r=g\",\"contentUrl\":\"https:\\\/\\\/secure.gravatar.com\\\/avatar\\\/c7164ed6fdec453195284ad24a5ae5b6e1eed2b848477fa2a4787ba9adf39a41?s=96&d=mm&r=g\",\"caption\":\"Redacci\u00f3n QP\"},\"url\":\"https:\\\/\\\/quehacerpolitico.mx\\\/?author=2\"}]}<\/script>\n<!-- \/ Yoast SEO plugin. -->","yoast_head_json":{"title":"Internacionales\/\/\/Jack Dorsey renuncia como CEO de Twitter\/\/\/Carolina Alonso Romei -","robots":{"index":"index","follow":"follow","max-snippet":"max-snippet:-1","max-image-preview":"max-image-preview:large","max-video-preview":"max-video-preview:-1"},"canonical":"https:\/\/quehacerpolitico.mx\/?p=86923","og_locale":"es_MX","og_type":"article","og_title":"Internacionales\/\/\/Jack Dorsey renuncia como CEO de Twitter\/\/\/Carolina Alonso Romei -","og_description":"Por Carolina Alonso Romei Internacionalista Jack Dorsey ser\u00e1 sustituido por el actual jefe tecnol\u00f3gico de...","og_url":"https:\/\/quehacerpolitico.mx\/?p=86923","article_published_time":"2021-11-29T19:13:16+00:00","article_modified_time":"2021-11-29T19:13:21+00:00","og_image":[{"width":640,"height":360,"url":"https:\/\/quehacerpolitico.mx\/wp-content\/uploads\/2021\/11\/751B09B1-D184-4917-A8D9-2DBF5AE17ABD.jpeg","type":"image\/jpeg"}],"author":"Redacci\u00f3n QP","twitter_card":"summary_large_image","twitter_misc":{"Escrito por":"Redacci\u00f3n QP","Tiempo de lectura":"3 minutos"},"schema":{"@context":"https:\/\/schema.org","@graph":[{"@type":"Article","@id":"https:\/\/quehacerpolitico.mx\/?p=86923#article","isPartOf":{"@id":"https:\/\/quehacerpolitico.mx\/?p=86923"},"author":{"name":"Redacci\u00f3n QP","@id":"https:\/\/quehacerpolitico.mx\/#\/schema\/person\/496d8ad2d1d3f8036101dca7ee39e585"},"headline":"Internacionales\/\/\/Jack Dorsey renuncia como CEO de Twitter\/\/\/Carolina Alonso Romei","datePublished":"2021-11-29T19:13:16+00:00","dateModified":"2021-11-29T19:13:21+00:00","mainEntityOfPage":{"@id":"https:\/\/quehacerpolitico.mx\/?p=86923"},"wordCount":593,"commentCount":0,"image":{"@id":"https:\/\/quehacerpolitico.mx\/?p=86923#primaryimage"},"thumbnailUrl":"https:\/\/quehacerpolitico.mx\/wp-content\/uploads\/2021\/11\/751B09B1-D184-4917-A8D9-2DBF5AE17ABD.jpeg","articleSection":["Internacionales"],"inLanguage":"es","potentialAction":[{"@type":"CommentAction","name":"Comment","target":["https:\/\/quehacerpolitico.mx\/?p=86923#respond"]}]},{"@type":"WebPage","@id":"https:\/\/quehacerpolitico.mx\/?p=86923","url":"https:\/\/quehacerpolitico.mx\/?p=86923","name":"Internacionales\/\/\/Jack Dorsey renuncia como CEO de Twitter\/\/\/Carolina Alonso Romei -","isPartOf":{"@id":"https:\/\/quehacerpolitico.mx\/#website"},"primaryImageOfPage":{"@id":"https:\/\/quehacerpolitico.mx\/?p=86923#primaryimage"},"image":{"@id":"https:\/\/quehacerpolitico.mx\/?p=86923#primaryimage"},"thumbnailUrl":"https:\/\/quehacerpolitico.mx\/wp-content\/uploads\/2021\/11\/751B09B1-D184-4917-A8D9-2DBF5AE17ABD.jpeg","datePublished":"2021-11-29T19:13:16+00:00","dateModified":"2021-11-29T19:13:21+00:00","author":{"@id":"https:\/\/quehacerpolitico.mx\/#\/schema\/person\/496d8ad2d1d3f8036101dca7ee39e585"},"breadcrumb":{"@id":"https:\/\/quehacerpolitico.mx\/?p=86923#breadcrumb"},"inLanguage":"es","potentialAction":[{"@type":"ReadAction","target":["https:\/\/quehacerpolitico.mx\/?p=86923"]}]},{"@type":"ImageObject","inLanguage":"es","@id":"https:\/\/quehacerpolitico.mx\/?p=86923#primaryimage","url":"https:\/\/quehacerpolitico.mx\/wp-content\/uploads\/2021\/11\/751B09B1-D184-4917-A8D9-2DBF5AE17ABD.jpeg","contentUrl":"https:\/\/quehacerpolitico.mx\/wp-content\/uploads\/2021\/11\/751B09B1-D184-4917-A8D9-2DBF5AE17ABD.jpeg","width":640,"height":360},{"@type":"BreadcrumbList","@id":"https:\/\/quehacerpolitico.mx\/?p=86923#breadcrumb","itemListElement":[{"@type":"ListItem","position":1,"name":"Inicio","item":"https:\/\/quehacerpolitico.mx\/"},{"@type":"ListItem","position":2,"name":"Internacionales\/\/\/Jack Dorsey renuncia como CEO de Twitter\/\/\/Carolina Alonso Romei"}]},{"@type":"WebSite","@id":"https:\/\/quehacerpolitico.mx\/#website","url":"https:\/\/quehacerpolitico.mx\/","name":"","description":"","potentialAction":[{"@type":"SearchAction","target":{"@type":"EntryPoint","urlTemplate":"https:\/\/quehacerpolitico.mx\/?s={search_term_string}"},"query-input":{"@type":"PropertyValueSpecification","valueRequired":true,"valueName":"search_term_string"}}],"inLanguage":"es"},{"@type":"Person","@id":"https:\/\/quehacerpolitico.mx\/#\/schema\/person\/496d8ad2d1d3f8036101dca7ee39e585","name":"Redacci\u00f3n QP","image":{"@type":"ImageObject","inLanguage":"es","@id":"https:\/\/secure.gravatar.com\/avatar\/c7164ed6fdec453195284ad24a5ae5b6e1eed2b848477fa2a4787ba9adf39a41?s=96&d=mm&r=g","url":"https:\/\/secure.gravatar.com\/avatar\/c7164ed6fdec453195284ad24a5ae5b6e1eed2b848477fa2a4787ba9adf39a41?s=96&d=mm&r=g","contentUrl":"https:\/\/secure.gravatar.com\/avatar\/c7164ed6fdec453195284ad24a5ae5b6e1eed2b848477fa2a4787ba9adf39a41?s=96&d=mm&r=g","caption":"Redacci\u00f3n QP"},"url":"https:\/\/quehacerpolitico.mx\/?author=2"}]}},"featured_image_urls":{"full":["https:\/\/quehacerpolitico.mx\/wp-content\/uploads\/2021\/11\/751B09B1-D184-4917-A8D9-2DBF5AE17ABD.jpeg",640,360,false],"thumbnail":["https:\/\/quehacerpolitico.mx\/wp-content\/uploads\/2021\/11\/751B09B1-D184-4917-A8D9-2DBF5AE17ABD-150x150.jpeg",150,150,true],"medium":["https:\/\/quehacerpolitico.mx\/wp-content\/uploads\/2021\/11\/751B09B1-D184-4917-A8D9-2DBF5AE17ABD-300x169.jpeg",300,169,true],"medium_large":["https:\/\/quehacerpolitico.mx\/wp-content\/uploads\/2021\/11\/751B09B1-D184-4917-A8D9-2DBF5AE17ABD.jpeg",640,360,false],"large":["https:\/\/quehacerpolitico.mx\/wp-content\/uploads\/2021\/11\/751B09B1-D184-4917-A8D9-2DBF5AE17ABD.jpeg",640,360,false],"1536x1536":["https:\/\/quehacerpolitico.mx\/wp-content\/uploads\/2021\/11\/751B09B1-D184-4917-A8D9-2DBF5AE17ABD.jpeg",640,360,false],"2048x2048":["https:\/\/quehacerpolitico.mx\/wp-content\/uploads\/2021\/11\/751B09B1-D184-4917-A8D9-2DBF5AE17ABD.jpeg",640,360,false],"covernews-featured":["https:\/\/quehacerpolitico.mx\/wp-content\/uploads\/2021\/11\/751B09B1-D184-4917-A8D9-2DBF5AE17ABD.jpeg",640,360,false],"covernews-medium":["https:\/\/quehacerpolitico.mx\/wp-content\/uploads\/2021\/11\/751B09B1-D184-4917-A8D9-2DBF5AE17ABD.jpeg",540,304,false]},"author_info":{"display_name":"Redacci\u00f3n QP","author_link":"https:\/\/quehacerpolitico.mx\/?author=2"},"category_info":"<a href=\"https:\/\/quehacerpolitico.mx\/?cat=1\" rel=\"category\">Internacionales<\/a>","tag_info":"Internacionales","comment_count":"0","_links":{"self":[{"href":"https:\/\/quehacerpolitico.mx\/index.php?rest_route=\/wp\/v2\/posts\/86923","targetHints":{"allow":["GET"]}}],"collection":[{"href":"https:\/\/quehacerpolitico.mx\/index.php?rest_route=\/wp\/v2\/posts"}],"about":[{"href":"https:\/\/quehacerpolitico.mx\/index.php?rest_route=\/wp\/v2\/types\/post"}],"author":[{"embeddable":true,"href":"https:\/\/quehacerpolitico.mx\/index.php?rest_route=\/wp\/v2\/users\/2"}],"replies":[{"embeddable":true,"href":"https:\/\/quehacerpolitico.mx\/index.php?rest_route=%2Fwp%2Fv2%2Fcomments&post=86923"}],"version-history":[{"count":1,"href":"https:\/\/quehacerpolitico.mx\/index.php?rest_route=\/wp\/v2\/posts\/86923\/revisions"}],"predecessor-version":[{"id":86925,"href":"https:\/\/quehacerpolitico.mx\/index.php?rest_route=\/wp\/v2\/posts\/86923\/revisions\/86925"}],"wp:featuredmedia":[{"embeddable":true,"href":"https:\/\/quehacerpolitico.mx\/index.php?rest_route=\/wp\/v2\/media\/86924"}],"wp:attachment":[{"href":"https:\/\/quehacerpolitico.mx\/index.php?rest_route=%2Fwp%2Fv2%2Fmedia&parent=86923"}],"wp:term":[{"taxonomy":"category","embeddable":true,"href":"https:\/\/quehacerpolitico.mx\/index.php?rest_route=%2Fwp%2Fv2%2Fcategories&post=86923"},{"taxonomy":"post_tag","embeddable":true,"href":"https:\/\/quehacerpolitico.mx\/index.php?rest_route=%2Fwp%2Fv2%2Ftags&post=86923"}],"curies":[{"name":"wp","href":"https:\/\/api.w.org\/{rel}","templated":true}]}}