{"id":86920,"date":"2021-11-29T18:51:21","date_gmt":"2021-11-29T18:51:21","guid":{"rendered":"https:\/\/quehacerpolitico.mx\/?p=86920"},"modified":"2021-11-29T18:51:25","modified_gmt":"2021-11-29T18:51:25","slug":"cuantos-hijos-tiene-amlo-y-quienes-son","status":"publish","type":"post","link":"https:\/\/quehacerpolitico.mx\/?p=86920","title":{"rendered":"\u00bfCu\u00e1ntos hijos tiene AMLO y qui\u00e9nes son?"},"content":{"rendered":"\n<p>Por Redacci\u00f3n QP<\/p>\n\n\n\n<p>El Presidente Andr\u00e9s Manuel L\u00f3pez Obrador se ha casado en dos ocasiones<\/p>\n\n\n\n<p>Luego de la investigaci\u00f3n publicada, entre otros medios, por el sitio Aristegui Noticias, de la periodista Carmen Aristegui, la cual revel\u00f3 que el empresario Hugo Ch\u00e1vez Ayala, cercano a la familia de L\u00f3pez Obrador, asesor\u00f3 el programa Sembrando Vida en Tabasco; y que al mismo tiempo acusara a los hijos mayores del Presidente\u00a0Andres Manuel L\u00f3pez Obrador (AMLO)\u00a0de beneficiarse del programa social,\u00a0el Mandatario desminti\u00f3 la informaci\u00f3n y\u00a0asegur\u00f3 que esto es solo un intento de &#8220;manchar a su Gobierno&#8221;. Pero \u00bfCu\u00e1ntos hijos tiene y qui\u00e9nes son?<\/p>\n\n\n\n<figure class=\"wp-block-embed is-type-rich is-provider-twitter wp-block-embed-twitter\"><div class=\"wp-block-embed__wrapper\">\n<blockquote class=\"twitter-tweet\" data-width=\"550\" data-dnt=\"true\"><p lang=\"es\" dir=\"ltr\">Este fue el reportaje de <a href=\"https:\/\/twitter.com\/soytaniagomez?ref_src=twsrc%5Etfw\">@soytaniagomez<\/a> y <a href=\"https:\/\/twitter.com\/SerchRincon?ref_src=twsrc%5Etfw\">@SerchRincon<\/a> publicado en <a href=\"https:\/\/twitter.com\/AristeguiOnline?ref_src=twsrc%5Etfw\">@AristeguiOnline<\/a> y <a href=\"https:\/\/twitter.com\/proceso?ref_src=twsrc%5Etfw\">@proceso<\/a>.<br>&quot;Sembrando vida y la f\u00e1brica de chocolates&quot; <br><br>\u00bfSer\u00e1n los negocios de sus hijos tambi\u00e9n asunto de Seguridad Nacional?<a href=\"https:\/\/t.co\/r14H4VVGxN\">https:\/\/t.co\/r14H4VVGxN<\/a><\/p>&mdash; Ruido en la Red (@RuidoEnLaRed) <a href=\"https:\/\/twitter.com\/RuidoEnLaRed\/status\/1465338660556099588?ref_src=twsrc%5Etfw\">November 29, 2021<\/a><\/blockquote><script async src=\"https:\/\/platform.twitter.com\/widgets.js\" charset=\"utf-8\"><\/script>\n<\/div><\/figure>\n\n\n\n<p>El Presidente Andr\u00e9s Manuel L\u00f3pez Obrador&nbsp;<strong>se ha casado en dos ocasiones<\/strong>.<\/p>\n\n\n\n<p><strong>Roc\u00edo Beltr\u00e1n naci\u00f3 en agosto de 1956 en Tabasco y fue esposa de L\u00f3pez Obrador por casi 24 a\u00f1os<\/strong>. La esposa del entonces jefe capitalino\u00a0<strong>muri\u00f3 a los 46 a\u00f1os el 12 de enero de 2003<\/strong>, tras varios a\u00f1os de lucha contra un padecimiento del sistema inmunol\u00f3gico.<\/p>\n\n\n\n<p>Beltr\u00e1n Medina fue sepultada en el Recinto Memorial de Villahermosa, donde AMLO, en distintas ocasiones, le dedic\u00f3 varias palabras a su exesposa.<\/p>\n\n\n\n<figure class=\"wp-block-embed is-type-video is-provider-youtube wp-block-embed-youtube wp-embed-aspect-16-9 wp-has-aspect-ratio\"><div class=\"wp-block-embed__wrapper\">\n<iframe loading=\"lazy\" title=\"Chocolater\u00eda de los hijos de AMLO abre su primera tienda en la CDMX\" width=\"640\" height=\"360\" src=\"https:\/\/www.youtube.com\/embed\/oDnv17PTG0U?feature=oembed\" frameborder=\"0\" allow=\"accelerometer; autoplay; clipboard-write; encrypted-media; gyroscope; picture-in-picture; web-share\" referrerpolicy=\"strict-origin-when-cross-origin\" allowfullscreen><\/iframe>\n<\/div><\/figure>\n\n\n\n<h2 class=\"wp-block-heading\">La primera esposa de AMLO<\/h2>\n\n\n\n<p>El 2 de noviembre de 2018, Andr\u00e9s Manuel L\u00f3pez Obrador asegur\u00f3 que con Roc\u00edo Beltr\u00e1n &#8220;camin\u00f3 de la mano y recorri\u00f3 Tabasco cuando inici\u00f3 el movimiento de izquierda&#8221;.<\/p>\n\n\n\n<p><strong>Los hijos de AMLO con Roc\u00edo Beltr\u00e1n son Jos\u00e9 Ram\u00f3n, Andr\u00e9s Manuel y Gonzalo L\u00f3pez Beltr\u00e1n<\/strong>.<\/p>\n\n\n\n<p><strong>El m\u00e1s grande es el \u00fanico casado, con Carolyn Adams, y quien tiene un hijo, Salom\u00f3n. Jos\u00e9 Ram\u00f3n participa en la pol\u00edtica activamente en Morena, el partido que fund\u00f3 su padre, en el Estado de M\u00e9xico<\/strong>.<\/p>\n\n\n\n<p>Jos\u00e9 Ram\u00f3n fue duramente criticado por un viaje que hizo junto a su pareja a Aspen, un destino tur\u00edstico para gente de clase alta.<\/p>\n\n\n\n<p><strong>Andr\u00e9s Manuel Jr tambi\u00e9n participa en la pol\u00edtica<\/strong>, carrera que estudi\u00f3 en la UNAM, igual que su padre. Andr\u00e9s Manuel fue vinculado sentimentalmente a la exMiss Venezuela, Irene Esser.<\/p>\n\n\n\n<p>Durante alg\u00fan tiempo, el segundo hijo de AMLO vivi\u00f3 en el famoso departamento de Copilco, en donde viv\u00eda el hoy Presidente cuando era jefe de Gobierno.<\/p>\n\n\n\n<p><strong>Andr\u00e9s Manuel Jr opera pol\u00edticamente en la Ciudad de M\u00e9xico<\/strong>.<\/p>\n\n\n\n<p>Por \u00faltimo, Gonzalo L\u00f3pez Beltr\u00e1n es el tercer hijo de L\u00f3pez Obrador y Roc\u00edo Beltr\u00e1n.&nbsp;<strong>Gonzalo estudi\u00f3 sociolog\u00eda en la UNAM y se fue a trabajar en la estructura del equipo de Los Gigantes de San Francisco<\/strong>, muy probablemente para regresar m\u00e1s adelante a potenciar el proyecto de las cl\u00ednicas deportivas impulsadas por la 4T.<\/p>\n\n\n\n<p>Si bien Gonzalo Alfonso no hab\u00eda tenido contacto con las grandes ligas de este deporte, s\u00ed&nbsp;<strong>se le hab\u00eda visto involucrado con grandes empresarios aficionados al mismo<\/strong>. Tambi\u00e9n en este espacio, a mediados de 2019, dimos a conocer una fotograf\u00eda en la que el hijo del Presidente compart\u00eda el palco de honor del estadio regiomontano de los Sultanes, con los empresarios Alfonso Romo, Carlos Bremer y Carlos Slim.<\/p>\n\n\n\n<p><strong>Los tres hijos mayores de AMLO se asociaron para crear una f\u00e1brica de chocolates, llamada como su madre, Roc\u00edo<\/strong>.<\/p>\n\n\n\n<p>Al respecto,\u00a0<strong>un reportaje de la revista Proceso se\u00f1ala que hay un particular impulso a la siembra de cacao en Tabasco<\/strong>, en donde los hijos de AMLO tienen su f\u00e1brica de chocolates.<\/p>\n\n\n\n<p>En el mismo contexto, El Universal public\u00f3 una investigaci\u00f3n sobre el programa Sembrando Vida que\u00a0el Gobierno Federal vende como &#8220;el programa de reforestaci\u00f3n m\u00e1s grande del mundo&#8221;, tumba \u00e1rboles y fomenta los cambios de uso de suelo, que seg\u00fan Greenpeace son la principal causa de la deforestaci\u00f3n que enfrenta M\u00e9xico <\/p>\n\n\n\n<h2 class=\"wp-block-heading\">L\u00f3pez Obrador y Beatriz Guti\u00e9rrez<\/h2>\n\n\n\n<p>Sin embargo,&nbsp;<strong>en el 2006, el Presidente L\u00f3pez Obrador se cas\u00f3 por segunda vez con Beatriz Guti\u00e9rrez M\u00fcller, con quien tiene un hijo, Jes\u00fas Ernesto<\/strong>.<\/p>\n\n\n\n<p><strong>Jes\u00fas Ernesto tiene 14 a\u00f1os<\/strong>&nbsp;y es aficionado a las \u00c1guilas del Am\u00e9rica, como ha revelado su padre, con quien difiera en preferencias de futbol.<\/p>\n\n\n\n<p><strong>El hijo m\u00e1s peque\u00f1o de AMLO es por el \u00fanico que el Presidente asegura que mete las manos<\/strong>. &#8220;Desde el principio, desde que tom\u00e9 posesi\u00f3n en la C\u00e1mara (de Diputados), habl\u00e9 de mis familiares; solo me hac\u00eda cargo de Jes\u00fas Ernesto, y eso porque es menor de edad, pero del resto no&#8221;.<\/p>\n\n\n\n<p>Con Informaci\u00f3n de SUN <\/p>\n","protected":false},"excerpt":{"rendered":"<p>Por Redacci\u00f3n QP El Presidente Andr\u00e9s Manuel L\u00f3pez Obrador se ha casado en dos ocasiones&#8230;<\/p>\n","protected":false},"author":2,"featured_media":86921,"comment_status":"open","ping_status":"open","sticky":false,"template":"","format":"standard","meta":{"_monsterinsights_skip_tracking":false,"_monsterinsights_sitenote_active":false,"_monsterinsights_sitenote_note":"","_monsterinsights_sitenote_category":0,"footnotes":""},"categories":[2],"tags":[],"class_list":["post-86920","post","type-post","status-publish","format-standard","has-post-thumbnail","hentry","category-noticias"],"yoast_head":"<!-- This site is optimized with the Yoast SEO plugin v27.3 - https:\/\/yoast.com\/product\/yoast-seo-wordpress\/ -->\n<title>\u00bfCu\u00e1ntos hijos tiene AMLO y qui\u00e9nes son? -<\/title>\n<meta name=\"robots\" content=\"index, follow, max-snippet:-1, max-image-preview:large, max-video-preview:-1\" \/>\n<link rel=\"canonical\" href=\"https:\/\/quehacerpolitico.mx\/?p=86920\" \/>\n<meta property=\"og:locale\" content=\"es_MX\" \/>\n<meta property=\"og:type\" content=\"article\" \/>\n<meta property=\"og:title\" content=\"\u00bfCu\u00e1ntos hijos tiene AMLO y qui\u00e9nes son? -\" \/>\n<meta property=\"og:description\" content=\"Por Redacci\u00f3n QP El Presidente Andr\u00e9s Manuel L\u00f3pez Obrador se ha casado en dos ocasiones...\" \/>\n<meta property=\"og:url\" content=\"https:\/\/quehacerpolitico.mx\/?p=86920\" \/>\n<meta property=\"article:published_time\" content=\"2021-11-29T18:51:21+00:00\" \/>\n<meta property=\"article:modified_time\" content=\"2021-11-29T18:51:25+00:00\" \/>\n<meta property=\"og:image\" content=\"https:\/\/quehacerpolitico.mx\/wp-content\/uploads\/2021\/11\/49CE6B62-1A01-4B9D-A131-CF79B408DC92.jpeg\" \/>\n\t<meta property=\"og:image:width\" content=\"693\" \/>\n\t<meta property=\"og:image:height\" content=\"443\" \/>\n\t<meta property=\"og:image:type\" content=\"image\/jpeg\" \/>\n<meta name=\"author\" content=\"Redacci\u00f3n QP\" \/>\n<meta name=\"twitter:card\" content=\"summary_large_image\" \/>\n<meta name=\"twitter:label1\" content=\"Escrito por\" \/>\n\t<meta name=\"twitter:data1\" content=\"Redacci\u00f3n QP\" \/>\n\t<meta name=\"twitter:label2\" content=\"Tiempo de lectura\" \/>\n\t<meta name=\"twitter:data2\" content=\"4 minutos\" \/>\n<script type=\"application\/ld+json\" class=\"yoast-schema-graph\">{\"@context\":\"https:\\\/\\\/schema.org\",\"@graph\":[{\"@type\":\"Article\",\"@id\":\"https:\\\/\\\/quehacerpolitico.mx\\\/?p=86920#article\",\"isPartOf\":{\"@id\":\"https:\\\/\\\/quehacerpolitico.mx\\\/?p=86920\"},\"author\":{\"name\":\"Redacci\u00f3n QP\",\"@id\":\"https:\\\/\\\/quehacerpolitico.mx\\\/#\\\/schema\\\/person\\\/496d8ad2d1d3f8036101dca7ee39e585\"},\"headline\":\"\u00bfCu\u00e1ntos hijos tiene AMLO y qui\u00e9nes son?\",\"datePublished\":\"2021-11-29T18:51:21+00:00\",\"dateModified\":\"2021-11-29T18:51:25+00:00\",\"mainEntityOfPage\":{\"@id\":\"https:\\\/\\\/quehacerpolitico.mx\\\/?p=86920\"},\"wordCount\":795,\"commentCount\":0,\"image\":{\"@id\":\"https:\\\/\\\/quehacerpolitico.mx\\\/?p=86920#primaryimage\"},\"thumbnailUrl\":\"https:\\\/\\\/quehacerpolitico.mx\\\/wp-content\\\/uploads\\\/2021\\\/11\\\/49CE6B62-1A01-4B9D-A131-CF79B408DC92.jpeg\",\"articleSection\":[\"Noticias\"],\"inLanguage\":\"es\",\"potentialAction\":[{\"@type\":\"CommentAction\",\"name\":\"Comment\",\"target\":[\"https:\\\/\\\/quehacerpolitico.mx\\\/?p=86920#respond\"]}]},{\"@type\":\"WebPage\",\"@id\":\"https:\\\/\\\/quehacerpolitico.mx\\\/?p=86920\",\"url\":\"https:\\\/\\\/quehacerpolitico.mx\\\/?p=86920\",\"name\":\"\u00bfCu\u00e1ntos hijos tiene AMLO y qui\u00e9nes son? -\",\"isPartOf\":{\"@id\":\"https:\\\/\\\/quehacerpolitico.mx\\\/#website\"},\"primaryImageOfPage\":{\"@id\":\"https:\\\/\\\/quehacerpolitico.mx\\\/?p=86920#primaryimage\"},\"image\":{\"@id\":\"https:\\\/\\\/quehacerpolitico.mx\\\/?p=86920#primaryimage\"},\"thumbnailUrl\":\"https:\\\/\\\/quehacerpolitico.mx\\\/wp-content\\\/uploads\\\/2021\\\/11\\\/49CE6B62-1A01-4B9D-A131-CF79B408DC92.jpeg\",\"datePublished\":\"2021-11-29T18:51:21+00:00\",\"dateModified\":\"2021-11-29T18:51:25+00:00\",\"author\":{\"@id\":\"https:\\\/\\\/quehacerpolitico.mx\\\/#\\\/schema\\\/person\\\/496d8ad2d1d3f8036101dca7ee39e585\"},\"breadcrumb\":{\"@id\":\"https:\\\/\\\/quehacerpolitico.mx\\\/?p=86920#breadcrumb\"},\"inLanguage\":\"es\",\"potentialAction\":[{\"@type\":\"ReadAction\",\"target\":[\"https:\\\/\\\/quehacerpolitico.mx\\\/?p=86920\"]}]},{\"@type\":\"ImageObject\",\"inLanguage\":\"es\",\"@id\":\"https:\\\/\\\/quehacerpolitico.mx\\\/?p=86920#primaryimage\",\"url\":\"https:\\\/\\\/quehacerpolitico.mx\\\/wp-content\\\/uploads\\\/2021\\\/11\\\/49CE6B62-1A01-4B9D-A131-CF79B408DC92.jpeg\",\"contentUrl\":\"https:\\\/\\\/quehacerpolitico.mx\\\/wp-content\\\/uploads\\\/2021\\\/11\\\/49CE6B62-1A01-4B9D-A131-CF79B408DC92.jpeg\",\"width\":693,\"height\":443},{\"@type\":\"BreadcrumbList\",\"@id\":\"https:\\\/\\\/quehacerpolitico.mx\\\/?p=86920#breadcrumb\",\"itemListElement\":[{\"@type\":\"ListItem\",\"position\":1,\"name\":\"Inicio\",\"item\":\"https:\\\/\\\/quehacerpolitico.mx\\\/\"},{\"@type\":\"ListItem\",\"position\":2,\"name\":\"\u00bfCu\u00e1ntos hijos tiene AMLO y qui\u00e9nes son?\"}]},{\"@type\":\"WebSite\",\"@id\":\"https:\\\/\\\/quehacerpolitico.mx\\\/#website\",\"url\":\"https:\\\/\\\/quehacerpolitico.mx\\\/\",\"name\":\"\",\"description\":\"\",\"potentialAction\":[{\"@type\":\"SearchAction\",\"target\":{\"@type\":\"EntryPoint\",\"urlTemplate\":\"https:\\\/\\\/quehacerpolitico.mx\\\/?s={search_term_string}\"},\"query-input\":{\"@type\":\"PropertyValueSpecification\",\"valueRequired\":true,\"valueName\":\"search_term_string\"}}],\"inLanguage\":\"es\"},{\"@type\":\"Person\",\"@id\":\"https:\\\/\\\/quehacerpolitico.mx\\\/#\\\/schema\\\/person\\\/496d8ad2d1d3f8036101dca7ee39e585\",\"name\":\"Redacci\u00f3n QP\",\"image\":{\"@type\":\"ImageObject\",\"inLanguage\":\"es\",\"@id\":\"https:\\\/\\\/secure.gravatar.com\\\/avatar\\\/c7164ed6fdec453195284ad24a5ae5b6e1eed2b848477fa2a4787ba9adf39a41?s=96&d=mm&r=g\",\"url\":\"https:\\\/\\\/secure.gravatar.com\\\/avatar\\\/c7164ed6fdec453195284ad24a5ae5b6e1eed2b848477fa2a4787ba9adf39a41?s=96&d=mm&r=g\",\"contentUrl\":\"https:\\\/\\\/secure.gravatar.com\\\/avatar\\\/c7164ed6fdec453195284ad24a5ae5b6e1eed2b848477fa2a4787ba9adf39a41?s=96&d=mm&r=g\",\"caption\":\"Redacci\u00f3n QP\"},\"url\":\"https:\\\/\\\/quehacerpolitico.mx\\\/?author=2\"}]}<\/script>\n<!-- \/ Yoast SEO plugin. -->","yoast_head_json":{"title":"\u00bfCu\u00e1ntos hijos tiene AMLO y qui\u00e9nes son? -","robots":{"index":"index","follow":"follow","max-snippet":"max-snippet:-1","max-image-preview":"max-image-preview:large","max-video-preview":"max-video-preview:-1"},"canonical":"https:\/\/quehacerpolitico.mx\/?p=86920","og_locale":"es_MX","og_type":"article","og_title":"\u00bfCu\u00e1ntos hijos tiene AMLO y qui\u00e9nes son? -","og_description":"Por Redacci\u00f3n QP El Presidente Andr\u00e9s Manuel L\u00f3pez Obrador se ha casado en dos ocasiones...","og_url":"https:\/\/quehacerpolitico.mx\/?p=86920","article_published_time":"2021-11-29T18:51:21+00:00","article_modified_time":"2021-11-29T18:51:25+00:00","og_image":[{"width":693,"height":443,"url":"https:\/\/quehacerpolitico.mx\/wp-content\/uploads\/2021\/11\/49CE6B62-1A01-4B9D-A131-CF79B408DC92.jpeg","type":"image\/jpeg"}],"author":"Redacci\u00f3n QP","twitter_card":"summary_large_image","twitter_misc":{"Escrito por":"Redacci\u00f3n QP","Tiempo de lectura":"4 minutos"},"schema":{"@context":"https:\/\/schema.org","@graph":[{"@type":"Article","@id":"https:\/\/quehacerpolitico.mx\/?p=86920#article","isPartOf":{"@id":"https:\/\/quehacerpolitico.mx\/?p=86920"},"author":{"name":"Redacci\u00f3n QP","@id":"https:\/\/quehacerpolitico.mx\/#\/schema\/person\/496d8ad2d1d3f8036101dca7ee39e585"},"headline":"\u00bfCu\u00e1ntos hijos tiene AMLO y qui\u00e9nes son?","datePublished":"2021-11-29T18:51:21+00:00","dateModified":"2021-11-29T18:51:25+00:00","mainEntityOfPage":{"@id":"https:\/\/quehacerpolitico.mx\/?p=86920"},"wordCount":795,"commentCount":0,"image":{"@id":"https:\/\/quehacerpolitico.mx\/?p=86920#primaryimage"},"thumbnailUrl":"https:\/\/quehacerpolitico.mx\/wp-content\/uploads\/2021\/11\/49CE6B62-1A01-4B9D-A131-CF79B408DC92.jpeg","articleSection":["Noticias"],"inLanguage":"es","potentialAction":[{"@type":"CommentAction","name":"Comment","target":["https:\/\/quehacerpolitico.mx\/?p=86920#respond"]}]},{"@type":"WebPage","@id":"https:\/\/quehacerpolitico.mx\/?p=86920","url":"https:\/\/quehacerpolitico.mx\/?p=86920","name":"\u00bfCu\u00e1ntos hijos tiene AMLO y qui\u00e9nes son? -","isPartOf":{"@id":"https:\/\/quehacerpolitico.mx\/#website"},"primaryImageOfPage":{"@id":"https:\/\/quehacerpolitico.mx\/?p=86920#primaryimage"},"image":{"@id":"https:\/\/quehacerpolitico.mx\/?p=86920#primaryimage"},"thumbnailUrl":"https:\/\/quehacerpolitico.mx\/wp-content\/uploads\/2021\/11\/49CE6B62-1A01-4B9D-A131-CF79B408DC92.jpeg","datePublished":"2021-11-29T18:51:21+00:00","dateModified":"2021-11-29T18:51:25+00:00","author":{"@id":"https:\/\/quehacerpolitico.mx\/#\/schema\/person\/496d8ad2d1d3f8036101dca7ee39e585"},"breadcrumb":{"@id":"https:\/\/quehacerpolitico.mx\/?p=86920#breadcrumb"},"inLanguage":"es","potentialAction":[{"@type":"ReadAction","target":["https:\/\/quehacerpolitico.mx\/?p=86920"]}]},{"@type":"ImageObject","inLanguage":"es","@id":"https:\/\/quehacerpolitico.mx\/?p=86920#primaryimage","url":"https:\/\/quehacerpolitico.mx\/wp-content\/uploads\/2021\/11\/49CE6B62-1A01-4B9D-A131-CF79B408DC92.jpeg","contentUrl":"https:\/\/quehacerpolitico.mx\/wp-content\/uploads\/2021\/11\/49CE6B62-1A01-4B9D-A131-CF79B408DC92.jpeg","width":693,"height":443},{"@type":"BreadcrumbList","@id":"https:\/\/quehacerpolitico.mx\/?p=86920#breadcrumb","itemListElement":[{"@type":"ListItem","position":1,"name":"Inicio","item":"https:\/\/quehacerpolitico.mx\/"},{"@type":"ListItem","position":2,"name":"\u00bfCu\u00e1ntos hijos tiene AMLO y qui\u00e9nes son?"}]},{"@type":"WebSite","@id":"https:\/\/quehacerpolitico.mx\/#website","url":"https:\/\/quehacerpolitico.mx\/","name":"","description":"","potentialAction":[{"@type":"SearchAction","target":{"@type":"EntryPoint","urlTemplate":"https:\/\/quehacerpolitico.mx\/?s={search_term_string}"},"query-input":{"@type":"PropertyValueSpecification","valueRequired":true,"valueName":"search_term_string"}}],"inLanguage":"es"},{"@type":"Person","@id":"https:\/\/quehacerpolitico.mx\/#\/schema\/person\/496d8ad2d1d3f8036101dca7ee39e585","name":"Redacci\u00f3n QP","image":{"@type":"ImageObject","inLanguage":"es","@id":"https:\/\/secure.gravatar.com\/avatar\/c7164ed6fdec453195284ad24a5ae5b6e1eed2b848477fa2a4787ba9adf39a41?s=96&d=mm&r=g","url":"https:\/\/secure.gravatar.com\/avatar\/c7164ed6fdec453195284ad24a5ae5b6e1eed2b848477fa2a4787ba9adf39a41?s=96&d=mm&r=g","contentUrl":"https:\/\/secure.gravatar.com\/avatar\/c7164ed6fdec453195284ad24a5ae5b6e1eed2b848477fa2a4787ba9adf39a41?s=96&d=mm&r=g","caption":"Redacci\u00f3n QP"},"url":"https:\/\/quehacerpolitico.mx\/?author=2"}]}},"featured_image_urls":{"full":["https:\/\/quehacerpolitico.mx\/wp-content\/uploads\/2021\/11\/49CE6B62-1A01-4B9D-A131-CF79B408DC92.jpeg",693,443,false],"thumbnail":["https:\/\/quehacerpolitico.mx\/wp-content\/uploads\/2021\/11\/49CE6B62-1A01-4B9D-A131-CF79B408DC92-150x150.jpeg",150,150,true],"medium":["https:\/\/quehacerpolitico.mx\/wp-content\/uploads\/2021\/11\/49CE6B62-1A01-4B9D-A131-CF79B408DC92-300x192.jpeg",300,192,true],"medium_large":["https:\/\/quehacerpolitico.mx\/wp-content\/uploads\/2021\/11\/49CE6B62-1A01-4B9D-A131-CF79B408DC92.jpeg",640,409,false],"large":["https:\/\/quehacerpolitico.mx\/wp-content\/uploads\/2021\/11\/49CE6B62-1A01-4B9D-A131-CF79B408DC92.jpeg",640,409,false],"1536x1536":["https:\/\/quehacerpolitico.mx\/wp-content\/uploads\/2021\/11\/49CE6B62-1A01-4B9D-A131-CF79B408DC92.jpeg",693,443,false],"2048x2048":["https:\/\/quehacerpolitico.mx\/wp-content\/uploads\/2021\/11\/49CE6B62-1A01-4B9D-A131-CF79B408DC92.jpeg",693,443,false],"covernews-featured":["https:\/\/quehacerpolitico.mx\/wp-content\/uploads\/2021\/11\/49CE6B62-1A01-4B9D-A131-CF79B408DC92.jpeg",693,443,false],"covernews-medium":["https:\/\/quehacerpolitico.mx\/wp-content\/uploads\/2021\/11\/49CE6B62-1A01-4B9D-A131-CF79B408DC92.jpeg",532,340,false]},"author_info":{"display_name":"Redacci\u00f3n QP","author_link":"https:\/\/quehacerpolitico.mx\/?author=2"},"category_info":"<a href=\"https:\/\/quehacerpolitico.mx\/?cat=2\" rel=\"category\">Noticias<\/a>","tag_info":"Noticias","comment_count":"0","_links":{"self":[{"href":"https:\/\/quehacerpolitico.mx\/index.php?rest_route=\/wp\/v2\/posts\/86920","targetHints":{"allow":["GET"]}}],"collection":[{"href":"https:\/\/quehacerpolitico.mx\/index.php?rest_route=\/wp\/v2\/posts"}],"about":[{"href":"https:\/\/quehacerpolitico.mx\/index.php?rest_route=\/wp\/v2\/types\/post"}],"author":[{"embeddable":true,"href":"https:\/\/quehacerpolitico.mx\/index.php?rest_route=\/wp\/v2\/users\/2"}],"replies":[{"embeddable":true,"href":"https:\/\/quehacerpolitico.mx\/index.php?rest_route=%2Fwp%2Fv2%2Fcomments&post=86920"}],"version-history":[{"count":1,"href":"https:\/\/quehacerpolitico.mx\/index.php?rest_route=\/wp\/v2\/posts\/86920\/revisions"}],"predecessor-version":[{"id":86922,"href":"https:\/\/quehacerpolitico.mx\/index.php?rest_route=\/wp\/v2\/posts\/86920\/revisions\/86922"}],"wp:featuredmedia":[{"embeddable":true,"href":"https:\/\/quehacerpolitico.mx\/index.php?rest_route=\/wp\/v2\/media\/86921"}],"wp:attachment":[{"href":"https:\/\/quehacerpolitico.mx\/index.php?rest_route=%2Fwp%2Fv2%2Fmedia&parent=86920"}],"wp:term":[{"taxonomy":"category","embeddable":true,"href":"https:\/\/quehacerpolitico.mx\/index.php?rest_route=%2Fwp%2Fv2%2Fcategories&post=86920"},{"taxonomy":"post_tag","embeddable":true,"href":"https:\/\/quehacerpolitico.mx\/index.php?rest_route=%2Fwp%2Fv2%2Ftags&post=86920"}],"curies":[{"name":"wp","href":"https:\/\/api.w.org\/{rel}","templated":true}]}}