{"id":86914,"date":"2021-11-29T18:22:09","date_gmt":"2021-11-29T18:22:09","guid":{"rendered":"https:\/\/quehacerpolitico.mx\/?p=86914"},"modified":"2021-11-29T18:22:11","modified_gmt":"2021-11-29T18:22:11","slug":"amlo-a-opositores-me-han-hecho-lo-que-el-viento-a-juarez","status":"publish","type":"post","link":"https:\/\/quehacerpolitico.mx\/?p=86914","title":{"rendered":"AMLO a opositores: &#8220;Me han hecho lo que el viento a Ju\u00e1rez&#8221;"},"content":{"rendered":"\n<p>Por Redacci\u00f3n QP<\/p>\n\n\n\n<p>AMLO dice\u00a0que los conservadores se han portado &#8220;muy bien&#8221; ejerciendo su derecho a disentir, a diferencia de lo que ocurre con otros grupos de derecha en el mundo que son violentos<\/p>\n\n\n\n<p>El Presidente\u00a0Andres Manuel L\u00f3pez Obrador (AMLO) record\u00f3 que gracias al apoyo del pueblo &#8220;los conservadores&#8221; le han hecho &#8220;lo que el viento a Ju\u00e1rez&#8221;, al\u00a0tiempo que asegur\u00f3 que sus opositores est\u00e1n en su derecho de agruparse en el Frente C\u00edvico Nacional.<\/p>\n\n\n\n<figure class=\"wp-block-embed is-type-video is-provider-youtube wp-block-embed-youtube wp-embed-aspect-16-9 wp-has-aspect-ratio\"><div class=\"wp-block-embed__wrapper\">\n<iframe loading=\"lazy\" title=\"Conservadores nos han hecho lo que el viento a Ju\u00e1rez: AMLO\" width=\"640\" height=\"360\" src=\"https:\/\/www.youtube.com\/embed\/ZjUaWQjKrWs?feature=oembed\" frameborder=\"0\" allow=\"accelerometer; autoplay; clipboard-write; encrypted-media; gyroscope; picture-in-picture; web-share\" referrerpolicy=\"strict-origin-when-cross-origin\" allowfullscreen><\/iframe>\n<\/div><\/figure>\n\n\n\n<blockquote class=\"wp-block-quote is-layout-flow wp-block-quote-is-layout-flow\"><p>&#8220;Son demasiado exquisitos, fif\u00eds, conservadores, tienen una mentalidad muy retr\u00f3grada&#8221;<\/p><\/blockquote>\n\n\n\n<p>Durante su\u00a0conferencia de prensa \u201cma\u00f1anera\u201d desde Oaxaca, AMLO manifest\u00f3:\u00a0<strong>&#8220;Agradecer al pueblo de M\u00e9xico por el respaldo, por el apoyo, porque si no fuese por el pueblo ya estos grupos conservadores ya nos tendr\u00edan c\u00f3mo se dice coloquialmente bocabajiados, ya nos hubiesen avasallados, nos han hecho lo que el viento a Ju\u00e1rez por el pueblo, como dec\u00eda Ju\u00e1rez con el pueblo todo sin el pueblo nada&#8221;.<\/strong><\/p>\n\n\n\n<p>En su conferencia, en las instalaciones de la 28 Zona Militar de esta ciudad, L\u00f3pez Obrador\u00a0<strong>se\u00f1al\u00f3 que sus opositores est\u00e1n actuando de manera pac\u00edfica, sin embargo, no avanza su movimiento porque son &#8220;demasiado exquisitos, fif\u00eds, conservadores, tienen una mentalidad muy retr\u00f3grada<\/strong>.<\/p>\n\n\n\n<p>&#8220;Estos grupos conservadores pues no tienen fe al pueblo, no respetan al pueblo, son grupo de \u00e9lites, minoritarios, por eso, porque\u00a0<strong>no le tienen respeto al pueblo, como piensan que el pueblo es tonto pues por eso no avanzan<\/strong>. Porque<strong>\u00a0son demasiado exquisitos, fif\u00eds, conservadores, tienen una mentalidad muy retr\u00f3grada<\/strong>, desprecian al pueblo, entonces por eso no avanzan, yo ni deber\u00eda estarles dando consejos&#8221;.<\/p>\n\n\n\n<p>El Presidente L\u00f3pez Obrador dijo que\u00a0<strong>los conservadores se han portado &#8220;muy bien&#8221; ejerciendo su derecho a disentir<\/strong>, a diferencia de lo que ocurre con otros grupos de derecha en el mundo que son violentos.<\/p>\n\n\n\n<p><strong>&#8220;Aqu\u00ed hay que reconocer que est\u00e1n actuando por la v\u00eda legal, pac\u00edfica y as\u00ed es la democracia, entonces adelante&#8221;<\/strong>.<\/p>\n\n\n\n<p>Con Informaci\u00f3n de SUN <\/p>\n","protected":false},"excerpt":{"rendered":"<p>Por Redacci\u00f3n QP AMLO dice\u00a0que los conservadores se han portado &#8220;muy bien&#8221; ejerciendo su derecho&#8230;<\/p>\n","protected":false},"author":2,"featured_media":86915,"comment_status":"open","ping_status":"open","sticky":false,"template":"","format":"standard","meta":{"_monsterinsights_skip_tracking":false,"_monsterinsights_sitenote_active":false,"_monsterinsights_sitenote_note":"","_monsterinsights_sitenote_category":0,"footnotes":""},"categories":[2],"tags":[],"class_list":["post-86914","post","type-post","status-publish","format-standard","has-post-thumbnail","hentry","category-noticias"],"yoast_head":"<!-- This site is optimized with the Yoast SEO plugin v27.3 - https:\/\/yoast.com\/product\/yoast-seo-wordpress\/ -->\n<title>AMLO a opositores: &quot;Me han hecho lo que el viento a Ju\u00e1rez&quot; -<\/title>\n<meta name=\"robots\" content=\"index, follow, max-snippet:-1, max-image-preview:large, max-video-preview:-1\" \/>\n<link rel=\"canonical\" href=\"https:\/\/quehacerpolitico.mx\/?p=86914\" \/>\n<meta property=\"og:locale\" content=\"es_MX\" \/>\n<meta property=\"og:type\" content=\"article\" \/>\n<meta property=\"og:title\" content=\"AMLO a opositores: &quot;Me han hecho lo que el viento a Ju\u00e1rez&quot; -\" \/>\n<meta property=\"og:description\" content=\"Por Redacci\u00f3n QP AMLO dice\u00a0que los conservadores se han portado &#8220;muy bien&#8221; ejerciendo su derecho...\" \/>\n<meta property=\"og:url\" content=\"https:\/\/quehacerpolitico.mx\/?p=86914\" \/>\n<meta property=\"article:published_time\" content=\"2021-11-29T18:22:09+00:00\" \/>\n<meta property=\"article:modified_time\" content=\"2021-11-29T18:22:11+00:00\" \/>\n<meta property=\"og:image\" content=\"https:\/\/quehacerpolitico.mx\/wp-content\/uploads\/2021\/11\/F79D7007-6FB5-44BB-B142-3BDF1F5444D2.jpeg\" \/>\n\t<meta property=\"og:image:width\" content=\"1284\" \/>\n\t<meta property=\"og:image:height\" content=\"649\" \/>\n\t<meta property=\"og:image:type\" content=\"image\/jpeg\" \/>\n<meta name=\"author\" content=\"Redacci\u00f3n QP\" \/>\n<meta name=\"twitter:card\" content=\"summary_large_image\" \/>\n<meta name=\"twitter:label1\" content=\"Escrito por\" \/>\n\t<meta name=\"twitter:data1\" content=\"Redacci\u00f3n QP\" \/>\n\t<meta name=\"twitter:label2\" content=\"Tiempo de lectura\" \/>\n\t<meta name=\"twitter:data2\" content=\"2 minutos\" \/>\n<script type=\"application\/ld+json\" class=\"yoast-schema-graph\">{\"@context\":\"https:\\\/\\\/schema.org\",\"@graph\":[{\"@type\":\"Article\",\"@id\":\"https:\\\/\\\/quehacerpolitico.mx\\\/?p=86914#article\",\"isPartOf\":{\"@id\":\"https:\\\/\\\/quehacerpolitico.mx\\\/?p=86914\"},\"author\":{\"name\":\"Redacci\u00f3n QP\",\"@id\":\"https:\\\/\\\/quehacerpolitico.mx\\\/#\\\/schema\\\/person\\\/496d8ad2d1d3f8036101dca7ee39e585\"},\"headline\":\"AMLO a opositores: &#8220;Me han hecho lo que el viento a Ju\u00e1rez&#8221;\",\"datePublished\":\"2021-11-29T18:22:09+00:00\",\"dateModified\":\"2021-11-29T18:22:11+00:00\",\"mainEntityOfPage\":{\"@id\":\"https:\\\/\\\/quehacerpolitico.mx\\\/?p=86914\"},\"wordCount\":363,\"commentCount\":0,\"image\":{\"@id\":\"https:\\\/\\\/quehacerpolitico.mx\\\/?p=86914#primaryimage\"},\"thumbnailUrl\":\"https:\\\/\\\/quehacerpolitico.mx\\\/wp-content\\\/uploads\\\/2021\\\/11\\\/F79D7007-6FB5-44BB-B142-3BDF1F5444D2.jpeg\",\"articleSection\":[\"Noticias\"],\"inLanguage\":\"es\",\"potentialAction\":[{\"@type\":\"CommentAction\",\"name\":\"Comment\",\"target\":[\"https:\\\/\\\/quehacerpolitico.mx\\\/?p=86914#respond\"]}]},{\"@type\":\"WebPage\",\"@id\":\"https:\\\/\\\/quehacerpolitico.mx\\\/?p=86914\",\"url\":\"https:\\\/\\\/quehacerpolitico.mx\\\/?p=86914\",\"name\":\"AMLO a opositores: \\\"Me han hecho lo que el viento a Ju\u00e1rez\\\" -\",\"isPartOf\":{\"@id\":\"https:\\\/\\\/quehacerpolitico.mx\\\/#website\"},\"primaryImageOfPage\":{\"@id\":\"https:\\\/\\\/quehacerpolitico.mx\\\/?p=86914#primaryimage\"},\"image\":{\"@id\":\"https:\\\/\\\/quehacerpolitico.mx\\\/?p=86914#primaryimage\"},\"thumbnailUrl\":\"https:\\\/\\\/quehacerpolitico.mx\\\/wp-content\\\/uploads\\\/2021\\\/11\\\/F79D7007-6FB5-44BB-B142-3BDF1F5444D2.jpeg\",\"datePublished\":\"2021-11-29T18:22:09+00:00\",\"dateModified\":\"2021-11-29T18:22:11+00:00\",\"author\":{\"@id\":\"https:\\\/\\\/quehacerpolitico.mx\\\/#\\\/schema\\\/person\\\/496d8ad2d1d3f8036101dca7ee39e585\"},\"breadcrumb\":{\"@id\":\"https:\\\/\\\/quehacerpolitico.mx\\\/?p=86914#breadcrumb\"},\"inLanguage\":\"es\",\"potentialAction\":[{\"@type\":\"ReadAction\",\"target\":[\"https:\\\/\\\/quehacerpolitico.mx\\\/?p=86914\"]}]},{\"@type\":\"ImageObject\",\"inLanguage\":\"es\",\"@id\":\"https:\\\/\\\/quehacerpolitico.mx\\\/?p=86914#primaryimage\",\"url\":\"https:\\\/\\\/quehacerpolitico.mx\\\/wp-content\\\/uploads\\\/2021\\\/11\\\/F79D7007-6FB5-44BB-B142-3BDF1F5444D2.jpeg\",\"contentUrl\":\"https:\\\/\\\/quehacerpolitico.mx\\\/wp-content\\\/uploads\\\/2021\\\/11\\\/F79D7007-6FB5-44BB-B142-3BDF1F5444D2.jpeg\",\"width\":1284,\"height\":649},{\"@type\":\"BreadcrumbList\",\"@id\":\"https:\\\/\\\/quehacerpolitico.mx\\\/?p=86914#breadcrumb\",\"itemListElement\":[{\"@type\":\"ListItem\",\"position\":1,\"name\":\"Inicio\",\"item\":\"https:\\\/\\\/quehacerpolitico.mx\\\/\"},{\"@type\":\"ListItem\",\"position\":2,\"name\":\"AMLO a opositores: &#8220;Me han hecho lo que el viento a Ju\u00e1rez&#8221;\"}]},{\"@type\":\"WebSite\",\"@id\":\"https:\\\/\\\/quehacerpolitico.mx\\\/#website\",\"url\":\"https:\\\/\\\/quehacerpolitico.mx\\\/\",\"name\":\"\",\"description\":\"\",\"potentialAction\":[{\"@type\":\"SearchAction\",\"target\":{\"@type\":\"EntryPoint\",\"urlTemplate\":\"https:\\\/\\\/quehacerpolitico.mx\\\/?s={search_term_string}\"},\"query-input\":{\"@type\":\"PropertyValueSpecification\",\"valueRequired\":true,\"valueName\":\"search_term_string\"}}],\"inLanguage\":\"es\"},{\"@type\":\"Person\",\"@id\":\"https:\\\/\\\/quehacerpolitico.mx\\\/#\\\/schema\\\/person\\\/496d8ad2d1d3f8036101dca7ee39e585\",\"name\":\"Redacci\u00f3n QP\",\"image\":{\"@type\":\"ImageObject\",\"inLanguage\":\"es\",\"@id\":\"https:\\\/\\\/secure.gravatar.com\\\/avatar\\\/c7164ed6fdec453195284ad24a5ae5b6e1eed2b848477fa2a4787ba9adf39a41?s=96&d=mm&r=g\",\"url\":\"https:\\\/\\\/secure.gravatar.com\\\/avatar\\\/c7164ed6fdec453195284ad24a5ae5b6e1eed2b848477fa2a4787ba9adf39a41?s=96&d=mm&r=g\",\"contentUrl\":\"https:\\\/\\\/secure.gravatar.com\\\/avatar\\\/c7164ed6fdec453195284ad24a5ae5b6e1eed2b848477fa2a4787ba9adf39a41?s=96&d=mm&r=g\",\"caption\":\"Redacci\u00f3n QP\"},\"url\":\"https:\\\/\\\/quehacerpolitico.mx\\\/?author=2\"}]}<\/script>\n<!-- \/ Yoast SEO plugin. -->","yoast_head_json":{"title":"AMLO a opositores: \"Me han hecho lo que el viento a Ju\u00e1rez\" -","robots":{"index":"index","follow":"follow","max-snippet":"max-snippet:-1","max-image-preview":"max-image-preview:large","max-video-preview":"max-video-preview:-1"},"canonical":"https:\/\/quehacerpolitico.mx\/?p=86914","og_locale":"es_MX","og_type":"article","og_title":"AMLO a opositores: \"Me han hecho lo que el viento a Ju\u00e1rez\" -","og_description":"Por Redacci\u00f3n QP AMLO dice\u00a0que los conservadores se han portado &#8220;muy bien&#8221; ejerciendo su derecho...","og_url":"https:\/\/quehacerpolitico.mx\/?p=86914","article_published_time":"2021-11-29T18:22:09+00:00","article_modified_time":"2021-11-29T18:22:11+00:00","og_image":[{"width":1284,"height":649,"url":"https:\/\/quehacerpolitico.mx\/wp-content\/uploads\/2021\/11\/F79D7007-6FB5-44BB-B142-3BDF1F5444D2.jpeg","type":"image\/jpeg"}],"author":"Redacci\u00f3n QP","twitter_card":"summary_large_image","twitter_misc":{"Escrito por":"Redacci\u00f3n QP","Tiempo de lectura":"2 minutos"},"schema":{"@context":"https:\/\/schema.org","@graph":[{"@type":"Article","@id":"https:\/\/quehacerpolitico.mx\/?p=86914#article","isPartOf":{"@id":"https:\/\/quehacerpolitico.mx\/?p=86914"},"author":{"name":"Redacci\u00f3n QP","@id":"https:\/\/quehacerpolitico.mx\/#\/schema\/person\/496d8ad2d1d3f8036101dca7ee39e585"},"headline":"AMLO a opositores: &#8220;Me han hecho lo que el viento a Ju\u00e1rez&#8221;","datePublished":"2021-11-29T18:22:09+00:00","dateModified":"2021-11-29T18:22:11+00:00","mainEntityOfPage":{"@id":"https:\/\/quehacerpolitico.mx\/?p=86914"},"wordCount":363,"commentCount":0,"image":{"@id":"https:\/\/quehacerpolitico.mx\/?p=86914#primaryimage"},"thumbnailUrl":"https:\/\/quehacerpolitico.mx\/wp-content\/uploads\/2021\/11\/F79D7007-6FB5-44BB-B142-3BDF1F5444D2.jpeg","articleSection":["Noticias"],"inLanguage":"es","potentialAction":[{"@type":"CommentAction","name":"Comment","target":["https:\/\/quehacerpolitico.mx\/?p=86914#respond"]}]},{"@type":"WebPage","@id":"https:\/\/quehacerpolitico.mx\/?p=86914","url":"https:\/\/quehacerpolitico.mx\/?p=86914","name":"AMLO a opositores: \"Me han hecho lo que el viento a Ju\u00e1rez\" -","isPartOf":{"@id":"https:\/\/quehacerpolitico.mx\/#website"},"primaryImageOfPage":{"@id":"https:\/\/quehacerpolitico.mx\/?p=86914#primaryimage"},"image":{"@id":"https:\/\/quehacerpolitico.mx\/?p=86914#primaryimage"},"thumbnailUrl":"https:\/\/quehacerpolitico.mx\/wp-content\/uploads\/2021\/11\/F79D7007-6FB5-44BB-B142-3BDF1F5444D2.jpeg","datePublished":"2021-11-29T18:22:09+00:00","dateModified":"2021-11-29T18:22:11+00:00","author":{"@id":"https:\/\/quehacerpolitico.mx\/#\/schema\/person\/496d8ad2d1d3f8036101dca7ee39e585"},"breadcrumb":{"@id":"https:\/\/quehacerpolitico.mx\/?p=86914#breadcrumb"},"inLanguage":"es","potentialAction":[{"@type":"ReadAction","target":["https:\/\/quehacerpolitico.mx\/?p=86914"]}]},{"@type":"ImageObject","inLanguage":"es","@id":"https:\/\/quehacerpolitico.mx\/?p=86914#primaryimage","url":"https:\/\/quehacerpolitico.mx\/wp-content\/uploads\/2021\/11\/F79D7007-6FB5-44BB-B142-3BDF1F5444D2.jpeg","contentUrl":"https:\/\/quehacerpolitico.mx\/wp-content\/uploads\/2021\/11\/F79D7007-6FB5-44BB-B142-3BDF1F5444D2.jpeg","width":1284,"height":649},{"@type":"BreadcrumbList","@id":"https:\/\/quehacerpolitico.mx\/?p=86914#breadcrumb","itemListElement":[{"@type":"ListItem","position":1,"name":"Inicio","item":"https:\/\/quehacerpolitico.mx\/"},{"@type":"ListItem","position":2,"name":"AMLO a opositores: &#8220;Me han hecho lo que el viento a Ju\u00e1rez&#8221;"}]},{"@type":"WebSite","@id":"https:\/\/quehacerpolitico.mx\/#website","url":"https:\/\/quehacerpolitico.mx\/","name":"","description":"","potentialAction":[{"@type":"SearchAction","target":{"@type":"EntryPoint","urlTemplate":"https:\/\/quehacerpolitico.mx\/?s={search_term_string}"},"query-input":{"@type":"PropertyValueSpecification","valueRequired":true,"valueName":"search_term_string"}}],"inLanguage":"es"},{"@type":"Person","@id":"https:\/\/quehacerpolitico.mx\/#\/schema\/person\/496d8ad2d1d3f8036101dca7ee39e585","name":"Redacci\u00f3n QP","image":{"@type":"ImageObject","inLanguage":"es","@id":"https:\/\/secure.gravatar.com\/avatar\/c7164ed6fdec453195284ad24a5ae5b6e1eed2b848477fa2a4787ba9adf39a41?s=96&d=mm&r=g","url":"https:\/\/secure.gravatar.com\/avatar\/c7164ed6fdec453195284ad24a5ae5b6e1eed2b848477fa2a4787ba9adf39a41?s=96&d=mm&r=g","contentUrl":"https:\/\/secure.gravatar.com\/avatar\/c7164ed6fdec453195284ad24a5ae5b6e1eed2b848477fa2a4787ba9adf39a41?s=96&d=mm&r=g","caption":"Redacci\u00f3n QP"},"url":"https:\/\/quehacerpolitico.mx\/?author=2"}]}},"featured_image_urls":{"full":["https:\/\/quehacerpolitico.mx\/wp-content\/uploads\/2021\/11\/F79D7007-6FB5-44BB-B142-3BDF1F5444D2.jpeg",1284,649,false],"thumbnail":["https:\/\/quehacerpolitico.mx\/wp-content\/uploads\/2021\/11\/F79D7007-6FB5-44BB-B142-3BDF1F5444D2-150x150.jpeg",150,150,true],"medium":["https:\/\/quehacerpolitico.mx\/wp-content\/uploads\/2021\/11\/F79D7007-6FB5-44BB-B142-3BDF1F5444D2-300x152.jpeg",300,152,true],"medium_large":["https:\/\/quehacerpolitico.mx\/wp-content\/uploads\/2021\/11\/F79D7007-6FB5-44BB-B142-3BDF1F5444D2-768x388.jpeg",640,323,true],"large":["https:\/\/quehacerpolitico.mx\/wp-content\/uploads\/2021\/11\/F79D7007-6FB5-44BB-B142-3BDF1F5444D2-1024x518.jpeg",640,324,true],"1536x1536":["https:\/\/quehacerpolitico.mx\/wp-content\/uploads\/2021\/11\/F79D7007-6FB5-44BB-B142-3BDF1F5444D2.jpeg",1284,649,false],"2048x2048":["https:\/\/quehacerpolitico.mx\/wp-content\/uploads\/2021\/11\/F79D7007-6FB5-44BB-B142-3BDF1F5444D2.jpeg",1284,649,false],"covernews-featured":["https:\/\/quehacerpolitico.mx\/wp-content\/uploads\/2021\/11\/F79D7007-6FB5-44BB-B142-3BDF1F5444D2.jpeg",1024,518,false],"covernews-medium":["https:\/\/quehacerpolitico.mx\/wp-content\/uploads\/2021\/11\/F79D7007-6FB5-44BB-B142-3BDF1F5444D2.jpeg",540,273,false]},"author_info":{"display_name":"Redacci\u00f3n QP","author_link":"https:\/\/quehacerpolitico.mx\/?author=2"},"category_info":"<a href=\"https:\/\/quehacerpolitico.mx\/?cat=2\" rel=\"category\">Noticias<\/a>","tag_info":"Noticias","comment_count":"0","_links":{"self":[{"href":"https:\/\/quehacerpolitico.mx\/index.php?rest_route=\/wp\/v2\/posts\/86914","targetHints":{"allow":["GET"]}}],"collection":[{"href":"https:\/\/quehacerpolitico.mx\/index.php?rest_route=\/wp\/v2\/posts"}],"about":[{"href":"https:\/\/quehacerpolitico.mx\/index.php?rest_route=\/wp\/v2\/types\/post"}],"author":[{"embeddable":true,"href":"https:\/\/quehacerpolitico.mx\/index.php?rest_route=\/wp\/v2\/users\/2"}],"replies":[{"embeddable":true,"href":"https:\/\/quehacerpolitico.mx\/index.php?rest_route=%2Fwp%2Fv2%2Fcomments&post=86914"}],"version-history":[{"count":1,"href":"https:\/\/quehacerpolitico.mx\/index.php?rest_route=\/wp\/v2\/posts\/86914\/revisions"}],"predecessor-version":[{"id":86916,"href":"https:\/\/quehacerpolitico.mx\/index.php?rest_route=\/wp\/v2\/posts\/86914\/revisions\/86916"}],"wp:featuredmedia":[{"embeddable":true,"href":"https:\/\/quehacerpolitico.mx\/index.php?rest_route=\/wp\/v2\/media\/86915"}],"wp:attachment":[{"href":"https:\/\/quehacerpolitico.mx\/index.php?rest_route=%2Fwp%2Fv2%2Fmedia&parent=86914"}],"wp:term":[{"taxonomy":"category","embeddable":true,"href":"https:\/\/quehacerpolitico.mx\/index.php?rest_route=%2Fwp%2Fv2%2Fcategories&post=86914"},{"taxonomy":"post_tag","embeddable":true,"href":"https:\/\/quehacerpolitico.mx\/index.php?rest_route=%2Fwp%2Fv2%2Ftags&post=86914"}],"curies":[{"name":"wp","href":"https:\/\/api.w.org\/{rel}","templated":true}]}}