{"id":86911,"date":"2021-11-29T18:02:48","date_gmt":"2021-11-29T18:02:48","guid":{"rendered":"https:\/\/quehacerpolitico.mx\/?p=86911"},"modified":"2021-11-29T18:02:51","modified_gmt":"2021-11-29T18:02:51","slug":"amlo-niega-que-sus-hijos-se-beneficien-de-programa-de-reforestacion","status":"publish","type":"post","link":"https:\/\/quehacerpolitico.mx\/?p=86911","title":{"rendered":"AMLO niega que sus hijos se beneficien de programa de reforestaci\u00f3n"},"content":{"rendered":"\n<p>Por Redacci\u00f3n QP<\/p>\n\n\n\n<p>Sobre las acusaciones en medios, AMLO asegura que buscan &#8220;mancharnos con la m\u00e1xima de la calumnia del periodismo de &#8216;lo que no mancha, tizna&#8217;\u201d<\/p>\n\n\n\n<p>El Presidente\u00a0Andres Manuel L\u00f3pez Obrador (AMLO) desminti\u00f3 el reportaje del\u00a0sitio Aristegui Noticias, de la periodista Carmen Aristegui,\u00a0que acusa a sus hijos mayores de beneficiarse del programa social de reforestaci\u00f3n Sembrando Vida de su administraci\u00f3n\u00a0y\u00a0<strong>asegur\u00f3 que esto es solo un intento de &#8220;manchar a su Gobierno&#8221;<\/strong>.<\/p>\n\n\n\n<blockquote class=\"wp-block-quote is-layout-flow wp-block-quote-is-layout-flow\"><p>&#8220;Hicieron una investigaci\u00f3n mentirosa, sin fundamentos&#8221;<\/p><\/blockquote>\n\n\n\n<p>AMLO sostuvo, durante su\u00a0conferencia \u201cma\u00f1anera\u201ddesde Oaxaca:\u00a0<strong>&#8220;Nada m\u00e1s aclarar que no es cierto lo que est\u00e1n planteando en su reportaje (&#8230;) Hicieron una investigaci\u00f3n mentirosa, sin fundamentos para buscar mancharnos con la m\u00e1xima de la calumnia del periodismo de &#8216;lo que no mancha, tizna'&#8221;<\/strong>.<\/p>\n\n\n\n<figure class=\"wp-block-embed is-type-rich is-provider-twitter wp-block-embed-twitter\"><div class=\"wp-block-embed__wrapper\">\n<blockquote class=\"twitter-tweet\" data-width=\"550\" data-dnt=\"true\"><p lang=\"es\" dir=\"ltr\">Este fue el reportaje de <a href=\"https:\/\/twitter.com\/soytaniagomez?ref_src=twsrc%5Etfw\">@soytaniagomez<\/a> y <a href=\"https:\/\/twitter.com\/SerchRincon?ref_src=twsrc%5Etfw\">@SerchRincon<\/a> publicado en <a href=\"https:\/\/twitter.com\/AristeguiOnline?ref_src=twsrc%5Etfw\">@AristeguiOnline<\/a> y <a href=\"https:\/\/twitter.com\/proceso?ref_src=twsrc%5Etfw\">@proceso<\/a>.<br>&quot;Sembrando vida y la f\u00e1brica de chocolates&quot; <br><br>\u00bfSer\u00e1n los negocios de sus hijos tambi\u00e9n asunto de Seguridad Nacional?<a href=\"https:\/\/t.co\/r14H4VVGxN\">https:\/\/t.co\/r14H4VVGxN<\/a><\/p>&mdash; Ruido en la Red (@RuidoEnLaRed) <a href=\"https:\/\/twitter.com\/RuidoEnLaRed\/status\/1465338660556099588?ref_src=twsrc%5Etfw\">November 29, 2021<\/a><\/blockquote><script async src=\"https:\/\/platform.twitter.com\/widgets.js\" charset=\"utf-8\"><\/script>\n<\/div><\/figure>\n\n\n\n<p>El Presidente L\u00f3pez Obrador respondi\u00f3 as\u00ed a una investigaci\u00f3n publicada, entre otros medios, por el sitio Aristegui Noticias, el cual revel\u00f3 que\u00a0<strong>el empresario Hugo Ch\u00e1vez Ayala, cercano a la familia de L\u00f3pez Obrador, asesor\u00f3 el programa Sembrando Vida en Tabasco<\/strong>.<\/p>\n\n\n\n<p>La publicaci\u00f3n asegura que<strong>\u00a0el empresario busca beneficiarse con la exportaci\u00f3n de cacao que se siembra en el estado por el programa<\/strong>.<\/p>\n\n\n\n<p>Y revel\u00f3 que Ch\u00e1vez Ayala colabora tambi\u00e9n con la Finca El Roc\u00edo, la cual es propiedad de los hijos del Presidente L\u00f3pez Obrador, dedicada a la siembra de cacao criollo para la producci\u00f3n de los productos gourmet de su empresa Roc\u00edo Chocolate.<\/p>\n\n\n\n<p><strong>&#8220;El terreno que tienen mis hijos son 52 hect\u00e1reas, con unas 16 hect\u00e1reas cada uno&#8221;, dijo, y asegur\u00f3 que fue una herencia<\/strong>.<\/p>\n\n\n\n<p>&#8220;Desde entonces sembraron \u00e1rboles maderables, luego cacao, en el sexenio pasado les ofrecieron cr\u00e9ditos, no tiene nada que ver con el programa Sembrando Vida&#8221;, aclar\u00f3.<\/p>\n\n\n\n<p>Adem\u00e1s, record\u00f3 que el programa fue ideado y creado por \u00e9l mismo y que el objetivo del mismo es la reforestaci\u00f3n, por lo que no tiene la intenci\u00f3n de surtir materia prima a la empresa de sus hijos.<\/p>\n\n\n\n<p><strong>&#8220;No, ese programa sali\u00f3 de aqu\u00ed, de esta cabeza, no est\u00e1 copiado de ning\u00fan lugar del mundo&#8221;<\/strong>, insisti\u00f3.<\/p>\n\n\n\n<p>El programa gubernamental Sembrando Vida, uno de los proyectos insignas del sexenio de L\u00f3pez Obrador, plantea la reforestaci\u00f3n de un mill\u00f3n de hect\u00e1reas y el apoyo econ\u00f3mico a los campesinos participantes.<\/p>\n\n\n\n<p>Sin embargo, ha sido criticado por organizaciones ambientalistas que han advertido que carece de criterios ecol\u00f3gicos y podr\u00eda causar efectos adversos en bosques y selvas.<\/p>\n\n\n\n<p>No obstante, el presidente mexicano ha defendido el proyecto y ha asegurado que es &#8220;el m\u00e1s importante programa de reforestaci\u00f3n del mundo&#8221;, el cual invierte mil300 millones de d\u00f3lares para que los campesinos siembren \u00e1rboles.<\/p>\n\n\n\n<p>Con Informaci\u00f3n de EFE<\/p>\n","protected":false},"excerpt":{"rendered":"<p>Por Redacci\u00f3n QP Sobre las acusaciones en medios, AMLO asegura que buscan &#8220;mancharnos con la&#8230;<\/p>\n","protected":false},"author":2,"featured_media":86912,"comment_status":"open","ping_status":"open","sticky":false,"template":"","format":"standard","meta":{"_monsterinsights_skip_tracking":false,"_monsterinsights_sitenote_active":false,"_monsterinsights_sitenote_note":"","_monsterinsights_sitenote_category":0,"footnotes":""},"categories":[2],"tags":[],"class_list":["post-86911","post","type-post","status-publish","format-standard","has-post-thumbnail","hentry","category-noticias"],"yoast_head":"<!-- This site is optimized with the Yoast SEO plugin v27.3 - https:\/\/yoast.com\/product\/yoast-seo-wordpress\/ -->\n<title>AMLO niega que sus hijos se beneficien de programa de reforestaci\u00f3n -<\/title>\n<meta name=\"robots\" content=\"index, follow, max-snippet:-1, max-image-preview:large, max-video-preview:-1\" \/>\n<link rel=\"canonical\" href=\"https:\/\/quehacerpolitico.mx\/?p=86911\" \/>\n<meta property=\"og:locale\" content=\"es_MX\" \/>\n<meta property=\"og:type\" content=\"article\" \/>\n<meta property=\"og:title\" content=\"AMLO niega que sus hijos se beneficien de programa de reforestaci\u00f3n -\" \/>\n<meta property=\"og:description\" content=\"Por Redacci\u00f3n QP Sobre las acusaciones en medios, AMLO asegura que buscan &#8220;mancharnos con la...\" \/>\n<meta property=\"og:url\" content=\"https:\/\/quehacerpolitico.mx\/?p=86911\" \/>\n<meta property=\"article:published_time\" content=\"2021-11-29T18:02:48+00:00\" \/>\n<meta property=\"article:modified_time\" content=\"2021-11-29T18:02:51+00:00\" \/>\n<meta property=\"og:image\" content=\"https:\/\/quehacerpolitico.mx\/wp-content\/uploads\/2021\/11\/69623970-F4D9-41A0-9CC4-8D1A6B2C1F1C.jpeg\" \/>\n\t<meta property=\"og:image:width\" content=\"1284\" \/>\n\t<meta property=\"og:image:height\" content=\"633\" \/>\n\t<meta property=\"og:image:type\" content=\"image\/jpeg\" \/>\n<meta name=\"author\" content=\"Redacci\u00f3n QP\" \/>\n<meta name=\"twitter:card\" content=\"summary_large_image\" \/>\n<meta name=\"twitter:label1\" content=\"Escrito por\" \/>\n\t<meta name=\"twitter:data1\" content=\"Redacci\u00f3n QP\" \/>\n\t<meta name=\"twitter:label2\" content=\"Tiempo de lectura\" \/>\n\t<meta name=\"twitter:data2\" content=\"2 minutos\" \/>\n<script type=\"application\/ld+json\" class=\"yoast-schema-graph\">{\"@context\":\"https:\\\/\\\/schema.org\",\"@graph\":[{\"@type\":\"Article\",\"@id\":\"https:\\\/\\\/quehacerpolitico.mx\\\/?p=86911#article\",\"isPartOf\":{\"@id\":\"https:\\\/\\\/quehacerpolitico.mx\\\/?p=86911\"},\"author\":{\"name\":\"Redacci\u00f3n QP\",\"@id\":\"https:\\\/\\\/quehacerpolitico.mx\\\/#\\\/schema\\\/person\\\/496d8ad2d1d3f8036101dca7ee39e585\"},\"headline\":\"AMLO niega que sus hijos se beneficien de programa de reforestaci\u00f3n\",\"datePublished\":\"2021-11-29T18:02:48+00:00\",\"dateModified\":\"2021-11-29T18:02:51+00:00\",\"mainEntityOfPage\":{\"@id\":\"https:\\\/\\\/quehacerpolitico.mx\\\/?p=86911\"},\"wordCount\":488,\"commentCount\":0,\"image\":{\"@id\":\"https:\\\/\\\/quehacerpolitico.mx\\\/?p=86911#primaryimage\"},\"thumbnailUrl\":\"https:\\\/\\\/quehacerpolitico.mx\\\/wp-content\\\/uploads\\\/2021\\\/11\\\/69623970-F4D9-41A0-9CC4-8D1A6B2C1F1C.jpeg\",\"articleSection\":[\"Noticias\"],\"inLanguage\":\"es\",\"potentialAction\":[{\"@type\":\"CommentAction\",\"name\":\"Comment\",\"target\":[\"https:\\\/\\\/quehacerpolitico.mx\\\/?p=86911#respond\"]}]},{\"@type\":\"WebPage\",\"@id\":\"https:\\\/\\\/quehacerpolitico.mx\\\/?p=86911\",\"url\":\"https:\\\/\\\/quehacerpolitico.mx\\\/?p=86911\",\"name\":\"AMLO niega que sus hijos se beneficien de programa de reforestaci\u00f3n -\",\"isPartOf\":{\"@id\":\"https:\\\/\\\/quehacerpolitico.mx\\\/#website\"},\"primaryImageOfPage\":{\"@id\":\"https:\\\/\\\/quehacerpolitico.mx\\\/?p=86911#primaryimage\"},\"image\":{\"@id\":\"https:\\\/\\\/quehacerpolitico.mx\\\/?p=86911#primaryimage\"},\"thumbnailUrl\":\"https:\\\/\\\/quehacerpolitico.mx\\\/wp-content\\\/uploads\\\/2021\\\/11\\\/69623970-F4D9-41A0-9CC4-8D1A6B2C1F1C.jpeg\",\"datePublished\":\"2021-11-29T18:02:48+00:00\",\"dateModified\":\"2021-11-29T18:02:51+00:00\",\"author\":{\"@id\":\"https:\\\/\\\/quehacerpolitico.mx\\\/#\\\/schema\\\/person\\\/496d8ad2d1d3f8036101dca7ee39e585\"},\"breadcrumb\":{\"@id\":\"https:\\\/\\\/quehacerpolitico.mx\\\/?p=86911#breadcrumb\"},\"inLanguage\":\"es\",\"potentialAction\":[{\"@type\":\"ReadAction\",\"target\":[\"https:\\\/\\\/quehacerpolitico.mx\\\/?p=86911\"]}]},{\"@type\":\"ImageObject\",\"inLanguage\":\"es\",\"@id\":\"https:\\\/\\\/quehacerpolitico.mx\\\/?p=86911#primaryimage\",\"url\":\"https:\\\/\\\/quehacerpolitico.mx\\\/wp-content\\\/uploads\\\/2021\\\/11\\\/69623970-F4D9-41A0-9CC4-8D1A6B2C1F1C.jpeg\",\"contentUrl\":\"https:\\\/\\\/quehacerpolitico.mx\\\/wp-content\\\/uploads\\\/2021\\\/11\\\/69623970-F4D9-41A0-9CC4-8D1A6B2C1F1C.jpeg\",\"width\":1284,\"height\":633},{\"@type\":\"BreadcrumbList\",\"@id\":\"https:\\\/\\\/quehacerpolitico.mx\\\/?p=86911#breadcrumb\",\"itemListElement\":[{\"@type\":\"ListItem\",\"position\":1,\"name\":\"Inicio\",\"item\":\"https:\\\/\\\/quehacerpolitico.mx\\\/\"},{\"@type\":\"ListItem\",\"position\":2,\"name\":\"AMLO niega que sus hijos se beneficien de programa de reforestaci\u00f3n\"}]},{\"@type\":\"WebSite\",\"@id\":\"https:\\\/\\\/quehacerpolitico.mx\\\/#website\",\"url\":\"https:\\\/\\\/quehacerpolitico.mx\\\/\",\"name\":\"\",\"description\":\"\",\"potentialAction\":[{\"@type\":\"SearchAction\",\"target\":{\"@type\":\"EntryPoint\",\"urlTemplate\":\"https:\\\/\\\/quehacerpolitico.mx\\\/?s={search_term_string}\"},\"query-input\":{\"@type\":\"PropertyValueSpecification\",\"valueRequired\":true,\"valueName\":\"search_term_string\"}}],\"inLanguage\":\"es\"},{\"@type\":\"Person\",\"@id\":\"https:\\\/\\\/quehacerpolitico.mx\\\/#\\\/schema\\\/person\\\/496d8ad2d1d3f8036101dca7ee39e585\",\"name\":\"Redacci\u00f3n QP\",\"image\":{\"@type\":\"ImageObject\",\"inLanguage\":\"es\",\"@id\":\"https:\\\/\\\/secure.gravatar.com\\\/avatar\\\/c7164ed6fdec453195284ad24a5ae5b6e1eed2b848477fa2a4787ba9adf39a41?s=96&d=mm&r=g\",\"url\":\"https:\\\/\\\/secure.gravatar.com\\\/avatar\\\/c7164ed6fdec453195284ad24a5ae5b6e1eed2b848477fa2a4787ba9adf39a41?s=96&d=mm&r=g\",\"contentUrl\":\"https:\\\/\\\/secure.gravatar.com\\\/avatar\\\/c7164ed6fdec453195284ad24a5ae5b6e1eed2b848477fa2a4787ba9adf39a41?s=96&d=mm&r=g\",\"caption\":\"Redacci\u00f3n QP\"},\"url\":\"https:\\\/\\\/quehacerpolitico.mx\\\/?author=2\"}]}<\/script>\n<!-- \/ Yoast SEO plugin. -->","yoast_head_json":{"title":"AMLO niega que sus hijos se beneficien de programa de reforestaci\u00f3n -","robots":{"index":"index","follow":"follow","max-snippet":"max-snippet:-1","max-image-preview":"max-image-preview:large","max-video-preview":"max-video-preview:-1"},"canonical":"https:\/\/quehacerpolitico.mx\/?p=86911","og_locale":"es_MX","og_type":"article","og_title":"AMLO niega que sus hijos se beneficien de programa de reforestaci\u00f3n -","og_description":"Por Redacci\u00f3n QP Sobre las acusaciones en medios, AMLO asegura que buscan &#8220;mancharnos con la...","og_url":"https:\/\/quehacerpolitico.mx\/?p=86911","article_published_time":"2021-11-29T18:02:48+00:00","article_modified_time":"2021-11-29T18:02:51+00:00","og_image":[{"width":1284,"height":633,"url":"https:\/\/quehacerpolitico.mx\/wp-content\/uploads\/2021\/11\/69623970-F4D9-41A0-9CC4-8D1A6B2C1F1C.jpeg","type":"image\/jpeg"}],"author":"Redacci\u00f3n QP","twitter_card":"summary_large_image","twitter_misc":{"Escrito por":"Redacci\u00f3n QP","Tiempo de lectura":"2 minutos"},"schema":{"@context":"https:\/\/schema.org","@graph":[{"@type":"Article","@id":"https:\/\/quehacerpolitico.mx\/?p=86911#article","isPartOf":{"@id":"https:\/\/quehacerpolitico.mx\/?p=86911"},"author":{"name":"Redacci\u00f3n QP","@id":"https:\/\/quehacerpolitico.mx\/#\/schema\/person\/496d8ad2d1d3f8036101dca7ee39e585"},"headline":"AMLO niega que sus hijos se beneficien de programa de reforestaci\u00f3n","datePublished":"2021-11-29T18:02:48+00:00","dateModified":"2021-11-29T18:02:51+00:00","mainEntityOfPage":{"@id":"https:\/\/quehacerpolitico.mx\/?p=86911"},"wordCount":488,"commentCount":0,"image":{"@id":"https:\/\/quehacerpolitico.mx\/?p=86911#primaryimage"},"thumbnailUrl":"https:\/\/quehacerpolitico.mx\/wp-content\/uploads\/2021\/11\/69623970-F4D9-41A0-9CC4-8D1A6B2C1F1C.jpeg","articleSection":["Noticias"],"inLanguage":"es","potentialAction":[{"@type":"CommentAction","name":"Comment","target":["https:\/\/quehacerpolitico.mx\/?p=86911#respond"]}]},{"@type":"WebPage","@id":"https:\/\/quehacerpolitico.mx\/?p=86911","url":"https:\/\/quehacerpolitico.mx\/?p=86911","name":"AMLO niega que sus hijos se beneficien de programa de reforestaci\u00f3n -","isPartOf":{"@id":"https:\/\/quehacerpolitico.mx\/#website"},"primaryImageOfPage":{"@id":"https:\/\/quehacerpolitico.mx\/?p=86911#primaryimage"},"image":{"@id":"https:\/\/quehacerpolitico.mx\/?p=86911#primaryimage"},"thumbnailUrl":"https:\/\/quehacerpolitico.mx\/wp-content\/uploads\/2021\/11\/69623970-F4D9-41A0-9CC4-8D1A6B2C1F1C.jpeg","datePublished":"2021-11-29T18:02:48+00:00","dateModified":"2021-11-29T18:02:51+00:00","author":{"@id":"https:\/\/quehacerpolitico.mx\/#\/schema\/person\/496d8ad2d1d3f8036101dca7ee39e585"},"breadcrumb":{"@id":"https:\/\/quehacerpolitico.mx\/?p=86911#breadcrumb"},"inLanguage":"es","potentialAction":[{"@type":"ReadAction","target":["https:\/\/quehacerpolitico.mx\/?p=86911"]}]},{"@type":"ImageObject","inLanguage":"es","@id":"https:\/\/quehacerpolitico.mx\/?p=86911#primaryimage","url":"https:\/\/quehacerpolitico.mx\/wp-content\/uploads\/2021\/11\/69623970-F4D9-41A0-9CC4-8D1A6B2C1F1C.jpeg","contentUrl":"https:\/\/quehacerpolitico.mx\/wp-content\/uploads\/2021\/11\/69623970-F4D9-41A0-9CC4-8D1A6B2C1F1C.jpeg","width":1284,"height":633},{"@type":"BreadcrumbList","@id":"https:\/\/quehacerpolitico.mx\/?p=86911#breadcrumb","itemListElement":[{"@type":"ListItem","position":1,"name":"Inicio","item":"https:\/\/quehacerpolitico.mx\/"},{"@type":"ListItem","position":2,"name":"AMLO niega que sus hijos se beneficien de programa de reforestaci\u00f3n"}]},{"@type":"WebSite","@id":"https:\/\/quehacerpolitico.mx\/#website","url":"https:\/\/quehacerpolitico.mx\/","name":"","description":"","potentialAction":[{"@type":"SearchAction","target":{"@type":"EntryPoint","urlTemplate":"https:\/\/quehacerpolitico.mx\/?s={search_term_string}"},"query-input":{"@type":"PropertyValueSpecification","valueRequired":true,"valueName":"search_term_string"}}],"inLanguage":"es"},{"@type":"Person","@id":"https:\/\/quehacerpolitico.mx\/#\/schema\/person\/496d8ad2d1d3f8036101dca7ee39e585","name":"Redacci\u00f3n QP","image":{"@type":"ImageObject","inLanguage":"es","@id":"https:\/\/secure.gravatar.com\/avatar\/c7164ed6fdec453195284ad24a5ae5b6e1eed2b848477fa2a4787ba9adf39a41?s=96&d=mm&r=g","url":"https:\/\/secure.gravatar.com\/avatar\/c7164ed6fdec453195284ad24a5ae5b6e1eed2b848477fa2a4787ba9adf39a41?s=96&d=mm&r=g","contentUrl":"https:\/\/secure.gravatar.com\/avatar\/c7164ed6fdec453195284ad24a5ae5b6e1eed2b848477fa2a4787ba9adf39a41?s=96&d=mm&r=g","caption":"Redacci\u00f3n QP"},"url":"https:\/\/quehacerpolitico.mx\/?author=2"}]}},"featured_image_urls":{"full":["https:\/\/quehacerpolitico.mx\/wp-content\/uploads\/2021\/11\/69623970-F4D9-41A0-9CC4-8D1A6B2C1F1C.jpeg",1284,633,false],"thumbnail":["https:\/\/quehacerpolitico.mx\/wp-content\/uploads\/2021\/11\/69623970-F4D9-41A0-9CC4-8D1A6B2C1F1C-150x150.jpeg",150,150,true],"medium":["https:\/\/quehacerpolitico.mx\/wp-content\/uploads\/2021\/11\/69623970-F4D9-41A0-9CC4-8D1A6B2C1F1C-300x148.jpeg",300,148,true],"medium_large":["https:\/\/quehacerpolitico.mx\/wp-content\/uploads\/2021\/11\/69623970-F4D9-41A0-9CC4-8D1A6B2C1F1C-768x379.jpeg",640,316,true],"large":["https:\/\/quehacerpolitico.mx\/wp-content\/uploads\/2021\/11\/69623970-F4D9-41A0-9CC4-8D1A6B2C1F1C-1024x505.jpeg",640,316,true],"1536x1536":["https:\/\/quehacerpolitico.mx\/wp-content\/uploads\/2021\/11\/69623970-F4D9-41A0-9CC4-8D1A6B2C1F1C.jpeg",1284,633,false],"2048x2048":["https:\/\/quehacerpolitico.mx\/wp-content\/uploads\/2021\/11\/69623970-F4D9-41A0-9CC4-8D1A6B2C1F1C.jpeg",1284,633,false],"covernews-featured":["https:\/\/quehacerpolitico.mx\/wp-content\/uploads\/2021\/11\/69623970-F4D9-41A0-9CC4-8D1A6B2C1F1C.jpeg",1024,505,false],"covernews-medium":["https:\/\/quehacerpolitico.mx\/wp-content\/uploads\/2021\/11\/69623970-F4D9-41A0-9CC4-8D1A6B2C1F1C.jpeg",540,266,false]},"author_info":{"display_name":"Redacci\u00f3n QP","author_link":"https:\/\/quehacerpolitico.mx\/?author=2"},"category_info":"<a href=\"https:\/\/quehacerpolitico.mx\/?cat=2\" rel=\"category\">Noticias<\/a>","tag_info":"Noticias","comment_count":"0","_links":{"self":[{"href":"https:\/\/quehacerpolitico.mx\/index.php?rest_route=\/wp\/v2\/posts\/86911","targetHints":{"allow":["GET"]}}],"collection":[{"href":"https:\/\/quehacerpolitico.mx\/index.php?rest_route=\/wp\/v2\/posts"}],"about":[{"href":"https:\/\/quehacerpolitico.mx\/index.php?rest_route=\/wp\/v2\/types\/post"}],"author":[{"embeddable":true,"href":"https:\/\/quehacerpolitico.mx\/index.php?rest_route=\/wp\/v2\/users\/2"}],"replies":[{"embeddable":true,"href":"https:\/\/quehacerpolitico.mx\/index.php?rest_route=%2Fwp%2Fv2%2Fcomments&post=86911"}],"version-history":[{"count":1,"href":"https:\/\/quehacerpolitico.mx\/index.php?rest_route=\/wp\/v2\/posts\/86911\/revisions"}],"predecessor-version":[{"id":86913,"href":"https:\/\/quehacerpolitico.mx\/index.php?rest_route=\/wp\/v2\/posts\/86911\/revisions\/86913"}],"wp:featuredmedia":[{"embeddable":true,"href":"https:\/\/quehacerpolitico.mx\/index.php?rest_route=\/wp\/v2\/media\/86912"}],"wp:attachment":[{"href":"https:\/\/quehacerpolitico.mx\/index.php?rest_route=%2Fwp%2Fv2%2Fmedia&parent=86911"}],"wp:term":[{"taxonomy":"category","embeddable":true,"href":"https:\/\/quehacerpolitico.mx\/index.php?rest_route=%2Fwp%2Fv2%2Fcategories&post=86911"},{"taxonomy":"post_tag","embeddable":true,"href":"https:\/\/quehacerpolitico.mx\/index.php?rest_route=%2Fwp%2Fv2%2Ftags&post=86911"}],"curies":[{"name":"wp","href":"https:\/\/api.w.org\/{rel}","templated":true}]}}