{"id":86908,"date":"2021-11-29T17:33:44","date_gmt":"2021-11-29T17:33:44","guid":{"rendered":"https:\/\/quehacerpolitico.mx\/?p=86908"},"modified":"2021-11-29T17:33:49","modified_gmt":"2021-11-29T17:33:49","slug":"amlo-descarta-restricciones-por-nueva-variante-omicron-del-coronavirus","status":"publish","type":"post","link":"https:\/\/quehacerpolitico.mx\/?p=86908","title":{"rendered":"AMLO descarta restricciones por nueva variante \u00f3micron del coronavirus"},"content":{"rendered":"\n<p>Por Redacci\u00f3n QP<\/p>\n\n\n\n<p>Andr\u00e9s Manuel L\u00f3pez Obrador subraya\u00a0que &#8220;no hay evidencias&#8221; de que las vacunas sean menos efectivas<\/p>\n\n\n\n<p>El Presidente Andres Manuel L\u00f3pez Obrador (AMLO) descart\u00f3 que su gobierno imponga\u00a0nuevas restricciones y cierres de la frontera por la nueva variante \u00f3micron del coronavirus, detectada\u00a0en Sud\u00e1frica, al tiempo que\u00a0subray\u00f3 que<strong>\u00a0&#8220;no hay evidencias&#8221; de que las vacunas sean menos efectivas<\/strong>.<\/p>\n\n\n\n<blockquote class=\"wp-block-quote is-layout-flow wp-block-quote-is-layout-flow\"><p>&#8220;No hay elementos para preocuparnos&#8221;<\/p><\/blockquote>\n\n\n\n<p>AMLO, desde Oaxaca en su\u00a0conferencia \u201cma\u00f1anera\u201d, respondi\u00f3 a un cuestionamiento:\u00a0<strong>&#8220;No, no tenemos ese pron\u00f3stico. Pensamos que nosotros hemos avanzado mucho en la vacunaci\u00f3n y que seguimos avanzando y vamos a intensificar todo el programa de vacunaci\u00f3n&#8221;<\/strong>.<\/p>\n\n\n\n<p>L\u00f3pez Obrador explic\u00f3 que la Secretar\u00eda de Salud dar\u00e1 el martes m\u00e1s detalles, pero avanz\u00f3 que\u00a0<strong>no hay &#8220;informaci\u00f3n s\u00f3lida de si esta variante es m\u00e1s peligrosa que las otras variantes&#8221;<\/strong>.<\/p>\n\n\n\n<figure class=\"wp-block-embed is-type-rich is-provider-twitter wp-block-embed-twitter\"><div class=\"wp-block-embed__wrapper\">\n<blockquote class=\"twitter-tweet\" data-width=\"550\" data-dnt=\"true\"><p lang=\"es\" dir=\"ltr\">&quot;Se va a actuar como siempre: con mucha responsabilidad&quot;<br><br>Es la respuesta que dio el presidente <a href=\"https:\/\/twitter.com\/lopezobrador_?ref_src=twsrc%5Etfw\">@lopezobrador_<\/a> sobre el cuestionamiento de una cuarta ola de <a href=\"https:\/\/twitter.com\/hashtag\/COVID19?src=hash&amp;ref_src=twsrc%5Etfw\">#COVID19<\/a> por la variante \u00d3micron, adem\u00e1s, asegura que no habr\u00e1 cierre de actividades. <a href=\"https:\/\/t.co\/xla28vPtlA\">pic.twitter.com\/xla28vPtlA<\/a><\/p>&mdash; Ruido en la Red (@RuidoEnLaRed) <a href=\"https:\/\/twitter.com\/RuidoEnLaRed\/status\/1465319967482593285?ref_src=twsrc%5Etfw\">November 29, 2021<\/a><\/blockquote><script async src=\"https:\/\/platform.twitter.com\/widgets.js\" charset=\"utf-8\"><\/script>\n<\/div><\/figure>\n\n\n\n<p>&#8220;Decirle a los mexicanos que\u00a0<strong>estamos llevando a cabo un seguimiento, que no hay elementos para preocuparnos, no hay motivos de riesgo<\/strong>, de acuerdo a los reportes que me han entregado los especialistas&#8221;, expres\u00f3.<\/p>\n\n\n\n<p>La organizaci\u00f3n Mundial de la Salud (OMS) declar\u00f3 el pasado viernes la variante \u00f3micron como \u201cuna variante de riesgo\u201d y varios pa\u00edses han aplicado restricciones de viaje para personas procedentes de algunos pa\u00edses africanos.<\/p>\n\n\n\n<p>Los expertos de la OMS se\u00f1alaron que la nueva variante<strong>\u00a0parece ser m\u00e1s contagiosa que las anteriores<\/strong>\u00a0aunque todav\u00eda no se tienen datos para determinar si es m\u00e1s o menos resistente a las vacunas contra\u00a0el COVID-19<\/p>\n\n\n\n<p>M\u00e9xico que acumula\u00a0294 mil muertos confirmados de COVID-19 y 3.9 millones de contagios, no ha aplicado confinamientos obligatorios ni ha cerrado sus fronteras durante toda la pandemia.<\/p>\n\n\n\n<p><strong>El pa\u00eds acumula 17 semanas de descenso de contagios<\/strong>, por lo que da por superada la tercera ola de la pandemia.<\/p>\n\n\n\n<p>De sus 126 millones de habitantes, 76.6 millones de personas mayores de 18 a\u00f1os tienen al menos una dosis de la vacuna y 64.92 millones han completado el esquema de vacunaci\u00f3n.<\/p>\n\n\n\n<p>Adem\u00e1s, ahora el pa\u00eds se encuentra por primera vez vacunando a sus adolescentes.<\/p>\n\n\n\n<p>Con Informaci\u00f3n de EFE<\/p>\n","protected":false},"excerpt":{"rendered":"<p>Por Redacci\u00f3n QP Andr\u00e9s Manuel L\u00f3pez Obrador subraya\u00a0que &#8220;no hay evidencias&#8221; de que las vacunas&#8230;<\/p>\n","protected":false},"author":2,"featured_media":86909,"comment_status":"open","ping_status":"open","sticky":false,"template":"","format":"standard","meta":{"_monsterinsights_skip_tracking":false,"_monsterinsights_sitenote_active":false,"_monsterinsights_sitenote_note":"","_monsterinsights_sitenote_category":0,"footnotes":""},"categories":[2],"tags":[],"class_list":["post-86908","post","type-post","status-publish","format-standard","has-post-thumbnail","hentry","category-noticias"],"yoast_head":"<!-- This site is optimized with the Yoast SEO plugin v27.3 - https:\/\/yoast.com\/product\/yoast-seo-wordpress\/ -->\n<title>AMLO descarta restricciones por nueva variante \u00f3micron del coronavirus -<\/title>\n<meta name=\"robots\" content=\"index, follow, max-snippet:-1, max-image-preview:large, max-video-preview:-1\" \/>\n<link rel=\"canonical\" href=\"https:\/\/quehacerpolitico.mx\/?p=86908\" \/>\n<meta property=\"og:locale\" content=\"es_MX\" \/>\n<meta property=\"og:type\" content=\"article\" \/>\n<meta property=\"og:title\" content=\"AMLO descarta restricciones por nueva variante \u00f3micron del coronavirus -\" \/>\n<meta property=\"og:description\" content=\"Por Redacci\u00f3n QP Andr\u00e9s Manuel L\u00f3pez Obrador subraya\u00a0que &#8220;no hay evidencias&#8221; de que las vacunas...\" \/>\n<meta property=\"og:url\" content=\"https:\/\/quehacerpolitico.mx\/?p=86908\" \/>\n<meta property=\"article:published_time\" content=\"2021-11-29T17:33:44+00:00\" \/>\n<meta property=\"article:modified_time\" content=\"2021-11-29T17:33:49+00:00\" \/>\n<meta property=\"og:image\" content=\"https:\/\/quehacerpolitico.mx\/wp-content\/uploads\/2021\/11\/89CD0B89-6171-4421-BFE2-1A22C43A9CEA.jpeg\" \/>\n\t<meta property=\"og:image:width\" content=\"1284\" \/>\n\t<meta property=\"og:image:height\" content=\"627\" \/>\n\t<meta property=\"og:image:type\" content=\"image\/jpeg\" \/>\n<meta name=\"author\" content=\"Redacci\u00f3n QP\" \/>\n<meta name=\"twitter:card\" content=\"summary_large_image\" \/>\n<meta name=\"twitter:label1\" content=\"Escrito por\" \/>\n\t<meta name=\"twitter:data1\" content=\"Redacci\u00f3n QP\" \/>\n\t<meta name=\"twitter:label2\" content=\"Tiempo de lectura\" \/>\n\t<meta name=\"twitter:data2\" content=\"2 minutos\" \/>\n<script type=\"application\/ld+json\" class=\"yoast-schema-graph\">{\"@context\":\"https:\\\/\\\/schema.org\",\"@graph\":[{\"@type\":\"Article\",\"@id\":\"https:\\\/\\\/quehacerpolitico.mx\\\/?p=86908#article\",\"isPartOf\":{\"@id\":\"https:\\\/\\\/quehacerpolitico.mx\\\/?p=86908\"},\"author\":{\"name\":\"Redacci\u00f3n QP\",\"@id\":\"https:\\\/\\\/quehacerpolitico.mx\\\/#\\\/schema\\\/person\\\/496d8ad2d1d3f8036101dca7ee39e585\"},\"headline\":\"AMLO descarta restricciones por nueva variante \u00f3micron del coronavirus\",\"datePublished\":\"2021-11-29T17:33:44+00:00\",\"dateModified\":\"2021-11-29T17:33:49+00:00\",\"mainEntityOfPage\":{\"@id\":\"https:\\\/\\\/quehacerpolitico.mx\\\/?p=86908\"},\"wordCount\":376,\"commentCount\":0,\"image\":{\"@id\":\"https:\\\/\\\/quehacerpolitico.mx\\\/?p=86908#primaryimage\"},\"thumbnailUrl\":\"https:\\\/\\\/quehacerpolitico.mx\\\/wp-content\\\/uploads\\\/2021\\\/11\\\/89CD0B89-6171-4421-BFE2-1A22C43A9CEA.jpeg\",\"articleSection\":[\"Noticias\"],\"inLanguage\":\"es\",\"potentialAction\":[{\"@type\":\"CommentAction\",\"name\":\"Comment\",\"target\":[\"https:\\\/\\\/quehacerpolitico.mx\\\/?p=86908#respond\"]}]},{\"@type\":\"WebPage\",\"@id\":\"https:\\\/\\\/quehacerpolitico.mx\\\/?p=86908\",\"url\":\"https:\\\/\\\/quehacerpolitico.mx\\\/?p=86908\",\"name\":\"AMLO descarta restricciones por nueva variante \u00f3micron del coronavirus -\",\"isPartOf\":{\"@id\":\"https:\\\/\\\/quehacerpolitico.mx\\\/#website\"},\"primaryImageOfPage\":{\"@id\":\"https:\\\/\\\/quehacerpolitico.mx\\\/?p=86908#primaryimage\"},\"image\":{\"@id\":\"https:\\\/\\\/quehacerpolitico.mx\\\/?p=86908#primaryimage\"},\"thumbnailUrl\":\"https:\\\/\\\/quehacerpolitico.mx\\\/wp-content\\\/uploads\\\/2021\\\/11\\\/89CD0B89-6171-4421-BFE2-1A22C43A9CEA.jpeg\",\"datePublished\":\"2021-11-29T17:33:44+00:00\",\"dateModified\":\"2021-11-29T17:33:49+00:00\",\"author\":{\"@id\":\"https:\\\/\\\/quehacerpolitico.mx\\\/#\\\/schema\\\/person\\\/496d8ad2d1d3f8036101dca7ee39e585\"},\"breadcrumb\":{\"@id\":\"https:\\\/\\\/quehacerpolitico.mx\\\/?p=86908#breadcrumb\"},\"inLanguage\":\"es\",\"potentialAction\":[{\"@type\":\"ReadAction\",\"target\":[\"https:\\\/\\\/quehacerpolitico.mx\\\/?p=86908\"]}]},{\"@type\":\"ImageObject\",\"inLanguage\":\"es\",\"@id\":\"https:\\\/\\\/quehacerpolitico.mx\\\/?p=86908#primaryimage\",\"url\":\"https:\\\/\\\/quehacerpolitico.mx\\\/wp-content\\\/uploads\\\/2021\\\/11\\\/89CD0B89-6171-4421-BFE2-1A22C43A9CEA.jpeg\",\"contentUrl\":\"https:\\\/\\\/quehacerpolitico.mx\\\/wp-content\\\/uploads\\\/2021\\\/11\\\/89CD0B89-6171-4421-BFE2-1A22C43A9CEA.jpeg\",\"width\":1284,\"height\":627},{\"@type\":\"BreadcrumbList\",\"@id\":\"https:\\\/\\\/quehacerpolitico.mx\\\/?p=86908#breadcrumb\",\"itemListElement\":[{\"@type\":\"ListItem\",\"position\":1,\"name\":\"Inicio\",\"item\":\"https:\\\/\\\/quehacerpolitico.mx\\\/\"},{\"@type\":\"ListItem\",\"position\":2,\"name\":\"AMLO descarta restricciones por nueva variante \u00f3micron del coronavirus\"}]},{\"@type\":\"WebSite\",\"@id\":\"https:\\\/\\\/quehacerpolitico.mx\\\/#website\",\"url\":\"https:\\\/\\\/quehacerpolitico.mx\\\/\",\"name\":\"\",\"description\":\"\",\"potentialAction\":[{\"@type\":\"SearchAction\",\"target\":{\"@type\":\"EntryPoint\",\"urlTemplate\":\"https:\\\/\\\/quehacerpolitico.mx\\\/?s={search_term_string}\"},\"query-input\":{\"@type\":\"PropertyValueSpecification\",\"valueRequired\":true,\"valueName\":\"search_term_string\"}}],\"inLanguage\":\"es\"},{\"@type\":\"Person\",\"@id\":\"https:\\\/\\\/quehacerpolitico.mx\\\/#\\\/schema\\\/person\\\/496d8ad2d1d3f8036101dca7ee39e585\",\"name\":\"Redacci\u00f3n QP\",\"image\":{\"@type\":\"ImageObject\",\"inLanguage\":\"es\",\"@id\":\"https:\\\/\\\/secure.gravatar.com\\\/avatar\\\/c7164ed6fdec453195284ad24a5ae5b6e1eed2b848477fa2a4787ba9adf39a41?s=96&d=mm&r=g\",\"url\":\"https:\\\/\\\/secure.gravatar.com\\\/avatar\\\/c7164ed6fdec453195284ad24a5ae5b6e1eed2b848477fa2a4787ba9adf39a41?s=96&d=mm&r=g\",\"contentUrl\":\"https:\\\/\\\/secure.gravatar.com\\\/avatar\\\/c7164ed6fdec453195284ad24a5ae5b6e1eed2b848477fa2a4787ba9adf39a41?s=96&d=mm&r=g\",\"caption\":\"Redacci\u00f3n QP\"},\"url\":\"https:\\\/\\\/quehacerpolitico.mx\\\/?author=2\"}]}<\/script>\n<!-- \/ Yoast SEO plugin. -->","yoast_head_json":{"title":"AMLO descarta restricciones por nueva variante \u00f3micron del coronavirus -","robots":{"index":"index","follow":"follow","max-snippet":"max-snippet:-1","max-image-preview":"max-image-preview:large","max-video-preview":"max-video-preview:-1"},"canonical":"https:\/\/quehacerpolitico.mx\/?p=86908","og_locale":"es_MX","og_type":"article","og_title":"AMLO descarta restricciones por nueva variante \u00f3micron del coronavirus -","og_description":"Por Redacci\u00f3n QP Andr\u00e9s Manuel L\u00f3pez Obrador subraya\u00a0que &#8220;no hay evidencias&#8221; de que las vacunas...","og_url":"https:\/\/quehacerpolitico.mx\/?p=86908","article_published_time":"2021-11-29T17:33:44+00:00","article_modified_time":"2021-11-29T17:33:49+00:00","og_image":[{"width":1284,"height":627,"url":"https:\/\/quehacerpolitico.mx\/wp-content\/uploads\/2021\/11\/89CD0B89-6171-4421-BFE2-1A22C43A9CEA.jpeg","type":"image\/jpeg"}],"author":"Redacci\u00f3n QP","twitter_card":"summary_large_image","twitter_misc":{"Escrito por":"Redacci\u00f3n QP","Tiempo de lectura":"2 minutos"},"schema":{"@context":"https:\/\/schema.org","@graph":[{"@type":"Article","@id":"https:\/\/quehacerpolitico.mx\/?p=86908#article","isPartOf":{"@id":"https:\/\/quehacerpolitico.mx\/?p=86908"},"author":{"name":"Redacci\u00f3n QP","@id":"https:\/\/quehacerpolitico.mx\/#\/schema\/person\/496d8ad2d1d3f8036101dca7ee39e585"},"headline":"AMLO descarta restricciones por nueva variante \u00f3micron del coronavirus","datePublished":"2021-11-29T17:33:44+00:00","dateModified":"2021-11-29T17:33:49+00:00","mainEntityOfPage":{"@id":"https:\/\/quehacerpolitico.mx\/?p=86908"},"wordCount":376,"commentCount":0,"image":{"@id":"https:\/\/quehacerpolitico.mx\/?p=86908#primaryimage"},"thumbnailUrl":"https:\/\/quehacerpolitico.mx\/wp-content\/uploads\/2021\/11\/89CD0B89-6171-4421-BFE2-1A22C43A9CEA.jpeg","articleSection":["Noticias"],"inLanguage":"es","potentialAction":[{"@type":"CommentAction","name":"Comment","target":["https:\/\/quehacerpolitico.mx\/?p=86908#respond"]}]},{"@type":"WebPage","@id":"https:\/\/quehacerpolitico.mx\/?p=86908","url":"https:\/\/quehacerpolitico.mx\/?p=86908","name":"AMLO descarta restricciones por nueva variante \u00f3micron del coronavirus -","isPartOf":{"@id":"https:\/\/quehacerpolitico.mx\/#website"},"primaryImageOfPage":{"@id":"https:\/\/quehacerpolitico.mx\/?p=86908#primaryimage"},"image":{"@id":"https:\/\/quehacerpolitico.mx\/?p=86908#primaryimage"},"thumbnailUrl":"https:\/\/quehacerpolitico.mx\/wp-content\/uploads\/2021\/11\/89CD0B89-6171-4421-BFE2-1A22C43A9CEA.jpeg","datePublished":"2021-11-29T17:33:44+00:00","dateModified":"2021-11-29T17:33:49+00:00","author":{"@id":"https:\/\/quehacerpolitico.mx\/#\/schema\/person\/496d8ad2d1d3f8036101dca7ee39e585"},"breadcrumb":{"@id":"https:\/\/quehacerpolitico.mx\/?p=86908#breadcrumb"},"inLanguage":"es","potentialAction":[{"@type":"ReadAction","target":["https:\/\/quehacerpolitico.mx\/?p=86908"]}]},{"@type":"ImageObject","inLanguage":"es","@id":"https:\/\/quehacerpolitico.mx\/?p=86908#primaryimage","url":"https:\/\/quehacerpolitico.mx\/wp-content\/uploads\/2021\/11\/89CD0B89-6171-4421-BFE2-1A22C43A9CEA.jpeg","contentUrl":"https:\/\/quehacerpolitico.mx\/wp-content\/uploads\/2021\/11\/89CD0B89-6171-4421-BFE2-1A22C43A9CEA.jpeg","width":1284,"height":627},{"@type":"BreadcrumbList","@id":"https:\/\/quehacerpolitico.mx\/?p=86908#breadcrumb","itemListElement":[{"@type":"ListItem","position":1,"name":"Inicio","item":"https:\/\/quehacerpolitico.mx\/"},{"@type":"ListItem","position":2,"name":"AMLO descarta restricciones por nueva variante \u00f3micron del coronavirus"}]},{"@type":"WebSite","@id":"https:\/\/quehacerpolitico.mx\/#website","url":"https:\/\/quehacerpolitico.mx\/","name":"","description":"","potentialAction":[{"@type":"SearchAction","target":{"@type":"EntryPoint","urlTemplate":"https:\/\/quehacerpolitico.mx\/?s={search_term_string}"},"query-input":{"@type":"PropertyValueSpecification","valueRequired":true,"valueName":"search_term_string"}}],"inLanguage":"es"},{"@type":"Person","@id":"https:\/\/quehacerpolitico.mx\/#\/schema\/person\/496d8ad2d1d3f8036101dca7ee39e585","name":"Redacci\u00f3n QP","image":{"@type":"ImageObject","inLanguage":"es","@id":"https:\/\/secure.gravatar.com\/avatar\/c7164ed6fdec453195284ad24a5ae5b6e1eed2b848477fa2a4787ba9adf39a41?s=96&d=mm&r=g","url":"https:\/\/secure.gravatar.com\/avatar\/c7164ed6fdec453195284ad24a5ae5b6e1eed2b848477fa2a4787ba9adf39a41?s=96&d=mm&r=g","contentUrl":"https:\/\/secure.gravatar.com\/avatar\/c7164ed6fdec453195284ad24a5ae5b6e1eed2b848477fa2a4787ba9adf39a41?s=96&d=mm&r=g","caption":"Redacci\u00f3n QP"},"url":"https:\/\/quehacerpolitico.mx\/?author=2"}]}},"featured_image_urls":{"full":["https:\/\/quehacerpolitico.mx\/wp-content\/uploads\/2021\/11\/89CD0B89-6171-4421-BFE2-1A22C43A9CEA.jpeg",1284,627,false],"thumbnail":["https:\/\/quehacerpolitico.mx\/wp-content\/uploads\/2021\/11\/89CD0B89-6171-4421-BFE2-1A22C43A9CEA-150x150.jpeg",150,150,true],"medium":["https:\/\/quehacerpolitico.mx\/wp-content\/uploads\/2021\/11\/89CD0B89-6171-4421-BFE2-1A22C43A9CEA-300x146.jpeg",300,146,true],"medium_large":["https:\/\/quehacerpolitico.mx\/wp-content\/uploads\/2021\/11\/89CD0B89-6171-4421-BFE2-1A22C43A9CEA-768x375.jpeg",640,313,true],"large":["https:\/\/quehacerpolitico.mx\/wp-content\/uploads\/2021\/11\/89CD0B89-6171-4421-BFE2-1A22C43A9CEA-1024x500.jpeg",640,313,true],"1536x1536":["https:\/\/quehacerpolitico.mx\/wp-content\/uploads\/2021\/11\/89CD0B89-6171-4421-BFE2-1A22C43A9CEA.jpeg",1284,627,false],"2048x2048":["https:\/\/quehacerpolitico.mx\/wp-content\/uploads\/2021\/11\/89CD0B89-6171-4421-BFE2-1A22C43A9CEA.jpeg",1284,627,false],"covernews-featured":["https:\/\/quehacerpolitico.mx\/wp-content\/uploads\/2021\/11\/89CD0B89-6171-4421-BFE2-1A22C43A9CEA.jpeg",1024,500,false],"covernews-medium":["https:\/\/quehacerpolitico.mx\/wp-content\/uploads\/2021\/11\/89CD0B89-6171-4421-BFE2-1A22C43A9CEA.jpeg",540,264,false]},"author_info":{"display_name":"Redacci\u00f3n QP","author_link":"https:\/\/quehacerpolitico.mx\/?author=2"},"category_info":"<a href=\"https:\/\/quehacerpolitico.mx\/?cat=2\" rel=\"category\">Noticias<\/a>","tag_info":"Noticias","comment_count":"0","_links":{"self":[{"href":"https:\/\/quehacerpolitico.mx\/index.php?rest_route=\/wp\/v2\/posts\/86908","targetHints":{"allow":["GET"]}}],"collection":[{"href":"https:\/\/quehacerpolitico.mx\/index.php?rest_route=\/wp\/v2\/posts"}],"about":[{"href":"https:\/\/quehacerpolitico.mx\/index.php?rest_route=\/wp\/v2\/types\/post"}],"author":[{"embeddable":true,"href":"https:\/\/quehacerpolitico.mx\/index.php?rest_route=\/wp\/v2\/users\/2"}],"replies":[{"embeddable":true,"href":"https:\/\/quehacerpolitico.mx\/index.php?rest_route=%2Fwp%2Fv2%2Fcomments&post=86908"}],"version-history":[{"count":1,"href":"https:\/\/quehacerpolitico.mx\/index.php?rest_route=\/wp\/v2\/posts\/86908\/revisions"}],"predecessor-version":[{"id":86910,"href":"https:\/\/quehacerpolitico.mx\/index.php?rest_route=\/wp\/v2\/posts\/86908\/revisions\/86910"}],"wp:featuredmedia":[{"embeddable":true,"href":"https:\/\/quehacerpolitico.mx\/index.php?rest_route=\/wp\/v2\/media\/86909"}],"wp:attachment":[{"href":"https:\/\/quehacerpolitico.mx\/index.php?rest_route=%2Fwp%2Fv2%2Fmedia&parent=86908"}],"wp:term":[{"taxonomy":"category","embeddable":true,"href":"https:\/\/quehacerpolitico.mx\/index.php?rest_route=%2Fwp%2Fv2%2Fcategories&post=86908"},{"taxonomy":"post_tag","embeddable":true,"href":"https:\/\/quehacerpolitico.mx\/index.php?rest_route=%2Fwp%2Fv2%2Ftags&post=86908"}],"curies":[{"name":"wp","href":"https:\/\/api.w.org\/{rel}","templated":true}]}}