{"id":86887,"date":"2021-11-26T19:27:35","date_gmt":"2021-11-26T19:27:35","guid":{"rendered":"https:\/\/quehacerpolitico.mx\/?p=86887"},"modified":"2021-11-26T19:27:39","modified_gmt":"2021-11-26T19:27:39","slug":"autobus-de-pasajeros-choca-contra-vivienda-en-joquicingo-estado-de-mexico-reportan-19-muertos","status":"publish","type":"post","link":"https:\/\/quehacerpolitico.mx\/?p=86887","title":{"rendered":"Autob\u00fas de pasajeros choca contra vivienda en Joquicingo, Estado de M\u00e9xico; reportan 19 muertos"},"content":{"rendered":"\n<p>Por Redacci\u00f3n QP<\/p>\n\n\n\n<p>El accidente ocurri\u00f3 en la carretera Joquicingo-Malinalco y por el impacto qued\u00f3 destrozada la parte delantera de la unidad<\/p>\n\n\n\n<ul class=\"wp-block-list\"><li>Alfredo del Mazo, gobernador del Estado de M\u00e9xico, inform\u00f3 que elementos de emergencia de la entidad se encuentran atendiendo a los lesionados<\/li><\/ul>\n\n\n\n<p>En\u00a0<strong>Joquicingo,<\/strong>\u00a0Estado de M\u00e9xico , un\u00a0autob\u00fas de pasajeros choc\u00f3 contra una vivienda; de manera preliminar se reportan al menos 19\u00a0<strong>muertos<\/strong>\u00a0y 31 lesionados.<\/p>\n\n\n\n<figure class=\"wp-block-embed is-type-rich is-provider-twitter wp-block-embed-twitter\"><div class=\"wp-block-embed__wrapper\">\nhttps:\/\/twitter.com\/mreldiablo8\/status\/1464266355700547584?s=21\n<\/div><\/figure>\n\n\n\n<p>El accidente ocurri\u00f3 en la\u00a0<strong>carretera Joquicingo-Malinalco\u00a0<\/strong>y por el impacto qued\u00f3 destrozada la parte delantera de la unidad.<\/p>\n\n\n\n<figure class=\"wp-block-embed is-type-rich is-provider-twitter wp-block-embed-twitter\"><div class=\"wp-block-embed__wrapper\">\n<blockquote class=\"twitter-tweet\" data-width=\"550\" data-dnt=\"true\"><p lang=\"es\" dir=\"ltr\"><a href=\"https:\/\/twitter.com\/hashtag\/Edomex?src=hash&amp;ref_src=twsrc%5Etfw\">#Edomex<\/a><br>Personal del <a href=\"https:\/\/twitter.com\/hashtag\/SUEM?src=hash&amp;ref_src=twsrc%5Etfw\">#SUEM<\/a> acudi\u00f3 esta ma\u00f1ana para brindar atenci\u00f3n a las v\u00edctimas del accidente ocurrido en la carretera Joquicingo-Malinalco y trabajar conjuntamente con el resto de los equipos de emergencia <a href=\"https:\/\/twitter.com\/GrupoRelampagos?ref_src=twsrc%5Etfw\">@GrupoRelampagos<\/a> <a href=\"https:\/\/twitter.com\/CruzRojaEM?ref_src=twsrc%5Etfw\">@CruzRojaEM<\/a> <a href=\"https:\/\/twitter.com\/pciviledomex?ref_src=twsrc%5Etfw\">@pciviledomex<\/a> <a href=\"https:\/\/t.co\/6Lp9LYKZmM\">pic.twitter.com\/6Lp9LYKZmM<\/a><\/p>&mdash; Dr. Godwin Gonz\u00e1lez (@gdw97) <a href=\"https:\/\/twitter.com\/gdw97\/status\/1464276683733798931?ref_src=twsrc%5Etfw\">November 26, 2021<\/a><\/blockquote><script async src=\"https:\/\/platform.twitter.com\/widgets.js\" charset=\"utf-8\"><\/script>\n<\/div><\/figure>\n\n\n\n<p>En sus redes sociales, Alfredo del Mazo, gobernador del Estado de M\u00e9xico, inform\u00f3 que elementos de emergencia de la entidad se encuentran atendiendo a las personas\u00a0<strong>lesionadas.<\/strong><\/p>\n\n\n\n<figure class=\"wp-block-embed is-type-rich is-provider-twitter wp-block-embed-twitter\"><div class=\"wp-block-embed__wrapper\">\n<blockquote class=\"twitter-tweet\" data-width=\"550\" data-dnt=\"true\"><p lang=\"es\" dir=\"ltr\">He instruido a los titulares de Protecci\u00f3n Civil, Seguridad, Rescate y Salud a que apoyen en todo momento a las familias afectadas.<\/p>&mdash; Alfredo Del Mazo (@alfredodelmazo) <a href=\"https:\/\/twitter.com\/alfredodelmazo\/status\/1464270058163609603?ref_src=twsrc%5Etfw\">November 26, 2021<\/a><\/blockquote><script async src=\"https:\/\/platform.twitter.com\/widgets.js\" charset=\"utf-8\"><\/script>\n<\/div><\/figure>\n\n\n\n<p>A\u00f1adi\u00f3 que instruy\u00f3 a los titulares de Protecci\u00f3n Civil, Seguridad, Rescate y Salud a que apoyen en todo momento a las familias afectadas.<\/p>\n","protected":false},"excerpt":{"rendered":"<p>Por Redacci\u00f3n QP El accidente ocurri\u00f3 en la carretera Joquicingo-Malinalco y por el impacto qued\u00f3&#8230;<\/p>\n","protected":false},"author":2,"featured_media":86888,"comment_status":"open","ping_status":"open","sticky":false,"template":"","format":"standard","meta":{"_monsterinsights_skip_tracking":false,"_monsterinsights_sitenote_active":false,"_monsterinsights_sitenote_note":"","_monsterinsights_sitenote_category":0,"footnotes":""},"categories":[2],"tags":[],"class_list":["post-86887","post","type-post","status-publish","format-standard","has-post-thumbnail","hentry","category-noticias"],"yoast_head":"<!-- This site is optimized with the Yoast SEO plugin v27.3 - https:\/\/yoast.com\/product\/yoast-seo-wordpress\/ -->\n<title>Autob\u00fas de pasajeros choca contra vivienda en Joquicingo, Estado de M\u00e9xico; reportan 19 muertos -<\/title>\n<meta name=\"robots\" content=\"index, follow, max-snippet:-1, max-image-preview:large, max-video-preview:-1\" \/>\n<link rel=\"canonical\" href=\"https:\/\/quehacerpolitico.mx\/?p=86887\" \/>\n<meta property=\"og:locale\" content=\"es_MX\" \/>\n<meta property=\"og:type\" content=\"article\" \/>\n<meta property=\"og:title\" content=\"Autob\u00fas de pasajeros choca contra vivienda en Joquicingo, Estado de M\u00e9xico; reportan 19 muertos -\" \/>\n<meta property=\"og:description\" content=\"Por Redacci\u00f3n QP El accidente ocurri\u00f3 en la carretera Joquicingo-Malinalco y por el impacto qued\u00f3...\" \/>\n<meta property=\"og:url\" content=\"https:\/\/quehacerpolitico.mx\/?p=86887\" \/>\n<meta property=\"article:published_time\" content=\"2021-11-26T19:27:35+00:00\" \/>\n<meta property=\"article:modified_time\" content=\"2021-11-26T19:27:39+00:00\" \/>\n<meta property=\"og:image\" content=\"https:\/\/quehacerpolitico.mx\/wp-content\/uploads\/2021\/11\/7BC971A5-4213-4FE3-9BA2-B724C1E20B6E.jpeg\" \/>\n\t<meta property=\"og:image:width\" content=\"1284\" \/>\n\t<meta property=\"og:image:height\" content=\"1307\" \/>\n\t<meta property=\"og:image:type\" content=\"image\/jpeg\" \/>\n<meta name=\"author\" content=\"Redacci\u00f3n QP\" \/>\n<meta name=\"twitter:card\" content=\"summary_large_image\" \/>\n<meta name=\"twitter:label1\" content=\"Escrito por\" \/>\n\t<meta name=\"twitter:data1\" content=\"Redacci\u00f3n QP\" \/>\n\t<meta name=\"twitter:label2\" content=\"Tiempo de lectura\" \/>\n\t<meta name=\"twitter:data2\" content=\"1 minuto\" \/>\n<script type=\"application\/ld+json\" class=\"yoast-schema-graph\">{\"@context\":\"https:\\\/\\\/schema.org\",\"@graph\":[{\"@type\":\"Article\",\"@id\":\"https:\\\/\\\/quehacerpolitico.mx\\\/?p=86887#article\",\"isPartOf\":{\"@id\":\"https:\\\/\\\/quehacerpolitico.mx\\\/?p=86887\"},\"author\":{\"name\":\"Redacci\u00f3n QP\",\"@id\":\"https:\\\/\\\/quehacerpolitico.mx\\\/#\\\/schema\\\/person\\\/496d8ad2d1d3f8036101dca7ee39e585\"},\"headline\":\"Autob\u00fas de pasajeros choca contra vivienda en Joquicingo, Estado de M\u00e9xico; reportan 19 muertos\",\"datePublished\":\"2021-11-26T19:27:35+00:00\",\"dateModified\":\"2021-11-26T19:27:39+00:00\",\"mainEntityOfPage\":{\"@id\":\"https:\\\/\\\/quehacerpolitico.mx\\\/?p=86887\"},\"wordCount\":176,\"commentCount\":0,\"image\":{\"@id\":\"https:\\\/\\\/quehacerpolitico.mx\\\/?p=86887#primaryimage\"},\"thumbnailUrl\":\"https:\\\/\\\/quehacerpolitico.mx\\\/wp-content\\\/uploads\\\/2021\\\/11\\\/7BC971A5-4213-4FE3-9BA2-B724C1E20B6E.jpeg\",\"articleSection\":[\"Noticias\"],\"inLanguage\":\"es\",\"potentialAction\":[{\"@type\":\"CommentAction\",\"name\":\"Comment\",\"target\":[\"https:\\\/\\\/quehacerpolitico.mx\\\/?p=86887#respond\"]}]},{\"@type\":\"WebPage\",\"@id\":\"https:\\\/\\\/quehacerpolitico.mx\\\/?p=86887\",\"url\":\"https:\\\/\\\/quehacerpolitico.mx\\\/?p=86887\",\"name\":\"Autob\u00fas de pasajeros choca contra vivienda en Joquicingo, Estado de M\u00e9xico; reportan 19 muertos -\",\"isPartOf\":{\"@id\":\"https:\\\/\\\/quehacerpolitico.mx\\\/#website\"},\"primaryImageOfPage\":{\"@id\":\"https:\\\/\\\/quehacerpolitico.mx\\\/?p=86887#primaryimage\"},\"image\":{\"@id\":\"https:\\\/\\\/quehacerpolitico.mx\\\/?p=86887#primaryimage\"},\"thumbnailUrl\":\"https:\\\/\\\/quehacerpolitico.mx\\\/wp-content\\\/uploads\\\/2021\\\/11\\\/7BC971A5-4213-4FE3-9BA2-B724C1E20B6E.jpeg\",\"datePublished\":\"2021-11-26T19:27:35+00:00\",\"dateModified\":\"2021-11-26T19:27:39+00:00\",\"author\":{\"@id\":\"https:\\\/\\\/quehacerpolitico.mx\\\/#\\\/schema\\\/person\\\/496d8ad2d1d3f8036101dca7ee39e585\"},\"breadcrumb\":{\"@id\":\"https:\\\/\\\/quehacerpolitico.mx\\\/?p=86887#breadcrumb\"},\"inLanguage\":\"es\",\"potentialAction\":[{\"@type\":\"ReadAction\",\"target\":[\"https:\\\/\\\/quehacerpolitico.mx\\\/?p=86887\"]}]},{\"@type\":\"ImageObject\",\"inLanguage\":\"es\",\"@id\":\"https:\\\/\\\/quehacerpolitico.mx\\\/?p=86887#primaryimage\",\"url\":\"https:\\\/\\\/quehacerpolitico.mx\\\/wp-content\\\/uploads\\\/2021\\\/11\\\/7BC971A5-4213-4FE3-9BA2-B724C1E20B6E.jpeg\",\"contentUrl\":\"https:\\\/\\\/quehacerpolitico.mx\\\/wp-content\\\/uploads\\\/2021\\\/11\\\/7BC971A5-4213-4FE3-9BA2-B724C1E20B6E.jpeg\",\"width\":1284,\"height\":1307},{\"@type\":\"BreadcrumbList\",\"@id\":\"https:\\\/\\\/quehacerpolitico.mx\\\/?p=86887#breadcrumb\",\"itemListElement\":[{\"@type\":\"ListItem\",\"position\":1,\"name\":\"Inicio\",\"item\":\"https:\\\/\\\/quehacerpolitico.mx\\\/\"},{\"@type\":\"ListItem\",\"position\":2,\"name\":\"Autob\u00fas de pasajeros choca contra vivienda en Joquicingo, Estado de M\u00e9xico; reportan 19 muertos\"}]},{\"@type\":\"WebSite\",\"@id\":\"https:\\\/\\\/quehacerpolitico.mx\\\/#website\",\"url\":\"https:\\\/\\\/quehacerpolitico.mx\\\/\",\"name\":\"\",\"description\":\"\",\"potentialAction\":[{\"@type\":\"SearchAction\",\"target\":{\"@type\":\"EntryPoint\",\"urlTemplate\":\"https:\\\/\\\/quehacerpolitico.mx\\\/?s={search_term_string}\"},\"query-input\":{\"@type\":\"PropertyValueSpecification\",\"valueRequired\":true,\"valueName\":\"search_term_string\"}}],\"inLanguage\":\"es\"},{\"@type\":\"Person\",\"@id\":\"https:\\\/\\\/quehacerpolitico.mx\\\/#\\\/schema\\\/person\\\/496d8ad2d1d3f8036101dca7ee39e585\",\"name\":\"Redacci\u00f3n QP\",\"image\":{\"@type\":\"ImageObject\",\"inLanguage\":\"es\",\"@id\":\"https:\\\/\\\/secure.gravatar.com\\\/avatar\\\/c7164ed6fdec453195284ad24a5ae5b6e1eed2b848477fa2a4787ba9adf39a41?s=96&d=mm&r=g\",\"url\":\"https:\\\/\\\/secure.gravatar.com\\\/avatar\\\/c7164ed6fdec453195284ad24a5ae5b6e1eed2b848477fa2a4787ba9adf39a41?s=96&d=mm&r=g\",\"contentUrl\":\"https:\\\/\\\/secure.gravatar.com\\\/avatar\\\/c7164ed6fdec453195284ad24a5ae5b6e1eed2b848477fa2a4787ba9adf39a41?s=96&d=mm&r=g\",\"caption\":\"Redacci\u00f3n QP\"},\"url\":\"https:\\\/\\\/quehacerpolitico.mx\\\/?author=2\"}]}<\/script>\n<!-- \/ Yoast SEO plugin. -->","yoast_head_json":{"title":"Autob\u00fas de pasajeros choca contra vivienda en Joquicingo, Estado de M\u00e9xico; reportan 19 muertos -","robots":{"index":"index","follow":"follow","max-snippet":"max-snippet:-1","max-image-preview":"max-image-preview:large","max-video-preview":"max-video-preview:-1"},"canonical":"https:\/\/quehacerpolitico.mx\/?p=86887","og_locale":"es_MX","og_type":"article","og_title":"Autob\u00fas de pasajeros choca contra vivienda en Joquicingo, Estado de M\u00e9xico; reportan 19 muertos -","og_description":"Por Redacci\u00f3n QP El accidente ocurri\u00f3 en la carretera Joquicingo-Malinalco y por el impacto qued\u00f3...","og_url":"https:\/\/quehacerpolitico.mx\/?p=86887","article_published_time":"2021-11-26T19:27:35+00:00","article_modified_time":"2021-11-26T19:27:39+00:00","og_image":[{"width":1284,"height":1307,"url":"https:\/\/quehacerpolitico.mx\/wp-content\/uploads\/2021\/11\/7BC971A5-4213-4FE3-9BA2-B724C1E20B6E.jpeg","type":"image\/jpeg"}],"author":"Redacci\u00f3n QP","twitter_card":"summary_large_image","twitter_misc":{"Escrito por":"Redacci\u00f3n QP","Tiempo de lectura":"1 minuto"},"schema":{"@context":"https:\/\/schema.org","@graph":[{"@type":"Article","@id":"https:\/\/quehacerpolitico.mx\/?p=86887#article","isPartOf":{"@id":"https:\/\/quehacerpolitico.mx\/?p=86887"},"author":{"name":"Redacci\u00f3n QP","@id":"https:\/\/quehacerpolitico.mx\/#\/schema\/person\/496d8ad2d1d3f8036101dca7ee39e585"},"headline":"Autob\u00fas de pasajeros choca contra vivienda en Joquicingo, Estado de M\u00e9xico; reportan 19 muertos","datePublished":"2021-11-26T19:27:35+00:00","dateModified":"2021-11-26T19:27:39+00:00","mainEntityOfPage":{"@id":"https:\/\/quehacerpolitico.mx\/?p=86887"},"wordCount":176,"commentCount":0,"image":{"@id":"https:\/\/quehacerpolitico.mx\/?p=86887#primaryimage"},"thumbnailUrl":"https:\/\/quehacerpolitico.mx\/wp-content\/uploads\/2021\/11\/7BC971A5-4213-4FE3-9BA2-B724C1E20B6E.jpeg","articleSection":["Noticias"],"inLanguage":"es","potentialAction":[{"@type":"CommentAction","name":"Comment","target":["https:\/\/quehacerpolitico.mx\/?p=86887#respond"]}]},{"@type":"WebPage","@id":"https:\/\/quehacerpolitico.mx\/?p=86887","url":"https:\/\/quehacerpolitico.mx\/?p=86887","name":"Autob\u00fas de pasajeros choca contra vivienda en Joquicingo, Estado de M\u00e9xico; reportan 19 muertos -","isPartOf":{"@id":"https:\/\/quehacerpolitico.mx\/#website"},"primaryImageOfPage":{"@id":"https:\/\/quehacerpolitico.mx\/?p=86887#primaryimage"},"image":{"@id":"https:\/\/quehacerpolitico.mx\/?p=86887#primaryimage"},"thumbnailUrl":"https:\/\/quehacerpolitico.mx\/wp-content\/uploads\/2021\/11\/7BC971A5-4213-4FE3-9BA2-B724C1E20B6E.jpeg","datePublished":"2021-11-26T19:27:35+00:00","dateModified":"2021-11-26T19:27:39+00:00","author":{"@id":"https:\/\/quehacerpolitico.mx\/#\/schema\/person\/496d8ad2d1d3f8036101dca7ee39e585"},"breadcrumb":{"@id":"https:\/\/quehacerpolitico.mx\/?p=86887#breadcrumb"},"inLanguage":"es","potentialAction":[{"@type":"ReadAction","target":["https:\/\/quehacerpolitico.mx\/?p=86887"]}]},{"@type":"ImageObject","inLanguage":"es","@id":"https:\/\/quehacerpolitico.mx\/?p=86887#primaryimage","url":"https:\/\/quehacerpolitico.mx\/wp-content\/uploads\/2021\/11\/7BC971A5-4213-4FE3-9BA2-B724C1E20B6E.jpeg","contentUrl":"https:\/\/quehacerpolitico.mx\/wp-content\/uploads\/2021\/11\/7BC971A5-4213-4FE3-9BA2-B724C1E20B6E.jpeg","width":1284,"height":1307},{"@type":"BreadcrumbList","@id":"https:\/\/quehacerpolitico.mx\/?p=86887#breadcrumb","itemListElement":[{"@type":"ListItem","position":1,"name":"Inicio","item":"https:\/\/quehacerpolitico.mx\/"},{"@type":"ListItem","position":2,"name":"Autob\u00fas de pasajeros choca contra vivienda en Joquicingo, Estado de M\u00e9xico; reportan 19 muertos"}]},{"@type":"WebSite","@id":"https:\/\/quehacerpolitico.mx\/#website","url":"https:\/\/quehacerpolitico.mx\/","name":"","description":"","potentialAction":[{"@type":"SearchAction","target":{"@type":"EntryPoint","urlTemplate":"https:\/\/quehacerpolitico.mx\/?s={search_term_string}"},"query-input":{"@type":"PropertyValueSpecification","valueRequired":true,"valueName":"search_term_string"}}],"inLanguage":"es"},{"@type":"Person","@id":"https:\/\/quehacerpolitico.mx\/#\/schema\/person\/496d8ad2d1d3f8036101dca7ee39e585","name":"Redacci\u00f3n QP","image":{"@type":"ImageObject","inLanguage":"es","@id":"https:\/\/secure.gravatar.com\/avatar\/c7164ed6fdec453195284ad24a5ae5b6e1eed2b848477fa2a4787ba9adf39a41?s=96&d=mm&r=g","url":"https:\/\/secure.gravatar.com\/avatar\/c7164ed6fdec453195284ad24a5ae5b6e1eed2b848477fa2a4787ba9adf39a41?s=96&d=mm&r=g","contentUrl":"https:\/\/secure.gravatar.com\/avatar\/c7164ed6fdec453195284ad24a5ae5b6e1eed2b848477fa2a4787ba9adf39a41?s=96&d=mm&r=g","caption":"Redacci\u00f3n QP"},"url":"https:\/\/quehacerpolitico.mx\/?author=2"}]}},"featured_image_urls":{"full":["https:\/\/quehacerpolitico.mx\/wp-content\/uploads\/2021\/11\/7BC971A5-4213-4FE3-9BA2-B724C1E20B6E.jpeg",1284,1307,false],"thumbnail":["https:\/\/quehacerpolitico.mx\/wp-content\/uploads\/2021\/11\/7BC971A5-4213-4FE3-9BA2-B724C1E20B6E-150x150.jpeg",150,150,true],"medium":["https:\/\/quehacerpolitico.mx\/wp-content\/uploads\/2021\/11\/7BC971A5-4213-4FE3-9BA2-B724C1E20B6E-295x300.jpeg",295,300,true],"medium_large":["https:\/\/quehacerpolitico.mx\/wp-content\/uploads\/2021\/11\/7BC971A5-4213-4FE3-9BA2-B724C1E20B6E-768x782.jpeg",640,652,true],"large":["https:\/\/quehacerpolitico.mx\/wp-content\/uploads\/2021\/11\/7BC971A5-4213-4FE3-9BA2-B724C1E20B6E-1006x1024.jpeg",640,651,true],"1536x1536":["https:\/\/quehacerpolitico.mx\/wp-content\/uploads\/2021\/11\/7BC971A5-4213-4FE3-9BA2-B724C1E20B6E.jpeg",1284,1307,false],"2048x2048":["https:\/\/quehacerpolitico.mx\/wp-content\/uploads\/2021\/11\/7BC971A5-4213-4FE3-9BA2-B724C1E20B6E.jpeg",1284,1307,false],"covernews-featured":["https:\/\/quehacerpolitico.mx\/wp-content\/uploads\/2021\/11\/7BC971A5-4213-4FE3-9BA2-B724C1E20B6E.jpeg",1024,1042,false],"covernews-medium":["https:\/\/quehacerpolitico.mx\/wp-content\/uploads\/2021\/11\/7BC971A5-4213-4FE3-9BA2-B724C1E20B6E.jpeg",334,340,false]},"author_info":{"display_name":"Redacci\u00f3n QP","author_link":"https:\/\/quehacerpolitico.mx\/?author=2"},"category_info":"<a href=\"https:\/\/quehacerpolitico.mx\/?cat=2\" rel=\"category\">Noticias<\/a>","tag_info":"Noticias","comment_count":"0","_links":{"self":[{"href":"https:\/\/quehacerpolitico.mx\/index.php?rest_route=\/wp\/v2\/posts\/86887","targetHints":{"allow":["GET"]}}],"collection":[{"href":"https:\/\/quehacerpolitico.mx\/index.php?rest_route=\/wp\/v2\/posts"}],"about":[{"href":"https:\/\/quehacerpolitico.mx\/index.php?rest_route=\/wp\/v2\/types\/post"}],"author":[{"embeddable":true,"href":"https:\/\/quehacerpolitico.mx\/index.php?rest_route=\/wp\/v2\/users\/2"}],"replies":[{"embeddable":true,"href":"https:\/\/quehacerpolitico.mx\/index.php?rest_route=%2Fwp%2Fv2%2Fcomments&post=86887"}],"version-history":[{"count":1,"href":"https:\/\/quehacerpolitico.mx\/index.php?rest_route=\/wp\/v2\/posts\/86887\/revisions"}],"predecessor-version":[{"id":86889,"href":"https:\/\/quehacerpolitico.mx\/index.php?rest_route=\/wp\/v2\/posts\/86887\/revisions\/86889"}],"wp:featuredmedia":[{"embeddable":true,"href":"https:\/\/quehacerpolitico.mx\/index.php?rest_route=\/wp\/v2\/media\/86888"}],"wp:attachment":[{"href":"https:\/\/quehacerpolitico.mx\/index.php?rest_route=%2Fwp%2Fv2%2Fmedia&parent=86887"}],"wp:term":[{"taxonomy":"category","embeddable":true,"href":"https:\/\/quehacerpolitico.mx\/index.php?rest_route=%2Fwp%2Fv2%2Fcategories&post=86887"},{"taxonomy":"post_tag","embeddable":true,"href":"https:\/\/quehacerpolitico.mx\/index.php?rest_route=%2Fwp%2Fv2%2Ftags&post=86887"}],"curies":[{"name":"wp","href":"https:\/\/api.w.org\/{rel}","templated":true}]}}