{"id":86882,"date":"2021-11-26T17:55:18","date_gmt":"2021-11-26T17:55:18","guid":{"rendered":"https:\/\/quehacerpolitico.mx\/?p=86882"},"modified":"2021-11-26T17:57:16","modified_gmt":"2021-11-26T17:57:16","slug":"amlo-condena-asesinato-de-activista-por-parte-de-sicarios-en-el-25n","status":"publish","type":"post","link":"https:\/\/quehacerpolitico.mx\/?p=86882","title":{"rendered":"AMLO condena asesinato de activista por parte de sicarios en el 25N"},"content":{"rendered":"\n<p>Por Redacci\u00f3n QP<\/p>\n\n\n\n<p>El titular de la Semar, Jos\u00e9 Rafael Ojeda dijo que fue un ataque directo al responsable de Seguridad P\u00fablica del municipio de Guaymas, que adem\u00e1s es un capit\u00e1n de la Marina<\/p>\n\n\n\n<p>El Presidente de M\u00e9xico, Andr\u00e9s Manuel L\u00f3pez Obrador (AMLO) calific\u00f3 hoy viernes de &#8220;muy lamentable&#8221; el asesinato de Marisol Cuadras, una joven de 18 a\u00f1os, que se manifestaba afuera del palacio municipal de Guaymas, en Sonora.<\/p>\n\n\n\n<p><strong>&#8220;Muy lamentable, un abrazo a los familiares de los que perdieron la vida&#8221;, apunt\u00f3 AMLO durante su &#8220;ma\u00f1anera&#8221;<\/strong>, esta vez desde Guanajuato.<\/p>\n\n\n\n<p>Este jueves, el ataque armado en las afueras del palacio municipal de la ciudad de Guaymas dej\u00f3 tres muertos y dos heridos, seg\u00fan inform\u00f3 la Fiscal\u00eda General de Justicia del Estado (FGJE).<\/p>\n\n\n\n<p>El ataque ocurri\u00f3 cuando se daba una toma simb\u00f3lica del edificio de Gobierno municipal por parte de colectivos feministas que conmemoraban el D\u00eda Internacional de la Eliminaci\u00f3n de la Violencia contra la Mujer.<\/p>\n\n\n\n<h4 class=\"wp-block-heading\">M\u00f3vil del ataque en Guaymas<\/h4>\n\n\n\n<p>El titular de la Secretar\u00eda de Marina (Semar), Jos\u00e9 Rafael Ojeda, dijo que&nbsp;<strong>fue un ataque directo al responsable de Seguridad P\u00fablica del municipio de Guaymas, que adem\u00e1s es un capit\u00e1n de la Marina<\/strong>.<\/p>\n\n\n\n<p>&#8220;No fue un ataque directo a la alcaldesa. Coincidieron que estaban la alcaldesa y el secretario de Seguridad P\u00fablica municipal, que es un capit\u00e1n de la Marina que tiene tiempo ah\u00ed, y adem\u00e1s hab\u00eda una manifestaci\u00f3n de mujeres&#8221;, subray\u00f3.<\/p>\n\n\n\n<p>Ambos funcionarios bajaron a hablar con las manifestantes cuando se dio el ataque armado. Los sicarios &#8220;iban sobre el capit\u00e1n&#8221;, asegur\u00f3 Ojeda.<\/p>\n\n\n\n<p>&#8220;Desgraciadamente hubo da\u00f1os colaterales. Un polic\u00eda municipal, el propio sicario y una muchachita que estaba ah\u00ed como parte de la manifestaci\u00f3n&#8221; perdieron la vida, subray\u00f3 Ojeda.<\/p>\n\n\n\n<figure class=\"wp-block-embed is-type-rich is-provider-twitter wp-block-embed-twitter\"><div class=\"wp-block-embed__wrapper\">\n<blockquote class=\"twitter-tweet\" data-width=\"550\" data-dnt=\"true\"><p lang=\"es\" dir=\"ltr\">Rafael Ojeda (<a href=\"https:\/\/twitter.com\/AlmiranteSrio?ref_src=twsrc%5Etfw\">@AlmiranteSrio<\/a>), titular de <a href=\"https:\/\/twitter.com\/SEMAR_mx?ref_src=twsrc%5Etfw\">@SEMAR_mx<\/a> asegur\u00f3 el ataque armado de ayer en Guaymas no era directo a la alcaldesa <a href=\"https:\/\/twitter.com\/karlacordova15?ref_src=twsrc%5Etfw\">@karlacordova15<\/a> y lament\u00f3 la muerte de las tres personas, entre las que se encontraban Marisol, hija de un miembro de la SEMAR <a href=\"https:\/\/twitter.com\/hashtag\/JusticiaParaMarisol?src=hash&amp;ref_src=twsrc%5Etfw\">#JusticiaParaMarisol<\/a> <a href=\"https:\/\/t.co\/Kmgo18qVkR\">pic.twitter.com\/Kmgo18qVkR<\/a><\/p>&mdash; Ruido en la Red (@RuidoEnLaRed) <a href=\"https:\/\/twitter.com\/RuidoEnLaRed\/status\/1464247023306162185?ref_src=twsrc%5Etfw\">November 26, 2021<\/a><\/blockquote><script async src=\"https:\/\/platform.twitter.com\/widgets.js\" charset=\"utf-8\"><\/script>\n<\/div><\/figure>\n\n\n\n<h4 class=\"wp-block-heading\">Marisol Cuadras y su v\u00ednculo con la Marina<\/h4>\n\n\n\n<p>La activista fallecida -una adolescente de 18 a\u00f1os llamada Marisol Cuadras- es hija de un miembro de la Secretar\u00eda de Marina Armada de M\u00e9xico, indic\u00f3 Ojeda.<\/p>\n\n\n\n<p>Ya se est\u00e1 atendiendo con &#8220;todo lo relacionado&#8221; en este caso, concluy\u00f3.<\/p>\n\n\n\n<p><strong>M\u00e9xico es uno de los pa\u00edses m\u00e1s violentos contra la mujer con el homicidio de m\u00e1s de diez mujeres al d\u00eda<\/strong>, de acuerdo con ONU Mujeres y organizaciones civiles.<\/p>\n\n\n\n<p>Adem\u00e1s, los feminicidios siguen al alza en el pa\u00eds tras reportarse 842 casos entre enero y octubre del presente a\u00f1o, una subida del 4.9 % frente al mismo periodo de 2020.<\/p>\n\n\n\n<p>M\u00e9xico ha registrado los a\u00f1os m\u00e1s violentos de su historia en los primeros dos a\u00f1os de mandato de AMLO, con 34 mil 690 v\u00edctimas de asesinato en 2019 y 34 mil 558 en 2020.<\/p>\n\n\n\n<p>Con Informaci\u00f3n de EFE<\/p>\n","protected":false},"excerpt":{"rendered":"<p>Por Redacci\u00f3n QP El titular de la Semar, Jos\u00e9 Rafael Ojeda dijo que fue un&#8230;<\/p>\n","protected":false},"author":2,"featured_media":86883,"comment_status":"open","ping_status":"open","sticky":false,"template":"","format":"standard","meta":{"_monsterinsights_skip_tracking":false,"_monsterinsights_sitenote_active":false,"_monsterinsights_sitenote_note":"","_monsterinsights_sitenote_category":0,"footnotes":""},"categories":[2],"tags":[],"class_list":["post-86882","post","type-post","status-publish","format-standard","has-post-thumbnail","hentry","category-noticias"],"yoast_head":"<!-- This site is optimized with the Yoast SEO plugin v27.3 - https:\/\/yoast.com\/product\/yoast-seo-wordpress\/ -->\n<title>AMLO condena asesinato de activista por parte de sicarios en el 25N -<\/title>\n<meta name=\"robots\" content=\"index, follow, max-snippet:-1, max-image-preview:large, max-video-preview:-1\" \/>\n<link rel=\"canonical\" href=\"https:\/\/quehacerpolitico.mx\/?p=86882\" \/>\n<meta property=\"og:locale\" content=\"es_MX\" \/>\n<meta property=\"og:type\" content=\"article\" \/>\n<meta property=\"og:title\" content=\"AMLO condena asesinato de activista por parte de sicarios en el 25N -\" \/>\n<meta property=\"og:description\" content=\"Por Redacci\u00f3n QP El titular de la Semar, Jos\u00e9 Rafael Ojeda dijo que fue un...\" \/>\n<meta property=\"og:url\" content=\"https:\/\/quehacerpolitico.mx\/?p=86882\" \/>\n<meta property=\"article:published_time\" content=\"2021-11-26T17:55:18+00:00\" \/>\n<meta property=\"article:modified_time\" content=\"2021-11-26T17:57:16+00:00\" \/>\n<meta property=\"og:image\" content=\"https:\/\/quehacerpolitico.mx\/wp-content\/uploads\/2021\/11\/C369916B-9A28-4DE8-9445-26E67940AFD2.jpeg\" \/>\n\t<meta property=\"og:image:width\" content=\"1284\" \/>\n\t<meta property=\"og:image:height\" content=\"620\" \/>\n\t<meta property=\"og:image:type\" content=\"image\/jpeg\" \/>\n<meta name=\"author\" content=\"Redacci\u00f3n QP\" \/>\n<meta name=\"twitter:card\" content=\"summary_large_image\" \/>\n<meta name=\"twitter:label1\" content=\"Escrito por\" \/>\n\t<meta name=\"twitter:data1\" content=\"Redacci\u00f3n QP\" \/>\n\t<meta name=\"twitter:label2\" content=\"Tiempo de lectura\" \/>\n\t<meta name=\"twitter:data2\" content=\"2 minutos\" \/>\n<script type=\"application\/ld+json\" class=\"yoast-schema-graph\">{\"@context\":\"https:\\\/\\\/schema.org\",\"@graph\":[{\"@type\":\"Article\",\"@id\":\"https:\\\/\\\/quehacerpolitico.mx\\\/?p=86882#article\",\"isPartOf\":{\"@id\":\"https:\\\/\\\/quehacerpolitico.mx\\\/?p=86882\"},\"author\":{\"name\":\"Redacci\u00f3n QP\",\"@id\":\"https:\\\/\\\/quehacerpolitico.mx\\\/#\\\/schema\\\/person\\\/496d8ad2d1d3f8036101dca7ee39e585\"},\"headline\":\"AMLO condena asesinato de activista por parte de sicarios en el 25N\",\"datePublished\":\"2021-11-26T17:55:18+00:00\",\"dateModified\":\"2021-11-26T17:57:16+00:00\",\"mainEntityOfPage\":{\"@id\":\"https:\\\/\\\/quehacerpolitico.mx\\\/?p=86882\"},\"wordCount\":480,\"commentCount\":0,\"image\":{\"@id\":\"https:\\\/\\\/quehacerpolitico.mx\\\/?p=86882#primaryimage\"},\"thumbnailUrl\":\"https:\\\/\\\/quehacerpolitico.mx\\\/wp-content\\\/uploads\\\/2021\\\/11\\\/C369916B-9A28-4DE8-9445-26E67940AFD2.jpeg\",\"articleSection\":[\"Noticias\"],\"inLanguage\":\"es\",\"potentialAction\":[{\"@type\":\"CommentAction\",\"name\":\"Comment\",\"target\":[\"https:\\\/\\\/quehacerpolitico.mx\\\/?p=86882#respond\"]}]},{\"@type\":\"WebPage\",\"@id\":\"https:\\\/\\\/quehacerpolitico.mx\\\/?p=86882\",\"url\":\"https:\\\/\\\/quehacerpolitico.mx\\\/?p=86882\",\"name\":\"AMLO condena asesinato de activista por parte de sicarios en el 25N -\",\"isPartOf\":{\"@id\":\"https:\\\/\\\/quehacerpolitico.mx\\\/#website\"},\"primaryImageOfPage\":{\"@id\":\"https:\\\/\\\/quehacerpolitico.mx\\\/?p=86882#primaryimage\"},\"image\":{\"@id\":\"https:\\\/\\\/quehacerpolitico.mx\\\/?p=86882#primaryimage\"},\"thumbnailUrl\":\"https:\\\/\\\/quehacerpolitico.mx\\\/wp-content\\\/uploads\\\/2021\\\/11\\\/C369916B-9A28-4DE8-9445-26E67940AFD2.jpeg\",\"datePublished\":\"2021-11-26T17:55:18+00:00\",\"dateModified\":\"2021-11-26T17:57:16+00:00\",\"author\":{\"@id\":\"https:\\\/\\\/quehacerpolitico.mx\\\/#\\\/schema\\\/person\\\/496d8ad2d1d3f8036101dca7ee39e585\"},\"breadcrumb\":{\"@id\":\"https:\\\/\\\/quehacerpolitico.mx\\\/?p=86882#breadcrumb\"},\"inLanguage\":\"es\",\"potentialAction\":[{\"@type\":\"ReadAction\",\"target\":[\"https:\\\/\\\/quehacerpolitico.mx\\\/?p=86882\"]}]},{\"@type\":\"ImageObject\",\"inLanguage\":\"es\",\"@id\":\"https:\\\/\\\/quehacerpolitico.mx\\\/?p=86882#primaryimage\",\"url\":\"https:\\\/\\\/quehacerpolitico.mx\\\/wp-content\\\/uploads\\\/2021\\\/11\\\/C369916B-9A28-4DE8-9445-26E67940AFD2.jpeg\",\"contentUrl\":\"https:\\\/\\\/quehacerpolitico.mx\\\/wp-content\\\/uploads\\\/2021\\\/11\\\/C369916B-9A28-4DE8-9445-26E67940AFD2.jpeg\",\"width\":1284,\"height\":620},{\"@type\":\"BreadcrumbList\",\"@id\":\"https:\\\/\\\/quehacerpolitico.mx\\\/?p=86882#breadcrumb\",\"itemListElement\":[{\"@type\":\"ListItem\",\"position\":1,\"name\":\"Inicio\",\"item\":\"https:\\\/\\\/quehacerpolitico.mx\\\/\"},{\"@type\":\"ListItem\",\"position\":2,\"name\":\"AMLO condena asesinato de activista por parte de sicarios en el 25N\"}]},{\"@type\":\"WebSite\",\"@id\":\"https:\\\/\\\/quehacerpolitico.mx\\\/#website\",\"url\":\"https:\\\/\\\/quehacerpolitico.mx\\\/\",\"name\":\"\",\"description\":\"\",\"potentialAction\":[{\"@type\":\"SearchAction\",\"target\":{\"@type\":\"EntryPoint\",\"urlTemplate\":\"https:\\\/\\\/quehacerpolitico.mx\\\/?s={search_term_string}\"},\"query-input\":{\"@type\":\"PropertyValueSpecification\",\"valueRequired\":true,\"valueName\":\"search_term_string\"}}],\"inLanguage\":\"es\"},{\"@type\":\"Person\",\"@id\":\"https:\\\/\\\/quehacerpolitico.mx\\\/#\\\/schema\\\/person\\\/496d8ad2d1d3f8036101dca7ee39e585\",\"name\":\"Redacci\u00f3n QP\",\"image\":{\"@type\":\"ImageObject\",\"inLanguage\":\"es\",\"@id\":\"https:\\\/\\\/secure.gravatar.com\\\/avatar\\\/c7164ed6fdec453195284ad24a5ae5b6e1eed2b848477fa2a4787ba9adf39a41?s=96&d=mm&r=g\",\"url\":\"https:\\\/\\\/secure.gravatar.com\\\/avatar\\\/c7164ed6fdec453195284ad24a5ae5b6e1eed2b848477fa2a4787ba9adf39a41?s=96&d=mm&r=g\",\"contentUrl\":\"https:\\\/\\\/secure.gravatar.com\\\/avatar\\\/c7164ed6fdec453195284ad24a5ae5b6e1eed2b848477fa2a4787ba9adf39a41?s=96&d=mm&r=g\",\"caption\":\"Redacci\u00f3n QP\"},\"url\":\"https:\\\/\\\/quehacerpolitico.mx\\\/?author=2\"}]}<\/script>\n<!-- \/ Yoast SEO plugin. -->","yoast_head_json":{"title":"AMLO condena asesinato de activista por parte de sicarios en el 25N -","robots":{"index":"index","follow":"follow","max-snippet":"max-snippet:-1","max-image-preview":"max-image-preview:large","max-video-preview":"max-video-preview:-1"},"canonical":"https:\/\/quehacerpolitico.mx\/?p=86882","og_locale":"es_MX","og_type":"article","og_title":"AMLO condena asesinato de activista por parte de sicarios en el 25N -","og_description":"Por Redacci\u00f3n QP El titular de la Semar, Jos\u00e9 Rafael Ojeda dijo que fue un...","og_url":"https:\/\/quehacerpolitico.mx\/?p=86882","article_published_time":"2021-11-26T17:55:18+00:00","article_modified_time":"2021-11-26T17:57:16+00:00","og_image":[{"width":1284,"height":620,"url":"https:\/\/quehacerpolitico.mx\/wp-content\/uploads\/2021\/11\/C369916B-9A28-4DE8-9445-26E67940AFD2.jpeg","type":"image\/jpeg"}],"author":"Redacci\u00f3n QP","twitter_card":"summary_large_image","twitter_misc":{"Escrito por":"Redacci\u00f3n QP","Tiempo de lectura":"2 minutos"},"schema":{"@context":"https:\/\/schema.org","@graph":[{"@type":"Article","@id":"https:\/\/quehacerpolitico.mx\/?p=86882#article","isPartOf":{"@id":"https:\/\/quehacerpolitico.mx\/?p=86882"},"author":{"name":"Redacci\u00f3n QP","@id":"https:\/\/quehacerpolitico.mx\/#\/schema\/person\/496d8ad2d1d3f8036101dca7ee39e585"},"headline":"AMLO condena asesinato de activista por parte de sicarios en el 25N","datePublished":"2021-11-26T17:55:18+00:00","dateModified":"2021-11-26T17:57:16+00:00","mainEntityOfPage":{"@id":"https:\/\/quehacerpolitico.mx\/?p=86882"},"wordCount":480,"commentCount":0,"image":{"@id":"https:\/\/quehacerpolitico.mx\/?p=86882#primaryimage"},"thumbnailUrl":"https:\/\/quehacerpolitico.mx\/wp-content\/uploads\/2021\/11\/C369916B-9A28-4DE8-9445-26E67940AFD2.jpeg","articleSection":["Noticias"],"inLanguage":"es","potentialAction":[{"@type":"CommentAction","name":"Comment","target":["https:\/\/quehacerpolitico.mx\/?p=86882#respond"]}]},{"@type":"WebPage","@id":"https:\/\/quehacerpolitico.mx\/?p=86882","url":"https:\/\/quehacerpolitico.mx\/?p=86882","name":"AMLO condena asesinato de activista por parte de sicarios en el 25N -","isPartOf":{"@id":"https:\/\/quehacerpolitico.mx\/#website"},"primaryImageOfPage":{"@id":"https:\/\/quehacerpolitico.mx\/?p=86882#primaryimage"},"image":{"@id":"https:\/\/quehacerpolitico.mx\/?p=86882#primaryimage"},"thumbnailUrl":"https:\/\/quehacerpolitico.mx\/wp-content\/uploads\/2021\/11\/C369916B-9A28-4DE8-9445-26E67940AFD2.jpeg","datePublished":"2021-11-26T17:55:18+00:00","dateModified":"2021-11-26T17:57:16+00:00","author":{"@id":"https:\/\/quehacerpolitico.mx\/#\/schema\/person\/496d8ad2d1d3f8036101dca7ee39e585"},"breadcrumb":{"@id":"https:\/\/quehacerpolitico.mx\/?p=86882#breadcrumb"},"inLanguage":"es","potentialAction":[{"@type":"ReadAction","target":["https:\/\/quehacerpolitico.mx\/?p=86882"]}]},{"@type":"ImageObject","inLanguage":"es","@id":"https:\/\/quehacerpolitico.mx\/?p=86882#primaryimage","url":"https:\/\/quehacerpolitico.mx\/wp-content\/uploads\/2021\/11\/C369916B-9A28-4DE8-9445-26E67940AFD2.jpeg","contentUrl":"https:\/\/quehacerpolitico.mx\/wp-content\/uploads\/2021\/11\/C369916B-9A28-4DE8-9445-26E67940AFD2.jpeg","width":1284,"height":620},{"@type":"BreadcrumbList","@id":"https:\/\/quehacerpolitico.mx\/?p=86882#breadcrumb","itemListElement":[{"@type":"ListItem","position":1,"name":"Inicio","item":"https:\/\/quehacerpolitico.mx\/"},{"@type":"ListItem","position":2,"name":"AMLO condena asesinato de activista por parte de sicarios en el 25N"}]},{"@type":"WebSite","@id":"https:\/\/quehacerpolitico.mx\/#website","url":"https:\/\/quehacerpolitico.mx\/","name":"","description":"","potentialAction":[{"@type":"SearchAction","target":{"@type":"EntryPoint","urlTemplate":"https:\/\/quehacerpolitico.mx\/?s={search_term_string}"},"query-input":{"@type":"PropertyValueSpecification","valueRequired":true,"valueName":"search_term_string"}}],"inLanguage":"es"},{"@type":"Person","@id":"https:\/\/quehacerpolitico.mx\/#\/schema\/person\/496d8ad2d1d3f8036101dca7ee39e585","name":"Redacci\u00f3n QP","image":{"@type":"ImageObject","inLanguage":"es","@id":"https:\/\/secure.gravatar.com\/avatar\/c7164ed6fdec453195284ad24a5ae5b6e1eed2b848477fa2a4787ba9adf39a41?s=96&d=mm&r=g","url":"https:\/\/secure.gravatar.com\/avatar\/c7164ed6fdec453195284ad24a5ae5b6e1eed2b848477fa2a4787ba9adf39a41?s=96&d=mm&r=g","contentUrl":"https:\/\/secure.gravatar.com\/avatar\/c7164ed6fdec453195284ad24a5ae5b6e1eed2b848477fa2a4787ba9adf39a41?s=96&d=mm&r=g","caption":"Redacci\u00f3n QP"},"url":"https:\/\/quehacerpolitico.mx\/?author=2"}]}},"featured_image_urls":{"full":["https:\/\/quehacerpolitico.mx\/wp-content\/uploads\/2021\/11\/C369916B-9A28-4DE8-9445-26E67940AFD2.jpeg",1284,620,false],"thumbnail":["https:\/\/quehacerpolitico.mx\/wp-content\/uploads\/2021\/11\/C369916B-9A28-4DE8-9445-26E67940AFD2-150x150.jpeg",150,150,true],"medium":["https:\/\/quehacerpolitico.mx\/wp-content\/uploads\/2021\/11\/C369916B-9A28-4DE8-9445-26E67940AFD2-300x145.jpeg",300,145,true],"medium_large":["https:\/\/quehacerpolitico.mx\/wp-content\/uploads\/2021\/11\/C369916B-9A28-4DE8-9445-26E67940AFD2-768x371.jpeg",640,309,true],"large":["https:\/\/quehacerpolitico.mx\/wp-content\/uploads\/2021\/11\/C369916B-9A28-4DE8-9445-26E67940AFD2-1024x494.jpeg",640,309,true],"1536x1536":["https:\/\/quehacerpolitico.mx\/wp-content\/uploads\/2021\/11\/C369916B-9A28-4DE8-9445-26E67940AFD2.jpeg",1284,620,false],"2048x2048":["https:\/\/quehacerpolitico.mx\/wp-content\/uploads\/2021\/11\/C369916B-9A28-4DE8-9445-26E67940AFD2.jpeg",1284,620,false],"covernews-featured":["https:\/\/quehacerpolitico.mx\/wp-content\/uploads\/2021\/11\/C369916B-9A28-4DE8-9445-26E67940AFD2.jpeg",1024,494,false],"covernews-medium":["https:\/\/quehacerpolitico.mx\/wp-content\/uploads\/2021\/11\/C369916B-9A28-4DE8-9445-26E67940AFD2.jpeg",540,261,false]},"author_info":{"display_name":"Redacci\u00f3n QP","author_link":"https:\/\/quehacerpolitico.mx\/?author=2"},"category_info":"<a href=\"https:\/\/quehacerpolitico.mx\/?cat=2\" rel=\"category\">Noticias<\/a>","tag_info":"Noticias","comment_count":"0","_links":{"self":[{"href":"https:\/\/quehacerpolitico.mx\/index.php?rest_route=\/wp\/v2\/posts\/86882","targetHints":{"allow":["GET"]}}],"collection":[{"href":"https:\/\/quehacerpolitico.mx\/index.php?rest_route=\/wp\/v2\/posts"}],"about":[{"href":"https:\/\/quehacerpolitico.mx\/index.php?rest_route=\/wp\/v2\/types\/post"}],"author":[{"embeddable":true,"href":"https:\/\/quehacerpolitico.mx\/index.php?rest_route=\/wp\/v2\/users\/2"}],"replies":[{"embeddable":true,"href":"https:\/\/quehacerpolitico.mx\/index.php?rest_route=%2Fwp%2Fv2%2Fcomments&post=86882"}],"version-history":[{"count":2,"href":"https:\/\/quehacerpolitico.mx\/index.php?rest_route=\/wp\/v2\/posts\/86882\/revisions"}],"predecessor-version":[{"id":86885,"href":"https:\/\/quehacerpolitico.mx\/index.php?rest_route=\/wp\/v2\/posts\/86882\/revisions\/86885"}],"wp:featuredmedia":[{"embeddable":true,"href":"https:\/\/quehacerpolitico.mx\/index.php?rest_route=\/wp\/v2\/media\/86883"}],"wp:attachment":[{"href":"https:\/\/quehacerpolitico.mx\/index.php?rest_route=%2Fwp%2Fv2%2Fmedia&parent=86882"}],"wp:term":[{"taxonomy":"category","embeddable":true,"href":"https:\/\/quehacerpolitico.mx\/index.php?rest_route=%2Fwp%2Fv2%2Fcategories&post=86882"},{"taxonomy":"post_tag","embeddable":true,"href":"https:\/\/quehacerpolitico.mx\/index.php?rest_route=%2Fwp%2Fv2%2Ftags&post=86882"}],"curies":[{"name":"wp","href":"https:\/\/api.w.org\/{rel}","templated":true}]}}