{"id":86876,"date":"2021-11-26T16:53:28","date_gmt":"2021-11-26T16:53:28","guid":{"rendered":"https:\/\/quehacerpolitico.mx\/?p=86876"},"modified":"2021-11-26T16:53:31","modified_gmt":"2021-11-26T16:53:31","slug":"amlo-pide-a-gobernadores-no-ser-tapadera-de-corrupcion","status":"publish","type":"post","link":"https:\/\/quehacerpolitico.mx\/?p=86876","title":{"rendered":"AMLO pide a gobernadores no ser &#8220;tapadera&#8221; de corrupci\u00f3n"},"content":{"rendered":"\n<p>Por Redacci\u00f3n QP<\/p>\n\n\n\n<p>&#8220;Recomiendo a los gobernadores que est\u00e1n entrando, que no sean tapadera, que no haya afanes de venganza pero que no se conviertan en c\u00f3mplices, en encubridores&#8221;, dijo L\u00f3pez Obrador<\/p>\n\n\n\n<p>El Presidente de M\u00e9xico, Andr\u00e9s Manuel L\u00f3pez Obrador (AMLO) pidi\u00f3 este viernes a los gobernadores que inician mandatos en distintos estados del pa\u00eds que no sean &#8220;tapadera&#8221; en actos de corrupci\u00f3n de administraciones pasadas.<\/p>\n\n\n\n<p>&#8220;<strong>Recomiendo a los gobernadores que est\u00e1n entrando, que no sean tapadera, que no haya afanes de venganza<\/strong>\u00a0pero que no se conviertan en c\u00f3mplices, en encubridores&#8221;, apunt\u00f3 AMLO durante su &#8220;ma\u00f1anera&#8221; desde Guanajuato.<\/p>\n\n\n\n<blockquote class=\"wp-block-quote is-layout-flow wp-block-quote-is-layout-flow\"><p>&#8220;Recomiendo a los gobernadores que est\u00e1n entrando, que no sean tapadera, que no haya afanes de venganza pero que no se conviertan en c\u00f3mplices, en encubridores&#8221;<\/p><\/blockquote>\n\n\n\n<p>L\u00f3pez Obrador dijo esto tras ser cuestionado sobre el caso del exgobernador de Michoac\u00e1n, Silvano Aureoles, quien es acusado por el actual Gobierno estatal de un presunto fraude de cinco mil 186 millones de pesos.<\/p>\n\n\n\n<p>Asegur\u00f3 que aunque su postura desde su llegada a la presidencia fue la de no perseguir a sus opositores ni cobrar venganzas &#8220;pues no se puede utilizar el Gobierno&#8221; para ello,&nbsp;<strong>consider\u00f3 que el actual gobernador michoacano, Alfredo Ram\u00edrez, &#8220;hace bien&#8221; al no encubrir este tipo de delitos<\/strong>.<\/p>\n\n\n\n<p>Hace unos d\u00edas,\u00a0<strong>Ram\u00edrez denunci\u00f3 que la Auditor\u00eda Superior de Michoac\u00e1n (ASM) investiga el presunto fraude por cinco mil 186 millones de pesos<\/strong>, en la construcci\u00f3n, arrendamiento y la compra final de los cuarteles regionales de la Polic\u00eda estatal de Michoac\u00e1n en los municipios de Apatzing\u00e1n, L\u00e1zaro C\u00e1rdenas, Coalcom\u00e1n, Jiquilpan, Zit\u00e1cuaro, Uruapan y Huetamo, en donde tendr\u00eda participaci\u00f3n Aureoles.<\/p>\n\n\n\n<p>L\u00f3pez Obrador dijo que su Gobierno no est\u00e1 promoviendo ninguna denuncia. Sin embargo, pidi\u00f3 presentar las acusaciones correspondientes ante la Fiscal\u00eda General de la Rep\u00fablica (FGR).<\/p>\n\n\n\n<p>&#8220;Con pruebas, que se presenten denuncias ante la autoridad competente \u00bfy cu\u00e1l es la autoridad competente? La fiscal\u00eda que sea, estatal o federal, pero por ley son instituciones aut\u00f3nomas, que ellos resuelvan&#8221;, insisti\u00f3.<\/p>\n\n\n\n<p>Asimismo,&nbsp;<strong>pidi\u00f3 que no se estigmatice a nadie, que no haya linchamientos pol\u00edticos que se presenten pruebas y que se sostengan las denuncias<\/strong>.<\/p>\n\n\n\n<p>Finalmente, dijo que si hay encubrimiento, este tipo de desfalcos se reflejar\u00e1n despu\u00e9s y &#8220;no va a haber presupuesto ni para pagar la n\u00f3mina en algunos casos&#8221;.<\/p>\n\n\n\n<p>Y se\u00f1al\u00f3 que esto tiene que ser un asunto &#8220;\u00e9tico y responsable&#8221;.<\/p>\n\n\n\n<p>Con Informaci\u00f3n de EFE<\/p>\n","protected":false},"excerpt":{"rendered":"<p>Por Redacci\u00f3n QP &#8220;Recomiendo a los gobernadores que est\u00e1n entrando, que no sean tapadera, que&#8230;<\/p>\n","protected":false},"author":2,"featured_media":86877,"comment_status":"open","ping_status":"open","sticky":false,"template":"","format":"standard","meta":{"_monsterinsights_skip_tracking":false,"_monsterinsights_sitenote_active":false,"_monsterinsights_sitenote_note":"","_monsterinsights_sitenote_category":0,"footnotes":""},"categories":[2],"tags":[],"class_list":["post-86876","post","type-post","status-publish","format-standard","has-post-thumbnail","hentry","category-noticias"],"yoast_head":"<!-- This site is optimized with the Yoast SEO plugin v27.3 - https:\/\/yoast.com\/product\/yoast-seo-wordpress\/ -->\n<title>AMLO pide a gobernadores no ser &quot;tapadera&quot; de corrupci\u00f3n -<\/title>\n<meta name=\"robots\" content=\"index, follow, max-snippet:-1, max-image-preview:large, max-video-preview:-1\" \/>\n<link rel=\"canonical\" href=\"https:\/\/quehacerpolitico.mx\/?p=86876\" \/>\n<meta property=\"og:locale\" content=\"es_MX\" \/>\n<meta property=\"og:type\" content=\"article\" \/>\n<meta property=\"og:title\" content=\"AMLO pide a gobernadores no ser &quot;tapadera&quot; de corrupci\u00f3n -\" \/>\n<meta property=\"og:description\" content=\"Por Redacci\u00f3n QP &#8220;Recomiendo a los gobernadores que est\u00e1n entrando, que no sean tapadera, que...\" \/>\n<meta property=\"og:url\" content=\"https:\/\/quehacerpolitico.mx\/?p=86876\" \/>\n<meta property=\"article:published_time\" content=\"2021-11-26T16:53:28+00:00\" \/>\n<meta property=\"article:modified_time\" content=\"2021-11-26T16:53:31+00:00\" \/>\n<meta property=\"og:image\" content=\"https:\/\/quehacerpolitico.mx\/wp-content\/uploads\/2021\/11\/BEBE91F0-121B-460B-B8CC-AA07C52A05A8.jpeg\" \/>\n\t<meta property=\"og:image:width\" content=\"1284\" \/>\n\t<meta property=\"og:image:height\" content=\"639\" \/>\n\t<meta property=\"og:image:type\" content=\"image\/jpeg\" \/>\n<meta name=\"author\" content=\"Redacci\u00f3n QP\" \/>\n<meta name=\"twitter:card\" content=\"summary_large_image\" \/>\n<meta name=\"twitter:label1\" content=\"Escrito por\" \/>\n\t<meta name=\"twitter:data1\" content=\"Redacci\u00f3n QP\" \/>\n\t<meta name=\"twitter:label2\" content=\"Tiempo de lectura\" \/>\n\t<meta name=\"twitter:data2\" content=\"2 minutos\" \/>\n<script type=\"application\/ld+json\" class=\"yoast-schema-graph\">{\"@context\":\"https:\\\/\\\/schema.org\",\"@graph\":[{\"@type\":\"Article\",\"@id\":\"https:\\\/\\\/quehacerpolitico.mx\\\/?p=86876#article\",\"isPartOf\":{\"@id\":\"https:\\\/\\\/quehacerpolitico.mx\\\/?p=86876\"},\"author\":{\"name\":\"Redacci\u00f3n QP\",\"@id\":\"https:\\\/\\\/quehacerpolitico.mx\\\/#\\\/schema\\\/person\\\/496d8ad2d1d3f8036101dca7ee39e585\"},\"headline\":\"AMLO pide a gobernadores no ser &#8220;tapadera&#8221; de corrupci\u00f3n\",\"datePublished\":\"2021-11-26T16:53:28+00:00\",\"dateModified\":\"2021-11-26T16:53:31+00:00\",\"mainEntityOfPage\":{\"@id\":\"https:\\\/\\\/quehacerpolitico.mx\\\/?p=86876\"},\"wordCount\":445,\"commentCount\":0,\"image\":{\"@id\":\"https:\\\/\\\/quehacerpolitico.mx\\\/?p=86876#primaryimage\"},\"thumbnailUrl\":\"https:\\\/\\\/quehacerpolitico.mx\\\/wp-content\\\/uploads\\\/2021\\\/11\\\/BEBE91F0-121B-460B-B8CC-AA07C52A05A8.jpeg\",\"articleSection\":[\"Noticias\"],\"inLanguage\":\"es\",\"potentialAction\":[{\"@type\":\"CommentAction\",\"name\":\"Comment\",\"target\":[\"https:\\\/\\\/quehacerpolitico.mx\\\/?p=86876#respond\"]}]},{\"@type\":\"WebPage\",\"@id\":\"https:\\\/\\\/quehacerpolitico.mx\\\/?p=86876\",\"url\":\"https:\\\/\\\/quehacerpolitico.mx\\\/?p=86876\",\"name\":\"AMLO pide a gobernadores no ser \\\"tapadera\\\" de corrupci\u00f3n -\",\"isPartOf\":{\"@id\":\"https:\\\/\\\/quehacerpolitico.mx\\\/#website\"},\"primaryImageOfPage\":{\"@id\":\"https:\\\/\\\/quehacerpolitico.mx\\\/?p=86876#primaryimage\"},\"image\":{\"@id\":\"https:\\\/\\\/quehacerpolitico.mx\\\/?p=86876#primaryimage\"},\"thumbnailUrl\":\"https:\\\/\\\/quehacerpolitico.mx\\\/wp-content\\\/uploads\\\/2021\\\/11\\\/BEBE91F0-121B-460B-B8CC-AA07C52A05A8.jpeg\",\"datePublished\":\"2021-11-26T16:53:28+00:00\",\"dateModified\":\"2021-11-26T16:53:31+00:00\",\"author\":{\"@id\":\"https:\\\/\\\/quehacerpolitico.mx\\\/#\\\/schema\\\/person\\\/496d8ad2d1d3f8036101dca7ee39e585\"},\"breadcrumb\":{\"@id\":\"https:\\\/\\\/quehacerpolitico.mx\\\/?p=86876#breadcrumb\"},\"inLanguage\":\"es\",\"potentialAction\":[{\"@type\":\"ReadAction\",\"target\":[\"https:\\\/\\\/quehacerpolitico.mx\\\/?p=86876\"]}]},{\"@type\":\"ImageObject\",\"inLanguage\":\"es\",\"@id\":\"https:\\\/\\\/quehacerpolitico.mx\\\/?p=86876#primaryimage\",\"url\":\"https:\\\/\\\/quehacerpolitico.mx\\\/wp-content\\\/uploads\\\/2021\\\/11\\\/BEBE91F0-121B-460B-B8CC-AA07C52A05A8.jpeg\",\"contentUrl\":\"https:\\\/\\\/quehacerpolitico.mx\\\/wp-content\\\/uploads\\\/2021\\\/11\\\/BEBE91F0-121B-460B-B8CC-AA07C52A05A8.jpeg\",\"width\":1284,\"height\":639},{\"@type\":\"BreadcrumbList\",\"@id\":\"https:\\\/\\\/quehacerpolitico.mx\\\/?p=86876#breadcrumb\",\"itemListElement\":[{\"@type\":\"ListItem\",\"position\":1,\"name\":\"Inicio\",\"item\":\"https:\\\/\\\/quehacerpolitico.mx\\\/\"},{\"@type\":\"ListItem\",\"position\":2,\"name\":\"AMLO pide a gobernadores no ser &#8220;tapadera&#8221; de corrupci\u00f3n\"}]},{\"@type\":\"WebSite\",\"@id\":\"https:\\\/\\\/quehacerpolitico.mx\\\/#website\",\"url\":\"https:\\\/\\\/quehacerpolitico.mx\\\/\",\"name\":\"\",\"description\":\"\",\"potentialAction\":[{\"@type\":\"SearchAction\",\"target\":{\"@type\":\"EntryPoint\",\"urlTemplate\":\"https:\\\/\\\/quehacerpolitico.mx\\\/?s={search_term_string}\"},\"query-input\":{\"@type\":\"PropertyValueSpecification\",\"valueRequired\":true,\"valueName\":\"search_term_string\"}}],\"inLanguage\":\"es\"},{\"@type\":\"Person\",\"@id\":\"https:\\\/\\\/quehacerpolitico.mx\\\/#\\\/schema\\\/person\\\/496d8ad2d1d3f8036101dca7ee39e585\",\"name\":\"Redacci\u00f3n QP\",\"image\":{\"@type\":\"ImageObject\",\"inLanguage\":\"es\",\"@id\":\"https:\\\/\\\/secure.gravatar.com\\\/avatar\\\/c7164ed6fdec453195284ad24a5ae5b6e1eed2b848477fa2a4787ba9adf39a41?s=96&d=mm&r=g\",\"url\":\"https:\\\/\\\/secure.gravatar.com\\\/avatar\\\/c7164ed6fdec453195284ad24a5ae5b6e1eed2b848477fa2a4787ba9adf39a41?s=96&d=mm&r=g\",\"contentUrl\":\"https:\\\/\\\/secure.gravatar.com\\\/avatar\\\/c7164ed6fdec453195284ad24a5ae5b6e1eed2b848477fa2a4787ba9adf39a41?s=96&d=mm&r=g\",\"caption\":\"Redacci\u00f3n QP\"},\"url\":\"https:\\\/\\\/quehacerpolitico.mx\\\/?author=2\"}]}<\/script>\n<!-- \/ Yoast SEO plugin. -->","yoast_head_json":{"title":"AMLO pide a gobernadores no ser \"tapadera\" de corrupci\u00f3n -","robots":{"index":"index","follow":"follow","max-snippet":"max-snippet:-1","max-image-preview":"max-image-preview:large","max-video-preview":"max-video-preview:-1"},"canonical":"https:\/\/quehacerpolitico.mx\/?p=86876","og_locale":"es_MX","og_type":"article","og_title":"AMLO pide a gobernadores no ser \"tapadera\" de corrupci\u00f3n -","og_description":"Por Redacci\u00f3n QP &#8220;Recomiendo a los gobernadores que est\u00e1n entrando, que no sean tapadera, que...","og_url":"https:\/\/quehacerpolitico.mx\/?p=86876","article_published_time":"2021-11-26T16:53:28+00:00","article_modified_time":"2021-11-26T16:53:31+00:00","og_image":[{"width":1284,"height":639,"url":"https:\/\/quehacerpolitico.mx\/wp-content\/uploads\/2021\/11\/BEBE91F0-121B-460B-B8CC-AA07C52A05A8.jpeg","type":"image\/jpeg"}],"author":"Redacci\u00f3n QP","twitter_card":"summary_large_image","twitter_misc":{"Escrito por":"Redacci\u00f3n QP","Tiempo de lectura":"2 minutos"},"schema":{"@context":"https:\/\/schema.org","@graph":[{"@type":"Article","@id":"https:\/\/quehacerpolitico.mx\/?p=86876#article","isPartOf":{"@id":"https:\/\/quehacerpolitico.mx\/?p=86876"},"author":{"name":"Redacci\u00f3n QP","@id":"https:\/\/quehacerpolitico.mx\/#\/schema\/person\/496d8ad2d1d3f8036101dca7ee39e585"},"headline":"AMLO pide a gobernadores no ser &#8220;tapadera&#8221; de corrupci\u00f3n","datePublished":"2021-11-26T16:53:28+00:00","dateModified":"2021-11-26T16:53:31+00:00","mainEntityOfPage":{"@id":"https:\/\/quehacerpolitico.mx\/?p=86876"},"wordCount":445,"commentCount":0,"image":{"@id":"https:\/\/quehacerpolitico.mx\/?p=86876#primaryimage"},"thumbnailUrl":"https:\/\/quehacerpolitico.mx\/wp-content\/uploads\/2021\/11\/BEBE91F0-121B-460B-B8CC-AA07C52A05A8.jpeg","articleSection":["Noticias"],"inLanguage":"es","potentialAction":[{"@type":"CommentAction","name":"Comment","target":["https:\/\/quehacerpolitico.mx\/?p=86876#respond"]}]},{"@type":"WebPage","@id":"https:\/\/quehacerpolitico.mx\/?p=86876","url":"https:\/\/quehacerpolitico.mx\/?p=86876","name":"AMLO pide a gobernadores no ser \"tapadera\" de corrupci\u00f3n -","isPartOf":{"@id":"https:\/\/quehacerpolitico.mx\/#website"},"primaryImageOfPage":{"@id":"https:\/\/quehacerpolitico.mx\/?p=86876#primaryimage"},"image":{"@id":"https:\/\/quehacerpolitico.mx\/?p=86876#primaryimage"},"thumbnailUrl":"https:\/\/quehacerpolitico.mx\/wp-content\/uploads\/2021\/11\/BEBE91F0-121B-460B-B8CC-AA07C52A05A8.jpeg","datePublished":"2021-11-26T16:53:28+00:00","dateModified":"2021-11-26T16:53:31+00:00","author":{"@id":"https:\/\/quehacerpolitico.mx\/#\/schema\/person\/496d8ad2d1d3f8036101dca7ee39e585"},"breadcrumb":{"@id":"https:\/\/quehacerpolitico.mx\/?p=86876#breadcrumb"},"inLanguage":"es","potentialAction":[{"@type":"ReadAction","target":["https:\/\/quehacerpolitico.mx\/?p=86876"]}]},{"@type":"ImageObject","inLanguage":"es","@id":"https:\/\/quehacerpolitico.mx\/?p=86876#primaryimage","url":"https:\/\/quehacerpolitico.mx\/wp-content\/uploads\/2021\/11\/BEBE91F0-121B-460B-B8CC-AA07C52A05A8.jpeg","contentUrl":"https:\/\/quehacerpolitico.mx\/wp-content\/uploads\/2021\/11\/BEBE91F0-121B-460B-B8CC-AA07C52A05A8.jpeg","width":1284,"height":639},{"@type":"BreadcrumbList","@id":"https:\/\/quehacerpolitico.mx\/?p=86876#breadcrumb","itemListElement":[{"@type":"ListItem","position":1,"name":"Inicio","item":"https:\/\/quehacerpolitico.mx\/"},{"@type":"ListItem","position":2,"name":"AMLO pide a gobernadores no ser &#8220;tapadera&#8221; de corrupci\u00f3n"}]},{"@type":"WebSite","@id":"https:\/\/quehacerpolitico.mx\/#website","url":"https:\/\/quehacerpolitico.mx\/","name":"","description":"","potentialAction":[{"@type":"SearchAction","target":{"@type":"EntryPoint","urlTemplate":"https:\/\/quehacerpolitico.mx\/?s={search_term_string}"},"query-input":{"@type":"PropertyValueSpecification","valueRequired":true,"valueName":"search_term_string"}}],"inLanguage":"es"},{"@type":"Person","@id":"https:\/\/quehacerpolitico.mx\/#\/schema\/person\/496d8ad2d1d3f8036101dca7ee39e585","name":"Redacci\u00f3n QP","image":{"@type":"ImageObject","inLanguage":"es","@id":"https:\/\/secure.gravatar.com\/avatar\/c7164ed6fdec453195284ad24a5ae5b6e1eed2b848477fa2a4787ba9adf39a41?s=96&d=mm&r=g","url":"https:\/\/secure.gravatar.com\/avatar\/c7164ed6fdec453195284ad24a5ae5b6e1eed2b848477fa2a4787ba9adf39a41?s=96&d=mm&r=g","contentUrl":"https:\/\/secure.gravatar.com\/avatar\/c7164ed6fdec453195284ad24a5ae5b6e1eed2b848477fa2a4787ba9adf39a41?s=96&d=mm&r=g","caption":"Redacci\u00f3n QP"},"url":"https:\/\/quehacerpolitico.mx\/?author=2"}]}},"featured_image_urls":{"full":["https:\/\/quehacerpolitico.mx\/wp-content\/uploads\/2021\/11\/BEBE91F0-121B-460B-B8CC-AA07C52A05A8.jpeg",1284,639,false],"thumbnail":["https:\/\/quehacerpolitico.mx\/wp-content\/uploads\/2021\/11\/BEBE91F0-121B-460B-B8CC-AA07C52A05A8-150x150.jpeg",150,150,true],"medium":["https:\/\/quehacerpolitico.mx\/wp-content\/uploads\/2021\/11\/BEBE91F0-121B-460B-B8CC-AA07C52A05A8-300x149.jpeg",300,149,true],"medium_large":["https:\/\/quehacerpolitico.mx\/wp-content\/uploads\/2021\/11\/BEBE91F0-121B-460B-B8CC-AA07C52A05A8-768x382.jpeg",640,318,true],"large":["https:\/\/quehacerpolitico.mx\/wp-content\/uploads\/2021\/11\/BEBE91F0-121B-460B-B8CC-AA07C52A05A8-1024x510.jpeg",640,319,true],"1536x1536":["https:\/\/quehacerpolitico.mx\/wp-content\/uploads\/2021\/11\/BEBE91F0-121B-460B-B8CC-AA07C52A05A8.jpeg",1284,639,false],"2048x2048":["https:\/\/quehacerpolitico.mx\/wp-content\/uploads\/2021\/11\/BEBE91F0-121B-460B-B8CC-AA07C52A05A8.jpeg",1284,639,false],"covernews-featured":["https:\/\/quehacerpolitico.mx\/wp-content\/uploads\/2021\/11\/BEBE91F0-121B-460B-B8CC-AA07C52A05A8.jpeg",1024,510,false],"covernews-medium":["https:\/\/quehacerpolitico.mx\/wp-content\/uploads\/2021\/11\/BEBE91F0-121B-460B-B8CC-AA07C52A05A8.jpeg",540,269,false]},"author_info":{"display_name":"Redacci\u00f3n QP","author_link":"https:\/\/quehacerpolitico.mx\/?author=2"},"category_info":"<a href=\"https:\/\/quehacerpolitico.mx\/?cat=2\" rel=\"category\">Noticias<\/a>","tag_info":"Noticias","comment_count":"0","_links":{"self":[{"href":"https:\/\/quehacerpolitico.mx\/index.php?rest_route=\/wp\/v2\/posts\/86876","targetHints":{"allow":["GET"]}}],"collection":[{"href":"https:\/\/quehacerpolitico.mx\/index.php?rest_route=\/wp\/v2\/posts"}],"about":[{"href":"https:\/\/quehacerpolitico.mx\/index.php?rest_route=\/wp\/v2\/types\/post"}],"author":[{"embeddable":true,"href":"https:\/\/quehacerpolitico.mx\/index.php?rest_route=\/wp\/v2\/users\/2"}],"replies":[{"embeddable":true,"href":"https:\/\/quehacerpolitico.mx\/index.php?rest_route=%2Fwp%2Fv2%2Fcomments&post=86876"}],"version-history":[{"count":1,"href":"https:\/\/quehacerpolitico.mx\/index.php?rest_route=\/wp\/v2\/posts\/86876\/revisions"}],"predecessor-version":[{"id":86878,"href":"https:\/\/quehacerpolitico.mx\/index.php?rest_route=\/wp\/v2\/posts\/86876\/revisions\/86878"}],"wp:featuredmedia":[{"embeddable":true,"href":"https:\/\/quehacerpolitico.mx\/index.php?rest_route=\/wp\/v2\/media\/86877"}],"wp:attachment":[{"href":"https:\/\/quehacerpolitico.mx\/index.php?rest_route=%2Fwp%2Fv2%2Fmedia&parent=86876"}],"wp:term":[{"taxonomy":"category","embeddable":true,"href":"https:\/\/quehacerpolitico.mx\/index.php?rest_route=%2Fwp%2Fv2%2Fcategories&post=86876"},{"taxonomy":"post_tag","embeddable":true,"href":"https:\/\/quehacerpolitico.mx\/index.php?rest_route=%2Fwp%2Fv2%2Ftags&post=86876"}],"curies":[{"name":"wp","href":"https:\/\/api.w.org\/{rel}","templated":true}]}}