{"id":86864,"date":"2021-11-25T16:43:11","date_gmt":"2021-11-25T16:43:11","guid":{"rendered":"https:\/\/quehacerpolitico.mx\/?p=86864"},"modified":"2021-11-25T16:43:15","modified_gmt":"2021-11-25T16:43:15","slug":"amlo-asegura-en-zacatecas-que-vamos-a-seguir-apoyando-con-todo-no-estan-solos","status":"publish","type":"post","link":"https:\/\/quehacerpolitico.mx\/?p=86864","title":{"rendered":"AMLO asegura en zacatecas que &#8220;vamos a seguir apoyando con todo, no est\u00e1n solos&#8221;"},"content":{"rendered":"\n<p>Por Redacci\u00f3n QP<\/p>\n\n\n\n<p>AMLO destaca\u00a0que el plan de apoyo a Zacatecas\u00a0contempla el env\u00edo de elementos de la Guardia Nacional para reforzar la seguridad<\/p>\n\n\n\n<p>El Presidente\u00a0Andres Manuel L\u00f3pez Obrador (AMLO) asegur\u00f3 que la poblaci\u00f3n de\u00a0Zacatecas y el gobernador de la entidad, David Monreal, no est\u00e1n solos ante la ola de violencia que azota al estado y se\u00f1al\u00f3 que\u00a0&#8220;no est\u00e1n solos&#8221; y &#8220;vamos a apoyar con todo&#8221;.<\/p>\n\n\n\n<p>AMLO destac\u00f3, durante su conferencia de prensa &#8220;ma\u00f1anera&#8221;\u00a0desde las instalaciones del 52 Batall\u00f3n de Infanter\u00eda, que el\u00a0plan de apoyo a la entidad contempla el env\u00edo de elementos de la Guardia Nacional para reforzar la seguridad.<\/p>\n\n\n\n<figure class=\"wp-block-embed is-type-rich is-provider-twitter wp-block-embed-twitter\"><div class=\"wp-block-embed__wrapper\">\n<blockquote class=\"twitter-tweet\" data-width=\"550\" data-dnt=\"true\"><p lang=\"es\" dir=\"ltr\">Tras la ola de violencia que se ha vivido las \u00faltimas semanas en Zacatecas, el presidente <a href=\"https:\/\/twitter.com\/lopezobrador_?ref_src=twsrc%5Etfw\">@lopezobrador_<\/a> da su conferencia ma\u00f1anera desde ah\u00ed para decirles \u00a1No est\u00e1n solos! <a href=\"https:\/\/t.co\/2Zyt7PFHEu\">pic.twitter.com\/2Zyt7PFHEu<\/a><\/p>&mdash; Ruido en la Red (@RuidoEnLaRed) <a href=\"https:\/\/twitter.com\/RuidoEnLaRed\/status\/1463863150764343298?ref_src=twsrc%5Etfw\">November 25, 2021<\/a><\/blockquote><script async src=\"https:\/\/platform.twitter.com\/widgets.js\" charset=\"utf-8\"><\/script>\n<\/div><\/figure>\n\n\n\n<p>&#8220;Como lo expresamos anoche,\u00a0<strong>vamos a seguir apoyando con todo<\/strong>, con nuestra solidaridad, con recursos, con elementos de la Guardia Nacional, con todo lo que se necesite, se va a seguir apoyando a Zacatecas,\u00a0<strong>no est\u00e1n solos los zacatecanos<\/strong>, cuentan con el apoyo del\u00a0Gobierno Federal\u00a0y lo mismo podemos decir en cuanto al apoyo al gobernador de Zacatecas, a David Monreal \u00c1vila, todo nuestro respaldo&#8221;, dijo el Presidente L\u00f3pez Obrador.<\/p>\n\n\n\n<h2 class=\"wp-block-heading\">Tras violencia, despliegan militares y helic\u00f3pteros en Zacatecas<\/h2>\n\n\n\n<p>Ayer mi\u00e9rcoles por la noche, el Gobierno federal, en nombre del general Luis Cresencio Sandoval, secretario de la Defensa Nacional (Sedena), anunci\u00f3 el\u00a0<strong>fortalecimiento de la seguridad en la entidad<\/strong>, por lo que se enviar\u00e1n a 460 elementos, que, sumando los elementos ya desplegados, sumar\u00e1n 3 mil 848 elementos federales, as\u00ed como tres helic\u00f3pteros artillados.<\/p>\n\n\n\n<p>Con Informaci\u00f3n de SUN <\/p>\n","protected":false},"excerpt":{"rendered":"<p>Por Redacci\u00f3n QP AMLO destaca\u00a0que el plan de apoyo a Zacatecas\u00a0contempla el env\u00edo de elementos&#8230;<\/p>\n","protected":false},"author":2,"featured_media":86865,"comment_status":"open","ping_status":"open","sticky":false,"template":"","format":"standard","meta":{"_monsterinsights_skip_tracking":false,"_monsterinsights_sitenote_active":false,"_monsterinsights_sitenote_note":"","_monsterinsights_sitenote_category":0,"footnotes":""},"categories":[2],"tags":[],"class_list":["post-86864","post","type-post","status-publish","format-standard","has-post-thumbnail","hentry","category-noticias"],"yoast_head":"<!-- This site is optimized with the Yoast SEO plugin v27.3 - https:\/\/yoast.com\/product\/yoast-seo-wordpress\/ -->\n<title>AMLO asegura en zacatecas que &quot;vamos a seguir apoyando con todo, no est\u00e1n solos&quot; -<\/title>\n<meta name=\"robots\" content=\"index, follow, max-snippet:-1, max-image-preview:large, max-video-preview:-1\" \/>\n<link rel=\"canonical\" href=\"https:\/\/quehacerpolitico.mx\/?p=86864\" \/>\n<meta property=\"og:locale\" content=\"es_MX\" \/>\n<meta property=\"og:type\" content=\"article\" \/>\n<meta property=\"og:title\" content=\"AMLO asegura en zacatecas que &quot;vamos a seguir apoyando con todo, no est\u00e1n solos&quot; -\" \/>\n<meta property=\"og:description\" content=\"Por Redacci\u00f3n QP AMLO destaca\u00a0que el plan de apoyo a Zacatecas\u00a0contempla el env\u00edo de elementos...\" \/>\n<meta property=\"og:url\" content=\"https:\/\/quehacerpolitico.mx\/?p=86864\" \/>\n<meta property=\"article:published_time\" content=\"2021-11-25T16:43:11+00:00\" \/>\n<meta property=\"article:modified_time\" content=\"2021-11-25T16:43:15+00:00\" \/>\n<meta property=\"og:image\" content=\"https:\/\/quehacerpolitico.mx\/wp-content\/uploads\/2021\/11\/0286323E-566C-4E71-B1FB-92AEA209C562.jpeg\" \/>\n\t<meta property=\"og:image:width\" content=\"1284\" \/>\n\t<meta property=\"og:image:height\" content=\"651\" \/>\n\t<meta property=\"og:image:type\" content=\"image\/jpeg\" \/>\n<meta name=\"author\" content=\"Redacci\u00f3n QP\" \/>\n<meta name=\"twitter:card\" content=\"summary_large_image\" \/>\n<meta name=\"twitter:label1\" content=\"Escrito por\" \/>\n\t<meta name=\"twitter:data1\" content=\"Redacci\u00f3n QP\" \/>\n\t<meta name=\"twitter:label2\" content=\"Tiempo de lectura\" \/>\n\t<meta name=\"twitter:data2\" content=\"1 minuto\" \/>\n<script type=\"application\/ld+json\" class=\"yoast-schema-graph\">{\"@context\":\"https:\\\/\\\/schema.org\",\"@graph\":[{\"@type\":\"Article\",\"@id\":\"https:\\\/\\\/quehacerpolitico.mx\\\/?p=86864#article\",\"isPartOf\":{\"@id\":\"https:\\\/\\\/quehacerpolitico.mx\\\/?p=86864\"},\"author\":{\"name\":\"Redacci\u00f3n QP\",\"@id\":\"https:\\\/\\\/quehacerpolitico.mx\\\/#\\\/schema\\\/person\\\/496d8ad2d1d3f8036101dca7ee39e585\"},\"headline\":\"AMLO asegura en zacatecas que &#8220;vamos a seguir apoyando con todo, no est\u00e1n solos&#8221;\",\"datePublished\":\"2021-11-25T16:43:11+00:00\",\"dateModified\":\"2021-11-25T16:43:15+00:00\",\"mainEntityOfPage\":{\"@id\":\"https:\\\/\\\/quehacerpolitico.mx\\\/?p=86864\"},\"wordCount\":281,\"commentCount\":0,\"image\":{\"@id\":\"https:\\\/\\\/quehacerpolitico.mx\\\/?p=86864#primaryimage\"},\"thumbnailUrl\":\"https:\\\/\\\/quehacerpolitico.mx\\\/wp-content\\\/uploads\\\/2021\\\/11\\\/0286323E-566C-4E71-B1FB-92AEA209C562.jpeg\",\"articleSection\":[\"Noticias\"],\"inLanguage\":\"es\",\"potentialAction\":[{\"@type\":\"CommentAction\",\"name\":\"Comment\",\"target\":[\"https:\\\/\\\/quehacerpolitico.mx\\\/?p=86864#respond\"]}]},{\"@type\":\"WebPage\",\"@id\":\"https:\\\/\\\/quehacerpolitico.mx\\\/?p=86864\",\"url\":\"https:\\\/\\\/quehacerpolitico.mx\\\/?p=86864\",\"name\":\"AMLO asegura en zacatecas que \\\"vamos a seguir apoyando con todo, no est\u00e1n solos\\\" -\",\"isPartOf\":{\"@id\":\"https:\\\/\\\/quehacerpolitico.mx\\\/#website\"},\"primaryImageOfPage\":{\"@id\":\"https:\\\/\\\/quehacerpolitico.mx\\\/?p=86864#primaryimage\"},\"image\":{\"@id\":\"https:\\\/\\\/quehacerpolitico.mx\\\/?p=86864#primaryimage\"},\"thumbnailUrl\":\"https:\\\/\\\/quehacerpolitico.mx\\\/wp-content\\\/uploads\\\/2021\\\/11\\\/0286323E-566C-4E71-B1FB-92AEA209C562.jpeg\",\"datePublished\":\"2021-11-25T16:43:11+00:00\",\"dateModified\":\"2021-11-25T16:43:15+00:00\",\"author\":{\"@id\":\"https:\\\/\\\/quehacerpolitico.mx\\\/#\\\/schema\\\/person\\\/496d8ad2d1d3f8036101dca7ee39e585\"},\"breadcrumb\":{\"@id\":\"https:\\\/\\\/quehacerpolitico.mx\\\/?p=86864#breadcrumb\"},\"inLanguage\":\"es\",\"potentialAction\":[{\"@type\":\"ReadAction\",\"target\":[\"https:\\\/\\\/quehacerpolitico.mx\\\/?p=86864\"]}]},{\"@type\":\"ImageObject\",\"inLanguage\":\"es\",\"@id\":\"https:\\\/\\\/quehacerpolitico.mx\\\/?p=86864#primaryimage\",\"url\":\"https:\\\/\\\/quehacerpolitico.mx\\\/wp-content\\\/uploads\\\/2021\\\/11\\\/0286323E-566C-4E71-B1FB-92AEA209C562.jpeg\",\"contentUrl\":\"https:\\\/\\\/quehacerpolitico.mx\\\/wp-content\\\/uploads\\\/2021\\\/11\\\/0286323E-566C-4E71-B1FB-92AEA209C562.jpeg\",\"width\":1284,\"height\":651},{\"@type\":\"BreadcrumbList\",\"@id\":\"https:\\\/\\\/quehacerpolitico.mx\\\/?p=86864#breadcrumb\",\"itemListElement\":[{\"@type\":\"ListItem\",\"position\":1,\"name\":\"Inicio\",\"item\":\"https:\\\/\\\/quehacerpolitico.mx\\\/\"},{\"@type\":\"ListItem\",\"position\":2,\"name\":\"AMLO asegura en zacatecas que &#8220;vamos a seguir apoyando con todo, no est\u00e1n solos&#8221;\"}]},{\"@type\":\"WebSite\",\"@id\":\"https:\\\/\\\/quehacerpolitico.mx\\\/#website\",\"url\":\"https:\\\/\\\/quehacerpolitico.mx\\\/\",\"name\":\"\",\"description\":\"\",\"potentialAction\":[{\"@type\":\"SearchAction\",\"target\":{\"@type\":\"EntryPoint\",\"urlTemplate\":\"https:\\\/\\\/quehacerpolitico.mx\\\/?s={search_term_string}\"},\"query-input\":{\"@type\":\"PropertyValueSpecification\",\"valueRequired\":true,\"valueName\":\"search_term_string\"}}],\"inLanguage\":\"es\"},{\"@type\":\"Person\",\"@id\":\"https:\\\/\\\/quehacerpolitico.mx\\\/#\\\/schema\\\/person\\\/496d8ad2d1d3f8036101dca7ee39e585\",\"name\":\"Redacci\u00f3n QP\",\"image\":{\"@type\":\"ImageObject\",\"inLanguage\":\"es\",\"@id\":\"https:\\\/\\\/secure.gravatar.com\\\/avatar\\\/c7164ed6fdec453195284ad24a5ae5b6e1eed2b848477fa2a4787ba9adf39a41?s=96&d=mm&r=g\",\"url\":\"https:\\\/\\\/secure.gravatar.com\\\/avatar\\\/c7164ed6fdec453195284ad24a5ae5b6e1eed2b848477fa2a4787ba9adf39a41?s=96&d=mm&r=g\",\"contentUrl\":\"https:\\\/\\\/secure.gravatar.com\\\/avatar\\\/c7164ed6fdec453195284ad24a5ae5b6e1eed2b848477fa2a4787ba9adf39a41?s=96&d=mm&r=g\",\"caption\":\"Redacci\u00f3n QP\"},\"url\":\"https:\\\/\\\/quehacerpolitico.mx\\\/?author=2\"}]}<\/script>\n<!-- \/ Yoast SEO plugin. -->","yoast_head_json":{"title":"AMLO asegura en zacatecas que \"vamos a seguir apoyando con todo, no est\u00e1n solos\" -","robots":{"index":"index","follow":"follow","max-snippet":"max-snippet:-1","max-image-preview":"max-image-preview:large","max-video-preview":"max-video-preview:-1"},"canonical":"https:\/\/quehacerpolitico.mx\/?p=86864","og_locale":"es_MX","og_type":"article","og_title":"AMLO asegura en zacatecas que \"vamos a seguir apoyando con todo, no est\u00e1n solos\" -","og_description":"Por Redacci\u00f3n QP AMLO destaca\u00a0que el plan de apoyo a Zacatecas\u00a0contempla el env\u00edo de elementos...","og_url":"https:\/\/quehacerpolitico.mx\/?p=86864","article_published_time":"2021-11-25T16:43:11+00:00","article_modified_time":"2021-11-25T16:43:15+00:00","og_image":[{"width":1284,"height":651,"url":"https:\/\/quehacerpolitico.mx\/wp-content\/uploads\/2021\/11\/0286323E-566C-4E71-B1FB-92AEA209C562.jpeg","type":"image\/jpeg"}],"author":"Redacci\u00f3n QP","twitter_card":"summary_large_image","twitter_misc":{"Escrito por":"Redacci\u00f3n QP","Tiempo de lectura":"1 minuto"},"schema":{"@context":"https:\/\/schema.org","@graph":[{"@type":"Article","@id":"https:\/\/quehacerpolitico.mx\/?p=86864#article","isPartOf":{"@id":"https:\/\/quehacerpolitico.mx\/?p=86864"},"author":{"name":"Redacci\u00f3n QP","@id":"https:\/\/quehacerpolitico.mx\/#\/schema\/person\/496d8ad2d1d3f8036101dca7ee39e585"},"headline":"AMLO asegura en zacatecas que &#8220;vamos a seguir apoyando con todo, no est\u00e1n solos&#8221;","datePublished":"2021-11-25T16:43:11+00:00","dateModified":"2021-11-25T16:43:15+00:00","mainEntityOfPage":{"@id":"https:\/\/quehacerpolitico.mx\/?p=86864"},"wordCount":281,"commentCount":0,"image":{"@id":"https:\/\/quehacerpolitico.mx\/?p=86864#primaryimage"},"thumbnailUrl":"https:\/\/quehacerpolitico.mx\/wp-content\/uploads\/2021\/11\/0286323E-566C-4E71-B1FB-92AEA209C562.jpeg","articleSection":["Noticias"],"inLanguage":"es","potentialAction":[{"@type":"CommentAction","name":"Comment","target":["https:\/\/quehacerpolitico.mx\/?p=86864#respond"]}]},{"@type":"WebPage","@id":"https:\/\/quehacerpolitico.mx\/?p=86864","url":"https:\/\/quehacerpolitico.mx\/?p=86864","name":"AMLO asegura en zacatecas que \"vamos a seguir apoyando con todo, no est\u00e1n solos\" -","isPartOf":{"@id":"https:\/\/quehacerpolitico.mx\/#website"},"primaryImageOfPage":{"@id":"https:\/\/quehacerpolitico.mx\/?p=86864#primaryimage"},"image":{"@id":"https:\/\/quehacerpolitico.mx\/?p=86864#primaryimage"},"thumbnailUrl":"https:\/\/quehacerpolitico.mx\/wp-content\/uploads\/2021\/11\/0286323E-566C-4E71-B1FB-92AEA209C562.jpeg","datePublished":"2021-11-25T16:43:11+00:00","dateModified":"2021-11-25T16:43:15+00:00","author":{"@id":"https:\/\/quehacerpolitico.mx\/#\/schema\/person\/496d8ad2d1d3f8036101dca7ee39e585"},"breadcrumb":{"@id":"https:\/\/quehacerpolitico.mx\/?p=86864#breadcrumb"},"inLanguage":"es","potentialAction":[{"@type":"ReadAction","target":["https:\/\/quehacerpolitico.mx\/?p=86864"]}]},{"@type":"ImageObject","inLanguage":"es","@id":"https:\/\/quehacerpolitico.mx\/?p=86864#primaryimage","url":"https:\/\/quehacerpolitico.mx\/wp-content\/uploads\/2021\/11\/0286323E-566C-4E71-B1FB-92AEA209C562.jpeg","contentUrl":"https:\/\/quehacerpolitico.mx\/wp-content\/uploads\/2021\/11\/0286323E-566C-4E71-B1FB-92AEA209C562.jpeg","width":1284,"height":651},{"@type":"BreadcrumbList","@id":"https:\/\/quehacerpolitico.mx\/?p=86864#breadcrumb","itemListElement":[{"@type":"ListItem","position":1,"name":"Inicio","item":"https:\/\/quehacerpolitico.mx\/"},{"@type":"ListItem","position":2,"name":"AMLO asegura en zacatecas que &#8220;vamos a seguir apoyando con todo, no est\u00e1n solos&#8221;"}]},{"@type":"WebSite","@id":"https:\/\/quehacerpolitico.mx\/#website","url":"https:\/\/quehacerpolitico.mx\/","name":"","description":"","potentialAction":[{"@type":"SearchAction","target":{"@type":"EntryPoint","urlTemplate":"https:\/\/quehacerpolitico.mx\/?s={search_term_string}"},"query-input":{"@type":"PropertyValueSpecification","valueRequired":true,"valueName":"search_term_string"}}],"inLanguage":"es"},{"@type":"Person","@id":"https:\/\/quehacerpolitico.mx\/#\/schema\/person\/496d8ad2d1d3f8036101dca7ee39e585","name":"Redacci\u00f3n QP","image":{"@type":"ImageObject","inLanguage":"es","@id":"https:\/\/secure.gravatar.com\/avatar\/c7164ed6fdec453195284ad24a5ae5b6e1eed2b848477fa2a4787ba9adf39a41?s=96&d=mm&r=g","url":"https:\/\/secure.gravatar.com\/avatar\/c7164ed6fdec453195284ad24a5ae5b6e1eed2b848477fa2a4787ba9adf39a41?s=96&d=mm&r=g","contentUrl":"https:\/\/secure.gravatar.com\/avatar\/c7164ed6fdec453195284ad24a5ae5b6e1eed2b848477fa2a4787ba9adf39a41?s=96&d=mm&r=g","caption":"Redacci\u00f3n QP"},"url":"https:\/\/quehacerpolitico.mx\/?author=2"}]}},"featured_image_urls":{"full":["https:\/\/quehacerpolitico.mx\/wp-content\/uploads\/2021\/11\/0286323E-566C-4E71-B1FB-92AEA209C562.jpeg",1284,651,false],"thumbnail":["https:\/\/quehacerpolitico.mx\/wp-content\/uploads\/2021\/11\/0286323E-566C-4E71-B1FB-92AEA209C562-150x150.jpeg",150,150,true],"medium":["https:\/\/quehacerpolitico.mx\/wp-content\/uploads\/2021\/11\/0286323E-566C-4E71-B1FB-92AEA209C562-300x152.jpeg",300,152,true],"medium_large":["https:\/\/quehacerpolitico.mx\/wp-content\/uploads\/2021\/11\/0286323E-566C-4E71-B1FB-92AEA209C562-768x389.jpeg",640,324,true],"large":["https:\/\/quehacerpolitico.mx\/wp-content\/uploads\/2021\/11\/0286323E-566C-4E71-B1FB-92AEA209C562-1024x519.jpeg",640,324,true],"1536x1536":["https:\/\/quehacerpolitico.mx\/wp-content\/uploads\/2021\/11\/0286323E-566C-4E71-B1FB-92AEA209C562.jpeg",1284,651,false],"2048x2048":["https:\/\/quehacerpolitico.mx\/wp-content\/uploads\/2021\/11\/0286323E-566C-4E71-B1FB-92AEA209C562.jpeg",1284,651,false],"covernews-featured":["https:\/\/quehacerpolitico.mx\/wp-content\/uploads\/2021\/11\/0286323E-566C-4E71-B1FB-92AEA209C562.jpeg",1024,519,false],"covernews-medium":["https:\/\/quehacerpolitico.mx\/wp-content\/uploads\/2021\/11\/0286323E-566C-4E71-B1FB-92AEA209C562.jpeg",540,274,false]},"author_info":{"display_name":"Redacci\u00f3n QP","author_link":"https:\/\/quehacerpolitico.mx\/?author=2"},"category_info":"<a href=\"https:\/\/quehacerpolitico.mx\/?cat=2\" rel=\"category\">Noticias<\/a>","tag_info":"Noticias","comment_count":"0","_links":{"self":[{"href":"https:\/\/quehacerpolitico.mx\/index.php?rest_route=\/wp\/v2\/posts\/86864","targetHints":{"allow":["GET"]}}],"collection":[{"href":"https:\/\/quehacerpolitico.mx\/index.php?rest_route=\/wp\/v2\/posts"}],"about":[{"href":"https:\/\/quehacerpolitico.mx\/index.php?rest_route=\/wp\/v2\/types\/post"}],"author":[{"embeddable":true,"href":"https:\/\/quehacerpolitico.mx\/index.php?rest_route=\/wp\/v2\/users\/2"}],"replies":[{"embeddable":true,"href":"https:\/\/quehacerpolitico.mx\/index.php?rest_route=%2Fwp%2Fv2%2Fcomments&post=86864"}],"version-history":[{"count":1,"href":"https:\/\/quehacerpolitico.mx\/index.php?rest_route=\/wp\/v2\/posts\/86864\/revisions"}],"predecessor-version":[{"id":86866,"href":"https:\/\/quehacerpolitico.mx\/index.php?rest_route=\/wp\/v2\/posts\/86864\/revisions\/86866"}],"wp:featuredmedia":[{"embeddable":true,"href":"https:\/\/quehacerpolitico.mx\/index.php?rest_route=\/wp\/v2\/media\/86865"}],"wp:attachment":[{"href":"https:\/\/quehacerpolitico.mx\/index.php?rest_route=%2Fwp%2Fv2%2Fmedia&parent=86864"}],"wp:term":[{"taxonomy":"category","embeddable":true,"href":"https:\/\/quehacerpolitico.mx\/index.php?rest_route=%2Fwp%2Fv2%2Fcategories&post=86864"},{"taxonomy":"post_tag","embeddable":true,"href":"https:\/\/quehacerpolitico.mx\/index.php?rest_route=%2Fwp%2Fv2%2Ftags&post=86864"}],"curies":[{"name":"wp","href":"https:\/\/api.w.org\/{rel}","templated":true}]}}