{"id":8684,"date":"2018-11-07T23:11:20","date_gmt":"2018-11-07T23:11:20","guid":{"rendered":"http:\/\/quehacerpolitico.mx\/indirecta-para-amlo-gortari-alerto-que-se-vive-un-momento-maquiavelico\/"},"modified":"2018-11-07T23:11:20","modified_gmt":"2018-11-07T23:11:20","slug":"indirecta-para-amlo-gortari-alerto-que-se-vive-un-momento-maquiavelico","status":"publish","type":"post","link":"https:\/\/quehacerpolitico.mx\/?p=8684","title":{"rendered":"\u00bfIndirecta para AMLO? Gortari \u2018alert\u00f3\u2019 que se vive un momento maquiav\u00e9lico"},"content":{"rendered":"<h2 class=\"genTitle\">\u00bfIndirecta para AMLO? Gortari \u2018alert\u00f3\u2019 que se vive un momento maquiav\u00e9lico<\/h2>\n<p>Por Redacci\u00f3n QP<\/p>\n<p>El ex presidente de M\u00e9xico, <strong>Carlos Salinas de Gortari,<\/strong>afirm\u00f3 que estamos en un momento maquiav\u00e9lico, <strong>porque la Rep\u00fablica est\u00e1 ante un gran riesgo, \u201cel de renacer o el de desaparecer\u201d.<\/strong><\/p>\n<p>Salinas de <strong>Gortari<\/strong> dijo que a pesar de que muchos gobernantes y pol\u00edticos han le\u00eddo esta obra, pocos la han entendido.<\/p>\n<p>El ex presidente quien gobern\u00f3 de 1988 a 1994, realiz\u00f3 las declaraciones en el marco de un foro que se realiz\u00f3 en el Instituto Mexicano para la Justicia (<strong>IMJUS<\/strong>).<\/p>\n<p>Sin decir el nombre del presidente electo, <strong>Andr\u00e9s Manuel L\u00f3pez Obrador<\/strong>, afirm\u00f3 que: \u201cla paradoja est\u00e1 precisamente en lo que dice Maquiavelo: Un hombre que est\u00e1 acostumbrado a actuar de una manera, no cambia nunca\u201d.<\/p>\n<p>Durante la ponencia titulada <strong>\u2018Realismo e idealismo en Maquiavelo\u2019<\/strong>, expres\u00f3 que \u201cel riesgo es alto para la Rep\u00fablica si las circunstancias cambian y el gobernante no cambia su forma de proceder, porque las Rep\u00fablicas tambi\u00e9n perecen\u201d.<\/p>\n<p>La ponencia se realiz\u00f3 a 500 a\u00f1os de la primera publicaci\u00f3n de <strong>El Pr\u00edncipe, de Nicol\u00e1s Maquiavelo<\/strong>.<\/p>\n<p><iframe loading=\"lazy\" title=\"No soy un riesgo para M\u00e9xico, puedo serlo para los corruptos: AMLO\" width=\"640\" height=\"360\" src=\"https:\/\/www.youtube.com\/embed\/NWyAf2DfwdE?feature=oembed\" frameborder=\"0\" allow=\"accelerometer; autoplay; clipboard-write; encrypted-media; gyroscope; picture-in-picture; web-share\" referrerpolicy=\"strict-origin-when-cross-origin\" allowfullscreen><\/iframe><\/p>\n","protected":false},"excerpt":{"rendered":"<p>\u00bfIndirecta para AMLO? Gortari \u2018alert\u00f3\u2019 que se vive un momento maquiav\u00e9lico<br \/>\nPor Redacci\u00f3n QP<\/p>\n","protected":false},"author":2,"featured_media":8683,"comment_status":"open","ping_status":"open","sticky":false,"template":"","format":"standard","meta":{"_monsterinsights_skip_tracking":false,"_monsterinsights_sitenote_active":false,"_monsterinsights_sitenote_note":"","_monsterinsights_sitenote_category":0,"footnotes":""},"categories":[2],"tags":[],"class_list":["post-8684","post","type-post","status-publish","format-standard","has-post-thumbnail","hentry","category-noticias"],"yoast_head":"<!-- This site is optimized with the Yoast SEO plugin v27.3 - https:\/\/yoast.com\/product\/yoast-seo-wordpress\/ -->\n<title>\u00bfIndirecta para AMLO? Gortari \u2018alert\u00f3\u2019 que se vive un momento maquiav\u00e9lico -<\/title>\n<meta name=\"robots\" content=\"index, follow, max-snippet:-1, max-image-preview:large, max-video-preview:-1\" \/>\n<link rel=\"canonical\" href=\"https:\/\/quehacerpolitico.mx\/?p=8684\" \/>\n<meta property=\"og:locale\" content=\"es_MX\" \/>\n<meta property=\"og:type\" content=\"article\" \/>\n<meta property=\"og:title\" content=\"\u00bfIndirecta para AMLO? Gortari \u2018alert\u00f3\u2019 que se vive un momento maquiav\u00e9lico -\" \/>\n<meta property=\"og:description\" content=\"\u00bfIndirecta para AMLO? Gortari \u2018alert\u00f3\u2019 que se vive un momento maquiav\u00e9lico Por Redacci\u00f3n QP\" \/>\n<meta property=\"og:url\" content=\"https:\/\/quehacerpolitico.mx\/?p=8684\" \/>\n<meta property=\"article:published_time\" content=\"2018-11-07T23:11:20+00:00\" \/>\n<meta name=\"author\" content=\"Redacci\u00f3n QP\" \/>\n<meta name=\"twitter:card\" content=\"summary_large_image\" \/>\n<meta name=\"twitter:label1\" content=\"Escrito por\" \/>\n\t<meta name=\"twitter:data1\" content=\"Redacci\u00f3n QP\" \/>\n\t<meta name=\"twitter:label2\" content=\"Tiempo de lectura\" \/>\n\t<meta name=\"twitter:data2\" content=\"1 minuto\" \/>\n<script type=\"application\/ld+json\" class=\"yoast-schema-graph\">{\"@context\":\"https:\\\/\\\/schema.org\",\"@graph\":[{\"@type\":\"Article\",\"@id\":\"https:\\\/\\\/quehacerpolitico.mx\\\/?p=8684#article\",\"isPartOf\":{\"@id\":\"https:\\\/\\\/quehacerpolitico.mx\\\/?p=8684\"},\"author\":{\"name\":\"Redacci\u00f3n QP\",\"@id\":\"https:\\\/\\\/quehacerpolitico.mx\\\/#\\\/schema\\\/person\\\/496d8ad2d1d3f8036101dca7ee39e585\"},\"headline\":\"\u00bfIndirecta para AMLO? Gortari \u2018alert\u00f3\u2019 que se vive un momento maquiav\u00e9lico\",\"datePublished\":\"2018-11-07T23:11:20+00:00\",\"mainEntityOfPage\":{\"@id\":\"https:\\\/\\\/quehacerpolitico.mx\\\/?p=8684\"},\"wordCount\":213,\"commentCount\":0,\"image\":{\"@id\":\"https:\\\/\\\/quehacerpolitico.mx\\\/?p=8684#primaryimage\"},\"thumbnailUrl\":\"\",\"articleSection\":[\"Noticias\"],\"inLanguage\":\"es\",\"potentialAction\":[{\"@type\":\"CommentAction\",\"name\":\"Comment\",\"target\":[\"https:\\\/\\\/quehacerpolitico.mx\\\/?p=8684#respond\"]}]},{\"@type\":\"WebPage\",\"@id\":\"https:\\\/\\\/quehacerpolitico.mx\\\/?p=8684\",\"url\":\"https:\\\/\\\/quehacerpolitico.mx\\\/?p=8684\",\"name\":\"\u00bfIndirecta para AMLO? Gortari \u2018alert\u00f3\u2019 que se vive un momento maquiav\u00e9lico -\",\"isPartOf\":{\"@id\":\"https:\\\/\\\/quehacerpolitico.mx\\\/#website\"},\"primaryImageOfPage\":{\"@id\":\"https:\\\/\\\/quehacerpolitico.mx\\\/?p=8684#primaryimage\"},\"image\":{\"@id\":\"https:\\\/\\\/quehacerpolitico.mx\\\/?p=8684#primaryimage\"},\"thumbnailUrl\":\"\",\"datePublished\":\"2018-11-07T23:11:20+00:00\",\"author\":{\"@id\":\"https:\\\/\\\/quehacerpolitico.mx\\\/#\\\/schema\\\/person\\\/496d8ad2d1d3f8036101dca7ee39e585\"},\"breadcrumb\":{\"@id\":\"https:\\\/\\\/quehacerpolitico.mx\\\/?p=8684#breadcrumb\"},\"inLanguage\":\"es\",\"potentialAction\":[{\"@type\":\"ReadAction\",\"target\":[\"https:\\\/\\\/quehacerpolitico.mx\\\/?p=8684\"]}]},{\"@type\":\"ImageObject\",\"inLanguage\":\"es\",\"@id\":\"https:\\\/\\\/quehacerpolitico.mx\\\/?p=8684#primaryimage\",\"url\":\"\",\"contentUrl\":\"\"},{\"@type\":\"BreadcrumbList\",\"@id\":\"https:\\\/\\\/quehacerpolitico.mx\\\/?p=8684#breadcrumb\",\"itemListElement\":[{\"@type\":\"ListItem\",\"position\":1,\"name\":\"Inicio\",\"item\":\"https:\\\/\\\/quehacerpolitico.mx\\\/\"},{\"@type\":\"ListItem\",\"position\":2,\"name\":\"\u00bfIndirecta para AMLO? Gortari \u2018alert\u00f3\u2019 que se vive un momento maquiav\u00e9lico\"}]},{\"@type\":\"WebSite\",\"@id\":\"https:\\\/\\\/quehacerpolitico.mx\\\/#website\",\"url\":\"https:\\\/\\\/quehacerpolitico.mx\\\/\",\"name\":\"\",\"description\":\"\",\"potentialAction\":[{\"@type\":\"SearchAction\",\"target\":{\"@type\":\"EntryPoint\",\"urlTemplate\":\"https:\\\/\\\/quehacerpolitico.mx\\\/?s={search_term_string}\"},\"query-input\":{\"@type\":\"PropertyValueSpecification\",\"valueRequired\":true,\"valueName\":\"search_term_string\"}}],\"inLanguage\":\"es\"},{\"@type\":\"Person\",\"@id\":\"https:\\\/\\\/quehacerpolitico.mx\\\/#\\\/schema\\\/person\\\/496d8ad2d1d3f8036101dca7ee39e585\",\"name\":\"Redacci\u00f3n QP\",\"image\":{\"@type\":\"ImageObject\",\"inLanguage\":\"es\",\"@id\":\"https:\\\/\\\/secure.gravatar.com\\\/avatar\\\/c7164ed6fdec453195284ad24a5ae5b6e1eed2b848477fa2a4787ba9adf39a41?s=96&d=mm&r=g\",\"url\":\"https:\\\/\\\/secure.gravatar.com\\\/avatar\\\/c7164ed6fdec453195284ad24a5ae5b6e1eed2b848477fa2a4787ba9adf39a41?s=96&d=mm&r=g\",\"contentUrl\":\"https:\\\/\\\/secure.gravatar.com\\\/avatar\\\/c7164ed6fdec453195284ad24a5ae5b6e1eed2b848477fa2a4787ba9adf39a41?s=96&d=mm&r=g\",\"caption\":\"Redacci\u00f3n QP\"},\"url\":\"https:\\\/\\\/quehacerpolitico.mx\\\/?author=2\"}]}<\/script>\n<!-- \/ Yoast SEO plugin. -->","yoast_head_json":{"title":"\u00bfIndirecta para AMLO? Gortari \u2018alert\u00f3\u2019 que se vive un momento maquiav\u00e9lico -","robots":{"index":"index","follow":"follow","max-snippet":"max-snippet:-1","max-image-preview":"max-image-preview:large","max-video-preview":"max-video-preview:-1"},"canonical":"https:\/\/quehacerpolitico.mx\/?p=8684","og_locale":"es_MX","og_type":"article","og_title":"\u00bfIndirecta para AMLO? Gortari \u2018alert\u00f3\u2019 que se vive un momento maquiav\u00e9lico -","og_description":"\u00bfIndirecta para AMLO? Gortari \u2018alert\u00f3\u2019 que se vive un momento maquiav\u00e9lico Por Redacci\u00f3n QP","og_url":"https:\/\/quehacerpolitico.mx\/?p=8684","article_published_time":"2018-11-07T23:11:20+00:00","author":"Redacci\u00f3n QP","twitter_card":"summary_large_image","twitter_misc":{"Escrito por":"Redacci\u00f3n QP","Tiempo de lectura":"1 minuto"},"schema":{"@context":"https:\/\/schema.org","@graph":[{"@type":"Article","@id":"https:\/\/quehacerpolitico.mx\/?p=8684#article","isPartOf":{"@id":"https:\/\/quehacerpolitico.mx\/?p=8684"},"author":{"name":"Redacci\u00f3n QP","@id":"https:\/\/quehacerpolitico.mx\/#\/schema\/person\/496d8ad2d1d3f8036101dca7ee39e585"},"headline":"\u00bfIndirecta para AMLO? Gortari \u2018alert\u00f3\u2019 que se vive un momento maquiav\u00e9lico","datePublished":"2018-11-07T23:11:20+00:00","mainEntityOfPage":{"@id":"https:\/\/quehacerpolitico.mx\/?p=8684"},"wordCount":213,"commentCount":0,"image":{"@id":"https:\/\/quehacerpolitico.mx\/?p=8684#primaryimage"},"thumbnailUrl":"","articleSection":["Noticias"],"inLanguage":"es","potentialAction":[{"@type":"CommentAction","name":"Comment","target":["https:\/\/quehacerpolitico.mx\/?p=8684#respond"]}]},{"@type":"WebPage","@id":"https:\/\/quehacerpolitico.mx\/?p=8684","url":"https:\/\/quehacerpolitico.mx\/?p=8684","name":"\u00bfIndirecta para AMLO? Gortari \u2018alert\u00f3\u2019 que se vive un momento maquiav\u00e9lico -","isPartOf":{"@id":"https:\/\/quehacerpolitico.mx\/#website"},"primaryImageOfPage":{"@id":"https:\/\/quehacerpolitico.mx\/?p=8684#primaryimage"},"image":{"@id":"https:\/\/quehacerpolitico.mx\/?p=8684#primaryimage"},"thumbnailUrl":"","datePublished":"2018-11-07T23:11:20+00:00","author":{"@id":"https:\/\/quehacerpolitico.mx\/#\/schema\/person\/496d8ad2d1d3f8036101dca7ee39e585"},"breadcrumb":{"@id":"https:\/\/quehacerpolitico.mx\/?p=8684#breadcrumb"},"inLanguage":"es","potentialAction":[{"@type":"ReadAction","target":["https:\/\/quehacerpolitico.mx\/?p=8684"]}]},{"@type":"ImageObject","inLanguage":"es","@id":"https:\/\/quehacerpolitico.mx\/?p=8684#primaryimage","url":"","contentUrl":""},{"@type":"BreadcrumbList","@id":"https:\/\/quehacerpolitico.mx\/?p=8684#breadcrumb","itemListElement":[{"@type":"ListItem","position":1,"name":"Inicio","item":"https:\/\/quehacerpolitico.mx\/"},{"@type":"ListItem","position":2,"name":"\u00bfIndirecta para AMLO? Gortari \u2018alert\u00f3\u2019 que se vive un momento maquiav\u00e9lico"}]},{"@type":"WebSite","@id":"https:\/\/quehacerpolitico.mx\/#website","url":"https:\/\/quehacerpolitico.mx\/","name":"","description":"","potentialAction":[{"@type":"SearchAction","target":{"@type":"EntryPoint","urlTemplate":"https:\/\/quehacerpolitico.mx\/?s={search_term_string}"},"query-input":{"@type":"PropertyValueSpecification","valueRequired":true,"valueName":"search_term_string"}}],"inLanguage":"es"},{"@type":"Person","@id":"https:\/\/quehacerpolitico.mx\/#\/schema\/person\/496d8ad2d1d3f8036101dca7ee39e585","name":"Redacci\u00f3n QP","image":{"@type":"ImageObject","inLanguage":"es","@id":"https:\/\/secure.gravatar.com\/avatar\/c7164ed6fdec453195284ad24a5ae5b6e1eed2b848477fa2a4787ba9adf39a41?s=96&d=mm&r=g","url":"https:\/\/secure.gravatar.com\/avatar\/c7164ed6fdec453195284ad24a5ae5b6e1eed2b848477fa2a4787ba9adf39a41?s=96&d=mm&r=g","contentUrl":"https:\/\/secure.gravatar.com\/avatar\/c7164ed6fdec453195284ad24a5ae5b6e1eed2b848477fa2a4787ba9adf39a41?s=96&d=mm&r=g","caption":"Redacci\u00f3n QP"},"url":"https:\/\/quehacerpolitico.mx\/?author=2"}]}},"featured_image_urls":{"full":"","thumbnail":"","medium":"","medium_large":"","large":"","1536x1536":"","2048x2048":"","covernews-featured":"","covernews-medium":""},"author_info":{"display_name":"Redacci\u00f3n QP","author_link":"https:\/\/quehacerpolitico.mx\/?author=2"},"category_info":"<a href=\"https:\/\/quehacerpolitico.mx\/?cat=2\" rel=\"category\">Noticias<\/a>","tag_info":"Noticias","comment_count":"0","_links":{"self":[{"href":"https:\/\/quehacerpolitico.mx\/index.php?rest_route=\/wp\/v2\/posts\/8684","targetHints":{"allow":["GET"]}}],"collection":[{"href":"https:\/\/quehacerpolitico.mx\/index.php?rest_route=\/wp\/v2\/posts"}],"about":[{"href":"https:\/\/quehacerpolitico.mx\/index.php?rest_route=\/wp\/v2\/types\/post"}],"author":[{"embeddable":true,"href":"https:\/\/quehacerpolitico.mx\/index.php?rest_route=\/wp\/v2\/users\/2"}],"replies":[{"embeddable":true,"href":"https:\/\/quehacerpolitico.mx\/index.php?rest_route=%2Fwp%2Fv2%2Fcomments&post=8684"}],"version-history":[{"count":0,"href":"https:\/\/quehacerpolitico.mx\/index.php?rest_route=\/wp\/v2\/posts\/8684\/revisions"}],"wp:featuredmedia":[{"embeddable":true,"href":"https:\/\/quehacerpolitico.mx\/index.php?rest_route=\/"}],"wp:attachment":[{"href":"https:\/\/quehacerpolitico.mx\/index.php?rest_route=%2Fwp%2Fv2%2Fmedia&parent=8684"}],"wp:term":[{"taxonomy":"category","embeddable":true,"href":"https:\/\/quehacerpolitico.mx\/index.php?rest_route=%2Fwp%2Fv2%2Fcategories&post=8684"},{"taxonomy":"post_tag","embeddable":true,"href":"https:\/\/quehacerpolitico.mx\/index.php?rest_route=%2Fwp%2Fv2%2Ftags&post=8684"}],"curies":[{"name":"wp","href":"https:\/\/api.w.org\/{rel}","templated":true}]}}