{"id":86831,"date":"2021-11-24T05:55:52","date_gmt":"2021-11-24T05:55:52","guid":{"rendered":"https:\/\/quehacerpolitico.mx\/?p=86831"},"modified":"2021-11-24T05:55:55","modified_gmt":"2021-11-24T05:55:55","slug":"que-compro-checo-perez-con-su-primer-sueldo-en-f1-el-relojito-que-costo-un-dineral","status":"publish","type":"post","link":"https:\/\/quehacerpolitico.mx\/?p=86831","title":{"rendered":"\u00bfQu\u00e9 compr\u00f3 Checo P\u00e9rez con su primer sueldo en F1? El relojito que cost\u00f3 un dineral"},"content":{"rendered":"\n<p>Por Redacci\u00f3n QP<\/p>\n\n\n\n<p>En 2011 vimos por primera vez al mexicano Sergio P\u00e9rez dentro de la F\u00f3rmula 1 y a 10 a\u00f1os de distancia revela el lujo que se dio con su primer cheque.<\/p>\n\n\n\n<p>Ser uno de los \u00fanicos 20 pilotos del planeta que pueden denominarse como due\u00f1os de un asiento en la F\u00f3rmula 1 es un privilegio que presume el mexicano Sergio P\u00e9rez y eso conlleva recibir un muy buen sueldo con Red Bull Racing, pero \u00bfSabes en qu\u00e9 gast\u00f3 su primer cheque? Han pasado once temporadas desde que Checo debut\u00f3 en la F1 con la escuder\u00eda Sauber\u00a0con un gran salario, aunque ni cerca de lo que ahora percibe pero definitivamente mal no le iba, para prueba el accesorio que adquiri\u00f3 con su primera paga.<\/p>\n\n\n\n<p>&#8220;No soy muy cercano a la moda, no me gusta llevar marcas, pero con los relojes es otra historia. En un momento decid\u00ed que\u00a0cada que me pasara algo muy especial o importante en mi vida, lo celebrar\u00eda comprando un reloj. Buscaba darle un significado al hecho, sin importar tanto la pieza, sino recordar&#8221;, platic\u00f3 a la revista GQ. &#8220;Compr\u00e9 un reloj con el primer sueldo de mi vida, en mi primer podio de F1, en mi primera victoria, en el nacimiento de mis hijos, en mi boda\u2026 Cada reloj representa algo en mi vida y en la carrera de M\u00e9xico me regalaron uno creado para m\u00ed, as\u00ed que estoy feliz de tener esa pieza para recordar ese d\u00eda&#8221;.<\/p>\n\n\n\n<figure class=\"wp-block-embed is-type-rich is-provider-twitter wp-block-embed-twitter\"><div class=\"wp-block-embed__wrapper\">\n<blockquote class=\"twitter-tweet\" data-width=\"550\" data-dnt=\"true\"><p lang=\"es\" dir=\"ltr\">Esta es la historia de c\u00f3mo empec\u00e9 a vivir solo encima de un restaurante en Alemania hasta el corredor que soy hoy. <br>Den click en el enlace para mi episodio de &#39;For Real&#39; en colaboraci\u00f3n con <a href=\"https:\/\/twitter.com\/redbull?ref_src=twsrc%5Etfw\">@redbull<\/a>. <a href=\"https:\/\/twitter.com\/hashtag\/redbull?src=hash&amp;ref_src=twsrc%5Etfw\">#redbull<\/a> <a href=\"https:\/\/twitter.com\/hashtag\/mexicogp?src=hash&amp;ref_src=twsrc%5Etfw\">#mexicogp<\/a> <a href=\"https:\/\/t.co\/AHNVNOHuGe\">https:\/\/t.co\/AHNVNOHuGe<\/a> \u25c0\ufe0f <a href=\"https:\/\/t.co\/i40ZASaFOa\">pic.twitter.com\/i40ZASaFOa<\/a><\/p>&mdash; Sergio P\u00e9rez (@SChecoPerez) <a href=\"https:\/\/twitter.com\/SChecoPerez\/status\/1455687387066011648?ref_src=twsrc%5Etfw\">November 3, 2021<\/a><\/blockquote><script async src=\"https:\/\/platform.twitter.com\/widgets.js\" charset=\"utf-8\"><\/script>\n<\/div><\/figure>\n\n\n\n<p>Checo revive qu\u00e9 sinti\u00f3 con el podio en M\u00e9xico El Gran Premio de la Ciudad de M\u00e9xico del 2021 quedar\u00e1 en la memoria de Checo P\u00e9rez hasta su muerte, siendo el primer mexicano en subir al podio en nuestro pa\u00eds para dar cerrojazo a una experiencia inolvidable con el aliento de cientos de miles de personas durante tres d\u00edas en el Aut\u00f3dromo Hermanos Rodr\u00edguez. &#8220;Es irreal lo que me pas\u00f3. Suena a clich\u00e9, pero so\u00f1\u00e9 con este instante y nunca lo imagin\u00e9 tan perfecto, fue incre\u00edble, siempre trabajo por m\u00e1s y lo di todo para que sucediera. Creo que fue un gran d\u00eda para el pa\u00eds, para m\u00ed, para mi familia y para toda la afici\u00f3n que me ha apoyado desde el d\u00eda uno, as\u00ed que lo disfrut\u00e9 much\u00edsimo. Sin duda, los mexicanos son la mejor afici\u00f3n y nos merecemos festejar&#8221;, afirm\u00f3. &#8220;Lo de M\u00e9xico fue una carrera muy especial. Estaba ah\u00ed mucha gente que me apoy\u00f3 desde el d\u00eda que comenc\u00e9 en este sue\u00f1o, personas que me quieren, admiran y apoyan, que siempre me han alentado, que sabe de mi carrera y quiere verme ganar. Estaba mi familia ah\u00ed, mi hijo vi\u00e9ndome en el podio\u2026 Todo eso signific\u00f3 mucho en la parte emocional&#8221;.<\/p>\n\n\n\n<p>Con Informaci\u00f3n de Medio Tiempo<\/p>\n","protected":false},"excerpt":{"rendered":"<p>Por Redacci\u00f3n QP En 2011 vimos por primera vez al mexicano Sergio P\u00e9rez dentro de&#8230;<\/p>\n","protected":false},"author":2,"featured_media":86832,"comment_status":"open","ping_status":"open","sticky":false,"template":"","format":"standard","meta":{"_monsterinsights_skip_tracking":false,"_monsterinsights_sitenote_active":false,"_monsterinsights_sitenote_note":"","_monsterinsights_sitenote_category":0,"footnotes":""},"categories":[54],"tags":[],"class_list":["post-86831","post","type-post","status-publish","format-standard","has-post-thumbnail","hentry","category-deportes"],"yoast_head":"<!-- This site is optimized with the Yoast SEO plugin v27.3 - https:\/\/yoast.com\/product\/yoast-seo-wordpress\/ -->\n<title>\u00bfQu\u00e9 compr\u00f3 Checo P\u00e9rez con su primer sueldo en F1? El relojito que cost\u00f3 un dineral -<\/title>\n<meta name=\"robots\" content=\"index, follow, max-snippet:-1, max-image-preview:large, max-video-preview:-1\" \/>\n<link rel=\"canonical\" href=\"https:\/\/quehacerpolitico.mx\/?p=86831\" \/>\n<meta property=\"og:locale\" content=\"es_MX\" \/>\n<meta property=\"og:type\" content=\"article\" \/>\n<meta property=\"og:title\" content=\"\u00bfQu\u00e9 compr\u00f3 Checo P\u00e9rez con su primer sueldo en F1? El relojito que cost\u00f3 un dineral -\" \/>\n<meta property=\"og:description\" content=\"Por Redacci\u00f3n QP En 2011 vimos por primera vez al mexicano Sergio P\u00e9rez dentro de...\" \/>\n<meta property=\"og:url\" content=\"https:\/\/quehacerpolitico.mx\/?p=86831\" \/>\n<meta property=\"article:published_time\" content=\"2021-11-24T05:55:52+00:00\" \/>\n<meta property=\"article:modified_time\" content=\"2021-11-24T05:55:55+00:00\" \/>\n<meta property=\"og:image\" content=\"https:\/\/quehacerpolitico.mx\/wp-content\/uploads\/2021\/11\/9771A266-AB86-436C-ACD0-6031578B089F.jpeg\" \/>\n\t<meta property=\"og:image:width\" content=\"822\" \/>\n\t<meta property=\"og:image:height\" content=\"528\" \/>\n\t<meta property=\"og:image:type\" content=\"image\/jpeg\" \/>\n<meta name=\"author\" content=\"Redacci\u00f3n QP\" \/>\n<meta name=\"twitter:card\" content=\"summary_large_image\" \/>\n<meta name=\"twitter:label1\" content=\"Escrito por\" \/>\n\t<meta name=\"twitter:data1\" content=\"Redacci\u00f3n QP\" \/>\n\t<meta name=\"twitter:label2\" content=\"Tiempo de lectura\" \/>\n\t<meta name=\"twitter:data2\" content=\"2 minutos\" \/>\n<script type=\"application\/ld+json\" class=\"yoast-schema-graph\">{\"@context\":\"https:\\\/\\\/schema.org\",\"@graph\":[{\"@type\":\"Article\",\"@id\":\"https:\\\/\\\/quehacerpolitico.mx\\\/?p=86831#article\",\"isPartOf\":{\"@id\":\"https:\\\/\\\/quehacerpolitico.mx\\\/?p=86831\"},\"author\":{\"name\":\"Redacci\u00f3n QP\",\"@id\":\"https:\\\/\\\/quehacerpolitico.mx\\\/#\\\/schema\\\/person\\\/496d8ad2d1d3f8036101dca7ee39e585\"},\"headline\":\"\u00bfQu\u00e9 compr\u00f3 Checo P\u00e9rez con su primer sueldo en F1? El relojito que cost\u00f3 un dineral\",\"datePublished\":\"2021-11-24T05:55:52+00:00\",\"dateModified\":\"2021-11-24T05:55:55+00:00\",\"mainEntityOfPage\":{\"@id\":\"https:\\\/\\\/quehacerpolitico.mx\\\/?p=86831\"},\"wordCount\":503,\"commentCount\":0,\"image\":{\"@id\":\"https:\\\/\\\/quehacerpolitico.mx\\\/?p=86831#primaryimage\"},\"thumbnailUrl\":\"https:\\\/\\\/quehacerpolitico.mx\\\/wp-content\\\/uploads\\\/2021\\\/11\\\/9771A266-AB86-436C-ACD0-6031578B089F.jpeg\",\"articleSection\":[\"Deportes\"],\"inLanguage\":\"es\",\"potentialAction\":[{\"@type\":\"CommentAction\",\"name\":\"Comment\",\"target\":[\"https:\\\/\\\/quehacerpolitico.mx\\\/?p=86831#respond\"]}]},{\"@type\":\"WebPage\",\"@id\":\"https:\\\/\\\/quehacerpolitico.mx\\\/?p=86831\",\"url\":\"https:\\\/\\\/quehacerpolitico.mx\\\/?p=86831\",\"name\":\"\u00bfQu\u00e9 compr\u00f3 Checo P\u00e9rez con su primer sueldo en F1? El relojito que cost\u00f3 un dineral -\",\"isPartOf\":{\"@id\":\"https:\\\/\\\/quehacerpolitico.mx\\\/#website\"},\"primaryImageOfPage\":{\"@id\":\"https:\\\/\\\/quehacerpolitico.mx\\\/?p=86831#primaryimage\"},\"image\":{\"@id\":\"https:\\\/\\\/quehacerpolitico.mx\\\/?p=86831#primaryimage\"},\"thumbnailUrl\":\"https:\\\/\\\/quehacerpolitico.mx\\\/wp-content\\\/uploads\\\/2021\\\/11\\\/9771A266-AB86-436C-ACD0-6031578B089F.jpeg\",\"datePublished\":\"2021-11-24T05:55:52+00:00\",\"dateModified\":\"2021-11-24T05:55:55+00:00\",\"author\":{\"@id\":\"https:\\\/\\\/quehacerpolitico.mx\\\/#\\\/schema\\\/person\\\/496d8ad2d1d3f8036101dca7ee39e585\"},\"breadcrumb\":{\"@id\":\"https:\\\/\\\/quehacerpolitico.mx\\\/?p=86831#breadcrumb\"},\"inLanguage\":\"es\",\"potentialAction\":[{\"@type\":\"ReadAction\",\"target\":[\"https:\\\/\\\/quehacerpolitico.mx\\\/?p=86831\"]}]},{\"@type\":\"ImageObject\",\"inLanguage\":\"es\",\"@id\":\"https:\\\/\\\/quehacerpolitico.mx\\\/?p=86831#primaryimage\",\"url\":\"https:\\\/\\\/quehacerpolitico.mx\\\/wp-content\\\/uploads\\\/2021\\\/11\\\/9771A266-AB86-436C-ACD0-6031578B089F.jpeg\",\"contentUrl\":\"https:\\\/\\\/quehacerpolitico.mx\\\/wp-content\\\/uploads\\\/2021\\\/11\\\/9771A266-AB86-436C-ACD0-6031578B089F.jpeg\",\"width\":822,\"height\":528},{\"@type\":\"BreadcrumbList\",\"@id\":\"https:\\\/\\\/quehacerpolitico.mx\\\/?p=86831#breadcrumb\",\"itemListElement\":[{\"@type\":\"ListItem\",\"position\":1,\"name\":\"Inicio\",\"item\":\"https:\\\/\\\/quehacerpolitico.mx\\\/\"},{\"@type\":\"ListItem\",\"position\":2,\"name\":\"\u00bfQu\u00e9 compr\u00f3 Checo P\u00e9rez con su primer sueldo en F1? El relojito que cost\u00f3 un dineral\"}]},{\"@type\":\"WebSite\",\"@id\":\"https:\\\/\\\/quehacerpolitico.mx\\\/#website\",\"url\":\"https:\\\/\\\/quehacerpolitico.mx\\\/\",\"name\":\"\",\"description\":\"\",\"potentialAction\":[{\"@type\":\"SearchAction\",\"target\":{\"@type\":\"EntryPoint\",\"urlTemplate\":\"https:\\\/\\\/quehacerpolitico.mx\\\/?s={search_term_string}\"},\"query-input\":{\"@type\":\"PropertyValueSpecification\",\"valueRequired\":true,\"valueName\":\"search_term_string\"}}],\"inLanguage\":\"es\"},{\"@type\":\"Person\",\"@id\":\"https:\\\/\\\/quehacerpolitico.mx\\\/#\\\/schema\\\/person\\\/496d8ad2d1d3f8036101dca7ee39e585\",\"name\":\"Redacci\u00f3n QP\",\"image\":{\"@type\":\"ImageObject\",\"inLanguage\":\"es\",\"@id\":\"https:\\\/\\\/secure.gravatar.com\\\/avatar\\\/c7164ed6fdec453195284ad24a5ae5b6e1eed2b848477fa2a4787ba9adf39a41?s=96&d=mm&r=g\",\"url\":\"https:\\\/\\\/secure.gravatar.com\\\/avatar\\\/c7164ed6fdec453195284ad24a5ae5b6e1eed2b848477fa2a4787ba9adf39a41?s=96&d=mm&r=g\",\"contentUrl\":\"https:\\\/\\\/secure.gravatar.com\\\/avatar\\\/c7164ed6fdec453195284ad24a5ae5b6e1eed2b848477fa2a4787ba9adf39a41?s=96&d=mm&r=g\",\"caption\":\"Redacci\u00f3n QP\"},\"url\":\"https:\\\/\\\/quehacerpolitico.mx\\\/?author=2\"}]}<\/script>\n<!-- \/ Yoast SEO plugin. -->","yoast_head_json":{"title":"\u00bfQu\u00e9 compr\u00f3 Checo P\u00e9rez con su primer sueldo en F1? El relojito que cost\u00f3 un dineral -","robots":{"index":"index","follow":"follow","max-snippet":"max-snippet:-1","max-image-preview":"max-image-preview:large","max-video-preview":"max-video-preview:-1"},"canonical":"https:\/\/quehacerpolitico.mx\/?p=86831","og_locale":"es_MX","og_type":"article","og_title":"\u00bfQu\u00e9 compr\u00f3 Checo P\u00e9rez con su primer sueldo en F1? El relojito que cost\u00f3 un dineral -","og_description":"Por Redacci\u00f3n QP En 2011 vimos por primera vez al mexicano Sergio P\u00e9rez dentro de...","og_url":"https:\/\/quehacerpolitico.mx\/?p=86831","article_published_time":"2021-11-24T05:55:52+00:00","article_modified_time":"2021-11-24T05:55:55+00:00","og_image":[{"width":822,"height":528,"url":"https:\/\/quehacerpolitico.mx\/wp-content\/uploads\/2021\/11\/9771A266-AB86-436C-ACD0-6031578B089F.jpeg","type":"image\/jpeg"}],"author":"Redacci\u00f3n QP","twitter_card":"summary_large_image","twitter_misc":{"Escrito por":"Redacci\u00f3n QP","Tiempo de lectura":"2 minutos"},"schema":{"@context":"https:\/\/schema.org","@graph":[{"@type":"Article","@id":"https:\/\/quehacerpolitico.mx\/?p=86831#article","isPartOf":{"@id":"https:\/\/quehacerpolitico.mx\/?p=86831"},"author":{"name":"Redacci\u00f3n QP","@id":"https:\/\/quehacerpolitico.mx\/#\/schema\/person\/496d8ad2d1d3f8036101dca7ee39e585"},"headline":"\u00bfQu\u00e9 compr\u00f3 Checo P\u00e9rez con su primer sueldo en F1? El relojito que cost\u00f3 un dineral","datePublished":"2021-11-24T05:55:52+00:00","dateModified":"2021-11-24T05:55:55+00:00","mainEntityOfPage":{"@id":"https:\/\/quehacerpolitico.mx\/?p=86831"},"wordCount":503,"commentCount":0,"image":{"@id":"https:\/\/quehacerpolitico.mx\/?p=86831#primaryimage"},"thumbnailUrl":"https:\/\/quehacerpolitico.mx\/wp-content\/uploads\/2021\/11\/9771A266-AB86-436C-ACD0-6031578B089F.jpeg","articleSection":["Deportes"],"inLanguage":"es","potentialAction":[{"@type":"CommentAction","name":"Comment","target":["https:\/\/quehacerpolitico.mx\/?p=86831#respond"]}]},{"@type":"WebPage","@id":"https:\/\/quehacerpolitico.mx\/?p=86831","url":"https:\/\/quehacerpolitico.mx\/?p=86831","name":"\u00bfQu\u00e9 compr\u00f3 Checo P\u00e9rez con su primer sueldo en F1? El relojito que cost\u00f3 un dineral -","isPartOf":{"@id":"https:\/\/quehacerpolitico.mx\/#website"},"primaryImageOfPage":{"@id":"https:\/\/quehacerpolitico.mx\/?p=86831#primaryimage"},"image":{"@id":"https:\/\/quehacerpolitico.mx\/?p=86831#primaryimage"},"thumbnailUrl":"https:\/\/quehacerpolitico.mx\/wp-content\/uploads\/2021\/11\/9771A266-AB86-436C-ACD0-6031578B089F.jpeg","datePublished":"2021-11-24T05:55:52+00:00","dateModified":"2021-11-24T05:55:55+00:00","author":{"@id":"https:\/\/quehacerpolitico.mx\/#\/schema\/person\/496d8ad2d1d3f8036101dca7ee39e585"},"breadcrumb":{"@id":"https:\/\/quehacerpolitico.mx\/?p=86831#breadcrumb"},"inLanguage":"es","potentialAction":[{"@type":"ReadAction","target":["https:\/\/quehacerpolitico.mx\/?p=86831"]}]},{"@type":"ImageObject","inLanguage":"es","@id":"https:\/\/quehacerpolitico.mx\/?p=86831#primaryimage","url":"https:\/\/quehacerpolitico.mx\/wp-content\/uploads\/2021\/11\/9771A266-AB86-436C-ACD0-6031578B089F.jpeg","contentUrl":"https:\/\/quehacerpolitico.mx\/wp-content\/uploads\/2021\/11\/9771A266-AB86-436C-ACD0-6031578B089F.jpeg","width":822,"height":528},{"@type":"BreadcrumbList","@id":"https:\/\/quehacerpolitico.mx\/?p=86831#breadcrumb","itemListElement":[{"@type":"ListItem","position":1,"name":"Inicio","item":"https:\/\/quehacerpolitico.mx\/"},{"@type":"ListItem","position":2,"name":"\u00bfQu\u00e9 compr\u00f3 Checo P\u00e9rez con su primer sueldo en F1? El relojito que cost\u00f3 un dineral"}]},{"@type":"WebSite","@id":"https:\/\/quehacerpolitico.mx\/#website","url":"https:\/\/quehacerpolitico.mx\/","name":"","description":"","potentialAction":[{"@type":"SearchAction","target":{"@type":"EntryPoint","urlTemplate":"https:\/\/quehacerpolitico.mx\/?s={search_term_string}"},"query-input":{"@type":"PropertyValueSpecification","valueRequired":true,"valueName":"search_term_string"}}],"inLanguage":"es"},{"@type":"Person","@id":"https:\/\/quehacerpolitico.mx\/#\/schema\/person\/496d8ad2d1d3f8036101dca7ee39e585","name":"Redacci\u00f3n QP","image":{"@type":"ImageObject","inLanguage":"es","@id":"https:\/\/secure.gravatar.com\/avatar\/c7164ed6fdec453195284ad24a5ae5b6e1eed2b848477fa2a4787ba9adf39a41?s=96&d=mm&r=g","url":"https:\/\/secure.gravatar.com\/avatar\/c7164ed6fdec453195284ad24a5ae5b6e1eed2b848477fa2a4787ba9adf39a41?s=96&d=mm&r=g","contentUrl":"https:\/\/secure.gravatar.com\/avatar\/c7164ed6fdec453195284ad24a5ae5b6e1eed2b848477fa2a4787ba9adf39a41?s=96&d=mm&r=g","caption":"Redacci\u00f3n QP"},"url":"https:\/\/quehacerpolitico.mx\/?author=2"}]}},"featured_image_urls":{"full":["https:\/\/quehacerpolitico.mx\/wp-content\/uploads\/2021\/11\/9771A266-AB86-436C-ACD0-6031578B089F.jpeg",822,528,false],"thumbnail":["https:\/\/quehacerpolitico.mx\/wp-content\/uploads\/2021\/11\/9771A266-AB86-436C-ACD0-6031578B089F-150x150.jpeg",150,150,true],"medium":["https:\/\/quehacerpolitico.mx\/wp-content\/uploads\/2021\/11\/9771A266-AB86-436C-ACD0-6031578B089F-300x193.jpeg",300,193,true],"medium_large":["https:\/\/quehacerpolitico.mx\/wp-content\/uploads\/2021\/11\/9771A266-AB86-436C-ACD0-6031578B089F-768x493.jpeg",640,411,true],"large":["https:\/\/quehacerpolitico.mx\/wp-content\/uploads\/2021\/11\/9771A266-AB86-436C-ACD0-6031578B089F.jpeg",640,411,false],"1536x1536":["https:\/\/quehacerpolitico.mx\/wp-content\/uploads\/2021\/11\/9771A266-AB86-436C-ACD0-6031578B089F.jpeg",822,528,false],"2048x2048":["https:\/\/quehacerpolitico.mx\/wp-content\/uploads\/2021\/11\/9771A266-AB86-436C-ACD0-6031578B089F.jpeg",822,528,false],"covernews-featured":["https:\/\/quehacerpolitico.mx\/wp-content\/uploads\/2021\/11\/9771A266-AB86-436C-ACD0-6031578B089F.jpeg",822,528,false],"covernews-medium":["https:\/\/quehacerpolitico.mx\/wp-content\/uploads\/2021\/11\/9771A266-AB86-436C-ACD0-6031578B089F.jpeg",529,340,false]},"author_info":{"display_name":"Redacci\u00f3n QP","author_link":"https:\/\/quehacerpolitico.mx\/?author=2"},"category_info":"<a href=\"https:\/\/quehacerpolitico.mx\/?cat=54\" rel=\"category\">Deportes<\/a>","tag_info":"Deportes","comment_count":"0","_links":{"self":[{"href":"https:\/\/quehacerpolitico.mx\/index.php?rest_route=\/wp\/v2\/posts\/86831","targetHints":{"allow":["GET"]}}],"collection":[{"href":"https:\/\/quehacerpolitico.mx\/index.php?rest_route=\/wp\/v2\/posts"}],"about":[{"href":"https:\/\/quehacerpolitico.mx\/index.php?rest_route=\/wp\/v2\/types\/post"}],"author":[{"embeddable":true,"href":"https:\/\/quehacerpolitico.mx\/index.php?rest_route=\/wp\/v2\/users\/2"}],"replies":[{"embeddable":true,"href":"https:\/\/quehacerpolitico.mx\/index.php?rest_route=%2Fwp%2Fv2%2Fcomments&post=86831"}],"version-history":[{"count":1,"href":"https:\/\/quehacerpolitico.mx\/index.php?rest_route=\/wp\/v2\/posts\/86831\/revisions"}],"predecessor-version":[{"id":86833,"href":"https:\/\/quehacerpolitico.mx\/index.php?rest_route=\/wp\/v2\/posts\/86831\/revisions\/86833"}],"wp:featuredmedia":[{"embeddable":true,"href":"https:\/\/quehacerpolitico.mx\/index.php?rest_route=\/wp\/v2\/media\/86832"}],"wp:attachment":[{"href":"https:\/\/quehacerpolitico.mx\/index.php?rest_route=%2Fwp%2Fv2%2Fmedia&parent=86831"}],"wp:term":[{"taxonomy":"category","embeddable":true,"href":"https:\/\/quehacerpolitico.mx\/index.php?rest_route=%2Fwp%2Fv2%2Fcategories&post=86831"},{"taxonomy":"post_tag","embeddable":true,"href":"https:\/\/quehacerpolitico.mx\/index.php?rest_route=%2Fwp%2Fv2%2Ftags&post=86831"}],"curies":[{"name":"wp","href":"https:\/\/api.w.org\/{rel}","templated":true}]}}