{"id":86828,"date":"2021-11-24T05:38:16","date_gmt":"2021-11-24T05:38:16","guid":{"rendered":"https:\/\/quehacerpolitico.mx\/?p=86828"},"modified":"2021-11-24T05:38:17","modified_gmt":"2021-11-24T05:38:17","slug":"internacionales-carolina-alonso-romei-pablo-montero-le-canta-las-mananitas-a-nicolas-maduro-en-su-cumpleanos-59","status":"publish","type":"post","link":"https:\/\/quehacerpolitico.mx\/?p=86828","title":{"rendered":"Internacionales\/\/\/Carolina Alonso Romei\/\/\/Pablo Montero le canta \u2018Las Ma\u00f1anitas\u2019 a Nicol\u00e1s Maduro en su cumplea\u00f1os 59"},"content":{"rendered":"\n<p>Por Carolina Alonso Romei <\/p>\n\n\n\n<p>Internacionalista <\/p>\n\n\n\n<p>El int\u00e9rprete mexicano Pablo Montero form\u00f3 parte de los festejos del presidente venezolano en el Palacio de Miraflores<\/p>\n\n\n\n<ul class=\"wp-block-list\"><li>Adem\u00e1s de Montero, en los festejos tambi\u00e9n participaron un grupo juvenil de rap, cantantes de m\u00fasica llanera y una orquesta de salsa<\/li><li>\u201cLas puertas de Venezuela, estar\u00e1n abiertas siempre para ti, Pablo\u201d, le dijo el mandatario a Montero<\/li><\/ul>\n\n\n\n<p>El presidente de Venezuela,\u00a0Nicol\u00e1s Maduro, celebr\u00f3, el martes 23 de noviembre de 2021, su cumplea\u00f1os n\u00famero 59 en el palacio de gobierno con la canci\u00f3n<strong>\u00a0\u2018Las Ma\u00f1anitas\u2019<\/strong>, interpretada por\u00a0<strong>Pablo Montero<\/strong>\u00a0y donde adem\u00e1s se presentaron otras agrupaciones musicales.<\/p>\n\n\n\n<figure class=\"wp-block-embed is-type-rich is-provider-twitter wp-block-embed-twitter\"><div class=\"wp-block-embed__wrapper\">\n<blockquote class=\"twitter-tweet\" data-width=\"550\" data-dnt=\"true\"><p lang=\"es\" dir=\"ltr\">El cumplea\u00f1os de Maduro, con todo y sombrero, \u2018vivas\u2019 a Zapata, un grito que puede romper t\u00edmpanos y hasta Pablo Montero\u2026 \ud83e\udd26\ud83c\udffd\u200d\u2642\ufe0f<br><br>Esta tarde en Caracas, <a href=\"https:\/\/twitter.com\/hashtag\/Venezuela?src=hash&amp;ref_src=twsrc%5Etfw\">#Venezuela<\/a> <a href=\"https:\/\/t.co\/Gw99rOQeLN\">pic.twitter.com\/Gw99rOQeLN<\/a><\/p>&mdash; Manuel Lopez San Martin (@MLopezSanMartin) <a href=\"https:\/\/twitter.com\/MLopezSanMartin\/status\/1463377110358233090?ref_src=twsrc%5Etfw\">November 24, 2021<\/a><\/blockquote><script async src=\"https:\/\/platform.twitter.com\/widgets.js\" charset=\"utf-8\"><\/script>\n<\/div><\/figure>\n\n\n\n<p>Maduro dijo que fue sorprendido por el agasajo porque estaba reunido con funcionarios de gobierno cuando su esposa Cilia Flores le pidi\u00f3 salir de la oficina y se encontr\u00f3 en uno de los jardines con un grupo juvenil de rap.<\/p>\n\n\n\n<figure class=\"wp-block-embed is-type-rich is-provider-twitter wp-block-embed-twitter\"><div class=\"wp-block-embed__wrapper\">\n<blockquote class=\"twitter-tweet\" data-width=\"550\" data-dnt=\"true\"><p lang=\"es\" dir=\"ltr\"><a href=\"https:\/\/twitter.com\/hashtag\/EnVivo?src=hash&amp;ref_src=twsrc%5Etfw\">#EnVivo<\/a> \ud83d\udcf9 | Junto a Cilia, celebro el cumplea\u00f1os n\u00famero 59. <a href=\"https:\/\/t.co\/2FNbzXuXoK\">https:\/\/t.co\/2FNbzXuXoK<\/a><\/p>&mdash; Nicol\u00e1s Maduro (@NicolasMaduro) <a href=\"https:\/\/twitter.com\/NicolasMaduro\/status\/1463293514033381380?ref_src=twsrc%5Etfw\">November 23, 2021<\/a><\/blockquote><script async src=\"https:\/\/platform.twitter.com\/widgets.js\" charset=\"utf-8\"><\/script>\n<\/div><\/figure>\n\n\n\n<p>Luego de las interpretaciones de canto y baile del grupo transmitidas por la televisi\u00f3n estatal, Maduro escuch\u00f3 en el interior del palacio a cantantes de m\u00fasica llanera y despu\u00e9s a una orquesta de salsa para dar paso al tambi\u00e9n actor mexicano que le obsequi\u00f3 un sombrero negro de mariachi.<\/p>\n\n\n\n<p>Montero agradeci\u00f3 a \u201cla gente bonita de Venezuela\u201d y felicit\u00f3 al mandatario, que el a\u00f1o pasado celebr\u00f3 su cumplea\u00f1os con el cantante dominicano de merengue Bonny Cepeda y en el pasado con el fallecido cantante y compositor\u00a0<strong>Juan Gabriel<\/strong>.<\/p>\n\n\n\n<figure class=\"wp-block-embed is-type-rich is-provider-twitter wp-block-embed-twitter\"><div class=\"wp-block-embed__wrapper\">\n<blockquote class=\"twitter-tweet\" data-width=\"550\" data-dnt=\"true\"><p lang=\"es\" dir=\"ltr\">Con mucho amor recib\u00ed en el Palacio de Miraflores, al cantante y actor mexicano Pablo Montero. Gracias por traernos la fuerza de M\u00e9xico y entonar estas canciones para m\u00ed y todo el pueblo venezolano. Las puertas de Venezuela, estar\u00e1n abiertas siempre para ti, Pablo. <a href=\"https:\/\/t.co\/k7vJa3Gchb\">pic.twitter.com\/k7vJa3Gchb<\/a><\/p>&mdash; Nicol\u00e1s Maduro (@NicolasMaduro) <a href=\"https:\/\/twitter.com\/NicolasMaduro\/status\/1463344405453189124?ref_src=twsrc%5Etfw\">November 24, 2021<\/a><\/blockquote><script async src=\"https:\/\/platform.twitter.com\/widgets.js\" charset=\"utf-8\"><\/script>\n<\/div><\/figure>\n\n\n\n<blockquote class=\"wp-block-quote is-layout-flow wp-block-quote-is-layout-flow\"><p>\u201cCon mucho amor recib\u00ed en el Palacio de Miraflores, al cantante y actor mexicano Pablo Montero. Gracias por traernos la fuerza de M\u00e9xico y entonar estas canciones para m\u00ed y todo el pueblo venezolano. Las puertas de Venezuela, estar\u00e1n abiertas siempre para ti, Pablo\u201d, escribi\u00f3 Maduro por medio de su cuenta de Twitter<br><br>Con Informaci\u00f3n de Reuters<\/p><\/blockquote>\n","protected":false},"excerpt":{"rendered":"<p>Por Carolina Alonso Romei Internacionalista El int\u00e9rprete mexicano Pablo Montero form\u00f3 parte de los festejos&#8230;<\/p>\n","protected":false},"author":2,"featured_media":86829,"comment_status":"open","ping_status":"open","sticky":false,"template":"","format":"standard","meta":{"_monsterinsights_skip_tracking":false,"_monsterinsights_sitenote_active":false,"_monsterinsights_sitenote_note":"","_monsterinsights_sitenote_category":0,"footnotes":""},"categories":[1],"tags":[],"class_list":["post-86828","post","type-post","status-publish","format-standard","has-post-thumbnail","hentry","category-sin-categoria"],"yoast_head":"<!-- This site is optimized with the Yoast SEO plugin v27.3 - https:\/\/yoast.com\/product\/yoast-seo-wordpress\/ -->\n<title>Internacionales\/\/\/Carolina Alonso Romei\/\/\/Pablo Montero le canta \u2018Las Ma\u00f1anitas\u2019 a Nicol\u00e1s Maduro en su cumplea\u00f1os 59 -<\/title>\n<meta name=\"robots\" content=\"index, follow, max-snippet:-1, max-image-preview:large, max-video-preview:-1\" \/>\n<link rel=\"canonical\" href=\"https:\/\/quehacerpolitico.mx\/?p=86828\" \/>\n<meta property=\"og:locale\" content=\"es_MX\" \/>\n<meta property=\"og:type\" content=\"article\" \/>\n<meta property=\"og:title\" content=\"Internacionales\/\/\/Carolina Alonso Romei\/\/\/Pablo Montero le canta \u2018Las Ma\u00f1anitas\u2019 a Nicol\u00e1s Maduro en su cumplea\u00f1os 59 -\" \/>\n<meta property=\"og:description\" content=\"Por Carolina Alonso Romei Internacionalista El int\u00e9rprete mexicano Pablo Montero form\u00f3 parte de los festejos...\" \/>\n<meta property=\"og:url\" content=\"https:\/\/quehacerpolitico.mx\/?p=86828\" \/>\n<meta property=\"article:published_time\" content=\"2021-11-24T05:38:16+00:00\" \/>\n<meta property=\"article:modified_time\" content=\"2021-11-24T05:38:17+00:00\" \/>\n<meta property=\"og:image\" content=\"https:\/\/quehacerpolitico.mx\/wp-content\/uploads\/2021\/11\/22554813-4854-4D29-A9BD-EAF65367689E.jpeg\" \/>\n\t<meta property=\"og:image:width\" content=\"1080\" \/>\n\t<meta property=\"og:image:height\" content=\"716\" \/>\n\t<meta property=\"og:image:type\" content=\"image\/jpeg\" \/>\n<meta name=\"author\" content=\"Redacci\u00f3n QP\" \/>\n<meta name=\"twitter:card\" content=\"summary_large_image\" \/>\n<meta name=\"twitter:label1\" content=\"Escrito por\" \/>\n\t<meta name=\"twitter:data1\" content=\"Redacci\u00f3n QP\" \/>\n\t<meta name=\"twitter:label2\" content=\"Tiempo de lectura\" \/>\n\t<meta name=\"twitter:data2\" content=\"2 minutos\" \/>\n<script type=\"application\/ld+json\" class=\"yoast-schema-graph\">{\"@context\":\"https:\\\/\\\/schema.org\",\"@graph\":[{\"@type\":\"Article\",\"@id\":\"https:\\\/\\\/quehacerpolitico.mx\\\/?p=86828#article\",\"isPartOf\":{\"@id\":\"https:\\\/\\\/quehacerpolitico.mx\\\/?p=86828\"},\"author\":{\"name\":\"Redacci\u00f3n QP\",\"@id\":\"https:\\\/\\\/quehacerpolitico.mx\\\/#\\\/schema\\\/person\\\/496d8ad2d1d3f8036101dca7ee39e585\"},\"headline\":\"Internacionales\\\/\\\/\\\/Carolina Alonso Romei\\\/\\\/\\\/Pablo Montero le canta \u2018Las Ma\u00f1anitas\u2019 a Nicol\u00e1s Maduro en su cumplea\u00f1os 59\",\"datePublished\":\"2021-11-24T05:38:16+00:00\",\"dateModified\":\"2021-11-24T05:38:17+00:00\",\"mainEntityOfPage\":{\"@id\":\"https:\\\/\\\/quehacerpolitico.mx\\\/?p=86828\"},\"wordCount\":340,\"commentCount\":0,\"image\":{\"@id\":\"https:\\\/\\\/quehacerpolitico.mx\\\/?p=86828#primaryimage\"},\"thumbnailUrl\":\"https:\\\/\\\/quehacerpolitico.mx\\\/wp-content\\\/uploads\\\/2021\\\/11\\\/22554813-4854-4D29-A9BD-EAF65367689E.jpeg\",\"articleSection\":[\"Internacionales\"],\"inLanguage\":\"es\",\"potentialAction\":[{\"@type\":\"CommentAction\",\"name\":\"Comment\",\"target\":[\"https:\\\/\\\/quehacerpolitico.mx\\\/?p=86828#respond\"]}]},{\"@type\":\"WebPage\",\"@id\":\"https:\\\/\\\/quehacerpolitico.mx\\\/?p=86828\",\"url\":\"https:\\\/\\\/quehacerpolitico.mx\\\/?p=86828\",\"name\":\"Internacionales\\\/\\\/\\\/Carolina Alonso Romei\\\/\\\/\\\/Pablo Montero le canta \u2018Las Ma\u00f1anitas\u2019 a Nicol\u00e1s Maduro en su cumplea\u00f1os 59 -\",\"isPartOf\":{\"@id\":\"https:\\\/\\\/quehacerpolitico.mx\\\/#website\"},\"primaryImageOfPage\":{\"@id\":\"https:\\\/\\\/quehacerpolitico.mx\\\/?p=86828#primaryimage\"},\"image\":{\"@id\":\"https:\\\/\\\/quehacerpolitico.mx\\\/?p=86828#primaryimage\"},\"thumbnailUrl\":\"https:\\\/\\\/quehacerpolitico.mx\\\/wp-content\\\/uploads\\\/2021\\\/11\\\/22554813-4854-4D29-A9BD-EAF65367689E.jpeg\",\"datePublished\":\"2021-11-24T05:38:16+00:00\",\"dateModified\":\"2021-11-24T05:38:17+00:00\",\"author\":{\"@id\":\"https:\\\/\\\/quehacerpolitico.mx\\\/#\\\/schema\\\/person\\\/496d8ad2d1d3f8036101dca7ee39e585\"},\"breadcrumb\":{\"@id\":\"https:\\\/\\\/quehacerpolitico.mx\\\/?p=86828#breadcrumb\"},\"inLanguage\":\"es\",\"potentialAction\":[{\"@type\":\"ReadAction\",\"target\":[\"https:\\\/\\\/quehacerpolitico.mx\\\/?p=86828\"]}]},{\"@type\":\"ImageObject\",\"inLanguage\":\"es\",\"@id\":\"https:\\\/\\\/quehacerpolitico.mx\\\/?p=86828#primaryimage\",\"url\":\"https:\\\/\\\/quehacerpolitico.mx\\\/wp-content\\\/uploads\\\/2021\\\/11\\\/22554813-4854-4D29-A9BD-EAF65367689E.jpeg\",\"contentUrl\":\"https:\\\/\\\/quehacerpolitico.mx\\\/wp-content\\\/uploads\\\/2021\\\/11\\\/22554813-4854-4D29-A9BD-EAF65367689E.jpeg\",\"width\":1080,\"height\":716},{\"@type\":\"BreadcrumbList\",\"@id\":\"https:\\\/\\\/quehacerpolitico.mx\\\/?p=86828#breadcrumb\",\"itemListElement\":[{\"@type\":\"ListItem\",\"position\":1,\"name\":\"Inicio\",\"item\":\"https:\\\/\\\/quehacerpolitico.mx\\\/\"},{\"@type\":\"ListItem\",\"position\":2,\"name\":\"Internacionales\\\/\\\/\\\/Carolina Alonso Romei\\\/\\\/\\\/Pablo Montero le canta \u2018Las Ma\u00f1anitas\u2019 a Nicol\u00e1s Maduro en su cumplea\u00f1os 59\"}]},{\"@type\":\"WebSite\",\"@id\":\"https:\\\/\\\/quehacerpolitico.mx\\\/#website\",\"url\":\"https:\\\/\\\/quehacerpolitico.mx\\\/\",\"name\":\"\",\"description\":\"\",\"potentialAction\":[{\"@type\":\"SearchAction\",\"target\":{\"@type\":\"EntryPoint\",\"urlTemplate\":\"https:\\\/\\\/quehacerpolitico.mx\\\/?s={search_term_string}\"},\"query-input\":{\"@type\":\"PropertyValueSpecification\",\"valueRequired\":true,\"valueName\":\"search_term_string\"}}],\"inLanguage\":\"es\"},{\"@type\":\"Person\",\"@id\":\"https:\\\/\\\/quehacerpolitico.mx\\\/#\\\/schema\\\/person\\\/496d8ad2d1d3f8036101dca7ee39e585\",\"name\":\"Redacci\u00f3n QP\",\"image\":{\"@type\":\"ImageObject\",\"inLanguage\":\"es\",\"@id\":\"https:\\\/\\\/secure.gravatar.com\\\/avatar\\\/c7164ed6fdec453195284ad24a5ae5b6e1eed2b848477fa2a4787ba9adf39a41?s=96&d=mm&r=g\",\"url\":\"https:\\\/\\\/secure.gravatar.com\\\/avatar\\\/c7164ed6fdec453195284ad24a5ae5b6e1eed2b848477fa2a4787ba9adf39a41?s=96&d=mm&r=g\",\"contentUrl\":\"https:\\\/\\\/secure.gravatar.com\\\/avatar\\\/c7164ed6fdec453195284ad24a5ae5b6e1eed2b848477fa2a4787ba9adf39a41?s=96&d=mm&r=g\",\"caption\":\"Redacci\u00f3n QP\"},\"url\":\"https:\\\/\\\/quehacerpolitico.mx\\\/?author=2\"}]}<\/script>\n<!-- \/ Yoast SEO plugin. -->","yoast_head_json":{"title":"Internacionales\/\/\/Carolina Alonso Romei\/\/\/Pablo Montero le canta \u2018Las Ma\u00f1anitas\u2019 a Nicol\u00e1s Maduro en su cumplea\u00f1os 59 -","robots":{"index":"index","follow":"follow","max-snippet":"max-snippet:-1","max-image-preview":"max-image-preview:large","max-video-preview":"max-video-preview:-1"},"canonical":"https:\/\/quehacerpolitico.mx\/?p=86828","og_locale":"es_MX","og_type":"article","og_title":"Internacionales\/\/\/Carolina Alonso Romei\/\/\/Pablo Montero le canta \u2018Las Ma\u00f1anitas\u2019 a Nicol\u00e1s Maduro en su cumplea\u00f1os 59 -","og_description":"Por Carolina Alonso Romei Internacionalista El int\u00e9rprete mexicano Pablo Montero form\u00f3 parte de los festejos...","og_url":"https:\/\/quehacerpolitico.mx\/?p=86828","article_published_time":"2021-11-24T05:38:16+00:00","article_modified_time":"2021-11-24T05:38:17+00:00","og_image":[{"width":1080,"height":716,"url":"https:\/\/quehacerpolitico.mx\/wp-content\/uploads\/2021\/11\/22554813-4854-4D29-A9BD-EAF65367689E.jpeg","type":"image\/jpeg"}],"author":"Redacci\u00f3n QP","twitter_card":"summary_large_image","twitter_misc":{"Escrito por":"Redacci\u00f3n QP","Tiempo de lectura":"2 minutos"},"schema":{"@context":"https:\/\/schema.org","@graph":[{"@type":"Article","@id":"https:\/\/quehacerpolitico.mx\/?p=86828#article","isPartOf":{"@id":"https:\/\/quehacerpolitico.mx\/?p=86828"},"author":{"name":"Redacci\u00f3n QP","@id":"https:\/\/quehacerpolitico.mx\/#\/schema\/person\/496d8ad2d1d3f8036101dca7ee39e585"},"headline":"Internacionales\/\/\/Carolina Alonso Romei\/\/\/Pablo Montero le canta \u2018Las Ma\u00f1anitas\u2019 a Nicol\u00e1s Maduro en su cumplea\u00f1os 59","datePublished":"2021-11-24T05:38:16+00:00","dateModified":"2021-11-24T05:38:17+00:00","mainEntityOfPage":{"@id":"https:\/\/quehacerpolitico.mx\/?p=86828"},"wordCount":340,"commentCount":0,"image":{"@id":"https:\/\/quehacerpolitico.mx\/?p=86828#primaryimage"},"thumbnailUrl":"https:\/\/quehacerpolitico.mx\/wp-content\/uploads\/2021\/11\/22554813-4854-4D29-A9BD-EAF65367689E.jpeg","articleSection":["Internacionales"],"inLanguage":"es","potentialAction":[{"@type":"CommentAction","name":"Comment","target":["https:\/\/quehacerpolitico.mx\/?p=86828#respond"]}]},{"@type":"WebPage","@id":"https:\/\/quehacerpolitico.mx\/?p=86828","url":"https:\/\/quehacerpolitico.mx\/?p=86828","name":"Internacionales\/\/\/Carolina Alonso Romei\/\/\/Pablo Montero le canta \u2018Las Ma\u00f1anitas\u2019 a Nicol\u00e1s Maduro en su cumplea\u00f1os 59 -","isPartOf":{"@id":"https:\/\/quehacerpolitico.mx\/#website"},"primaryImageOfPage":{"@id":"https:\/\/quehacerpolitico.mx\/?p=86828#primaryimage"},"image":{"@id":"https:\/\/quehacerpolitico.mx\/?p=86828#primaryimage"},"thumbnailUrl":"https:\/\/quehacerpolitico.mx\/wp-content\/uploads\/2021\/11\/22554813-4854-4D29-A9BD-EAF65367689E.jpeg","datePublished":"2021-11-24T05:38:16+00:00","dateModified":"2021-11-24T05:38:17+00:00","author":{"@id":"https:\/\/quehacerpolitico.mx\/#\/schema\/person\/496d8ad2d1d3f8036101dca7ee39e585"},"breadcrumb":{"@id":"https:\/\/quehacerpolitico.mx\/?p=86828#breadcrumb"},"inLanguage":"es","potentialAction":[{"@type":"ReadAction","target":["https:\/\/quehacerpolitico.mx\/?p=86828"]}]},{"@type":"ImageObject","inLanguage":"es","@id":"https:\/\/quehacerpolitico.mx\/?p=86828#primaryimage","url":"https:\/\/quehacerpolitico.mx\/wp-content\/uploads\/2021\/11\/22554813-4854-4D29-A9BD-EAF65367689E.jpeg","contentUrl":"https:\/\/quehacerpolitico.mx\/wp-content\/uploads\/2021\/11\/22554813-4854-4D29-A9BD-EAF65367689E.jpeg","width":1080,"height":716},{"@type":"BreadcrumbList","@id":"https:\/\/quehacerpolitico.mx\/?p=86828#breadcrumb","itemListElement":[{"@type":"ListItem","position":1,"name":"Inicio","item":"https:\/\/quehacerpolitico.mx\/"},{"@type":"ListItem","position":2,"name":"Internacionales\/\/\/Carolina Alonso Romei\/\/\/Pablo Montero le canta \u2018Las Ma\u00f1anitas\u2019 a Nicol\u00e1s Maduro en su cumplea\u00f1os 59"}]},{"@type":"WebSite","@id":"https:\/\/quehacerpolitico.mx\/#website","url":"https:\/\/quehacerpolitico.mx\/","name":"","description":"","potentialAction":[{"@type":"SearchAction","target":{"@type":"EntryPoint","urlTemplate":"https:\/\/quehacerpolitico.mx\/?s={search_term_string}"},"query-input":{"@type":"PropertyValueSpecification","valueRequired":true,"valueName":"search_term_string"}}],"inLanguage":"es"},{"@type":"Person","@id":"https:\/\/quehacerpolitico.mx\/#\/schema\/person\/496d8ad2d1d3f8036101dca7ee39e585","name":"Redacci\u00f3n QP","image":{"@type":"ImageObject","inLanguage":"es","@id":"https:\/\/secure.gravatar.com\/avatar\/c7164ed6fdec453195284ad24a5ae5b6e1eed2b848477fa2a4787ba9adf39a41?s=96&d=mm&r=g","url":"https:\/\/secure.gravatar.com\/avatar\/c7164ed6fdec453195284ad24a5ae5b6e1eed2b848477fa2a4787ba9adf39a41?s=96&d=mm&r=g","contentUrl":"https:\/\/secure.gravatar.com\/avatar\/c7164ed6fdec453195284ad24a5ae5b6e1eed2b848477fa2a4787ba9adf39a41?s=96&d=mm&r=g","caption":"Redacci\u00f3n QP"},"url":"https:\/\/quehacerpolitico.mx\/?author=2"}]}},"featured_image_urls":{"full":["https:\/\/quehacerpolitico.mx\/wp-content\/uploads\/2021\/11\/22554813-4854-4D29-A9BD-EAF65367689E.jpeg",1080,716,false],"thumbnail":["https:\/\/quehacerpolitico.mx\/wp-content\/uploads\/2021\/11\/22554813-4854-4D29-A9BD-EAF65367689E-150x150.jpeg",150,150,true],"medium":["https:\/\/quehacerpolitico.mx\/wp-content\/uploads\/2021\/11\/22554813-4854-4D29-A9BD-EAF65367689E-300x199.jpeg",300,199,true],"medium_large":["https:\/\/quehacerpolitico.mx\/wp-content\/uploads\/2021\/11\/22554813-4854-4D29-A9BD-EAF65367689E-768x509.jpeg",640,424,true],"large":["https:\/\/quehacerpolitico.mx\/wp-content\/uploads\/2021\/11\/22554813-4854-4D29-A9BD-EAF65367689E-1024x679.jpeg",640,424,true],"1536x1536":["https:\/\/quehacerpolitico.mx\/wp-content\/uploads\/2021\/11\/22554813-4854-4D29-A9BD-EAF65367689E.jpeg",1080,716,false],"2048x2048":["https:\/\/quehacerpolitico.mx\/wp-content\/uploads\/2021\/11\/22554813-4854-4D29-A9BD-EAF65367689E.jpeg",1080,716,false],"covernews-featured":["https:\/\/quehacerpolitico.mx\/wp-content\/uploads\/2021\/11\/22554813-4854-4D29-A9BD-EAF65367689E.jpeg",1024,679,false],"covernews-medium":["https:\/\/quehacerpolitico.mx\/wp-content\/uploads\/2021\/11\/22554813-4854-4D29-A9BD-EAF65367689E.jpeg",513,340,false]},"author_info":{"display_name":"Redacci\u00f3n QP","author_link":"https:\/\/quehacerpolitico.mx\/?author=2"},"category_info":"<a href=\"https:\/\/quehacerpolitico.mx\/?cat=1\" rel=\"category\">Internacionales<\/a>","tag_info":"Internacionales","comment_count":"0","_links":{"self":[{"href":"https:\/\/quehacerpolitico.mx\/index.php?rest_route=\/wp\/v2\/posts\/86828","targetHints":{"allow":["GET"]}}],"collection":[{"href":"https:\/\/quehacerpolitico.mx\/index.php?rest_route=\/wp\/v2\/posts"}],"about":[{"href":"https:\/\/quehacerpolitico.mx\/index.php?rest_route=\/wp\/v2\/types\/post"}],"author":[{"embeddable":true,"href":"https:\/\/quehacerpolitico.mx\/index.php?rest_route=\/wp\/v2\/users\/2"}],"replies":[{"embeddable":true,"href":"https:\/\/quehacerpolitico.mx\/index.php?rest_route=%2Fwp%2Fv2%2Fcomments&post=86828"}],"version-history":[{"count":1,"href":"https:\/\/quehacerpolitico.mx\/index.php?rest_route=\/wp\/v2\/posts\/86828\/revisions"}],"predecessor-version":[{"id":86830,"href":"https:\/\/quehacerpolitico.mx\/index.php?rest_route=\/wp\/v2\/posts\/86828\/revisions\/86830"}],"wp:featuredmedia":[{"embeddable":true,"href":"https:\/\/quehacerpolitico.mx\/index.php?rest_route=\/wp\/v2\/media\/86829"}],"wp:attachment":[{"href":"https:\/\/quehacerpolitico.mx\/index.php?rest_route=%2Fwp%2Fv2%2Fmedia&parent=86828"}],"wp:term":[{"taxonomy":"category","embeddable":true,"href":"https:\/\/quehacerpolitico.mx\/index.php?rest_route=%2Fwp%2Fv2%2Fcategories&post=86828"},{"taxonomy":"post_tag","embeddable":true,"href":"https:\/\/quehacerpolitico.mx\/index.php?rest_route=%2Fwp%2Fv2%2Ftags&post=86828"}],"curies":[{"name":"wp","href":"https:\/\/api.w.org\/{rel}","templated":true}]}}