{"id":86825,"date":"2021-11-24T05:19:43","date_gmt":"2021-11-24T05:19:43","guid":{"rendered":"https:\/\/quehacerpolitico.mx\/?p=86825"},"modified":"2021-11-24T05:19:46","modified_gmt":"2021-11-24T05:19:46","slug":"lilly-tellez-llama-a-un-dia-sin-pagar-impuestos-tras-decreto-de-amlo","status":"publish","type":"post","link":"https:\/\/quehacerpolitico.mx\/?p=86825","title":{"rendered":"Lilly T\u00e9llez llama a &#8220;un d\u00eda sin pagar impuestos&#8221; tras decreto de AMLO"},"content":{"rendered":"\n<p>Por Redacci\u00f3n QP<\/p>\n\n\n\n<p>Lilly T\u00e9llez critica que &#8220;los par\u00e1sitos de la 4T&#8221; cada vez m\u00e1s son adictos al dinero p\u00fablico y llam\u00f3 a &#8220;un d\u00eda sin pagar impuestos&#8221;<\/p>\n\n\n\n<p>La senadora Lilly T\u00e9llez critic\u00f3 que &#8220;los par\u00e1sitos de la 4T&#8221; cada vez m\u00e1s son adictos al dinero p\u00fablico y llam\u00f3 a &#8220;un d\u00eda sin pagar impuestos&#8221;, luego de que el Presidente\u00a0Andr\u00e9s Manuel L\u00f3pez Obrador (AMLO)\u00a0declar\u00f3 de seguridad nacional todos los proyectos de infraestructura de su gobierno como el Tren Maya y el Aeropuerto Felipe \u00c1ngeles.<\/p>\n\n\n\n<blockquote class=\"wp-block-quote is-layout-flow wp-block-quote-is-layout-flow\"><p>&#8220;La 4T viola la ley, as\u00ed no deber\u00edamos pagar impuestos&#8221;<\/p><\/blockquote>\n\n\n\n<p>Lilly T\u00e9llez, a\u00a0trav\u00e9s de redes sociales, dijo que los integrantes de la Cuarta Transformaci\u00f3n\u00a0<strong>no quieren informar a los ciudadanos en qu\u00e9 gastan el dinero p\u00fablico, c\u00f3mo lo asignan, a qui\u00e9n contratan, a qui\u00e9n benefician, a qui\u00e9n perjudican y qu\u00e9 da\u00f1os provocan<\/strong>.<\/p>\n\n\n\n<figure class=\"wp-block-embed is-type-rich is-provider-twitter wp-block-embed-twitter\"><div class=\"wp-block-embed__wrapper\">\n<blockquote class=\"twitter-tweet\" data-width=\"550\" data-dnt=\"true\"><p lang=\"es\" dir=\"ltr\">Los ciudadanos necesitamos defendernos de los abusos del gobierno, esa podr\u00eda ser una forma de resistencia civil: un d\u00eda sin pagar impuestos.<\/p>&mdash; Lilly T\u00e9llez (@LillyTellez) <a href=\"https:\/\/twitter.com\/LillyTellez\/status\/1463172427387744262?ref_src=twsrc%5Etfw\">November 23, 2021<\/a><\/blockquote><script async src=\"https:\/\/platform.twitter.com\/widgets.js\" charset=\"utf-8\"><\/script>\n<\/div><\/figure>\n\n\n\n<p><strong>&#8220;La 4T viola la ley, as\u00ed no deber\u00edamos pagar impuestos&#8221;<\/strong>, escribi\u00f3 Lilly T\u00e9llez.<\/p>\n\n\n\n<p><strong>&#8220;Los ciudadanos necesitamos defendernos de los abusos del gobierno, esa podr\u00eda ser una forma de resistencia civil: un d\u00eda sin pagar impuestos&#8221;<\/strong>, declar\u00f3 T\u00e9llez.<\/p>\n\n\n\n<figure class=\"wp-block-embed is-type-rich is-provider-twitter wp-block-embed-twitter\"><div class=\"wp-block-embed__wrapper\">\n<blockquote class=\"twitter-tweet\" data-width=\"550\" data-dnt=\"true\"><p lang=\"es\" dir=\"ltr\">Ma\u00f1ana propondr\u00e9 a @senadoresPAN el ejercicio de una Acci\u00f3n de Inconstitucionalidad contra el arbitrario Acuerdo Presidencial que pretende convertir en obras de inter\u00e9s p\u00fablico y seguridad nacional las ocurrencias de los par\u00e1sitos. <br>Y les urge un abogado porque les vamos a ganar.<\/p>&mdash; Lilly T\u00e9llez (@LillyTellez) <a href=\"https:\/\/twitter.com\/LillyTellez\/status\/1463006056649576460?ref_src=twsrc%5Etfw\">November 23, 2021<\/a><\/blockquote><script async src=\"https:\/\/platform.twitter.com\/widgets.js\" charset=\"utf-8\"><\/script>\n<\/div><\/figure>\n\n\n\n<p>Despu\u00e9s de que L\u00f3pez Obrador declar\u00f3 de seguridad nacional todos los proyectos de infraestructura de su gobierno, la senadora Lilly T\u00e9llez inform\u00f3 que propondr\u00eda a los senadores panistas el ejercicio de una acci\u00f3n de inconstitucionalidad &#8220;contra el arbitrario Acuerdo Presidencial que pretende convertir en obras de inter\u00e9s p\u00fablico y seguridad nacional las ocurrencias de los par\u00e1sitos&#8221;.<\/p>\n\n\n\n<p><strong>&#8220;Y les urge un abogado porque les vamos a ganar&#8221;<\/strong>, agreg\u00f3.<\/p>\n\n\n\n<p>Critic\u00f3 tambi\u00e9n que la 4T en campa\u00f1a dec\u00eda: &#8220;Todo por la raz\u00f3n, nada por la fuerza&#8221;; mientras que en el poder dicen: &#8220;Todo por decreto, nada por cordura&#8221;.<\/p>\n\n\n\n<figure class=\"wp-block-embed is-type-video is-provider-youtube wp-block-embed-youtube wp-embed-aspect-16-9 wp-has-aspect-ratio\"><div class=\"wp-block-embed__wrapper\">\n<iframe loading=\"lazy\" title=\"Lilly T\u00e9llez llama a \u201cun d\u00eda sin pagar impuestos\u201d tras decreto de AMLO\" width=\"640\" height=\"360\" src=\"https:\/\/www.youtube.com\/embed\/9aybZoyZze8?feature=oembed\" frameborder=\"0\" allow=\"accelerometer; autoplay; clipboard-write; encrypted-media; gyroscope; picture-in-picture; web-share\" referrerpolicy=\"strict-origin-when-cross-origin\" allowfullscreen><\/iframe>\n<\/div><\/figure>\n\n\n\n<p>Con informaci\u00f3n de SUN <\/p>\n","protected":false},"excerpt":{"rendered":"<p>Por Redacci\u00f3n QP Lilly T\u00e9llez critica que &#8220;los par\u00e1sitos de la 4T&#8221; cada vez m\u00e1s&#8230;<\/p>\n","protected":false},"author":2,"featured_media":86826,"comment_status":"open","ping_status":"open","sticky":false,"template":"","format":"standard","meta":{"_monsterinsights_skip_tracking":false,"_monsterinsights_sitenote_active":false,"_monsterinsights_sitenote_note":"","_monsterinsights_sitenote_category":0,"footnotes":""},"categories":[2],"tags":[],"class_list":["post-86825","post","type-post","status-publish","format-standard","has-post-thumbnail","hentry","category-noticias"],"yoast_head":"<!-- This site is optimized with the Yoast SEO plugin v27.3 - https:\/\/yoast.com\/product\/yoast-seo-wordpress\/ -->\n<title>Lilly T\u00e9llez llama a &quot;un d\u00eda sin pagar impuestos&quot; tras decreto de AMLO -<\/title>\n<meta name=\"robots\" content=\"index, follow, max-snippet:-1, max-image-preview:large, max-video-preview:-1\" \/>\n<link rel=\"canonical\" href=\"https:\/\/quehacerpolitico.mx\/?p=86825\" \/>\n<meta property=\"og:locale\" content=\"es_MX\" \/>\n<meta property=\"og:type\" content=\"article\" \/>\n<meta property=\"og:title\" content=\"Lilly T\u00e9llez llama a &quot;un d\u00eda sin pagar impuestos&quot; tras decreto de AMLO -\" \/>\n<meta property=\"og:description\" content=\"Por Redacci\u00f3n QP Lilly T\u00e9llez critica que &#8220;los par\u00e1sitos de la 4T&#8221; cada vez m\u00e1s...\" \/>\n<meta property=\"og:url\" content=\"https:\/\/quehacerpolitico.mx\/?p=86825\" \/>\n<meta property=\"article:published_time\" content=\"2021-11-24T05:19:43+00:00\" \/>\n<meta property=\"article:modified_time\" content=\"2021-11-24T05:19:46+00:00\" \/>\n<meta property=\"og:image\" content=\"https:\/\/quehacerpolitico.mx\/wp-content\/uploads\/2021\/11\/3B51A81E-0597-4745-92DB-23A09F89FECB.jpeg\" \/>\n\t<meta property=\"og:image:width\" content=\"994\" \/>\n\t<meta property=\"og:image:height\" content=\"701\" \/>\n\t<meta property=\"og:image:type\" content=\"image\/jpeg\" \/>\n<meta name=\"author\" content=\"Redacci\u00f3n QP\" \/>\n<meta name=\"twitter:card\" content=\"summary_large_image\" \/>\n<meta name=\"twitter:label1\" content=\"Escrito por\" \/>\n\t<meta name=\"twitter:data1\" content=\"Redacci\u00f3n QP\" \/>\n\t<meta name=\"twitter:label2\" content=\"Tiempo de lectura\" \/>\n\t<meta name=\"twitter:data2\" content=\"2 minutos\" \/>\n<script type=\"application\/ld+json\" class=\"yoast-schema-graph\">{\"@context\":\"https:\\\/\\\/schema.org\",\"@graph\":[{\"@type\":\"Article\",\"@id\":\"https:\\\/\\\/quehacerpolitico.mx\\\/?p=86825#article\",\"isPartOf\":{\"@id\":\"https:\\\/\\\/quehacerpolitico.mx\\\/?p=86825\"},\"author\":{\"name\":\"Redacci\u00f3n QP\",\"@id\":\"https:\\\/\\\/quehacerpolitico.mx\\\/#\\\/schema\\\/person\\\/496d8ad2d1d3f8036101dca7ee39e585\"},\"headline\":\"Lilly T\u00e9llez llama a &#8220;un d\u00eda sin pagar impuestos&#8221; tras decreto de AMLO\",\"datePublished\":\"2021-11-24T05:19:43+00:00\",\"dateModified\":\"2021-11-24T05:19:46+00:00\",\"mainEntityOfPage\":{\"@id\":\"https:\\\/\\\/quehacerpolitico.mx\\\/?p=86825\"},\"wordCount\":347,\"commentCount\":0,\"image\":{\"@id\":\"https:\\\/\\\/quehacerpolitico.mx\\\/?p=86825#primaryimage\"},\"thumbnailUrl\":\"https:\\\/\\\/quehacerpolitico.mx\\\/wp-content\\\/uploads\\\/2021\\\/11\\\/3B51A81E-0597-4745-92DB-23A09F89FECB.jpeg\",\"articleSection\":[\"Noticias\"],\"inLanguage\":\"es\",\"potentialAction\":[{\"@type\":\"CommentAction\",\"name\":\"Comment\",\"target\":[\"https:\\\/\\\/quehacerpolitico.mx\\\/?p=86825#respond\"]}]},{\"@type\":\"WebPage\",\"@id\":\"https:\\\/\\\/quehacerpolitico.mx\\\/?p=86825\",\"url\":\"https:\\\/\\\/quehacerpolitico.mx\\\/?p=86825\",\"name\":\"Lilly T\u00e9llez llama a \\\"un d\u00eda sin pagar impuestos\\\" tras decreto de AMLO -\",\"isPartOf\":{\"@id\":\"https:\\\/\\\/quehacerpolitico.mx\\\/#website\"},\"primaryImageOfPage\":{\"@id\":\"https:\\\/\\\/quehacerpolitico.mx\\\/?p=86825#primaryimage\"},\"image\":{\"@id\":\"https:\\\/\\\/quehacerpolitico.mx\\\/?p=86825#primaryimage\"},\"thumbnailUrl\":\"https:\\\/\\\/quehacerpolitico.mx\\\/wp-content\\\/uploads\\\/2021\\\/11\\\/3B51A81E-0597-4745-92DB-23A09F89FECB.jpeg\",\"datePublished\":\"2021-11-24T05:19:43+00:00\",\"dateModified\":\"2021-11-24T05:19:46+00:00\",\"author\":{\"@id\":\"https:\\\/\\\/quehacerpolitico.mx\\\/#\\\/schema\\\/person\\\/496d8ad2d1d3f8036101dca7ee39e585\"},\"breadcrumb\":{\"@id\":\"https:\\\/\\\/quehacerpolitico.mx\\\/?p=86825#breadcrumb\"},\"inLanguage\":\"es\",\"potentialAction\":[{\"@type\":\"ReadAction\",\"target\":[\"https:\\\/\\\/quehacerpolitico.mx\\\/?p=86825\"]}]},{\"@type\":\"ImageObject\",\"inLanguage\":\"es\",\"@id\":\"https:\\\/\\\/quehacerpolitico.mx\\\/?p=86825#primaryimage\",\"url\":\"https:\\\/\\\/quehacerpolitico.mx\\\/wp-content\\\/uploads\\\/2021\\\/11\\\/3B51A81E-0597-4745-92DB-23A09F89FECB.jpeg\",\"contentUrl\":\"https:\\\/\\\/quehacerpolitico.mx\\\/wp-content\\\/uploads\\\/2021\\\/11\\\/3B51A81E-0597-4745-92DB-23A09F89FECB.jpeg\",\"width\":994,\"height\":701},{\"@type\":\"BreadcrumbList\",\"@id\":\"https:\\\/\\\/quehacerpolitico.mx\\\/?p=86825#breadcrumb\",\"itemListElement\":[{\"@type\":\"ListItem\",\"position\":1,\"name\":\"Inicio\",\"item\":\"https:\\\/\\\/quehacerpolitico.mx\\\/\"},{\"@type\":\"ListItem\",\"position\":2,\"name\":\"Lilly T\u00e9llez llama a &#8220;un d\u00eda sin pagar impuestos&#8221; tras decreto de AMLO\"}]},{\"@type\":\"WebSite\",\"@id\":\"https:\\\/\\\/quehacerpolitico.mx\\\/#website\",\"url\":\"https:\\\/\\\/quehacerpolitico.mx\\\/\",\"name\":\"\",\"description\":\"\",\"potentialAction\":[{\"@type\":\"SearchAction\",\"target\":{\"@type\":\"EntryPoint\",\"urlTemplate\":\"https:\\\/\\\/quehacerpolitico.mx\\\/?s={search_term_string}\"},\"query-input\":{\"@type\":\"PropertyValueSpecification\",\"valueRequired\":true,\"valueName\":\"search_term_string\"}}],\"inLanguage\":\"es\"},{\"@type\":\"Person\",\"@id\":\"https:\\\/\\\/quehacerpolitico.mx\\\/#\\\/schema\\\/person\\\/496d8ad2d1d3f8036101dca7ee39e585\",\"name\":\"Redacci\u00f3n QP\",\"image\":{\"@type\":\"ImageObject\",\"inLanguage\":\"es\",\"@id\":\"https:\\\/\\\/secure.gravatar.com\\\/avatar\\\/c7164ed6fdec453195284ad24a5ae5b6e1eed2b848477fa2a4787ba9adf39a41?s=96&d=mm&r=g\",\"url\":\"https:\\\/\\\/secure.gravatar.com\\\/avatar\\\/c7164ed6fdec453195284ad24a5ae5b6e1eed2b848477fa2a4787ba9adf39a41?s=96&d=mm&r=g\",\"contentUrl\":\"https:\\\/\\\/secure.gravatar.com\\\/avatar\\\/c7164ed6fdec453195284ad24a5ae5b6e1eed2b848477fa2a4787ba9adf39a41?s=96&d=mm&r=g\",\"caption\":\"Redacci\u00f3n QP\"},\"url\":\"https:\\\/\\\/quehacerpolitico.mx\\\/?author=2\"}]}<\/script>\n<!-- \/ Yoast SEO plugin. -->","yoast_head_json":{"title":"Lilly T\u00e9llez llama a \"un d\u00eda sin pagar impuestos\" tras decreto de AMLO -","robots":{"index":"index","follow":"follow","max-snippet":"max-snippet:-1","max-image-preview":"max-image-preview:large","max-video-preview":"max-video-preview:-1"},"canonical":"https:\/\/quehacerpolitico.mx\/?p=86825","og_locale":"es_MX","og_type":"article","og_title":"Lilly T\u00e9llez llama a \"un d\u00eda sin pagar impuestos\" tras decreto de AMLO -","og_description":"Por Redacci\u00f3n QP Lilly T\u00e9llez critica que &#8220;los par\u00e1sitos de la 4T&#8221; cada vez m\u00e1s...","og_url":"https:\/\/quehacerpolitico.mx\/?p=86825","article_published_time":"2021-11-24T05:19:43+00:00","article_modified_time":"2021-11-24T05:19:46+00:00","og_image":[{"width":994,"height":701,"url":"https:\/\/quehacerpolitico.mx\/wp-content\/uploads\/2021\/11\/3B51A81E-0597-4745-92DB-23A09F89FECB.jpeg","type":"image\/jpeg"}],"author":"Redacci\u00f3n QP","twitter_card":"summary_large_image","twitter_misc":{"Escrito por":"Redacci\u00f3n QP","Tiempo de lectura":"2 minutos"},"schema":{"@context":"https:\/\/schema.org","@graph":[{"@type":"Article","@id":"https:\/\/quehacerpolitico.mx\/?p=86825#article","isPartOf":{"@id":"https:\/\/quehacerpolitico.mx\/?p=86825"},"author":{"name":"Redacci\u00f3n QP","@id":"https:\/\/quehacerpolitico.mx\/#\/schema\/person\/496d8ad2d1d3f8036101dca7ee39e585"},"headline":"Lilly T\u00e9llez llama a &#8220;un d\u00eda sin pagar impuestos&#8221; tras decreto de AMLO","datePublished":"2021-11-24T05:19:43+00:00","dateModified":"2021-11-24T05:19:46+00:00","mainEntityOfPage":{"@id":"https:\/\/quehacerpolitico.mx\/?p=86825"},"wordCount":347,"commentCount":0,"image":{"@id":"https:\/\/quehacerpolitico.mx\/?p=86825#primaryimage"},"thumbnailUrl":"https:\/\/quehacerpolitico.mx\/wp-content\/uploads\/2021\/11\/3B51A81E-0597-4745-92DB-23A09F89FECB.jpeg","articleSection":["Noticias"],"inLanguage":"es","potentialAction":[{"@type":"CommentAction","name":"Comment","target":["https:\/\/quehacerpolitico.mx\/?p=86825#respond"]}]},{"@type":"WebPage","@id":"https:\/\/quehacerpolitico.mx\/?p=86825","url":"https:\/\/quehacerpolitico.mx\/?p=86825","name":"Lilly T\u00e9llez llama a \"un d\u00eda sin pagar impuestos\" tras decreto de AMLO -","isPartOf":{"@id":"https:\/\/quehacerpolitico.mx\/#website"},"primaryImageOfPage":{"@id":"https:\/\/quehacerpolitico.mx\/?p=86825#primaryimage"},"image":{"@id":"https:\/\/quehacerpolitico.mx\/?p=86825#primaryimage"},"thumbnailUrl":"https:\/\/quehacerpolitico.mx\/wp-content\/uploads\/2021\/11\/3B51A81E-0597-4745-92DB-23A09F89FECB.jpeg","datePublished":"2021-11-24T05:19:43+00:00","dateModified":"2021-11-24T05:19:46+00:00","author":{"@id":"https:\/\/quehacerpolitico.mx\/#\/schema\/person\/496d8ad2d1d3f8036101dca7ee39e585"},"breadcrumb":{"@id":"https:\/\/quehacerpolitico.mx\/?p=86825#breadcrumb"},"inLanguage":"es","potentialAction":[{"@type":"ReadAction","target":["https:\/\/quehacerpolitico.mx\/?p=86825"]}]},{"@type":"ImageObject","inLanguage":"es","@id":"https:\/\/quehacerpolitico.mx\/?p=86825#primaryimage","url":"https:\/\/quehacerpolitico.mx\/wp-content\/uploads\/2021\/11\/3B51A81E-0597-4745-92DB-23A09F89FECB.jpeg","contentUrl":"https:\/\/quehacerpolitico.mx\/wp-content\/uploads\/2021\/11\/3B51A81E-0597-4745-92DB-23A09F89FECB.jpeg","width":994,"height":701},{"@type":"BreadcrumbList","@id":"https:\/\/quehacerpolitico.mx\/?p=86825#breadcrumb","itemListElement":[{"@type":"ListItem","position":1,"name":"Inicio","item":"https:\/\/quehacerpolitico.mx\/"},{"@type":"ListItem","position":2,"name":"Lilly T\u00e9llez llama a &#8220;un d\u00eda sin pagar impuestos&#8221; tras decreto de AMLO"}]},{"@type":"WebSite","@id":"https:\/\/quehacerpolitico.mx\/#website","url":"https:\/\/quehacerpolitico.mx\/","name":"","description":"","potentialAction":[{"@type":"SearchAction","target":{"@type":"EntryPoint","urlTemplate":"https:\/\/quehacerpolitico.mx\/?s={search_term_string}"},"query-input":{"@type":"PropertyValueSpecification","valueRequired":true,"valueName":"search_term_string"}}],"inLanguage":"es"},{"@type":"Person","@id":"https:\/\/quehacerpolitico.mx\/#\/schema\/person\/496d8ad2d1d3f8036101dca7ee39e585","name":"Redacci\u00f3n QP","image":{"@type":"ImageObject","inLanguage":"es","@id":"https:\/\/secure.gravatar.com\/avatar\/c7164ed6fdec453195284ad24a5ae5b6e1eed2b848477fa2a4787ba9adf39a41?s=96&d=mm&r=g","url":"https:\/\/secure.gravatar.com\/avatar\/c7164ed6fdec453195284ad24a5ae5b6e1eed2b848477fa2a4787ba9adf39a41?s=96&d=mm&r=g","contentUrl":"https:\/\/secure.gravatar.com\/avatar\/c7164ed6fdec453195284ad24a5ae5b6e1eed2b848477fa2a4787ba9adf39a41?s=96&d=mm&r=g","caption":"Redacci\u00f3n QP"},"url":"https:\/\/quehacerpolitico.mx\/?author=2"}]}},"featured_image_urls":{"full":["https:\/\/quehacerpolitico.mx\/wp-content\/uploads\/2021\/11\/3B51A81E-0597-4745-92DB-23A09F89FECB.jpeg",994,701,false],"thumbnail":["https:\/\/quehacerpolitico.mx\/wp-content\/uploads\/2021\/11\/3B51A81E-0597-4745-92DB-23A09F89FECB-150x150.jpeg",150,150,true],"medium":["https:\/\/quehacerpolitico.mx\/wp-content\/uploads\/2021\/11\/3B51A81E-0597-4745-92DB-23A09F89FECB-300x212.jpeg",300,212,true],"medium_large":["https:\/\/quehacerpolitico.mx\/wp-content\/uploads\/2021\/11\/3B51A81E-0597-4745-92DB-23A09F89FECB-768x542.jpeg",640,452,true],"large":["https:\/\/quehacerpolitico.mx\/wp-content\/uploads\/2021\/11\/3B51A81E-0597-4745-92DB-23A09F89FECB.jpeg",640,451,false],"1536x1536":["https:\/\/quehacerpolitico.mx\/wp-content\/uploads\/2021\/11\/3B51A81E-0597-4745-92DB-23A09F89FECB.jpeg",994,701,false],"2048x2048":["https:\/\/quehacerpolitico.mx\/wp-content\/uploads\/2021\/11\/3B51A81E-0597-4745-92DB-23A09F89FECB.jpeg",994,701,false],"covernews-featured":["https:\/\/quehacerpolitico.mx\/wp-content\/uploads\/2021\/11\/3B51A81E-0597-4745-92DB-23A09F89FECB.jpeg",994,701,false],"covernews-medium":["https:\/\/quehacerpolitico.mx\/wp-content\/uploads\/2021\/11\/3B51A81E-0597-4745-92DB-23A09F89FECB.jpeg",482,340,false]},"author_info":{"display_name":"Redacci\u00f3n QP","author_link":"https:\/\/quehacerpolitico.mx\/?author=2"},"category_info":"<a href=\"https:\/\/quehacerpolitico.mx\/?cat=2\" rel=\"category\">Noticias<\/a>","tag_info":"Noticias","comment_count":"0","_links":{"self":[{"href":"https:\/\/quehacerpolitico.mx\/index.php?rest_route=\/wp\/v2\/posts\/86825","targetHints":{"allow":["GET"]}}],"collection":[{"href":"https:\/\/quehacerpolitico.mx\/index.php?rest_route=\/wp\/v2\/posts"}],"about":[{"href":"https:\/\/quehacerpolitico.mx\/index.php?rest_route=\/wp\/v2\/types\/post"}],"author":[{"embeddable":true,"href":"https:\/\/quehacerpolitico.mx\/index.php?rest_route=\/wp\/v2\/users\/2"}],"replies":[{"embeddable":true,"href":"https:\/\/quehacerpolitico.mx\/index.php?rest_route=%2Fwp%2Fv2%2Fcomments&post=86825"}],"version-history":[{"count":1,"href":"https:\/\/quehacerpolitico.mx\/index.php?rest_route=\/wp\/v2\/posts\/86825\/revisions"}],"predecessor-version":[{"id":86827,"href":"https:\/\/quehacerpolitico.mx\/index.php?rest_route=\/wp\/v2\/posts\/86825\/revisions\/86827"}],"wp:featuredmedia":[{"embeddable":true,"href":"https:\/\/quehacerpolitico.mx\/index.php?rest_route=\/wp\/v2\/media\/86826"}],"wp:attachment":[{"href":"https:\/\/quehacerpolitico.mx\/index.php?rest_route=%2Fwp%2Fv2%2Fmedia&parent=86825"}],"wp:term":[{"taxonomy":"category","embeddable":true,"href":"https:\/\/quehacerpolitico.mx\/index.php?rest_route=%2Fwp%2Fv2%2Fcategories&post=86825"},{"taxonomy":"post_tag","embeddable":true,"href":"https:\/\/quehacerpolitico.mx\/index.php?rest_route=%2Fwp%2Fv2%2Ftags&post=86825"}],"curies":[{"name":"wp","href":"https:\/\/api.w.org\/{rel}","templated":true}]}}