{"id":8682,"date":"2018-11-07T21:08:31","date_gmt":"2018-11-07T21:08:31","guid":{"rendered":"http:\/\/quehacerpolitico.mx\/video-el-conductor-de-un-bmw-agrede-a-mujer-policia-que-intento-ponerle-una-arana-por-no-pagar-parquimetro\/"},"modified":"2018-11-07T21:08:31","modified_gmt":"2018-11-07T21:08:31","slug":"video-el-conductor-de-un-bmw-agrede-a-mujer-policia-que-intento-ponerle-una-arana-por-no-pagar-parquimetro","status":"publish","type":"post","link":"https:\/\/quehacerpolitico.mx\/?p=8682","title":{"rendered":"VIDEO: El conductor de un BMW agrede a mujer polic\u00eda que intent\u00f3 ponerle una ara\u00f1a por no pagar parqu\u00edmetro"},"content":{"rendered":"<h1>VIDEO: El conductor de un BMW agrede a mujer polic\u00eda que intent\u00f3 ponerle una ara\u00f1a por no pagar parqu\u00edmetro<\/h1>\n<p>Por Redacci\u00f3n QP<\/p>\n<p><iframe loading=\"lazy\" title=\"Conductor de BMW agrede a polic\u00eda en la CdMx\" width=\"640\" height=\"360\" src=\"https:\/\/www.youtube.com\/embed\/40MkaYvLFR0?feature=oembed\" frameborder=\"0\" allow=\"accelerometer; autoplay; clipboard-write; encrypted-media; gyroscope; picture-in-picture; web-share\" referrerpolicy=\"strict-origin-when-cross-origin\" allowfullscreen><\/iframe><\/p>\n<p>Usuarios de redes sociales difundieron un <strong>video<\/strong> que muestra el momento en que el conductor de un autom\u00f3vil <strong>BMW<\/strong>agrede a una <strong>mujer polic\u00eda<\/strong> de la <strong>Secretar\u00eda de Seguridad P\u00fablica<\/strong> de la Ciudad de M\u00e9xico quien pretend\u00eda colocarle una <strong>ara\u00f1a inmovilizadora<\/strong> por estacionarse sin pagar el <strong>parqu\u00edmetro<\/strong>.<\/p>\n<p>En un video grabado y difundido por la oficial <strong>Ana Gabriela Guti\u00e9rrez<\/strong>, se observa c\u00f3mo la uniformada se acerca al conductor del auto con placas MZE 6613 del Estado de M\u00e9xico, quien se encontraba estacionado en la calle R\u00edo Amur, en la <strong>colonia Cuauht\u00e9moc<\/strong> y le indica que no cuenta con su comprobante por el pago del parqu\u00edmetro.<\/p>\n<p>\u201cPero acabo de estacionarme, estoy esperando a alguien y me voy\u201d, responde el automovilista. La agente le indica que para estacionarse en la zona debe paga m\u00ednimo 2 pesos, le informa que se ha hecho acreedor a una infracci\u00f3n y le pide a su compa\u00f1ero que le coloque la ara\u00f1a inmovilizaron al auto.<\/p>\n<p>Entonces, el conductor desciende de su auto y comienza forcejar con el trabajador para impedir que le coloque la ara\u00f1a. En tanto la oficial trata de calmar al sujeto y le dice que puede ocasionar un accidente.<\/p>\n<p>Al ver la actitud agresiva del conductor, la oficial trata de poner la ara\u00f1a. Sin embargo es agredida por el due\u00f1o, quien la sujet\u00f3 de los brazos, la levant\u00f3 y la azot\u00f3 en el piso.<\/p>\n<p>La agente qued\u00f3 tendida sobre el pavimento y sufri\u00f3 la luxaci\u00f3n de su brazo derecho. El hombre abord\u00f3 su veh\u00edculo y escap\u00f3 del lugar.<\/p>\n<p>Luego de la difusi\u00f3n del video, la SSP levant\u00f3 una denuncia ante la agencia 5 del Ministerio P\u00fablico por las agresiones ante la polic\u00eda.<\/p>\n<p>En tanto, la Procuradur\u00eda General de Justicia inici\u00f3 una carpeta de investigaci\u00f3n por el delito de lesiones culposas e inform\u00f3 que busca al conductor para vincularlo a proceso.<\/p>\n","protected":false},"excerpt":{"rendered":"<p>VIDEO: El conductor de un BMW agrede a mujer polic\u00eda que intent\u00f3 ponerle una ara\u00f1a por no pagar parqu\u00edmetro<br \/>\nPor Redacci\u00f3n QP<\/p>\n","protected":false},"author":2,"featured_media":8681,"comment_status":"open","ping_status":"open","sticky":false,"template":"","format":"standard","meta":{"_monsterinsights_skip_tracking":false,"_monsterinsights_sitenote_active":false,"_monsterinsights_sitenote_note":"","_monsterinsights_sitenote_category":0,"footnotes":""},"categories":[55],"tags":[],"class_list":["post-8682","post","type-post","status-publish","format-standard","has-post-thumbnail","hentry","category-cdmx"],"yoast_head":"<!-- This site is optimized with the Yoast SEO plugin v27.3 - https:\/\/yoast.com\/product\/yoast-seo-wordpress\/ -->\n<title>VIDEO: El conductor de un BMW agrede a mujer polic\u00eda que intent\u00f3 ponerle una ara\u00f1a por no pagar parqu\u00edmetro -<\/title>\n<meta name=\"robots\" content=\"index, follow, max-snippet:-1, max-image-preview:large, max-video-preview:-1\" \/>\n<link rel=\"canonical\" href=\"https:\/\/quehacerpolitico.mx\/?p=8682\" \/>\n<meta property=\"og:locale\" content=\"es_MX\" \/>\n<meta property=\"og:type\" content=\"article\" \/>\n<meta property=\"og:title\" content=\"VIDEO: El conductor de un BMW agrede a mujer polic\u00eda que intent\u00f3 ponerle una ara\u00f1a por no pagar parqu\u00edmetro -\" \/>\n<meta property=\"og:description\" content=\"VIDEO: El conductor de un BMW agrede a mujer polic\u00eda que intent\u00f3 ponerle una ara\u00f1a por no pagar parqu\u00edmetro Por Redacci\u00f3n QP\" \/>\n<meta property=\"og:url\" content=\"https:\/\/quehacerpolitico.mx\/?p=8682\" \/>\n<meta property=\"article:published_time\" content=\"2018-11-07T21:08:31+00:00\" \/>\n<meta name=\"author\" content=\"Redacci\u00f3n QP\" \/>\n<meta name=\"twitter:card\" content=\"summary_large_image\" \/>\n<meta name=\"twitter:label1\" content=\"Escrito por\" \/>\n\t<meta name=\"twitter:data1\" content=\"Redacci\u00f3n QP\" \/>\n\t<meta name=\"twitter:label2\" content=\"Tiempo de lectura\" \/>\n\t<meta name=\"twitter:data2\" content=\"2 minutos\" \/>\n<script type=\"application\/ld+json\" class=\"yoast-schema-graph\">{\"@context\":\"https:\\\/\\\/schema.org\",\"@graph\":[{\"@type\":\"Article\",\"@id\":\"https:\\\/\\\/quehacerpolitico.mx\\\/?p=8682#article\",\"isPartOf\":{\"@id\":\"https:\\\/\\\/quehacerpolitico.mx\\\/?p=8682\"},\"author\":{\"name\":\"Redacci\u00f3n QP\",\"@id\":\"https:\\\/\\\/quehacerpolitico.mx\\\/#\\\/schema\\\/person\\\/496d8ad2d1d3f8036101dca7ee39e585\"},\"headline\":\"VIDEO: El conductor de un BMW agrede a mujer polic\u00eda que intent\u00f3 ponerle una ara\u00f1a por no pagar parqu\u00edmetro\",\"datePublished\":\"2018-11-07T21:08:31+00:00\",\"mainEntityOfPage\":{\"@id\":\"https:\\\/\\\/quehacerpolitico.mx\\\/?p=8682\"},\"wordCount\":382,\"commentCount\":0,\"image\":{\"@id\":\"https:\\\/\\\/quehacerpolitico.mx\\\/?p=8682#primaryimage\"},\"thumbnailUrl\":\"\",\"articleSection\":[\"CDMX\"],\"inLanguage\":\"es\",\"potentialAction\":[{\"@type\":\"CommentAction\",\"name\":\"Comment\",\"target\":[\"https:\\\/\\\/quehacerpolitico.mx\\\/?p=8682#respond\"]}]},{\"@type\":\"WebPage\",\"@id\":\"https:\\\/\\\/quehacerpolitico.mx\\\/?p=8682\",\"url\":\"https:\\\/\\\/quehacerpolitico.mx\\\/?p=8682\",\"name\":\"VIDEO: El conductor de un BMW agrede a mujer polic\u00eda que intent\u00f3 ponerle una ara\u00f1a por no pagar parqu\u00edmetro -\",\"isPartOf\":{\"@id\":\"https:\\\/\\\/quehacerpolitico.mx\\\/#website\"},\"primaryImageOfPage\":{\"@id\":\"https:\\\/\\\/quehacerpolitico.mx\\\/?p=8682#primaryimage\"},\"image\":{\"@id\":\"https:\\\/\\\/quehacerpolitico.mx\\\/?p=8682#primaryimage\"},\"thumbnailUrl\":\"\",\"datePublished\":\"2018-11-07T21:08:31+00:00\",\"author\":{\"@id\":\"https:\\\/\\\/quehacerpolitico.mx\\\/#\\\/schema\\\/person\\\/496d8ad2d1d3f8036101dca7ee39e585\"},\"breadcrumb\":{\"@id\":\"https:\\\/\\\/quehacerpolitico.mx\\\/?p=8682#breadcrumb\"},\"inLanguage\":\"es\",\"potentialAction\":[{\"@type\":\"ReadAction\",\"target\":[\"https:\\\/\\\/quehacerpolitico.mx\\\/?p=8682\"]}]},{\"@type\":\"ImageObject\",\"inLanguage\":\"es\",\"@id\":\"https:\\\/\\\/quehacerpolitico.mx\\\/?p=8682#primaryimage\",\"url\":\"\",\"contentUrl\":\"\"},{\"@type\":\"BreadcrumbList\",\"@id\":\"https:\\\/\\\/quehacerpolitico.mx\\\/?p=8682#breadcrumb\",\"itemListElement\":[{\"@type\":\"ListItem\",\"position\":1,\"name\":\"Inicio\",\"item\":\"https:\\\/\\\/quehacerpolitico.mx\\\/\"},{\"@type\":\"ListItem\",\"position\":2,\"name\":\"VIDEO: El conductor de un BMW agrede a mujer polic\u00eda que intent\u00f3 ponerle una ara\u00f1a por no pagar parqu\u00edmetro\"}]},{\"@type\":\"WebSite\",\"@id\":\"https:\\\/\\\/quehacerpolitico.mx\\\/#website\",\"url\":\"https:\\\/\\\/quehacerpolitico.mx\\\/\",\"name\":\"\",\"description\":\"\",\"potentialAction\":[{\"@type\":\"SearchAction\",\"target\":{\"@type\":\"EntryPoint\",\"urlTemplate\":\"https:\\\/\\\/quehacerpolitico.mx\\\/?s={search_term_string}\"},\"query-input\":{\"@type\":\"PropertyValueSpecification\",\"valueRequired\":true,\"valueName\":\"search_term_string\"}}],\"inLanguage\":\"es\"},{\"@type\":\"Person\",\"@id\":\"https:\\\/\\\/quehacerpolitico.mx\\\/#\\\/schema\\\/person\\\/496d8ad2d1d3f8036101dca7ee39e585\",\"name\":\"Redacci\u00f3n QP\",\"image\":{\"@type\":\"ImageObject\",\"inLanguage\":\"es\",\"@id\":\"https:\\\/\\\/secure.gravatar.com\\\/avatar\\\/c7164ed6fdec453195284ad24a5ae5b6e1eed2b848477fa2a4787ba9adf39a41?s=96&d=mm&r=g\",\"url\":\"https:\\\/\\\/secure.gravatar.com\\\/avatar\\\/c7164ed6fdec453195284ad24a5ae5b6e1eed2b848477fa2a4787ba9adf39a41?s=96&d=mm&r=g\",\"contentUrl\":\"https:\\\/\\\/secure.gravatar.com\\\/avatar\\\/c7164ed6fdec453195284ad24a5ae5b6e1eed2b848477fa2a4787ba9adf39a41?s=96&d=mm&r=g\",\"caption\":\"Redacci\u00f3n QP\"},\"url\":\"https:\\\/\\\/quehacerpolitico.mx\\\/?author=2\"}]}<\/script>\n<!-- \/ Yoast SEO plugin. -->","yoast_head_json":{"title":"VIDEO: El conductor de un BMW agrede a mujer polic\u00eda que intent\u00f3 ponerle una ara\u00f1a por no pagar parqu\u00edmetro -","robots":{"index":"index","follow":"follow","max-snippet":"max-snippet:-1","max-image-preview":"max-image-preview:large","max-video-preview":"max-video-preview:-1"},"canonical":"https:\/\/quehacerpolitico.mx\/?p=8682","og_locale":"es_MX","og_type":"article","og_title":"VIDEO: El conductor de un BMW agrede a mujer polic\u00eda que intent\u00f3 ponerle una ara\u00f1a por no pagar parqu\u00edmetro -","og_description":"VIDEO: El conductor de un BMW agrede a mujer polic\u00eda que intent\u00f3 ponerle una ara\u00f1a por no pagar parqu\u00edmetro Por Redacci\u00f3n QP","og_url":"https:\/\/quehacerpolitico.mx\/?p=8682","article_published_time":"2018-11-07T21:08:31+00:00","author":"Redacci\u00f3n QP","twitter_card":"summary_large_image","twitter_misc":{"Escrito por":"Redacci\u00f3n QP","Tiempo de lectura":"2 minutos"},"schema":{"@context":"https:\/\/schema.org","@graph":[{"@type":"Article","@id":"https:\/\/quehacerpolitico.mx\/?p=8682#article","isPartOf":{"@id":"https:\/\/quehacerpolitico.mx\/?p=8682"},"author":{"name":"Redacci\u00f3n QP","@id":"https:\/\/quehacerpolitico.mx\/#\/schema\/person\/496d8ad2d1d3f8036101dca7ee39e585"},"headline":"VIDEO: El conductor de un BMW agrede a mujer polic\u00eda que intent\u00f3 ponerle una ara\u00f1a por no pagar parqu\u00edmetro","datePublished":"2018-11-07T21:08:31+00:00","mainEntityOfPage":{"@id":"https:\/\/quehacerpolitico.mx\/?p=8682"},"wordCount":382,"commentCount":0,"image":{"@id":"https:\/\/quehacerpolitico.mx\/?p=8682#primaryimage"},"thumbnailUrl":"","articleSection":["CDMX"],"inLanguage":"es","potentialAction":[{"@type":"CommentAction","name":"Comment","target":["https:\/\/quehacerpolitico.mx\/?p=8682#respond"]}]},{"@type":"WebPage","@id":"https:\/\/quehacerpolitico.mx\/?p=8682","url":"https:\/\/quehacerpolitico.mx\/?p=8682","name":"VIDEO: El conductor de un BMW agrede a mujer polic\u00eda que intent\u00f3 ponerle una ara\u00f1a por no pagar parqu\u00edmetro -","isPartOf":{"@id":"https:\/\/quehacerpolitico.mx\/#website"},"primaryImageOfPage":{"@id":"https:\/\/quehacerpolitico.mx\/?p=8682#primaryimage"},"image":{"@id":"https:\/\/quehacerpolitico.mx\/?p=8682#primaryimage"},"thumbnailUrl":"","datePublished":"2018-11-07T21:08:31+00:00","author":{"@id":"https:\/\/quehacerpolitico.mx\/#\/schema\/person\/496d8ad2d1d3f8036101dca7ee39e585"},"breadcrumb":{"@id":"https:\/\/quehacerpolitico.mx\/?p=8682#breadcrumb"},"inLanguage":"es","potentialAction":[{"@type":"ReadAction","target":["https:\/\/quehacerpolitico.mx\/?p=8682"]}]},{"@type":"ImageObject","inLanguage":"es","@id":"https:\/\/quehacerpolitico.mx\/?p=8682#primaryimage","url":"","contentUrl":""},{"@type":"BreadcrumbList","@id":"https:\/\/quehacerpolitico.mx\/?p=8682#breadcrumb","itemListElement":[{"@type":"ListItem","position":1,"name":"Inicio","item":"https:\/\/quehacerpolitico.mx\/"},{"@type":"ListItem","position":2,"name":"VIDEO: El conductor de un BMW agrede a mujer polic\u00eda que intent\u00f3 ponerle una ara\u00f1a por no pagar parqu\u00edmetro"}]},{"@type":"WebSite","@id":"https:\/\/quehacerpolitico.mx\/#website","url":"https:\/\/quehacerpolitico.mx\/","name":"","description":"","potentialAction":[{"@type":"SearchAction","target":{"@type":"EntryPoint","urlTemplate":"https:\/\/quehacerpolitico.mx\/?s={search_term_string}"},"query-input":{"@type":"PropertyValueSpecification","valueRequired":true,"valueName":"search_term_string"}}],"inLanguage":"es"},{"@type":"Person","@id":"https:\/\/quehacerpolitico.mx\/#\/schema\/person\/496d8ad2d1d3f8036101dca7ee39e585","name":"Redacci\u00f3n QP","image":{"@type":"ImageObject","inLanguage":"es","@id":"https:\/\/secure.gravatar.com\/avatar\/c7164ed6fdec453195284ad24a5ae5b6e1eed2b848477fa2a4787ba9adf39a41?s=96&d=mm&r=g","url":"https:\/\/secure.gravatar.com\/avatar\/c7164ed6fdec453195284ad24a5ae5b6e1eed2b848477fa2a4787ba9adf39a41?s=96&d=mm&r=g","contentUrl":"https:\/\/secure.gravatar.com\/avatar\/c7164ed6fdec453195284ad24a5ae5b6e1eed2b848477fa2a4787ba9adf39a41?s=96&d=mm&r=g","caption":"Redacci\u00f3n QP"},"url":"https:\/\/quehacerpolitico.mx\/?author=2"}]}},"featured_image_urls":{"full":"","thumbnail":"","medium":"","medium_large":"","large":"","1536x1536":"","2048x2048":"","covernews-featured":"","covernews-medium":""},"author_info":{"display_name":"Redacci\u00f3n QP","author_link":"https:\/\/quehacerpolitico.mx\/?author=2"},"category_info":"<a href=\"https:\/\/quehacerpolitico.mx\/?cat=55\" rel=\"category\">CDMX<\/a>","tag_info":"CDMX","comment_count":"0","_links":{"self":[{"href":"https:\/\/quehacerpolitico.mx\/index.php?rest_route=\/wp\/v2\/posts\/8682","targetHints":{"allow":["GET"]}}],"collection":[{"href":"https:\/\/quehacerpolitico.mx\/index.php?rest_route=\/wp\/v2\/posts"}],"about":[{"href":"https:\/\/quehacerpolitico.mx\/index.php?rest_route=\/wp\/v2\/types\/post"}],"author":[{"embeddable":true,"href":"https:\/\/quehacerpolitico.mx\/index.php?rest_route=\/wp\/v2\/users\/2"}],"replies":[{"embeddable":true,"href":"https:\/\/quehacerpolitico.mx\/index.php?rest_route=%2Fwp%2Fv2%2Fcomments&post=8682"}],"version-history":[{"count":0,"href":"https:\/\/quehacerpolitico.mx\/index.php?rest_route=\/wp\/v2\/posts\/8682\/revisions"}],"wp:featuredmedia":[{"embeddable":true,"href":"https:\/\/quehacerpolitico.mx\/index.php?rest_route=\/"}],"wp:attachment":[{"href":"https:\/\/quehacerpolitico.mx\/index.php?rest_route=%2Fwp%2Fv2%2Fmedia&parent=8682"}],"wp:term":[{"taxonomy":"category","embeddable":true,"href":"https:\/\/quehacerpolitico.mx\/index.php?rest_route=%2Fwp%2Fv2%2Fcategories&post=8682"},{"taxonomy":"post_tag","embeddable":true,"href":"https:\/\/quehacerpolitico.mx\/index.php?rest_route=%2Fwp%2Fv2%2Ftags&post=8682"}],"curies":[{"name":"wp","href":"https:\/\/api.w.org\/{rel}","templated":true}]}}