{"id":86724,"date":"2021-11-18T16:19:03","date_gmt":"2021-11-18T16:19:03","guid":{"rendered":"https:\/\/quehacerpolitico.mx\/?p=86724"},"modified":"2021-11-18T16:19:06","modified_gmt":"2021-11-18T16:19:06","slug":"mancharia-nuestros-legados-mayweather-descarta-pelea-de-exhibicion-contra-jc-chavez","status":"publish","type":"post","link":"https:\/\/quehacerpolitico.mx\/?p=86724","title":{"rendered":"&#8216;Manchar\u00eda nuestros legados&#8217;; Mayweather descarta pelea de exhibici\u00f3n contra JC Ch\u00e1vez"},"content":{"rendered":"\n<p>Por Redacci\u00f3n QP<\/p>\n\n\n\n<p>Money reconoci\u00f3 la trayectoria del pugilista mexicano y se\u00f1al\u00f3 que \u00e9ste solo estaba de &#8220;bravuc\u00f3n&#8221; cuando lo ret\u00f3.<\/p>\n\n\n\n<p>Hace unos d\u00edas Julio C\u00e9sar Ch\u00e1vez y Floyd Mayweather se encontraron durante la Convenci\u00f3n del CMB en la CDMX, ah\u00ed ambas leyendas del boxeo sostuvieron una charla la cual culmin\u00f3 con el picante reto de El C\u00e9sar del Boxeo pidiendo a Money a una pelea de exhibici\u00f3n, ya que incluso le mencion\u00f3 al estadounidense que le pondr\u00eda &#8220;una chinga&#8221;. Pues bien, Money ha salido al paso ante tal cruce con JC Ch\u00e1vez, descartando cualquier tipo de enfrentamiento al considerar que una pelea de exhibici\u00f3n entre ambos solo manchar\u00eda su legado; sin embargo, no dud\u00f3 en tildar de bravuc\u00f3n al Gran Campe\u00f3n mexicano.<\/p>\n\n\n\n<p>\u201c\u00c9l es una leyenda, tipos como Julio C\u00e9sar Ch\u00e1vez, Roberto Dur\u00e1n, Larry Holmes, esos tipos abrieron la puerta y allanaron el camino para que yo estuviera donde estoy. &#8220;(Ch\u00e1vez) dec\u00eda que quer\u00eda una exhibici\u00f3n, y yo le dije que pod\u00eda pelear con una sola mano para hacerlo. \u00c9l estaba de bravuc\u00f3n, pero en tono de broma, pero solo fueron palabras basura. Yo no lo har\u00eda (la pelea de exhibici\u00f3n con Ch\u00e1vez). No lo har\u00eda porque eso manchar\u00eda tanto su legado como mi legado&#8221;, dijo Money ante los medios de comunicaci\u00f3n.<\/p>\n\n\n\n<figure class=\"wp-block-embed is-type-video is-provider-youtube wp-block-embed-youtube wp-embed-aspect-16-9 wp-has-aspect-ratio\"><div class=\"wp-block-embed__wrapper\">\n<iframe loading=\"lazy\" title=\"Julio Cesar Chavez vs Roger Mayweather II (Highlights)\" width=\"640\" height=\"360\" src=\"https:\/\/www.youtube.com\/embed\/NJwn-vJ95rg?feature=oembed\" frameborder=\"0\" allow=\"accelerometer; autoplay; clipboard-write; encrypted-media; gyroscope; picture-in-picture; web-share\" referrerpolicy=\"strict-origin-when-cross-origin\" allowfullscreen><\/iframe>\n<\/div><\/figure>\n\n\n\n<p>No obstante, Money se dio tiempo para reconocer el legado de Julio C\u00e9sar Ch\u00e1vez en el mundo del boxeo, as\u00ed como las victorias que consigui\u00f3 en su momento ante su t\u00edo Roger Mayweather. \u201c\u00c9l es una leyenda, me quito el sombrero ante \u00e9l. \u00c9l pudo vencer a mi t\u00edo dos veces\u201d, indic\u00f3.<\/p>\n\n\n\n<p>Recuerda a Frankie Randall Asimismo, Floyd Mayweather record\u00f3 a su Frankie Randall, a quien calific\u00f3 como hermano y quien fue el primer pugilista que pudo vencer a Julio C\u00e9sar Ch\u00e1vez<\/p>\n\n\n\n<p>\u201cEs curioso tambi\u00e9n que el tipo con el que Ch\u00e1vez perdi\u00f3 su primera pelea fue Frankie Randall, un tipo que era como un hermano mayor para m\u00ed. Pude estar con Frankie en la segunda pelea contra Ch\u00e1vez, y pude quedarme en su casa, manejar sus autos, \u00e9l era como un hermano mayor me ense\u00f1\u00f3 mucho sobre el boxeo profesional. Siempre me trat\u00f3 bien ye este a\u00f1o falleci\u00f3 (en diciembre de 2020), as\u00ed que descanse en paz\u201d, remat\u00f3<\/p>\n\n\n\n<p>Con Informaci\u00f3n de Medio Tiempo<\/p>\n","protected":false},"excerpt":{"rendered":"<p>Por Redacci\u00f3n QP Money reconoci\u00f3 la trayectoria del pugilista mexicano y se\u00f1al\u00f3 que \u00e9ste solo&#8230;<\/p>\n","protected":false},"author":2,"featured_media":86725,"comment_status":"open","ping_status":"open","sticky":false,"template":"","format":"standard","meta":{"_monsterinsights_skip_tracking":false,"_monsterinsights_sitenote_active":false,"_monsterinsights_sitenote_note":"","_monsterinsights_sitenote_category":0,"footnotes":""},"categories":[54],"tags":[],"class_list":["post-86724","post","type-post","status-publish","format-standard","has-post-thumbnail","hentry","category-deportes"],"yoast_head":"<!-- This site is optimized with the Yoast SEO plugin v27.3 - https:\/\/yoast.com\/product\/yoast-seo-wordpress\/ -->\n<title>&#039;Manchar\u00eda nuestros legados&#039;; Mayweather descarta pelea de exhibici\u00f3n contra JC Ch\u00e1vez -<\/title>\n<meta name=\"robots\" content=\"index, follow, max-snippet:-1, max-image-preview:large, max-video-preview:-1\" \/>\n<link rel=\"canonical\" href=\"https:\/\/quehacerpolitico.mx\/?p=86724\" \/>\n<meta property=\"og:locale\" content=\"es_MX\" \/>\n<meta property=\"og:type\" content=\"article\" \/>\n<meta property=\"og:title\" content=\"&#039;Manchar\u00eda nuestros legados&#039;; Mayweather descarta pelea de exhibici\u00f3n contra JC Ch\u00e1vez -\" \/>\n<meta property=\"og:description\" content=\"Por Redacci\u00f3n QP Money reconoci\u00f3 la trayectoria del pugilista mexicano y se\u00f1al\u00f3 que \u00e9ste solo...\" \/>\n<meta property=\"og:url\" content=\"https:\/\/quehacerpolitico.mx\/?p=86724\" \/>\n<meta property=\"article:published_time\" content=\"2021-11-18T16:19:03+00:00\" \/>\n<meta property=\"article:modified_time\" content=\"2021-11-18T16:19:06+00:00\" \/>\n<meta property=\"og:image\" content=\"https:\/\/quehacerpolitico.mx\/wp-content\/uploads\/2021\/11\/F66F251F-1E75-4B11-9C19-C44B504FE258.jpeg\" \/>\n\t<meta property=\"og:image:width\" content=\"691\" \/>\n\t<meta property=\"og:image:height\" content=\"432\" \/>\n\t<meta property=\"og:image:type\" content=\"image\/jpeg\" \/>\n<meta name=\"author\" content=\"Redacci\u00f3n QP\" \/>\n<meta name=\"twitter:card\" content=\"summary_large_image\" \/>\n<meta name=\"twitter:label1\" content=\"Escrito por\" \/>\n\t<meta name=\"twitter:data1\" content=\"Redacci\u00f3n QP\" \/>\n\t<meta name=\"twitter:label2\" content=\"Tiempo de lectura\" \/>\n\t<meta name=\"twitter:data2\" content=\"2 minutos\" \/>\n<script type=\"application\/ld+json\" class=\"yoast-schema-graph\">{\"@context\":\"https:\\\/\\\/schema.org\",\"@graph\":[{\"@type\":\"Article\",\"@id\":\"https:\\\/\\\/quehacerpolitico.mx\\\/?p=86724#article\",\"isPartOf\":{\"@id\":\"https:\\\/\\\/quehacerpolitico.mx\\\/?p=86724\"},\"author\":{\"name\":\"Redacci\u00f3n QP\",\"@id\":\"https:\\\/\\\/quehacerpolitico.mx\\\/#\\\/schema\\\/person\\\/496d8ad2d1d3f8036101dca7ee39e585\"},\"headline\":\"&#8216;Manchar\u00eda nuestros legados&#8217;; Mayweather descarta pelea de exhibici\u00f3n contra JC Ch\u00e1vez\",\"datePublished\":\"2021-11-18T16:19:03+00:00\",\"dateModified\":\"2021-11-18T16:19:06+00:00\",\"mainEntityOfPage\":{\"@id\":\"https:\\\/\\\/quehacerpolitico.mx\\\/?p=86724\"},\"wordCount\":436,\"commentCount\":0,\"image\":{\"@id\":\"https:\\\/\\\/quehacerpolitico.mx\\\/?p=86724#primaryimage\"},\"thumbnailUrl\":\"https:\\\/\\\/quehacerpolitico.mx\\\/wp-content\\\/uploads\\\/2021\\\/11\\\/F66F251F-1E75-4B11-9C19-C44B504FE258.jpeg\",\"articleSection\":[\"Deportes\"],\"inLanguage\":\"es\",\"potentialAction\":[{\"@type\":\"CommentAction\",\"name\":\"Comment\",\"target\":[\"https:\\\/\\\/quehacerpolitico.mx\\\/?p=86724#respond\"]}]},{\"@type\":\"WebPage\",\"@id\":\"https:\\\/\\\/quehacerpolitico.mx\\\/?p=86724\",\"url\":\"https:\\\/\\\/quehacerpolitico.mx\\\/?p=86724\",\"name\":\"'Manchar\u00eda nuestros legados'; Mayweather descarta pelea de exhibici\u00f3n contra JC Ch\u00e1vez -\",\"isPartOf\":{\"@id\":\"https:\\\/\\\/quehacerpolitico.mx\\\/#website\"},\"primaryImageOfPage\":{\"@id\":\"https:\\\/\\\/quehacerpolitico.mx\\\/?p=86724#primaryimage\"},\"image\":{\"@id\":\"https:\\\/\\\/quehacerpolitico.mx\\\/?p=86724#primaryimage\"},\"thumbnailUrl\":\"https:\\\/\\\/quehacerpolitico.mx\\\/wp-content\\\/uploads\\\/2021\\\/11\\\/F66F251F-1E75-4B11-9C19-C44B504FE258.jpeg\",\"datePublished\":\"2021-11-18T16:19:03+00:00\",\"dateModified\":\"2021-11-18T16:19:06+00:00\",\"author\":{\"@id\":\"https:\\\/\\\/quehacerpolitico.mx\\\/#\\\/schema\\\/person\\\/496d8ad2d1d3f8036101dca7ee39e585\"},\"breadcrumb\":{\"@id\":\"https:\\\/\\\/quehacerpolitico.mx\\\/?p=86724#breadcrumb\"},\"inLanguage\":\"es\",\"potentialAction\":[{\"@type\":\"ReadAction\",\"target\":[\"https:\\\/\\\/quehacerpolitico.mx\\\/?p=86724\"]}]},{\"@type\":\"ImageObject\",\"inLanguage\":\"es\",\"@id\":\"https:\\\/\\\/quehacerpolitico.mx\\\/?p=86724#primaryimage\",\"url\":\"https:\\\/\\\/quehacerpolitico.mx\\\/wp-content\\\/uploads\\\/2021\\\/11\\\/F66F251F-1E75-4B11-9C19-C44B504FE258.jpeg\",\"contentUrl\":\"https:\\\/\\\/quehacerpolitico.mx\\\/wp-content\\\/uploads\\\/2021\\\/11\\\/F66F251F-1E75-4B11-9C19-C44B504FE258.jpeg\",\"width\":691,\"height\":432},{\"@type\":\"BreadcrumbList\",\"@id\":\"https:\\\/\\\/quehacerpolitico.mx\\\/?p=86724#breadcrumb\",\"itemListElement\":[{\"@type\":\"ListItem\",\"position\":1,\"name\":\"Inicio\",\"item\":\"https:\\\/\\\/quehacerpolitico.mx\\\/\"},{\"@type\":\"ListItem\",\"position\":2,\"name\":\"&#8216;Manchar\u00eda nuestros legados&#8217;; Mayweather descarta pelea de exhibici\u00f3n contra JC Ch\u00e1vez\"}]},{\"@type\":\"WebSite\",\"@id\":\"https:\\\/\\\/quehacerpolitico.mx\\\/#website\",\"url\":\"https:\\\/\\\/quehacerpolitico.mx\\\/\",\"name\":\"\",\"description\":\"\",\"potentialAction\":[{\"@type\":\"SearchAction\",\"target\":{\"@type\":\"EntryPoint\",\"urlTemplate\":\"https:\\\/\\\/quehacerpolitico.mx\\\/?s={search_term_string}\"},\"query-input\":{\"@type\":\"PropertyValueSpecification\",\"valueRequired\":true,\"valueName\":\"search_term_string\"}}],\"inLanguage\":\"es\"},{\"@type\":\"Person\",\"@id\":\"https:\\\/\\\/quehacerpolitico.mx\\\/#\\\/schema\\\/person\\\/496d8ad2d1d3f8036101dca7ee39e585\",\"name\":\"Redacci\u00f3n QP\",\"image\":{\"@type\":\"ImageObject\",\"inLanguage\":\"es\",\"@id\":\"https:\\\/\\\/secure.gravatar.com\\\/avatar\\\/c7164ed6fdec453195284ad24a5ae5b6e1eed2b848477fa2a4787ba9adf39a41?s=96&d=mm&r=g\",\"url\":\"https:\\\/\\\/secure.gravatar.com\\\/avatar\\\/c7164ed6fdec453195284ad24a5ae5b6e1eed2b848477fa2a4787ba9adf39a41?s=96&d=mm&r=g\",\"contentUrl\":\"https:\\\/\\\/secure.gravatar.com\\\/avatar\\\/c7164ed6fdec453195284ad24a5ae5b6e1eed2b848477fa2a4787ba9adf39a41?s=96&d=mm&r=g\",\"caption\":\"Redacci\u00f3n QP\"},\"url\":\"https:\\\/\\\/quehacerpolitico.mx\\\/?author=2\"}]}<\/script>\n<!-- \/ Yoast SEO plugin. -->","yoast_head_json":{"title":"'Manchar\u00eda nuestros legados'; Mayweather descarta pelea de exhibici\u00f3n contra JC Ch\u00e1vez -","robots":{"index":"index","follow":"follow","max-snippet":"max-snippet:-1","max-image-preview":"max-image-preview:large","max-video-preview":"max-video-preview:-1"},"canonical":"https:\/\/quehacerpolitico.mx\/?p=86724","og_locale":"es_MX","og_type":"article","og_title":"'Manchar\u00eda nuestros legados'; Mayweather descarta pelea de exhibici\u00f3n contra JC Ch\u00e1vez -","og_description":"Por Redacci\u00f3n QP Money reconoci\u00f3 la trayectoria del pugilista mexicano y se\u00f1al\u00f3 que \u00e9ste solo...","og_url":"https:\/\/quehacerpolitico.mx\/?p=86724","article_published_time":"2021-11-18T16:19:03+00:00","article_modified_time":"2021-11-18T16:19:06+00:00","og_image":[{"width":691,"height":432,"url":"https:\/\/quehacerpolitico.mx\/wp-content\/uploads\/2021\/11\/F66F251F-1E75-4B11-9C19-C44B504FE258.jpeg","type":"image\/jpeg"}],"author":"Redacci\u00f3n QP","twitter_card":"summary_large_image","twitter_misc":{"Escrito por":"Redacci\u00f3n QP","Tiempo de lectura":"2 minutos"},"schema":{"@context":"https:\/\/schema.org","@graph":[{"@type":"Article","@id":"https:\/\/quehacerpolitico.mx\/?p=86724#article","isPartOf":{"@id":"https:\/\/quehacerpolitico.mx\/?p=86724"},"author":{"name":"Redacci\u00f3n QP","@id":"https:\/\/quehacerpolitico.mx\/#\/schema\/person\/496d8ad2d1d3f8036101dca7ee39e585"},"headline":"&#8216;Manchar\u00eda nuestros legados&#8217;; Mayweather descarta pelea de exhibici\u00f3n contra JC Ch\u00e1vez","datePublished":"2021-11-18T16:19:03+00:00","dateModified":"2021-11-18T16:19:06+00:00","mainEntityOfPage":{"@id":"https:\/\/quehacerpolitico.mx\/?p=86724"},"wordCount":436,"commentCount":0,"image":{"@id":"https:\/\/quehacerpolitico.mx\/?p=86724#primaryimage"},"thumbnailUrl":"https:\/\/quehacerpolitico.mx\/wp-content\/uploads\/2021\/11\/F66F251F-1E75-4B11-9C19-C44B504FE258.jpeg","articleSection":["Deportes"],"inLanguage":"es","potentialAction":[{"@type":"CommentAction","name":"Comment","target":["https:\/\/quehacerpolitico.mx\/?p=86724#respond"]}]},{"@type":"WebPage","@id":"https:\/\/quehacerpolitico.mx\/?p=86724","url":"https:\/\/quehacerpolitico.mx\/?p=86724","name":"'Manchar\u00eda nuestros legados'; Mayweather descarta pelea de exhibici\u00f3n contra JC Ch\u00e1vez -","isPartOf":{"@id":"https:\/\/quehacerpolitico.mx\/#website"},"primaryImageOfPage":{"@id":"https:\/\/quehacerpolitico.mx\/?p=86724#primaryimage"},"image":{"@id":"https:\/\/quehacerpolitico.mx\/?p=86724#primaryimage"},"thumbnailUrl":"https:\/\/quehacerpolitico.mx\/wp-content\/uploads\/2021\/11\/F66F251F-1E75-4B11-9C19-C44B504FE258.jpeg","datePublished":"2021-11-18T16:19:03+00:00","dateModified":"2021-11-18T16:19:06+00:00","author":{"@id":"https:\/\/quehacerpolitico.mx\/#\/schema\/person\/496d8ad2d1d3f8036101dca7ee39e585"},"breadcrumb":{"@id":"https:\/\/quehacerpolitico.mx\/?p=86724#breadcrumb"},"inLanguage":"es","potentialAction":[{"@type":"ReadAction","target":["https:\/\/quehacerpolitico.mx\/?p=86724"]}]},{"@type":"ImageObject","inLanguage":"es","@id":"https:\/\/quehacerpolitico.mx\/?p=86724#primaryimage","url":"https:\/\/quehacerpolitico.mx\/wp-content\/uploads\/2021\/11\/F66F251F-1E75-4B11-9C19-C44B504FE258.jpeg","contentUrl":"https:\/\/quehacerpolitico.mx\/wp-content\/uploads\/2021\/11\/F66F251F-1E75-4B11-9C19-C44B504FE258.jpeg","width":691,"height":432},{"@type":"BreadcrumbList","@id":"https:\/\/quehacerpolitico.mx\/?p=86724#breadcrumb","itemListElement":[{"@type":"ListItem","position":1,"name":"Inicio","item":"https:\/\/quehacerpolitico.mx\/"},{"@type":"ListItem","position":2,"name":"&#8216;Manchar\u00eda nuestros legados&#8217;; Mayweather descarta pelea de exhibici\u00f3n contra JC Ch\u00e1vez"}]},{"@type":"WebSite","@id":"https:\/\/quehacerpolitico.mx\/#website","url":"https:\/\/quehacerpolitico.mx\/","name":"","description":"","potentialAction":[{"@type":"SearchAction","target":{"@type":"EntryPoint","urlTemplate":"https:\/\/quehacerpolitico.mx\/?s={search_term_string}"},"query-input":{"@type":"PropertyValueSpecification","valueRequired":true,"valueName":"search_term_string"}}],"inLanguage":"es"},{"@type":"Person","@id":"https:\/\/quehacerpolitico.mx\/#\/schema\/person\/496d8ad2d1d3f8036101dca7ee39e585","name":"Redacci\u00f3n QP","image":{"@type":"ImageObject","inLanguage":"es","@id":"https:\/\/secure.gravatar.com\/avatar\/c7164ed6fdec453195284ad24a5ae5b6e1eed2b848477fa2a4787ba9adf39a41?s=96&d=mm&r=g","url":"https:\/\/secure.gravatar.com\/avatar\/c7164ed6fdec453195284ad24a5ae5b6e1eed2b848477fa2a4787ba9adf39a41?s=96&d=mm&r=g","contentUrl":"https:\/\/secure.gravatar.com\/avatar\/c7164ed6fdec453195284ad24a5ae5b6e1eed2b848477fa2a4787ba9adf39a41?s=96&d=mm&r=g","caption":"Redacci\u00f3n QP"},"url":"https:\/\/quehacerpolitico.mx\/?author=2"}]}},"featured_image_urls":{"full":["https:\/\/quehacerpolitico.mx\/wp-content\/uploads\/2021\/11\/F66F251F-1E75-4B11-9C19-C44B504FE258.jpeg",691,432,false],"thumbnail":["https:\/\/quehacerpolitico.mx\/wp-content\/uploads\/2021\/11\/F66F251F-1E75-4B11-9C19-C44B504FE258-150x150.jpeg",150,150,true],"medium":["https:\/\/quehacerpolitico.mx\/wp-content\/uploads\/2021\/11\/F66F251F-1E75-4B11-9C19-C44B504FE258-300x188.jpeg",300,188,true],"medium_large":["https:\/\/quehacerpolitico.mx\/wp-content\/uploads\/2021\/11\/F66F251F-1E75-4B11-9C19-C44B504FE258.jpeg",640,400,false],"large":["https:\/\/quehacerpolitico.mx\/wp-content\/uploads\/2021\/11\/F66F251F-1E75-4B11-9C19-C44B504FE258.jpeg",640,400,false],"1536x1536":["https:\/\/quehacerpolitico.mx\/wp-content\/uploads\/2021\/11\/F66F251F-1E75-4B11-9C19-C44B504FE258.jpeg",691,432,false],"2048x2048":["https:\/\/quehacerpolitico.mx\/wp-content\/uploads\/2021\/11\/F66F251F-1E75-4B11-9C19-C44B504FE258.jpeg",691,432,false],"covernews-featured":["https:\/\/quehacerpolitico.mx\/wp-content\/uploads\/2021\/11\/F66F251F-1E75-4B11-9C19-C44B504FE258.jpeg",691,432,false],"covernews-medium":["https:\/\/quehacerpolitico.mx\/wp-content\/uploads\/2021\/11\/F66F251F-1E75-4B11-9C19-C44B504FE258.jpeg",540,338,false]},"author_info":{"display_name":"Redacci\u00f3n QP","author_link":"https:\/\/quehacerpolitico.mx\/?author=2"},"category_info":"<a href=\"https:\/\/quehacerpolitico.mx\/?cat=54\" rel=\"category\">Deportes<\/a>","tag_info":"Deportes","comment_count":"0","_links":{"self":[{"href":"https:\/\/quehacerpolitico.mx\/index.php?rest_route=\/wp\/v2\/posts\/86724","targetHints":{"allow":["GET"]}}],"collection":[{"href":"https:\/\/quehacerpolitico.mx\/index.php?rest_route=\/wp\/v2\/posts"}],"about":[{"href":"https:\/\/quehacerpolitico.mx\/index.php?rest_route=\/wp\/v2\/types\/post"}],"author":[{"embeddable":true,"href":"https:\/\/quehacerpolitico.mx\/index.php?rest_route=\/wp\/v2\/users\/2"}],"replies":[{"embeddable":true,"href":"https:\/\/quehacerpolitico.mx\/index.php?rest_route=%2Fwp%2Fv2%2Fcomments&post=86724"}],"version-history":[{"count":1,"href":"https:\/\/quehacerpolitico.mx\/index.php?rest_route=\/wp\/v2\/posts\/86724\/revisions"}],"predecessor-version":[{"id":86726,"href":"https:\/\/quehacerpolitico.mx\/index.php?rest_route=\/wp\/v2\/posts\/86724\/revisions\/86726"}],"wp:featuredmedia":[{"embeddable":true,"href":"https:\/\/quehacerpolitico.mx\/index.php?rest_route=\/wp\/v2\/media\/86725"}],"wp:attachment":[{"href":"https:\/\/quehacerpolitico.mx\/index.php?rest_route=%2Fwp%2Fv2%2Fmedia&parent=86724"}],"wp:term":[{"taxonomy":"category","embeddable":true,"href":"https:\/\/quehacerpolitico.mx\/index.php?rest_route=%2Fwp%2Fv2%2Fcategories&post=86724"},{"taxonomy":"post_tag","embeddable":true,"href":"https:\/\/quehacerpolitico.mx\/index.php?rest_route=%2Fwp%2Fv2%2Ftags&post=86724"}],"curies":[{"name":"wp","href":"https:\/\/api.w.org\/{rel}","templated":true}]}}