{"id":86684,"date":"2021-11-17T05:06:22","date_gmt":"2021-11-17T05:06:22","guid":{"rendered":"https:\/\/quehacerpolitico.mx\/?p=86684"},"modified":"2021-11-17T05:08:26","modified_gmt":"2021-11-17T05:08:26","slug":"seleccion-mexicana-el-tri-no-levanta-y-cae-ante-canada","status":"publish","type":"post","link":"https:\/\/quehacerpolitico.mx\/?p=86684","title":{"rendered":"El Tri pierde ante Canad\u00e1"},"content":{"rendered":"\n<p>Por Redacci\u00f3n QP<\/p>\n\n\n\n<p>M\u00e9xico cay\u00f3 derrotado por 2-1 ante el conjunto canadiense&nbsp;y cae al tercer puesto del Octagonal<\/p>\n\n\n\n<p>Y se ha confirmado la crisis. La Selecci\u00f3n mexicana de futbol se meti\u00f3 al Commonwealth Stadium de Edmonton y se le congelaron las ideas, las piernas y el pecho. Canad\u00e1 fue superior de principio a fin y le propin\u00f3 al Tricolor una derrota por 2-1, dentro de las eliminatorias mundialistas.<\/p>\n\n\n\n<figure class=\"wp-block-embed is-type-rich is-provider-twitter wp-block-embed-twitter\"><div class=\"wp-block-embed__wrapper\">\n<blockquote class=\"twitter-tweet\" data-width=\"550\" data-dnt=\"true\"><p lang=\"es\" dir=\"ltr\">\u00a1Goooool de M\u00e9xico!\ud83d\udd25<br>\u00a1Goooool de M\u00e9xico!\ud83d\udd25<br><br>Gran remate de HH y el Tri se acerca en los \u00faltimos minutos del partido.\ud83d\udcaa<br><br>\ud83c\udde8\ud83c\udde6 <a href=\"https:\/\/twitter.com\/CanadaSoccerEN?ref_src=twsrc%5Etfw\">@CanadaSoccerEN<\/a> 2-1 <a href=\"https:\/\/twitter.com\/miseleccionmx?ref_src=twsrc%5Etfw\">@miseleccionmx<\/a> \ud83c\uddf2\ud83c\uddfd<br><br>\ud83d\udce1\u00a1EN VIVO!<br>\ud83d\udcfaCanal 5 y TUDN<br>\ud83d\udcf2<a href=\"https:\/\/t.co\/pb14kBQiw0\">https:\/\/t.co\/pb14kBQiw0<\/a><a href=\"https:\/\/twitter.com\/hashtag\/CaminoAQatar?src=hash&amp;ref_src=twsrc%5Etfw\">#CaminoAQatar<\/a> I <a href=\"https:\/\/twitter.com\/hashtag\/LaClaseDelK%C3%A1iser?src=hash&amp;ref_src=twsrc%5Etfw\">#LaClaseDelK\u00e1iser<\/a> I <a href=\"https:\/\/twitter.com\/hashtag\/Pasi%C3%B3nYOrgullo?src=hash&amp;ref_src=twsrc%5Etfw\">#Pasi\u00f3nYOrgullo<\/a> <a href=\"https:\/\/t.co\/3GQ9VnX2NN\">pic.twitter.com\/3GQ9VnX2NN<\/a><\/p>&mdash; TUDN MEX (@TUDNMEX) <a href=\"https:\/\/twitter.com\/TUDNMEX\/status\/1460820416742580229?ref_src=twsrc%5Etfw\">November 17, 2021<\/a><\/blockquote><script async src=\"https:\/\/platform.twitter.com\/widgets.js\" charset=\"utf-8\"><\/script>\n<\/div><\/figure>\n\n\n\n<p>Un resultado que agudiza el mal momento del equipo del \u201cTata\u201d Martino, ya que cayeron hasta el tercer lugar del Octagonal final de la Concacaf rumbo a Qatar 2022, al estancarse en 14 unidades, por 15 de Estados Unidos que empat\u00f3 con Jamaica, pero que Canad\u00e1 tom\u00f3 la cima del grupo con 16 puntos.<\/p>\n\n\n\n<p>Durante el partido, tuvieron que pasar 23 minutos para que llegara el primer disparo a puerta por parte de cualquier conjunto y fue para Canad\u00e1, ya que en la figura de Cyle Larin ensay\u00f3 su primer tiro, que cay\u00f3 en las manos de Ochoa; M\u00e9xico no respondi\u00f3 y en toda la primera mitad no gener\u00f3 una sola oportunidad.<\/p>\n\n\n\n<figure class=\"wp-block-embed is-type-rich is-provider-twitter wp-block-embed-twitter\"><div class=\"wp-block-embed__wrapper\">\n<blockquote class=\"twitter-tweet\" data-width=\"550\" data-dnt=\"true\"><p lang=\"es\" dir=\"ltr\">\u00a1Doblete de Larin!\ud83c\udde8\ud83c\udde6<br>\u00a1Doblete de Larin!\ud83c\udde8\ud83c\udde6<br><br>Cay\u00f3 el segundo de Canad\u00e1.\ud83d\ude31<br><br>\ud83c\udde8\ud83c\udde6 <a href=\"https:\/\/twitter.com\/CanadaSoccerEN?ref_src=twsrc%5Etfw\">@CanadaSoccerEN<\/a> 2-0 <a href=\"https:\/\/twitter.com\/miseleccionmx?ref_src=twsrc%5Etfw\">@miseleccionmx<\/a> \ud83c\uddf2\ud83c\uddfd<br><br>\ud83d\udce1\u00a1EN VIVO!<br>\ud83d\udcfaCanal 5 y TUDN<br>\ud83d\udcf2<a href=\"https:\/\/t.co\/pb14kBQiw0\">https:\/\/t.co\/pb14kBQiw0<\/a><a href=\"https:\/\/twitter.com\/hashtag\/CaminoAQatar?src=hash&amp;ref_src=twsrc%5Etfw\">#CaminoAQatar<\/a> I <a href=\"https:\/\/twitter.com\/hashtag\/LaClaseDelK%C3%A1iser?src=hash&amp;ref_src=twsrc%5Etfw\">#LaClaseDelK\u00e1iser<\/a> I <a href=\"https:\/\/twitter.com\/hashtag\/Pasi%C3%B3nYOrgullo?src=hash&amp;ref_src=twsrc%5Etfw\">#Pasi\u00f3nYOrgullo<\/a> <a href=\"https:\/\/t.co\/SHnC35aItt\">pic.twitter.com\/SHnC35aItt<\/a><\/p>&mdash; TUDN MEX (@TUDNMEX) <a href=\"https:\/\/twitter.com\/TUDNMEX\/status\/1460810888542261252?ref_src=twsrc%5Etfw\">November 17, 2021<\/a><\/blockquote><script async src=\"https:\/\/platform.twitter.com\/widgets.js\" charset=\"utf-8\"><\/script>\n<\/div><\/figure>\n\n\n\n<figure class=\"wp-block-embed is-type-rich is-provider-twitter wp-block-embed-twitter\"><div class=\"wp-block-embed__wrapper\">\n<blockquote class=\"twitter-tweet\" data-width=\"550\" data-dnt=\"true\"><p lang=\"es\" dir=\"ltr\">\ud83d\udde3\ufe0f <a href=\"https:\/\/twitter.com\/Paco_Villa_?ref_src=twsrc%5Etfw\">@Paco_Villa_<\/a> y <a href=\"https:\/\/twitter.com\/enriquebermudez?ref_src=twsrc%5Etfw\">@enriquebermudez<\/a>: &quot;Es toda de Ochoa&quot;<br><br>\u270d\ufe0f <a href=\"https:\/\/twitter.com\/RafaMarquezMX?ref_src=twsrc%5Etfw\">@RafaMarquezMX<\/a> en <a href=\"https:\/\/twitter.com\/hashtag\/LaClaseDelK%C3%A1iser?src=hash&amp;ref_src=twsrc%5Etfw\">#LaClaseDelK\u00e1iser<\/a>: \u201cS\u00ed es de Ochoa, porque en esa zona y con un grito, el atacante se quita\u201d\ud83d\ude14<br><br>\ud83d\udce1\u00a1EN VIVO!<br>\ud83d\udcfaCanal 5 y TUDN<br>\ud83d\udcf2<a href=\"https:\/\/t.co\/AfEDjxgJ46\">https:\/\/t.co\/AfEDjxgJ46<\/a><a href=\"https:\/\/twitter.com\/hashtag\/CaminoAQatar?src=hash&amp;ref_src=twsrc%5Etfw\">#CaminoAQatar<\/a> I <a href=\"https:\/\/twitter.com\/hashtag\/LaClaseDelK%C3%A1iser?src=hash&amp;ref_src=twsrc%5Etfw\">#LaClaseDelK\u00e1iser<\/a> I <a href=\"https:\/\/twitter.com\/hashtag\/Pasi%C3%B3nYOrgullo?src=hash&amp;ref_src=twsrc%5Etfw\">#Pasi\u00f3nYOrgullo<\/a> <a href=\"https:\/\/t.co\/UpoD1t2PRQ\">pic.twitter.com\/UpoD1t2PRQ<\/a><\/p>&mdash; TUDN MEX (@TUDNMEX) <a href=\"https:\/\/twitter.com\/TUDNMEX\/status\/1460813054980014082?ref_src=twsrc%5Etfw\">November 17, 2021<\/a><\/blockquote><script async src=\"https:\/\/platform.twitter.com\/widgets.js\" charset=\"utf-8\"><\/script>\n<\/div><\/figure>\n\n\n\n<p>El primer tanto cay\u00f3 al minuto 47, todav\u00eda en el primer tiempo, cuando Cyle Larin aprovech\u00f3 un grave error de Guillermo Ochoa, quien concedi\u00f3 rebote en un disparo de Alistair Johnston.&nbsp;<strong>En el segundo tiempo, el propio&nbsp;Cyle&nbsp;Larin&nbsp;se convirti\u00f3 en la figura no solo de Canad\u00e1, sino de todo el partido, al anotar un doblete que termin\u00f3 por darle la victoria al equipo que visit\u00f3 de negro en&nbsp;Edmonton<\/strong><\/p>\n\n\n\n<p>Al 51\u2019 cay\u00f3 el segundo gol de Canad\u00e1 en una jugada a bal\u00f3n parado que anot\u00f3 el propio Larin con su doblete en el partido. Al final hubo una reacci\u00f3n por parte de M\u00e9xico con gol de H\u00e9ctor Herrera en un buen remate de cabeza, pero que fue insuficiente.<\/p>\n","protected":false},"excerpt":{"rendered":"<p>Por Redacci\u00f3n QP M\u00e9xico cay\u00f3 derrotado por 2-1 ante el conjunto canadiense&nbsp;y cae al tercer&#8230;<\/p>\n","protected":false},"author":2,"featured_media":86685,"comment_status":"open","ping_status":"open","sticky":false,"template":"","format":"standard","meta":{"_monsterinsights_skip_tracking":false,"_monsterinsights_sitenote_active":false,"_monsterinsights_sitenote_note":"","_monsterinsights_sitenote_category":0,"footnotes":""},"categories":[54],"tags":[],"class_list":["post-86684","post","type-post","status-publish","format-standard","has-post-thumbnail","hentry","category-deportes"],"yoast_head":"<!-- This site is optimized with the Yoast SEO plugin v27.3 - https:\/\/yoast.com\/product\/yoast-seo-wordpress\/ -->\n<title>El Tri pierde ante Canad\u00e1 -<\/title>\n<meta name=\"robots\" content=\"index, follow, max-snippet:-1, max-image-preview:large, max-video-preview:-1\" \/>\n<link rel=\"canonical\" href=\"https:\/\/quehacerpolitico.mx\/?p=86684\" \/>\n<meta property=\"og:locale\" content=\"es_MX\" \/>\n<meta property=\"og:type\" content=\"article\" \/>\n<meta property=\"og:title\" content=\"El Tri pierde ante Canad\u00e1 -\" \/>\n<meta property=\"og:description\" content=\"Por Redacci\u00f3n QP M\u00e9xico cay\u00f3 derrotado por 2-1 ante el conjunto canadiense&nbsp;y cae al tercer...\" \/>\n<meta property=\"og:url\" content=\"https:\/\/quehacerpolitico.mx\/?p=86684\" \/>\n<meta property=\"article:published_time\" content=\"2021-11-17T05:06:22+00:00\" \/>\n<meta property=\"article:modified_time\" content=\"2021-11-17T05:08:26+00:00\" \/>\n<meta property=\"og:image\" content=\"https:\/\/quehacerpolitico.mx\/wp-content\/uploads\/2021\/11\/D51718E9-440A-4ECF-816D-F7A08411856B.jpeg\" \/>\n\t<meta property=\"og:image:width\" content=\"2048\" \/>\n\t<meta property=\"og:image:height\" content=\"1363\" \/>\n\t<meta property=\"og:image:type\" content=\"image\/jpeg\" \/>\n<meta name=\"author\" content=\"Redacci\u00f3n QP\" \/>\n<meta name=\"twitter:card\" content=\"summary_large_image\" \/>\n<meta name=\"twitter:label1\" content=\"Escrito por\" \/>\n\t<meta name=\"twitter:data1\" content=\"Redacci\u00f3n QP\" \/>\n\t<meta name=\"twitter:label2\" content=\"Tiempo de lectura\" \/>\n\t<meta name=\"twitter:data2\" content=\"2 minutos\" \/>\n<script type=\"application\/ld+json\" class=\"yoast-schema-graph\">{\"@context\":\"https:\\\/\\\/schema.org\",\"@graph\":[{\"@type\":\"Article\",\"@id\":\"https:\\\/\\\/quehacerpolitico.mx\\\/?p=86684#article\",\"isPartOf\":{\"@id\":\"https:\\\/\\\/quehacerpolitico.mx\\\/?p=86684\"},\"author\":{\"name\":\"Redacci\u00f3n QP\",\"@id\":\"https:\\\/\\\/quehacerpolitico.mx\\\/#\\\/schema\\\/person\\\/496d8ad2d1d3f8036101dca7ee39e585\"},\"headline\":\"El Tri pierde ante Canad\u00e1\",\"datePublished\":\"2021-11-17T05:06:22+00:00\",\"dateModified\":\"2021-11-17T05:08:26+00:00\",\"mainEntityOfPage\":{\"@id\":\"https:\\\/\\\/quehacerpolitico.mx\\\/?p=86684\"},\"wordCount\":332,\"commentCount\":0,\"image\":{\"@id\":\"https:\\\/\\\/quehacerpolitico.mx\\\/?p=86684#primaryimage\"},\"thumbnailUrl\":\"https:\\\/\\\/quehacerpolitico.mx\\\/wp-content\\\/uploads\\\/2021\\\/11\\\/D51718E9-440A-4ECF-816D-F7A08411856B.jpeg\",\"articleSection\":[\"Deportes\"],\"inLanguage\":\"es\",\"potentialAction\":[{\"@type\":\"CommentAction\",\"name\":\"Comment\",\"target\":[\"https:\\\/\\\/quehacerpolitico.mx\\\/?p=86684#respond\"]}]},{\"@type\":\"WebPage\",\"@id\":\"https:\\\/\\\/quehacerpolitico.mx\\\/?p=86684\",\"url\":\"https:\\\/\\\/quehacerpolitico.mx\\\/?p=86684\",\"name\":\"El Tri pierde ante Canad\u00e1 -\",\"isPartOf\":{\"@id\":\"https:\\\/\\\/quehacerpolitico.mx\\\/#website\"},\"primaryImageOfPage\":{\"@id\":\"https:\\\/\\\/quehacerpolitico.mx\\\/?p=86684#primaryimage\"},\"image\":{\"@id\":\"https:\\\/\\\/quehacerpolitico.mx\\\/?p=86684#primaryimage\"},\"thumbnailUrl\":\"https:\\\/\\\/quehacerpolitico.mx\\\/wp-content\\\/uploads\\\/2021\\\/11\\\/D51718E9-440A-4ECF-816D-F7A08411856B.jpeg\",\"datePublished\":\"2021-11-17T05:06:22+00:00\",\"dateModified\":\"2021-11-17T05:08:26+00:00\",\"author\":{\"@id\":\"https:\\\/\\\/quehacerpolitico.mx\\\/#\\\/schema\\\/person\\\/496d8ad2d1d3f8036101dca7ee39e585\"},\"breadcrumb\":{\"@id\":\"https:\\\/\\\/quehacerpolitico.mx\\\/?p=86684#breadcrumb\"},\"inLanguage\":\"es\",\"potentialAction\":[{\"@type\":\"ReadAction\",\"target\":[\"https:\\\/\\\/quehacerpolitico.mx\\\/?p=86684\"]}]},{\"@type\":\"ImageObject\",\"inLanguage\":\"es\",\"@id\":\"https:\\\/\\\/quehacerpolitico.mx\\\/?p=86684#primaryimage\",\"url\":\"https:\\\/\\\/quehacerpolitico.mx\\\/wp-content\\\/uploads\\\/2021\\\/11\\\/D51718E9-440A-4ECF-816D-F7A08411856B.jpeg\",\"contentUrl\":\"https:\\\/\\\/quehacerpolitico.mx\\\/wp-content\\\/uploads\\\/2021\\\/11\\\/D51718E9-440A-4ECF-816D-F7A08411856B.jpeg\",\"width\":2048,\"height\":1363},{\"@type\":\"BreadcrumbList\",\"@id\":\"https:\\\/\\\/quehacerpolitico.mx\\\/?p=86684#breadcrumb\",\"itemListElement\":[{\"@type\":\"ListItem\",\"position\":1,\"name\":\"Inicio\",\"item\":\"https:\\\/\\\/quehacerpolitico.mx\\\/\"},{\"@type\":\"ListItem\",\"position\":2,\"name\":\"El Tri pierde ante Canad\u00e1\"}]},{\"@type\":\"WebSite\",\"@id\":\"https:\\\/\\\/quehacerpolitico.mx\\\/#website\",\"url\":\"https:\\\/\\\/quehacerpolitico.mx\\\/\",\"name\":\"\",\"description\":\"\",\"potentialAction\":[{\"@type\":\"SearchAction\",\"target\":{\"@type\":\"EntryPoint\",\"urlTemplate\":\"https:\\\/\\\/quehacerpolitico.mx\\\/?s={search_term_string}\"},\"query-input\":{\"@type\":\"PropertyValueSpecification\",\"valueRequired\":true,\"valueName\":\"search_term_string\"}}],\"inLanguage\":\"es\"},{\"@type\":\"Person\",\"@id\":\"https:\\\/\\\/quehacerpolitico.mx\\\/#\\\/schema\\\/person\\\/496d8ad2d1d3f8036101dca7ee39e585\",\"name\":\"Redacci\u00f3n QP\",\"image\":{\"@type\":\"ImageObject\",\"inLanguage\":\"es\",\"@id\":\"https:\\\/\\\/secure.gravatar.com\\\/avatar\\\/c7164ed6fdec453195284ad24a5ae5b6e1eed2b848477fa2a4787ba9adf39a41?s=96&d=mm&r=g\",\"url\":\"https:\\\/\\\/secure.gravatar.com\\\/avatar\\\/c7164ed6fdec453195284ad24a5ae5b6e1eed2b848477fa2a4787ba9adf39a41?s=96&d=mm&r=g\",\"contentUrl\":\"https:\\\/\\\/secure.gravatar.com\\\/avatar\\\/c7164ed6fdec453195284ad24a5ae5b6e1eed2b848477fa2a4787ba9adf39a41?s=96&d=mm&r=g\",\"caption\":\"Redacci\u00f3n QP\"},\"url\":\"https:\\\/\\\/quehacerpolitico.mx\\\/?author=2\"}]}<\/script>\n<!-- \/ Yoast SEO plugin. -->","yoast_head_json":{"title":"El Tri pierde ante Canad\u00e1 -","robots":{"index":"index","follow":"follow","max-snippet":"max-snippet:-1","max-image-preview":"max-image-preview:large","max-video-preview":"max-video-preview:-1"},"canonical":"https:\/\/quehacerpolitico.mx\/?p=86684","og_locale":"es_MX","og_type":"article","og_title":"El Tri pierde ante Canad\u00e1 -","og_description":"Por Redacci\u00f3n QP M\u00e9xico cay\u00f3 derrotado por 2-1 ante el conjunto canadiense&nbsp;y cae al tercer...","og_url":"https:\/\/quehacerpolitico.mx\/?p=86684","article_published_time":"2021-11-17T05:06:22+00:00","article_modified_time":"2021-11-17T05:08:26+00:00","og_image":[{"width":2048,"height":1363,"url":"https:\/\/quehacerpolitico.mx\/wp-content\/uploads\/2021\/11\/D51718E9-440A-4ECF-816D-F7A08411856B.jpeg","type":"image\/jpeg"}],"author":"Redacci\u00f3n QP","twitter_card":"summary_large_image","twitter_misc":{"Escrito por":"Redacci\u00f3n QP","Tiempo de lectura":"2 minutos"},"schema":{"@context":"https:\/\/schema.org","@graph":[{"@type":"Article","@id":"https:\/\/quehacerpolitico.mx\/?p=86684#article","isPartOf":{"@id":"https:\/\/quehacerpolitico.mx\/?p=86684"},"author":{"name":"Redacci\u00f3n QP","@id":"https:\/\/quehacerpolitico.mx\/#\/schema\/person\/496d8ad2d1d3f8036101dca7ee39e585"},"headline":"El Tri pierde ante Canad\u00e1","datePublished":"2021-11-17T05:06:22+00:00","dateModified":"2021-11-17T05:08:26+00:00","mainEntityOfPage":{"@id":"https:\/\/quehacerpolitico.mx\/?p=86684"},"wordCount":332,"commentCount":0,"image":{"@id":"https:\/\/quehacerpolitico.mx\/?p=86684#primaryimage"},"thumbnailUrl":"https:\/\/quehacerpolitico.mx\/wp-content\/uploads\/2021\/11\/D51718E9-440A-4ECF-816D-F7A08411856B.jpeg","articleSection":["Deportes"],"inLanguage":"es","potentialAction":[{"@type":"CommentAction","name":"Comment","target":["https:\/\/quehacerpolitico.mx\/?p=86684#respond"]}]},{"@type":"WebPage","@id":"https:\/\/quehacerpolitico.mx\/?p=86684","url":"https:\/\/quehacerpolitico.mx\/?p=86684","name":"El Tri pierde ante Canad\u00e1 -","isPartOf":{"@id":"https:\/\/quehacerpolitico.mx\/#website"},"primaryImageOfPage":{"@id":"https:\/\/quehacerpolitico.mx\/?p=86684#primaryimage"},"image":{"@id":"https:\/\/quehacerpolitico.mx\/?p=86684#primaryimage"},"thumbnailUrl":"https:\/\/quehacerpolitico.mx\/wp-content\/uploads\/2021\/11\/D51718E9-440A-4ECF-816D-F7A08411856B.jpeg","datePublished":"2021-11-17T05:06:22+00:00","dateModified":"2021-11-17T05:08:26+00:00","author":{"@id":"https:\/\/quehacerpolitico.mx\/#\/schema\/person\/496d8ad2d1d3f8036101dca7ee39e585"},"breadcrumb":{"@id":"https:\/\/quehacerpolitico.mx\/?p=86684#breadcrumb"},"inLanguage":"es","potentialAction":[{"@type":"ReadAction","target":["https:\/\/quehacerpolitico.mx\/?p=86684"]}]},{"@type":"ImageObject","inLanguage":"es","@id":"https:\/\/quehacerpolitico.mx\/?p=86684#primaryimage","url":"https:\/\/quehacerpolitico.mx\/wp-content\/uploads\/2021\/11\/D51718E9-440A-4ECF-816D-F7A08411856B.jpeg","contentUrl":"https:\/\/quehacerpolitico.mx\/wp-content\/uploads\/2021\/11\/D51718E9-440A-4ECF-816D-F7A08411856B.jpeg","width":2048,"height":1363},{"@type":"BreadcrumbList","@id":"https:\/\/quehacerpolitico.mx\/?p=86684#breadcrumb","itemListElement":[{"@type":"ListItem","position":1,"name":"Inicio","item":"https:\/\/quehacerpolitico.mx\/"},{"@type":"ListItem","position":2,"name":"El Tri pierde ante Canad\u00e1"}]},{"@type":"WebSite","@id":"https:\/\/quehacerpolitico.mx\/#website","url":"https:\/\/quehacerpolitico.mx\/","name":"","description":"","potentialAction":[{"@type":"SearchAction","target":{"@type":"EntryPoint","urlTemplate":"https:\/\/quehacerpolitico.mx\/?s={search_term_string}"},"query-input":{"@type":"PropertyValueSpecification","valueRequired":true,"valueName":"search_term_string"}}],"inLanguage":"es"},{"@type":"Person","@id":"https:\/\/quehacerpolitico.mx\/#\/schema\/person\/496d8ad2d1d3f8036101dca7ee39e585","name":"Redacci\u00f3n QP","image":{"@type":"ImageObject","inLanguage":"es","@id":"https:\/\/secure.gravatar.com\/avatar\/c7164ed6fdec453195284ad24a5ae5b6e1eed2b848477fa2a4787ba9adf39a41?s=96&d=mm&r=g","url":"https:\/\/secure.gravatar.com\/avatar\/c7164ed6fdec453195284ad24a5ae5b6e1eed2b848477fa2a4787ba9adf39a41?s=96&d=mm&r=g","contentUrl":"https:\/\/secure.gravatar.com\/avatar\/c7164ed6fdec453195284ad24a5ae5b6e1eed2b848477fa2a4787ba9adf39a41?s=96&d=mm&r=g","caption":"Redacci\u00f3n QP"},"url":"https:\/\/quehacerpolitico.mx\/?author=2"}]}},"featured_image_urls":{"full":["https:\/\/quehacerpolitico.mx\/wp-content\/uploads\/2021\/11\/D51718E9-440A-4ECF-816D-F7A08411856B.jpeg",2048,1363,false],"thumbnail":["https:\/\/quehacerpolitico.mx\/wp-content\/uploads\/2021\/11\/D51718E9-440A-4ECF-816D-F7A08411856B-150x150.jpeg",150,150,true],"medium":["https:\/\/quehacerpolitico.mx\/wp-content\/uploads\/2021\/11\/D51718E9-440A-4ECF-816D-F7A08411856B-300x200.jpeg",300,200,true],"medium_large":["https:\/\/quehacerpolitico.mx\/wp-content\/uploads\/2021\/11\/D51718E9-440A-4ECF-816D-F7A08411856B-768x511.jpeg",640,426,true],"large":["https:\/\/quehacerpolitico.mx\/wp-content\/uploads\/2021\/11\/D51718E9-440A-4ECF-816D-F7A08411856B-1024x682.jpeg",640,426,true],"1536x1536":["https:\/\/quehacerpolitico.mx\/wp-content\/uploads\/2021\/11\/D51718E9-440A-4ECF-816D-F7A08411856B-1536x1022.jpeg",1536,1022,true],"2048x2048":["https:\/\/quehacerpolitico.mx\/wp-content\/uploads\/2021\/11\/D51718E9-440A-4ECF-816D-F7A08411856B.jpeg",2048,1363,false],"covernews-featured":["https:\/\/quehacerpolitico.mx\/wp-content\/uploads\/2021\/11\/D51718E9-440A-4ECF-816D-F7A08411856B.jpeg",1024,682,false],"covernews-medium":["https:\/\/quehacerpolitico.mx\/wp-content\/uploads\/2021\/11\/D51718E9-440A-4ECF-816D-F7A08411856B.jpeg",511,340,false]},"author_info":{"display_name":"Redacci\u00f3n QP","author_link":"https:\/\/quehacerpolitico.mx\/?author=2"},"category_info":"<a href=\"https:\/\/quehacerpolitico.mx\/?cat=54\" rel=\"category\">Deportes<\/a>","tag_info":"Deportes","comment_count":"0","_links":{"self":[{"href":"https:\/\/quehacerpolitico.mx\/index.php?rest_route=\/wp\/v2\/posts\/86684","targetHints":{"allow":["GET"]}}],"collection":[{"href":"https:\/\/quehacerpolitico.mx\/index.php?rest_route=\/wp\/v2\/posts"}],"about":[{"href":"https:\/\/quehacerpolitico.mx\/index.php?rest_route=\/wp\/v2\/types\/post"}],"author":[{"embeddable":true,"href":"https:\/\/quehacerpolitico.mx\/index.php?rest_route=\/wp\/v2\/users\/2"}],"replies":[{"embeddable":true,"href":"https:\/\/quehacerpolitico.mx\/index.php?rest_route=%2Fwp%2Fv2%2Fcomments&post=86684"}],"version-history":[{"count":2,"href":"https:\/\/quehacerpolitico.mx\/index.php?rest_route=\/wp\/v2\/posts\/86684\/revisions"}],"predecessor-version":[{"id":86688,"href":"https:\/\/quehacerpolitico.mx\/index.php?rest_route=\/wp\/v2\/posts\/86684\/revisions\/86688"}],"wp:featuredmedia":[{"embeddable":true,"href":"https:\/\/quehacerpolitico.mx\/index.php?rest_route=\/wp\/v2\/media\/86685"}],"wp:attachment":[{"href":"https:\/\/quehacerpolitico.mx\/index.php?rest_route=%2Fwp%2Fv2%2Fmedia&parent=86684"}],"wp:term":[{"taxonomy":"category","embeddable":true,"href":"https:\/\/quehacerpolitico.mx\/index.php?rest_route=%2Fwp%2Fv2%2Fcategories&post=86684"},{"taxonomy":"post_tag","embeddable":true,"href":"https:\/\/quehacerpolitico.mx\/index.php?rest_route=%2Fwp%2Fv2%2Ftags&post=86684"}],"curies":[{"name":"wp","href":"https:\/\/api.w.org\/{rel}","templated":true}]}}