{"id":86634,"date":"2021-11-15T20:41:42","date_gmt":"2021-11-15T20:41:42","guid":{"rendered":"https:\/\/quehacerpolitico.mx\/?p=86634"},"modified":"2021-11-15T20:41:45","modified_gmt":"2021-11-15T20:41:45","slug":"internacionales-carolina-alonso-romei-fuerte-presencia-policial-en-la-habana-ante-llamado-a-marcha-opositora","status":"publish","type":"post","link":"https:\/\/quehacerpolitico.mx\/?p=86634","title":{"rendered":"Internacionales\/\/\/Carolina Alonso Romei\/\/\/Fuerte presencia policial en La Habana ante llamado a marcha opositora"},"content":{"rendered":"\n<p>Por Carolina Alonso Romei <\/p>\n\n\n\n<p>Internacionalista <\/p>\n\n\n\n<p>A lo largo del emblem\u00e1tico malec\u00f3n costero de esta capital se apostaron casi en cada esquina grupos de tres oficiales<\/p>\n\n\n\n<ul class=\"wp-block-list\"><li>El llamado a la manifestaci\u00f3n ocurre cuatro meses despu\u00e9s de las hist\u00f3ricas movilizaciones del 11 de julio<\/li><li>Los ni\u00f1os de primaria regresaron a las escuelas en todo el pa\u00eds, tras meses de cierre por la pandemia<\/li><\/ul>\n\n\n\n<p>Las principales calles de La Habana,\u00a0Cuba, amanecieron hoy, 15 de noviembre de 2021, bajo una fuerte presencia policial, antes de una manifestaci\u00f3n opositora prohibida prevista por la tarde, cuando los ni\u00f1os regresan a las aulas y se abren fronteras al turismo internacional tas el cierre por la pandemia.<\/p>\n\n\n\n<p>A lo largo del emblem\u00e1tico malec\u00f3n costero de esta capital se apostaron casi en cada esquina grupos de tres oficiales, especialmente en el tramo del centro de la ciudad, mientras agentes de la seguridad del Estado vestidos de civil tambi\u00e9n se desplegaron en plazas y parques, constat\u00f3 la AFP.<\/p>\n\n\n\n<figure class=\"wp-block-embed is-type-rich is-provider-twitter wp-block-embed-twitter\"><div class=\"wp-block-embed__wrapper\">\n<blockquote class=\"twitter-tweet\" data-width=\"550\" data-dnt=\"true\"><p lang=\"es\" dir=\"ltr\"><a href=\"https:\/\/twitter.com\/hashtag\/Cuba?src=hash&amp;ref_src=twsrc%5Etfw\">#Cuba<\/a> se prepara para un lunes agitado<br><br>El Gobierno cubano ha declarado ilegal las manifestaciones convocadas para este <a href=\"https:\/\/twitter.com\/hashtag\/15N?src=hash&amp;ref_src=twsrc%5Etfw\">#15N<\/a>, mientras la comunidad cubana en el extranjero sali\u00f3 a las calles en m\u00e1s de 120 ciudades en muestra de apoyo a la \u201cmarcha c\u00edvica por el cambio\u201d. \/ft <a href=\"https:\/\/t.co\/fk1uCygKLc\">pic.twitter.com\/fk1uCygKLc<\/a><\/p>&mdash; DW Espa\u00f1ol (@dw_espanol) <a href=\"https:\/\/twitter.com\/dw_espanol\/status\/1460189583040151557?ref_src=twsrc%5Etfw\">November 15, 2021<\/a><\/blockquote><script async src=\"https:\/\/platform.twitter.com\/widgets.js\" charset=\"utf-8\"><\/script>\n<\/div><\/figure>\n\n\n\n<p>Pese a que el gobierno prohibi\u00f3 esta protesta, el grupo de debate pol\u00edtico en Facebook Archipi\u00e9lago, organizador de la&nbsp;<strong>manifestaci\u00f3n<\/strong>, mantiene su llamado a salir a las calles a las 15H00 (20H00 GMT) en la capital y seis provincias, en reclamo de la liberaci\u00f3n de presos pol\u00edticos, respeto a los derechos humanos y a favor de la democracia.<\/p>\n\n\n\n<p>Junior Garc\u00eda, fundador de Archipi\u00e9lago con m\u00e1s de 30.000 miembros dentro de fuera de Cuba, fue impedido el domingo de salir a manifestarse en solitario en La Habana y este lunes segu\u00eda bloqueado en su domicilio por agentes de la Seguridad del Estado, constat\u00f3 una periodista de AFP.<\/p>\n\n\n\n<p>Los ni\u00f1os de primaria regresaron este lunes a las escuelas en todo el pa\u00eds, tras meses de cierre por la pandemia del coronavirus.<\/p>\n\n\n\n<figure class=\"wp-block-image size-large\"><img loading=\"lazy\" decoding=\"async\" width=\"1024\" height=\"653\" src=\"https:\/\/quehacerpolitico.mx\/wp-content\/uploads\/2021\/11\/image-18-1024x653.jpeg\" alt=\"\" class=\"wp-image-86635\" srcset=\"https:\/\/quehacerpolitico.mx\/wp-content\/uploads\/2021\/11\/image-18-1024x653.jpeg 1024w, https:\/\/quehacerpolitico.mx\/wp-content\/uploads\/2021\/11\/image-18-300x191.jpeg 300w, https:\/\/quehacerpolitico.mx\/wp-content\/uploads\/2021\/11\/image-18-768x490.jpeg 768w, https:\/\/quehacerpolitico.mx\/wp-content\/uploads\/2021\/11\/image-18-229x146.jpeg 229w, https:\/\/quehacerpolitico.mx\/wp-content\/uploads\/2021\/11\/image-18-50x32.jpeg 50w, https:\/\/quehacerpolitico.mx\/wp-content\/uploads\/2021\/11\/image-18-118x75.jpeg 118w, https:\/\/quehacerpolitico.mx\/wp-content\/uploads\/2021\/11\/image-18.jpeg 1120w\" sizes=\"auto, (max-width: 1024px) 100vw, 1024px\" \/><\/figure>\n\n\n\n<p>En la jornada tambi\u00e9n arriban a la isla los primeros turistas internacionales con la apertura de las fronteras y La Habana celebra su 502 aniversario con festejos callejeros.<\/p>\n\n\n\n<blockquote class=\"wp-block-quote is-layout-flow wp-block-quote-is-layout-flow\"><p>\u201cAs\u00ed amanece Cuba el 15 de noviembre, con m\u00e1s de 700.000 pioneros en las aulas, recibiendo amigos, familiares y turistas, reactivando el quehacer productivo, disminuyendo los casos de covid\u201d, dijo el presidente&nbsp;<strong>Miguel D\u00edaz-Canel<\/strong>&nbsp;en su cuenta de Twitter.<\/p><\/blockquote>\n\n\n\n<p>El mandatario asisti\u00f3 al reinicio del curso escolar en una escuela de Ciudad Libertad, un \u00e1rea del oeste de La Habana que en el pasado fue un cuartel militar ahora convertida en zona escolar.<\/p>\n\n\n\n<p>El llamado a la manifestaci\u00f3n ocurre cuatro meses despu\u00e9s de las hist\u00f3ricas movilizaciones del 11 de julio, que dejaron un muerto, decenas de heridos y 1,270 personas detenidos, de los cuales 658 siguen en prisi\u00f3n, seg\u00fan la ONG de defensa de derechos humanos<\/p>\n\n\n\n<p><em>Con informaci\u00f3n de AFP<\/em><\/p>\n","protected":false},"excerpt":{"rendered":"<p>Por Carolina Alonso Romei Internacionalista A lo largo del emblem\u00e1tico malec\u00f3n costero de esta capital&#8230;<\/p>\n","protected":false},"author":2,"featured_media":86636,"comment_status":"open","ping_status":"open","sticky":false,"template":"","format":"standard","meta":{"_monsterinsights_skip_tracking":false,"_monsterinsights_sitenote_active":false,"_monsterinsights_sitenote_note":"","_monsterinsights_sitenote_category":0,"footnotes":""},"categories":[1],"tags":[],"class_list":["post-86634","post","type-post","status-publish","format-standard","has-post-thumbnail","hentry","category-sin-categoria"],"yoast_head":"<!-- This site is optimized with the Yoast SEO plugin v27.3 - https:\/\/yoast.com\/product\/yoast-seo-wordpress\/ -->\n<title>Internacionales\/\/\/Carolina Alonso Romei\/\/\/Fuerte presencia policial en La Habana ante llamado a marcha opositora -<\/title>\n<meta name=\"robots\" content=\"index, follow, max-snippet:-1, max-image-preview:large, max-video-preview:-1\" \/>\n<link rel=\"canonical\" href=\"https:\/\/quehacerpolitico.mx\/?p=86634\" \/>\n<meta property=\"og:locale\" content=\"es_MX\" \/>\n<meta property=\"og:type\" content=\"article\" \/>\n<meta property=\"og:title\" content=\"Internacionales\/\/\/Carolina Alonso Romei\/\/\/Fuerte presencia policial en La Habana ante llamado a marcha opositora -\" \/>\n<meta property=\"og:description\" content=\"Por Carolina Alonso Romei Internacionalista A lo largo del emblem\u00e1tico malec\u00f3n costero de esta capital...\" \/>\n<meta property=\"og:url\" content=\"https:\/\/quehacerpolitico.mx\/?p=86634\" \/>\n<meta property=\"article:published_time\" content=\"2021-11-15T20:41:42+00:00\" \/>\n<meta property=\"article:modified_time\" content=\"2021-11-15T20:41:45+00:00\" \/>\n<meta property=\"og:image\" content=\"https:\/\/quehacerpolitico.mx\/wp-content\/uploads\/2021\/11\/F053B15E-D22B-4858-9579-7E9EF708D537.jpeg\" \/>\n\t<meta property=\"og:image:width\" content=\"1126\" \/>\n\t<meta property=\"og:image:height\" content=\"725\" \/>\n\t<meta property=\"og:image:type\" content=\"image\/jpeg\" \/>\n<meta name=\"author\" content=\"Redacci\u00f3n QP\" \/>\n<meta name=\"twitter:card\" content=\"summary_large_image\" \/>\n<meta name=\"twitter:label1\" content=\"Escrito por\" \/>\n\t<meta name=\"twitter:data1\" content=\"Redacci\u00f3n QP\" \/>\n\t<meta name=\"twitter:label2\" content=\"Tiempo de lectura\" \/>\n\t<meta name=\"twitter:data2\" content=\"2 minutos\" \/>\n<script type=\"application\/ld+json\" class=\"yoast-schema-graph\">{\"@context\":\"https:\\\/\\\/schema.org\",\"@graph\":[{\"@type\":\"Article\",\"@id\":\"https:\\\/\\\/quehacerpolitico.mx\\\/?p=86634#article\",\"isPartOf\":{\"@id\":\"https:\\\/\\\/quehacerpolitico.mx\\\/?p=86634\"},\"author\":{\"name\":\"Redacci\u00f3n QP\",\"@id\":\"https:\\\/\\\/quehacerpolitico.mx\\\/#\\\/schema\\\/person\\\/496d8ad2d1d3f8036101dca7ee39e585\"},\"headline\":\"Internacionales\\\/\\\/\\\/Carolina Alonso Romei\\\/\\\/\\\/Fuerte presencia policial en La Habana ante llamado a marcha opositora\",\"datePublished\":\"2021-11-15T20:41:42+00:00\",\"dateModified\":\"2021-11-15T20:41:45+00:00\",\"mainEntityOfPage\":{\"@id\":\"https:\\\/\\\/quehacerpolitico.mx\\\/?p=86634\"},\"wordCount\":483,\"commentCount\":0,\"image\":{\"@id\":\"https:\\\/\\\/quehacerpolitico.mx\\\/?p=86634#primaryimage\"},\"thumbnailUrl\":\"https:\\\/\\\/quehacerpolitico.mx\\\/wp-content\\\/uploads\\\/2021\\\/11\\\/F053B15E-D22B-4858-9579-7E9EF708D537.jpeg\",\"articleSection\":[\"Internacionales\"],\"inLanguage\":\"es\",\"potentialAction\":[{\"@type\":\"CommentAction\",\"name\":\"Comment\",\"target\":[\"https:\\\/\\\/quehacerpolitico.mx\\\/?p=86634#respond\"]}]},{\"@type\":\"WebPage\",\"@id\":\"https:\\\/\\\/quehacerpolitico.mx\\\/?p=86634\",\"url\":\"https:\\\/\\\/quehacerpolitico.mx\\\/?p=86634\",\"name\":\"Internacionales\\\/\\\/\\\/Carolina Alonso Romei\\\/\\\/\\\/Fuerte presencia policial en La Habana ante llamado a marcha opositora -\",\"isPartOf\":{\"@id\":\"https:\\\/\\\/quehacerpolitico.mx\\\/#website\"},\"primaryImageOfPage\":{\"@id\":\"https:\\\/\\\/quehacerpolitico.mx\\\/?p=86634#primaryimage\"},\"image\":{\"@id\":\"https:\\\/\\\/quehacerpolitico.mx\\\/?p=86634#primaryimage\"},\"thumbnailUrl\":\"https:\\\/\\\/quehacerpolitico.mx\\\/wp-content\\\/uploads\\\/2021\\\/11\\\/F053B15E-D22B-4858-9579-7E9EF708D537.jpeg\",\"datePublished\":\"2021-11-15T20:41:42+00:00\",\"dateModified\":\"2021-11-15T20:41:45+00:00\",\"author\":{\"@id\":\"https:\\\/\\\/quehacerpolitico.mx\\\/#\\\/schema\\\/person\\\/496d8ad2d1d3f8036101dca7ee39e585\"},\"breadcrumb\":{\"@id\":\"https:\\\/\\\/quehacerpolitico.mx\\\/?p=86634#breadcrumb\"},\"inLanguage\":\"es\",\"potentialAction\":[{\"@type\":\"ReadAction\",\"target\":[\"https:\\\/\\\/quehacerpolitico.mx\\\/?p=86634\"]}]},{\"@type\":\"ImageObject\",\"inLanguage\":\"es\",\"@id\":\"https:\\\/\\\/quehacerpolitico.mx\\\/?p=86634#primaryimage\",\"url\":\"https:\\\/\\\/quehacerpolitico.mx\\\/wp-content\\\/uploads\\\/2021\\\/11\\\/F053B15E-D22B-4858-9579-7E9EF708D537.jpeg\",\"contentUrl\":\"https:\\\/\\\/quehacerpolitico.mx\\\/wp-content\\\/uploads\\\/2021\\\/11\\\/F053B15E-D22B-4858-9579-7E9EF708D537.jpeg\",\"width\":1126,\"height\":725},{\"@type\":\"BreadcrumbList\",\"@id\":\"https:\\\/\\\/quehacerpolitico.mx\\\/?p=86634#breadcrumb\",\"itemListElement\":[{\"@type\":\"ListItem\",\"position\":1,\"name\":\"Inicio\",\"item\":\"https:\\\/\\\/quehacerpolitico.mx\\\/\"},{\"@type\":\"ListItem\",\"position\":2,\"name\":\"Internacionales\\\/\\\/\\\/Carolina Alonso Romei\\\/\\\/\\\/Fuerte presencia policial en La Habana ante llamado a marcha opositora\"}]},{\"@type\":\"WebSite\",\"@id\":\"https:\\\/\\\/quehacerpolitico.mx\\\/#website\",\"url\":\"https:\\\/\\\/quehacerpolitico.mx\\\/\",\"name\":\"\",\"description\":\"\",\"potentialAction\":[{\"@type\":\"SearchAction\",\"target\":{\"@type\":\"EntryPoint\",\"urlTemplate\":\"https:\\\/\\\/quehacerpolitico.mx\\\/?s={search_term_string}\"},\"query-input\":{\"@type\":\"PropertyValueSpecification\",\"valueRequired\":true,\"valueName\":\"search_term_string\"}}],\"inLanguage\":\"es\"},{\"@type\":\"Person\",\"@id\":\"https:\\\/\\\/quehacerpolitico.mx\\\/#\\\/schema\\\/person\\\/496d8ad2d1d3f8036101dca7ee39e585\",\"name\":\"Redacci\u00f3n QP\",\"image\":{\"@type\":\"ImageObject\",\"inLanguage\":\"es\",\"@id\":\"https:\\\/\\\/secure.gravatar.com\\\/avatar\\\/c7164ed6fdec453195284ad24a5ae5b6e1eed2b848477fa2a4787ba9adf39a41?s=96&d=mm&r=g\",\"url\":\"https:\\\/\\\/secure.gravatar.com\\\/avatar\\\/c7164ed6fdec453195284ad24a5ae5b6e1eed2b848477fa2a4787ba9adf39a41?s=96&d=mm&r=g\",\"contentUrl\":\"https:\\\/\\\/secure.gravatar.com\\\/avatar\\\/c7164ed6fdec453195284ad24a5ae5b6e1eed2b848477fa2a4787ba9adf39a41?s=96&d=mm&r=g\",\"caption\":\"Redacci\u00f3n QP\"},\"url\":\"https:\\\/\\\/quehacerpolitico.mx\\\/?author=2\"}]}<\/script>\n<!-- \/ Yoast SEO plugin. -->","yoast_head_json":{"title":"Internacionales\/\/\/Carolina Alonso Romei\/\/\/Fuerte presencia policial en La Habana ante llamado a marcha opositora -","robots":{"index":"index","follow":"follow","max-snippet":"max-snippet:-1","max-image-preview":"max-image-preview:large","max-video-preview":"max-video-preview:-1"},"canonical":"https:\/\/quehacerpolitico.mx\/?p=86634","og_locale":"es_MX","og_type":"article","og_title":"Internacionales\/\/\/Carolina Alonso Romei\/\/\/Fuerte presencia policial en La Habana ante llamado a marcha opositora -","og_description":"Por Carolina Alonso Romei Internacionalista A lo largo del emblem\u00e1tico malec\u00f3n costero de esta capital...","og_url":"https:\/\/quehacerpolitico.mx\/?p=86634","article_published_time":"2021-11-15T20:41:42+00:00","article_modified_time":"2021-11-15T20:41:45+00:00","og_image":[{"width":1126,"height":725,"url":"https:\/\/quehacerpolitico.mx\/wp-content\/uploads\/2021\/11\/F053B15E-D22B-4858-9579-7E9EF708D537.jpeg","type":"image\/jpeg"}],"author":"Redacci\u00f3n QP","twitter_card":"summary_large_image","twitter_misc":{"Escrito por":"Redacci\u00f3n QP","Tiempo de lectura":"2 minutos"},"schema":{"@context":"https:\/\/schema.org","@graph":[{"@type":"Article","@id":"https:\/\/quehacerpolitico.mx\/?p=86634#article","isPartOf":{"@id":"https:\/\/quehacerpolitico.mx\/?p=86634"},"author":{"name":"Redacci\u00f3n QP","@id":"https:\/\/quehacerpolitico.mx\/#\/schema\/person\/496d8ad2d1d3f8036101dca7ee39e585"},"headline":"Internacionales\/\/\/Carolina Alonso Romei\/\/\/Fuerte presencia policial en La Habana ante llamado a marcha opositora","datePublished":"2021-11-15T20:41:42+00:00","dateModified":"2021-11-15T20:41:45+00:00","mainEntityOfPage":{"@id":"https:\/\/quehacerpolitico.mx\/?p=86634"},"wordCount":483,"commentCount":0,"image":{"@id":"https:\/\/quehacerpolitico.mx\/?p=86634#primaryimage"},"thumbnailUrl":"https:\/\/quehacerpolitico.mx\/wp-content\/uploads\/2021\/11\/F053B15E-D22B-4858-9579-7E9EF708D537.jpeg","articleSection":["Internacionales"],"inLanguage":"es","potentialAction":[{"@type":"CommentAction","name":"Comment","target":["https:\/\/quehacerpolitico.mx\/?p=86634#respond"]}]},{"@type":"WebPage","@id":"https:\/\/quehacerpolitico.mx\/?p=86634","url":"https:\/\/quehacerpolitico.mx\/?p=86634","name":"Internacionales\/\/\/Carolina Alonso Romei\/\/\/Fuerte presencia policial en La Habana ante llamado a marcha opositora -","isPartOf":{"@id":"https:\/\/quehacerpolitico.mx\/#website"},"primaryImageOfPage":{"@id":"https:\/\/quehacerpolitico.mx\/?p=86634#primaryimage"},"image":{"@id":"https:\/\/quehacerpolitico.mx\/?p=86634#primaryimage"},"thumbnailUrl":"https:\/\/quehacerpolitico.mx\/wp-content\/uploads\/2021\/11\/F053B15E-D22B-4858-9579-7E9EF708D537.jpeg","datePublished":"2021-11-15T20:41:42+00:00","dateModified":"2021-11-15T20:41:45+00:00","author":{"@id":"https:\/\/quehacerpolitico.mx\/#\/schema\/person\/496d8ad2d1d3f8036101dca7ee39e585"},"breadcrumb":{"@id":"https:\/\/quehacerpolitico.mx\/?p=86634#breadcrumb"},"inLanguage":"es","potentialAction":[{"@type":"ReadAction","target":["https:\/\/quehacerpolitico.mx\/?p=86634"]}]},{"@type":"ImageObject","inLanguage":"es","@id":"https:\/\/quehacerpolitico.mx\/?p=86634#primaryimage","url":"https:\/\/quehacerpolitico.mx\/wp-content\/uploads\/2021\/11\/F053B15E-D22B-4858-9579-7E9EF708D537.jpeg","contentUrl":"https:\/\/quehacerpolitico.mx\/wp-content\/uploads\/2021\/11\/F053B15E-D22B-4858-9579-7E9EF708D537.jpeg","width":1126,"height":725},{"@type":"BreadcrumbList","@id":"https:\/\/quehacerpolitico.mx\/?p=86634#breadcrumb","itemListElement":[{"@type":"ListItem","position":1,"name":"Inicio","item":"https:\/\/quehacerpolitico.mx\/"},{"@type":"ListItem","position":2,"name":"Internacionales\/\/\/Carolina Alonso Romei\/\/\/Fuerte presencia policial en La Habana ante llamado a marcha opositora"}]},{"@type":"WebSite","@id":"https:\/\/quehacerpolitico.mx\/#website","url":"https:\/\/quehacerpolitico.mx\/","name":"","description":"","potentialAction":[{"@type":"SearchAction","target":{"@type":"EntryPoint","urlTemplate":"https:\/\/quehacerpolitico.mx\/?s={search_term_string}"},"query-input":{"@type":"PropertyValueSpecification","valueRequired":true,"valueName":"search_term_string"}}],"inLanguage":"es"},{"@type":"Person","@id":"https:\/\/quehacerpolitico.mx\/#\/schema\/person\/496d8ad2d1d3f8036101dca7ee39e585","name":"Redacci\u00f3n QP","image":{"@type":"ImageObject","inLanguage":"es","@id":"https:\/\/secure.gravatar.com\/avatar\/c7164ed6fdec453195284ad24a5ae5b6e1eed2b848477fa2a4787ba9adf39a41?s=96&d=mm&r=g","url":"https:\/\/secure.gravatar.com\/avatar\/c7164ed6fdec453195284ad24a5ae5b6e1eed2b848477fa2a4787ba9adf39a41?s=96&d=mm&r=g","contentUrl":"https:\/\/secure.gravatar.com\/avatar\/c7164ed6fdec453195284ad24a5ae5b6e1eed2b848477fa2a4787ba9adf39a41?s=96&d=mm&r=g","caption":"Redacci\u00f3n QP"},"url":"https:\/\/quehacerpolitico.mx\/?author=2"}]}},"featured_image_urls":{"full":["https:\/\/quehacerpolitico.mx\/wp-content\/uploads\/2021\/11\/F053B15E-D22B-4858-9579-7E9EF708D537.jpeg",1126,725,false],"thumbnail":["https:\/\/quehacerpolitico.mx\/wp-content\/uploads\/2021\/11\/F053B15E-D22B-4858-9579-7E9EF708D537-150x150.jpeg",150,150,true],"medium":["https:\/\/quehacerpolitico.mx\/wp-content\/uploads\/2021\/11\/F053B15E-D22B-4858-9579-7E9EF708D537-300x193.jpeg",300,193,true],"medium_large":["https:\/\/quehacerpolitico.mx\/wp-content\/uploads\/2021\/11\/F053B15E-D22B-4858-9579-7E9EF708D537-768x494.jpeg",640,412,true],"large":["https:\/\/quehacerpolitico.mx\/wp-content\/uploads\/2021\/11\/F053B15E-D22B-4858-9579-7E9EF708D537-1024x659.jpeg",640,412,true],"1536x1536":["https:\/\/quehacerpolitico.mx\/wp-content\/uploads\/2021\/11\/F053B15E-D22B-4858-9579-7E9EF708D537.jpeg",1126,725,false],"2048x2048":["https:\/\/quehacerpolitico.mx\/wp-content\/uploads\/2021\/11\/F053B15E-D22B-4858-9579-7E9EF708D537.jpeg",1126,725,false],"covernews-featured":["https:\/\/quehacerpolitico.mx\/wp-content\/uploads\/2021\/11\/F053B15E-D22B-4858-9579-7E9EF708D537.jpeg",1024,659,false],"covernews-medium":["https:\/\/quehacerpolitico.mx\/wp-content\/uploads\/2021\/11\/F053B15E-D22B-4858-9579-7E9EF708D537.jpeg",528,340,false]},"author_info":{"display_name":"Redacci\u00f3n QP","author_link":"https:\/\/quehacerpolitico.mx\/?author=2"},"category_info":"<a href=\"https:\/\/quehacerpolitico.mx\/?cat=1\" rel=\"category\">Internacionales<\/a>","tag_info":"Internacionales","comment_count":"0","_links":{"self":[{"href":"https:\/\/quehacerpolitico.mx\/index.php?rest_route=\/wp\/v2\/posts\/86634","targetHints":{"allow":["GET"]}}],"collection":[{"href":"https:\/\/quehacerpolitico.mx\/index.php?rest_route=\/wp\/v2\/posts"}],"about":[{"href":"https:\/\/quehacerpolitico.mx\/index.php?rest_route=\/wp\/v2\/types\/post"}],"author":[{"embeddable":true,"href":"https:\/\/quehacerpolitico.mx\/index.php?rest_route=\/wp\/v2\/users\/2"}],"replies":[{"embeddable":true,"href":"https:\/\/quehacerpolitico.mx\/index.php?rest_route=%2Fwp%2Fv2%2Fcomments&post=86634"}],"version-history":[{"count":1,"href":"https:\/\/quehacerpolitico.mx\/index.php?rest_route=\/wp\/v2\/posts\/86634\/revisions"}],"predecessor-version":[{"id":86637,"href":"https:\/\/quehacerpolitico.mx\/index.php?rest_route=\/wp\/v2\/posts\/86634\/revisions\/86637"}],"wp:featuredmedia":[{"embeddable":true,"href":"https:\/\/quehacerpolitico.mx\/index.php?rest_route=\/wp\/v2\/media\/86636"}],"wp:attachment":[{"href":"https:\/\/quehacerpolitico.mx\/index.php?rest_route=%2Fwp%2Fv2%2Fmedia&parent=86634"}],"wp:term":[{"taxonomy":"category","embeddable":true,"href":"https:\/\/quehacerpolitico.mx\/index.php?rest_route=%2Fwp%2Fv2%2Fcategories&post=86634"},{"taxonomy":"post_tag","embeddable":true,"href":"https:\/\/quehacerpolitico.mx\/index.php?rest_route=%2Fwp%2Fv2%2Ftags&post=86634"}],"curies":[{"name":"wp","href":"https:\/\/api.w.org\/{rel}","templated":true}]}}